{"id":10355,"date":"2018-10-30T11:39:37","date_gmt":"2018-10-30T10:39:37","guid":{"rendered":"https:\/\/www.satt.fr\/rendez-16-novembre-centquatre-paris-3eme-convention-nationale-satt\/"},"modified":"2018-10-30T14:47:04","modified_gmt":"2018-10-30T13:47:04","slug":"rendez-16-novembre-centquatre-paris-3eme-convention-nationale-satt","status":"publish","type":"post","link":"https:\/\/www.satt.fr\/en\/rendez-16-novembre-centquatre-paris-3eme-convention-nationale-satt\/","title":{"rendered":"Rendez-vous le 16 novembre au Centquatre-Paris pour la 3\u00e8me Convention nationale des SATT !"},"content":{"rendered":"<p><strong>La 3\u00e8me \u00e9dition de la Convention nationale des SATT aura lieu le 16 novembre 2018 au Centquatre-Paris et rassemblera plus de 400 acteurs cl\u00e9 du monde de l\u2019innovation.<\/strong><\/p>\n<p>Apr\u00e8s le succ\u00e8s des pr\u00e9c\u00e9dentes \u00e9ditions, le R\u00e9seau SATT se r\u00e9jouit \u00e0 l\u2019id\u00e9e de rassembler \u00e0 nouveau, nos soutiens institutionnels, ainsi que tous les partenaires d\u2019un \u00e9cosyst\u00e8me plus dynamique que jamais en r\u00e9gions, en France et \u00e0 l\u2019international.<\/p>\n<p>Ce sera l\u2019occasion pour les SATT d\u2019exposer leurs r\u00e9sultats et de souligner \u00e0 quel point elles sont devenues cr\u00e9atrices d\u2019opportunit\u00e9s de business innovant, principalement dans les secteurs relevant de la Deep Tech. La communaut\u00e9 de start-up issues des SATT sera particuli\u00e8rement mise \u00e0 l\u2019honneur, car ils constituent la plus belle r\u00e9compense aux efforts que nous d\u00e9ployons au quotidien : faire vivre nos technologies, leur permettre de cro\u00eetre et de contribuer \u00e0 la croissance \u00e9conomique de notre pays.<\/p>\n<p>Pour cette \u00e9dition 2018, le R\u00e9seau SATT a choisi le Centquatre-Paris, lieu de r\u00e9f\u00e9rence de la production et l\u2019exp\u00e9rimentation artistique qui, avec son incubateur 104factory, dispose d\u2019un v\u00e9ritable acc\u00e9l\u00e9rateur d\u2019opportunit\u00e9s pour des porteurs de projets innovants qui s\u2019inscrivent dans le champ des industries artistiques, culturelles et cr\u00e9atives. Un partenariat qui fait sens pour le R\u00e9seau SATT qui \u0153uvre \u00e0 l\u2019essor de start-up innovantes.<\/p>\n<p>&nbsp;<\/p>\n<p style=\"text-align: center;\"><span style=\"font-size: 14pt;\">Programme et informations sur <a href=\"http:\/\/www.satt2018.fr\">www.satt2018.fr<\/a><\/span><\/p>\n","protected":false},"excerpt":{"rendered":"<p>La 3\u00e8me \u00e9dition de la Convention nationale des SATT aura lieu le 16 novembre 2018 au Centquatre-Paris et rassemblera plus de 400 acteurs cl\u00e9 du monde de l\u2019innovation. Apr\u00e8s le succ\u00e8s des pr\u00e9c\u00e9dentes \u00e9ditions, le R\u00e9seau SATT se r\u00e9jouit \u00e0 l\u2019id\u00e9e de rassembler \u00e0 nouveau, nos soutiens institutionnels, ainsi que tous les partenaires d\u2019un \u00e9cosyst\u00e8me [&hellip;]<\/p>\n","protected":false},"author":2,"featured_media":11101,"comment_status":"closed","ping_status":"closed","sticky":false,"template":"","format":"standard","meta":{"_acf_changed":false,"footnotes":""},"categories":[560],"tags":[],"class_list":["post-10355","post","type-post","status-publish","format-standard","has-post-thumbnail","hentry","category-event-en"],"acf":[],"yoast_head":"<!-- This site is optimized with the Yoast SEO plugin v27.4 - https:\/\/yoast.com\/product\/yoast-seo-wordpress\/ -->\n<title>Rendez-vous le 16 novembre au Centquatre-Paris pour la 3\u00e8me Convention nationale des SATT ! - R\u00e9seau SATT<\/title>\n<meta name=\"robots\" content=\"index, follow, max-snippet:-1, max-image-preview:large, max-video-preview:-1\" \/>\n<link rel=\"canonical\" href=\"https:\/\/www.satt.fr\/en\/rendez-16-novembre-centquatre-paris-3eme-convention-nationale-satt\/\" \/>\n<meta name=\"twitter:label1\" content=\"Written by\" \/>\n\t<meta name=\"twitter:data1\" content=\"admin\" \/>\n\t<meta name=\"twitter:label2\" content=\"Est. reading time\" \/>\n\t<meta name=\"twitter:data2\" content=\"1 minute\" \/>\n<script type=\"application\/ld+json\" class=\"yoast-schema-graph\">{\"@context\":\"https:\\\/\\\/schema.org\",\"@graph\":[{\"@type\":\"Article\",\"@id\":\"https:\\\/\\\/www.satt.fr\\\/en\\\/rendez-16-novembre-centquatre-paris-3eme-convention-nationale-satt\\\/#article\",\"isPartOf\":{\"@id\":\"https:\\\/\\\/www.satt.fr\\\/en\\\/rendez-16-novembre-centquatre-paris-3eme-convention-nationale-satt\\\/\"},\"author\":{\"name\":\"admin\",\"@id\":\"https:\\\/\\\/www.satt.fr\\\/en\\\/#\\\/schema\\\/person\\\/6f20a7d0bc03146f6e34a9f08d941fec\"},\"headline\":\"Rendez-vous le 16 novembre au Centquatre-Paris pour la 3\u00e8me Convention nationale des SATT !\",\"datePublished\":\"2018-10-30T10:39:37+00:00\",\"dateModified\":\"2018-10-30T13:47:04+00:00\",\"mainEntityOfPage\":{\"@id\":\"https:\\\/\\\/www.satt.fr\\\/en\\\/rendez-16-novembre-centquatre-paris-3eme-convention-nationale-satt\\\/\"},\"wordCount\":253,\"image\":{\"@id\":\"https:\\\/\\\/www.satt.fr\\\/en\\\/rendez-16-novembre-centquatre-paris-3eme-convention-nationale-satt\\\/#primaryimage\"},\"thumbnailUrl\":\"https:\\\/\\\/www.satt.fr\\\/wp-content\\\/uploads\\\/2018\\\/10\\\/Convention-visuel.png\",\"articleSection\":[\"Events\"],\"inLanguage\":\"en-US\"},{\"@type\":\"WebPage\",\"@id\":\"https:\\\/\\\/www.satt.fr\\\/en\\\/rendez-16-novembre-centquatre-paris-3eme-convention-nationale-satt\\\/\",\"url\":\"https:\\\/\\\/www.satt.fr\\\/en\\\/rendez-16-novembre-centquatre-paris-3eme-convention-nationale-satt\\\/\",\"name\":\"Rendez-vous le 16 novembre au Centquatre-Paris pour la 3\u00e8me Convention nationale des SATT ! - R\u00e9seau SATT\",\"isPartOf\":{\"@id\":\"https:\\\/\\\/www.satt.fr\\\/en\\\/#website\"},\"primaryImageOfPage\":{\"@id\":\"https:\\\/\\\/www.satt.fr\\\/en\\\/rendez-16-novembre-centquatre-paris-3eme-convention-nationale-satt\\\/#primaryimage\"},\"image\":{\"@id\":\"https:\\\/\\\/www.satt.fr\\\/en\\\/rendez-16-novembre-centquatre-paris-3eme-convention-nationale-satt\\\/#primaryimage\"},\"thumbnailUrl\":\"https:\\\/\\\/www.satt.fr\\\/wp-content\\\/uploads\\\/2018\\\/10\\\/Convention-visuel.png\",\"datePublished\":\"2018-10-30T10:39:37+00:00\",\"dateModified\":\"2018-10-30T13:47:04+00:00\",\"author\":{\"@id\":\"https:\\\/\\\/www.satt.fr\\\/en\\\/#\\\/schema\\\/person\\\/6f20a7d0bc03146f6e34a9f08d941fec\"},\"breadcrumb\":{\"@id\":\"https:\\\/\\\/www.satt.fr\\\/en\\\/rendez-16-novembre-centquatre-paris-3eme-convention-nationale-satt\\\/#breadcrumb\"},\"inLanguage\":\"en-US\",\"potentialAction\":[{\"@type\":\"ReadAction\",\"target\":[\"https:\\\/\\\/www.satt.fr\\\/en\\\/rendez-16-novembre-centquatre-paris-3eme-convention-nationale-satt\\\/\"]}]},{\"@type\":\"ImageObject\",\"inLanguage\":\"en-US\",\"@id\":\"https:\\\/\\\/www.satt.fr\\\/en\\\/rendez-16-novembre-centquatre-paris-3eme-convention-nationale-satt\\\/#primaryimage\",\"url\":\"https:\\\/\\\/www.satt.fr\\\/wp-content\\\/uploads\\\/2018\\\/10\\\/Convention-visuel.png\",\"contentUrl\":\"https:\\\/\\\/www.satt.fr\\\/wp-content\\\/uploads\\\/2018\\\/10\\\/Convention-visuel.png\",\"width\":6399,\"height\":3569},{\"@type\":\"BreadcrumbList\",\"@id\":\"https:\\\/\\\/www.satt.fr\\\/en\\\/rendez-16-novembre-centquatre-paris-3eme-convention-nationale-satt\\\/#breadcrumb\",\"itemListElement\":[{\"@type\":\"ListItem\",\"position\":1,\"name\":\"Accueil\",\"item\":\"https:\\\/\\\/www.satt.fr\\\/en\\\/\"},{\"@type\":\"ListItem\",\"position\":2,\"name\":\"Rendez-vous le 16 novembre au Centquatre-Paris pour la 3\u00e8me Convention nationale des SATT !\"}]},{\"@type\":\"WebSite\",\"@id\":\"https:\\\/\\\/www.satt.fr\\\/en\\\/#website\",\"url\":\"https:\\\/\\\/www.satt.fr\\\/en\\\/\",\"name\":\"R\u00e9seau SATT\",\"description\":\"Les Soci\u00e9t\u00e9s d&#039;Acc\u00e9l\u00e9ration du Transfert de Technologies\",\"potentialAction\":[{\"@type\":\"SearchAction\",\"target\":{\"@type\":\"EntryPoint\",\"urlTemplate\":\"https:\\\/\\\/www.satt.fr\\\/en\\\/?s={search_term_string}\"},\"query-input\":{\"@type\":\"PropertyValueSpecification\",\"valueRequired\":true,\"valueName\":\"search_term_string\"}}],\"inLanguage\":\"en-US\"},{\"@type\":\"Person\",\"@id\":\"https:\\\/\\\/www.satt.fr\\\/en\\\/#\\\/schema\\\/person\\\/6f20a7d0bc03146f6e34a9f08d941fec\",\"name\":\"admin\",\"url\":\"https:\\\/\\\/www.satt.fr\\\/en\\\/author\\\/admin\\\/\"}]}<\/script>\n<!-- \/ Yoast SEO plugin. -->","yoast_head_json":{"title":"Rendez-vous le 16 novembre au Centquatre-Paris pour la 3\u00e8me Convention nationale des SATT ! - R\u00e9seau SATT","robots":{"index":"index","follow":"follow","max-snippet":"max-snippet:-1","max-image-preview":"max-image-preview:large","max-video-preview":"max-video-preview:-1"},"canonical":"https:\/\/www.satt.fr\/en\/rendez-16-novembre-centquatre-paris-3eme-convention-nationale-satt\/","twitter_misc":{"Written by":"admin","Est. reading time":"1 minute"},"schema":{"@context":"https:\/\/schema.org","@graph":[{"@type":"Article","@id":"https:\/\/www.satt.fr\/en\/rendez-16-novembre-centquatre-paris-3eme-convention-nationale-satt\/#article","isPartOf":{"@id":"https:\/\/www.satt.fr\/en\/rendez-16-novembre-centquatre-paris-3eme-convention-nationale-satt\/"},"author":{"name":"admin","@id":"https:\/\/www.satt.fr\/en\/#\/schema\/person\/6f20a7d0bc03146f6e34a9f08d941fec"},"headline":"Rendez-vous le 16 novembre au Centquatre-Paris pour la 3\u00e8me Convention nationale des SATT !","datePublished":"2018-10-30T10:39:37+00:00","dateModified":"2018-10-30T13:47:04+00:00","mainEntityOfPage":{"@id":"https:\/\/www.satt.fr\/en\/rendez-16-novembre-centquatre-paris-3eme-convention-nationale-satt\/"},"wordCount":253,"image":{"@id":"https:\/\/www.satt.fr\/en\/rendez-16-novembre-centquatre-paris-3eme-convention-nationale-satt\/#primaryimage"},"thumbnailUrl":"https:\/\/www.satt.fr\/wp-content\/uploads\/2018\/10\/Convention-visuel.png","articleSection":["Events"],"inLanguage":"en-US"},{"@type":"WebPage","@id":"https:\/\/www.satt.fr\/en\/rendez-16-novembre-centquatre-paris-3eme-convention-nationale-satt\/","url":"https:\/\/www.satt.fr\/en\/rendez-16-novembre-centquatre-paris-3eme-convention-nationale-satt\/","name":"Rendez-vous le 16 novembre au Centquatre-Paris pour la 3\u00e8me Convention nationale des SATT ! - R\u00e9seau SATT","isPartOf":{"@id":"https:\/\/www.satt.fr\/en\/#website"},"primaryImageOfPage":{"@id":"https:\/\/www.satt.fr\/en\/rendez-16-novembre-centquatre-paris-3eme-convention-nationale-satt\/#primaryimage"},"image":{"@id":"https:\/\/www.satt.fr\/en\/rendez-16-novembre-centquatre-paris-3eme-convention-nationale-satt\/#primaryimage"},"thumbnailUrl":"https:\/\/www.satt.fr\/wp-content\/uploads\/2018\/10\/Convention-visuel.png","datePublished":"2018-10-30T10:39:37+00:00","dateModified":"2018-10-30T13:47:04+00:00","author":{"@id":"https:\/\/www.satt.fr\/en\/#\/schema\/person\/6f20a7d0bc03146f6e34a9f08d941fec"},"breadcrumb":{"@id":"https:\/\/www.satt.fr\/en\/rendez-16-novembre-centquatre-paris-3eme-convention-nationale-satt\/#breadcrumb"},"inLanguage":"en-US","potentialAction":[{"@type":"ReadAction","target":["https:\/\/www.satt.fr\/en\/rendez-16-novembre-centquatre-paris-3eme-convention-nationale-satt\/"]}]},{"@type":"ImageObject","inLanguage":"en-US","@id":"https:\/\/www.satt.fr\/en\/rendez-16-novembre-centquatre-paris-3eme-convention-nationale-satt\/#primaryimage","url":"https:\/\/www.satt.fr\/wp-content\/uploads\/2018\/10\/Convention-visuel.png","contentUrl":"https:\/\/www.satt.fr\/wp-content\/uploads\/2018\/10\/Convention-visuel.png","width":6399,"height":3569},{"@type":"BreadcrumbList","@id":"https:\/\/www.satt.fr\/en\/rendez-16-novembre-centquatre-paris-3eme-convention-nationale-satt\/#breadcrumb","itemListElement":[{"@type":"ListItem","position":1,"name":"Accueil","item":"https:\/\/www.satt.fr\/en\/"},{"@type":"ListItem","position":2,"name":"Rendez-vous le 16 novembre au Centquatre-Paris pour la 3\u00e8me Convention nationale des SATT !"}]},{"@type":"WebSite","@id":"https:\/\/www.satt.fr\/en\/#website","url":"https:\/\/www.satt.fr\/en\/","name":"R\u00e9seau SATT","description":"Les Soci\u00e9t\u00e9s d&#039;Acc\u00e9l\u00e9ration du Transfert de Technologies","potentialAction":[{"@type":"SearchAction","target":{"@type":"EntryPoint","urlTemplate":"https:\/\/www.satt.fr\/en\/?s={search_term_string}"},"query-input":{"@type":"PropertyValueSpecification","valueRequired":true,"valueName":"search_term_string"}}],"inLanguage":"en-US"},{"@type":"Person","@id":"https:\/\/www.satt.fr\/en\/#\/schema\/person\/6f20a7d0bc03146f6e34a9f08d941fec","name":"admin","url":"https:\/\/www.satt.fr\/en\/author\/admin\/"}]}},"_links":{"self":[{"href":"https:\/\/www.satt.fr\/en\/wp-json\/wp\/v2\/posts\/10355","targetHints":{"allow":["GET"]}}],"collection":[{"href":"https:\/\/www.satt.fr\/en\/wp-json\/wp\/v2\/posts"}],"about":[{"href":"https:\/\/www.satt.fr\/en\/wp-json\/wp\/v2\/types\/post"}],"author":[{"embeddable":true,"href":"https:\/\/www.satt.fr\/en\/wp-json\/wp\/v2\/users\/2"}],"replies":[{"embeddable":true,"href":"https:\/\/www.satt.fr\/en\/wp-json\/wp\/v2\/comments?post=10355"}],"version-history":[{"count":5,"href":"https:\/\/www.satt.fr\/en\/wp-json\/wp\/v2\/posts\/10355\/revisions"}],"predecessor-version":[{"id":10824,"href":"https:\/\/www.satt.fr\/en\/wp-json\/wp\/v2\/posts\/10355\/revisions\/10824"}],"wp:featuredmedia":[{"embeddable":true,"href":"https:\/\/www.satt.fr\/en\/wp-json\/wp\/v2\/media\/11101"}],"wp:attachment":[{"href":"https:\/\/www.satt.fr\/en\/wp-json\/wp\/v2\/media?parent=10355"}],"wp:term":[{"taxonomy":"category","embeddable":true,"href":"https:\/\/www.satt.fr\/en\/wp-json\/wp\/v2\/categories?post=10355"},{"taxonomy":"post_tag","embeddable":true,"href":"https:\/\/www.satt.fr\/en\/wp-json\/wp\/v2\/tags?post=10355"}],"curies":[{"name":"wp","href":"https:\/\/api.w.org\/{rel}","templated":true}]}}