{"id":10378,"date":"2018-09-10T17:09:29","date_gmt":"2018-09-10T15:09:29","guid":{"rendered":"https:\/\/www.satt.fr\/idf-innov-annonce-nomination-de-nouveau-president-suat-topsu\/"},"modified":"2018-09-10T17:09:29","modified_gmt":"2018-09-10T15:09:29","slug":"idf-innov-annonce-nomination-de-nouveau-president-suat-topsu","status":"publish","type":"post","link":"https:\/\/www.satt.fr\/en\/idf-innov-annonce-nomination-de-nouveau-president-suat-topsu\/","title":{"rendered":"IDF Innov annonce la nomination de son nouveau pr\u00e9sident, Suat Topsu"},"content":{"rendered":"<p style=\"text-align: justify;\"><strong>Suat TOPSU a \u00e9t\u00e9 nomm\u00e9 pr\u00e9sident de la SATT IDF Innov lors du conseil d\u2019administration qui s\u2019est tenu le 10 juillet 2018.<\/strong><!--more--><\/p>\n<p style=\"text-align: justify;\">Scientifique et entrepreneur, Suat TOPSU est professeur des universit\u00e9s de Paris Saclay et chercheur en physique atomique, sp\u00e9cialiste des lasers, de la th\u00e9orie de la relativit\u00e9 g\u00e9n\u00e9rale, des nanotechnologies et, plus r\u00e9cemment, des technologies de communications sans fil optiques.<\/p>\n<p style=\"text-align: justify;\"><a href=\"http:\/\/www.idfinnov.com\/wp-content\/uploads\/2018\/09\/CP-nomimation-Suat-TOPSU.pdf\" target=\"_blank\" rel=\"noopener\">Lire le communiqu\u00e9 de presse<\/a><\/p>\n","protected":false},"excerpt":{"rendered":"<p>Suat TOPSU a \u00e9t\u00e9 nomm\u00e9 pr\u00e9sident de la SATT IDF Innov lors du conseil d\u2019administration qui s\u2019est tenu le 10 juillet 2018.<\/p>\n","protected":false},"author":22,"featured_media":10377,"comment_status":"closed","ping_status":"closed","sticky":false,"template":"","format":"standard","meta":{"_acf_changed":false,"footnotes":""},"categories":[567],"tags":[],"class_list":["post-10378","post","type-post","status-publish","format-standard","has-post-thumbnail","hentry","category-news-en"],"acf":[],"yoast_head":"<!-- This site is optimized with the Yoast SEO plugin v27.4 - https:\/\/yoast.com\/product\/yoast-seo-wordpress\/ -->\n<title>IDF Innov annonce la nomination de son nouveau pr\u00e9sident, Suat Topsu - R\u00e9seau SATT<\/title>\n<meta name=\"robots\" content=\"index, follow, max-snippet:-1, max-image-preview:large, max-video-preview:-1\" \/>\n<link rel=\"canonical\" href=\"https:\/\/www.satt.fr\/en\/idf-innov-annonce-nomination-de-nouveau-president-suat-topsu\/\" \/>\n<meta name=\"twitter:label1\" content=\"Written by\" \/>\n\t<meta name=\"twitter:data1\" content=\"Estelle VIDAL\" \/>\n<script type=\"application\/ld+json\" class=\"yoast-schema-graph\">{\"@context\":\"https:\\\/\\\/schema.org\",\"@graph\":[{\"@type\":\"Article\",\"@id\":\"https:\\\/\\\/www.satt.fr\\\/en\\\/idf-innov-annonce-nomination-de-nouveau-president-suat-topsu\\\/#article\",\"isPartOf\":{\"@id\":\"https:\\\/\\\/www.satt.fr\\\/en\\\/idf-innov-annonce-nomination-de-nouveau-president-suat-topsu\\\/\"},\"author\":{\"name\":\"Estelle VIDAL\",\"@id\":\"https:\\\/\\\/www.satt.fr\\\/en\\\/#\\\/schema\\\/person\\\/f31631111412086f92f3dd2a2e132823\"},\"headline\":\"IDF Innov annonce la nomination de son nouveau pr\u00e9sident, Suat Topsu\",\"datePublished\":\"2018-09-10T15:09:29+00:00\",\"mainEntityOfPage\":{\"@id\":\"https:\\\/\\\/www.satt.fr\\\/en\\\/idf-innov-annonce-nomination-de-nouveau-president-suat-topsu\\\/\"},\"wordCount\":85,\"image\":{\"@id\":\"https:\\\/\\\/www.satt.fr\\\/en\\\/idf-innov-annonce-nomination-de-nouveau-president-suat-topsu\\\/#primaryimage\"},\"thumbnailUrl\":\"https:\\\/\\\/www.satt.fr\\\/wp-content\\\/uploads\\\/2018\\\/09\\\/ST.png\",\"articleSection\":[\"News\"],\"inLanguage\":\"en-US\"},{\"@type\":\"WebPage\",\"@id\":\"https:\\\/\\\/www.satt.fr\\\/en\\\/idf-innov-annonce-nomination-de-nouveau-president-suat-topsu\\\/\",\"url\":\"https:\\\/\\\/www.satt.fr\\\/en\\\/idf-innov-annonce-nomination-de-nouveau-president-suat-topsu\\\/\",\"name\":\"IDF Innov annonce la nomination de son nouveau pr\u00e9sident, Suat Topsu - R\u00e9seau SATT\",\"isPartOf\":{\"@id\":\"https:\\\/\\\/www.satt.fr\\\/en\\\/#website\"},\"primaryImageOfPage\":{\"@id\":\"https:\\\/\\\/www.satt.fr\\\/en\\\/idf-innov-annonce-nomination-de-nouveau-president-suat-topsu\\\/#primaryimage\"},\"image\":{\"@id\":\"https:\\\/\\\/www.satt.fr\\\/en\\\/idf-innov-annonce-nomination-de-nouveau-president-suat-topsu\\\/#primaryimage\"},\"thumbnailUrl\":\"https:\\\/\\\/www.satt.fr\\\/wp-content\\\/uploads\\\/2018\\\/09\\\/ST.png\",\"datePublished\":\"2018-09-10T15:09:29+00:00\",\"author\":{\"@id\":\"https:\\\/\\\/www.satt.fr\\\/en\\\/#\\\/schema\\\/person\\\/f31631111412086f92f3dd2a2e132823\"},\"breadcrumb\":{\"@id\":\"https:\\\/\\\/www.satt.fr\\\/en\\\/idf-innov-annonce-nomination-de-nouveau-president-suat-topsu\\\/#breadcrumb\"},\"inLanguage\":\"en-US\",\"potentialAction\":[{\"@type\":\"ReadAction\",\"target\":[\"https:\\\/\\\/www.satt.fr\\\/en\\\/idf-innov-annonce-nomination-de-nouveau-president-suat-topsu\\\/\"]}]},{\"@type\":\"ImageObject\",\"inLanguage\":\"en-US\",\"@id\":\"https:\\\/\\\/www.satt.fr\\\/en\\\/idf-innov-annonce-nomination-de-nouveau-president-suat-topsu\\\/#primaryimage\",\"url\":\"https:\\\/\\\/www.satt.fr\\\/wp-content\\\/uploads\\\/2018\\\/09\\\/ST.png\",\"contentUrl\":\"https:\\\/\\\/www.satt.fr\\\/wp-content\\\/uploads\\\/2018\\\/09\\\/ST.png\",\"width\":6399,\"height\":3569},{\"@type\":\"BreadcrumbList\",\"@id\":\"https:\\\/\\\/www.satt.fr\\\/en\\\/idf-innov-annonce-nomination-de-nouveau-president-suat-topsu\\\/#breadcrumb\",\"itemListElement\":[{\"@type\":\"ListItem\",\"position\":1,\"name\":\"Accueil\",\"item\":\"https:\\\/\\\/www.satt.fr\\\/en\\\/\"},{\"@type\":\"ListItem\",\"position\":2,\"name\":\"IDF Innov annonce la nomination de son nouveau pr\u00e9sident, Suat Topsu\"}]},{\"@type\":\"WebSite\",\"@id\":\"https:\\\/\\\/www.satt.fr\\\/en\\\/#website\",\"url\":\"https:\\\/\\\/www.satt.fr\\\/en\\\/\",\"name\":\"R\u00e9seau SATT\",\"description\":\"Les Soci\u00e9t\u00e9s d&#039;Acc\u00e9l\u00e9ration du Transfert de Technologies\",\"potentialAction\":[{\"@type\":\"SearchAction\",\"target\":{\"@type\":\"EntryPoint\",\"urlTemplate\":\"https:\\\/\\\/www.satt.fr\\\/en\\\/?s={search_term_string}\"},\"query-input\":{\"@type\":\"PropertyValueSpecification\",\"valueRequired\":true,\"valueName\":\"search_term_string\"}}],\"inLanguage\":\"en-US\"},{\"@type\":\"Person\",\"@id\":\"https:\\\/\\\/www.satt.fr\\\/en\\\/#\\\/schema\\\/person\\\/f31631111412086f92f3dd2a2e132823\",\"name\":\"Estelle VIDAL\",\"url\":\"https:\\\/\\\/www.satt.fr\\\/en\\\/author\\\/estelle\\\/\"}]}<\/script>\n<!-- \/ Yoast SEO plugin. -->","yoast_head_json":{"title":"IDF Innov annonce la nomination de son nouveau pr\u00e9sident, Suat Topsu - R\u00e9seau SATT","robots":{"index":"index","follow":"follow","max-snippet":"max-snippet:-1","max-image-preview":"max-image-preview:large","max-video-preview":"max-video-preview:-1"},"canonical":"https:\/\/www.satt.fr\/en\/idf-innov-annonce-nomination-de-nouveau-president-suat-topsu\/","twitter_misc":{"Written by":"Estelle VIDAL"},"schema":{"@context":"https:\/\/schema.org","@graph":[{"@type":"Article","@id":"https:\/\/www.satt.fr\/en\/idf-innov-annonce-nomination-de-nouveau-president-suat-topsu\/#article","isPartOf":{"@id":"https:\/\/www.satt.fr\/en\/idf-innov-annonce-nomination-de-nouveau-president-suat-topsu\/"},"author":{"name":"Estelle VIDAL","@id":"https:\/\/www.satt.fr\/en\/#\/schema\/person\/f31631111412086f92f3dd2a2e132823"},"headline":"IDF Innov annonce la nomination de son nouveau pr\u00e9sident, Suat Topsu","datePublished":"2018-09-10T15:09:29+00:00","mainEntityOfPage":{"@id":"https:\/\/www.satt.fr\/en\/idf-innov-annonce-nomination-de-nouveau-president-suat-topsu\/"},"wordCount":85,"image":{"@id":"https:\/\/www.satt.fr\/en\/idf-innov-annonce-nomination-de-nouveau-president-suat-topsu\/#primaryimage"},"thumbnailUrl":"https:\/\/www.satt.fr\/wp-content\/uploads\/2018\/09\/ST.png","articleSection":["News"],"inLanguage":"en-US"},{"@type":"WebPage","@id":"https:\/\/www.satt.fr\/en\/idf-innov-annonce-nomination-de-nouveau-president-suat-topsu\/","url":"https:\/\/www.satt.fr\/en\/idf-innov-annonce-nomination-de-nouveau-president-suat-topsu\/","name":"IDF Innov annonce la nomination de son nouveau pr\u00e9sident, Suat Topsu - R\u00e9seau SATT","isPartOf":{"@id":"https:\/\/www.satt.fr\/en\/#website"},"primaryImageOfPage":{"@id":"https:\/\/www.satt.fr\/en\/idf-innov-annonce-nomination-de-nouveau-president-suat-topsu\/#primaryimage"},"image":{"@id":"https:\/\/www.satt.fr\/en\/idf-innov-annonce-nomination-de-nouveau-president-suat-topsu\/#primaryimage"},"thumbnailUrl":"https:\/\/www.satt.fr\/wp-content\/uploads\/2018\/09\/ST.png","datePublished":"2018-09-10T15:09:29+00:00","author":{"@id":"https:\/\/www.satt.fr\/en\/#\/schema\/person\/f31631111412086f92f3dd2a2e132823"},"breadcrumb":{"@id":"https:\/\/www.satt.fr\/en\/idf-innov-annonce-nomination-de-nouveau-president-suat-topsu\/#breadcrumb"},"inLanguage":"en-US","potentialAction":[{"@type":"ReadAction","target":["https:\/\/www.satt.fr\/en\/idf-innov-annonce-nomination-de-nouveau-president-suat-topsu\/"]}]},{"@type":"ImageObject","inLanguage":"en-US","@id":"https:\/\/www.satt.fr\/en\/idf-innov-annonce-nomination-de-nouveau-president-suat-topsu\/#primaryimage","url":"https:\/\/www.satt.fr\/wp-content\/uploads\/2018\/09\/ST.png","contentUrl":"https:\/\/www.satt.fr\/wp-content\/uploads\/2018\/09\/ST.png","width":6399,"height":3569},{"@type":"BreadcrumbList","@id":"https:\/\/www.satt.fr\/en\/idf-innov-annonce-nomination-de-nouveau-president-suat-topsu\/#breadcrumb","itemListElement":[{"@type":"ListItem","position":1,"name":"Accueil","item":"https:\/\/www.satt.fr\/en\/"},{"@type":"ListItem","position":2,"name":"IDF Innov annonce la nomination de son nouveau pr\u00e9sident, Suat Topsu"}]},{"@type":"WebSite","@id":"https:\/\/www.satt.fr\/en\/#website","url":"https:\/\/www.satt.fr\/en\/","name":"R\u00e9seau SATT","description":"Les Soci\u00e9t\u00e9s d&#039;Acc\u00e9l\u00e9ration du Transfert de Technologies","potentialAction":[{"@type":"SearchAction","target":{"@type":"EntryPoint","urlTemplate":"https:\/\/www.satt.fr\/en\/?s={search_term_string}"},"query-input":{"@type":"PropertyValueSpecification","valueRequired":true,"valueName":"search_term_string"}}],"inLanguage":"en-US"},{"@type":"Person","@id":"https:\/\/www.satt.fr\/en\/#\/schema\/person\/f31631111412086f92f3dd2a2e132823","name":"Estelle VIDAL","url":"https:\/\/www.satt.fr\/en\/author\/estelle\/"}]}},"_links":{"self":[{"href":"https:\/\/www.satt.fr\/en\/wp-json\/wp\/v2\/posts\/10378","targetHints":{"allow":["GET"]}}],"collection":[{"href":"https:\/\/www.satt.fr\/en\/wp-json\/wp\/v2\/posts"}],"about":[{"href":"https:\/\/www.satt.fr\/en\/wp-json\/wp\/v2\/types\/post"}],"author":[{"embeddable":true,"href":"https:\/\/www.satt.fr\/en\/wp-json\/wp\/v2\/users\/22"}],"replies":[{"embeddable":true,"href":"https:\/\/www.satt.fr\/en\/wp-json\/wp\/v2\/comments?post=10378"}],"version-history":[{"count":0,"href":"https:\/\/www.satt.fr\/en\/wp-json\/wp\/v2\/posts\/10378\/revisions"}],"wp:featuredmedia":[{"embeddable":true,"href":"https:\/\/www.satt.fr\/en\/wp-json\/wp\/v2\/media\/10377"}],"wp:attachment":[{"href":"https:\/\/www.satt.fr\/en\/wp-json\/wp\/v2\/media?parent=10378"}],"wp:term":[{"taxonomy":"category","embeddable":true,"href":"https:\/\/www.satt.fr\/en\/wp-json\/wp\/v2\/categories?post=10378"},{"taxonomy":"post_tag","embeddable":true,"href":"https:\/\/www.satt.fr\/en\/wp-json\/wp\/v2\/tags?post=10378"}],"curies":[{"name":"wp","href":"https:\/\/api.w.org\/{rel}","templated":true}]}}