{"id":10392,"date":"2018-09-10T17:56:17","date_gmt":"2018-09-10T15:56:17","guid":{"rendered":"https:\/\/www.satt.fr\/rentree-des-projets\/"},"modified":"2018-09-10T17:56:17","modified_gmt":"2018-09-10T15:56:17","slug":"rentree-des-projets","status":"publish","type":"post","link":"https:\/\/www.satt.fr\/en\/rentree-des-projets\/","title":{"rendered":"Linksium : La rentr\u00e9e des projets"},"content":{"rendered":"<p>Apr\u00e8s une pause estivale, les projets Linksium font leur rentr\u00e9e. Au programme cette ann\u00e9e, la rencontre des \u00a0<a href=\"https:\/\/www.linksium.fr\/linksium-au-concours-i-lab-2018-5-laureats-dont-2-grands-prix\/\">5 nouveaux projets et startups prim\u00e9s au concours i-Lab dont deux Grands Prix<\/a>.<\/p>\n<p>L\u2019\u00e9quipe Linksium vous invite \u00e0 venir f\u00eater cette belle performance collective qui associe chercheurs, entrepreneurs, laboratoires et professionnels du transfert de technologies le\u00a0<strong>Mardi 18 septembre \u00e0 17h.<\/strong><\/p>\n<p><a href=\"https:\/\/www.satt.fr\/wp-content\/uploads\/2018\/09\/la-rentree-des-projets-Linksium-2018.mov\">Vid\u00e9o la rentr\u00e9e des projets Linksium 2018<\/a><\/p>\n<p>Pour s\u2019inscrire, c\u2019est ici\u00a0:\u00a0 https:\/\/www.eventbrite.fr\/e\/billets-la-rentree-des-projets-47262750158<\/p>\n<p>&nbsp;<\/p>\n","protected":false},"excerpt":{"rendered":"<p>Apr\u00e8s une pause estivale, les projets Linksium font leur rentr\u00e9e. Au programme cette ann\u00e9e, la rencontre des \u00a05 nouveaux projets et startups prim\u00e9s au concours i-Lab dont deux Grands Prix. L\u2019\u00e9quipe Linksium vous invite \u00e0 venir f\u00eater cette belle performance collective qui associe chercheurs, entrepreneurs, laboratoires et professionnels du transfert de technologies le\u00a0Mardi 18 septembre [&hellip;]<\/p>\n","protected":false},"author":9,"featured_media":10384,"comment_status":"closed","ping_status":"closed","sticky":false,"template":"","format":"standard","meta":{"_acf_changed":false,"footnotes":""},"categories":[567],"tags":[],"class_list":["post-10392","post","type-post","status-publish","format-standard","has-post-thumbnail","hentry","category-news-en"],"acf":[],"yoast_head":"<!-- This site is optimized with the Yoast SEO plugin v27.4 - https:\/\/yoast.com\/product\/yoast-seo-wordpress\/ -->\n<title>Linksium : La rentr\u00e9e des projets - R\u00e9seau SATT<\/title>\n<meta name=\"robots\" content=\"index, follow, max-snippet:-1, max-image-preview:large, max-video-preview:-1\" \/>\n<link rel=\"canonical\" href=\"https:\/\/www.satt.fr\/en\/rentree-des-projets\/\" \/>\n<meta name=\"twitter:label1\" content=\"Written by\" \/>\n\t<meta name=\"twitter:data1\" content=\"V\u00e9ronique SOUVERAIN\" \/>\n<script type=\"application\/ld+json\" class=\"yoast-schema-graph\">{\"@context\":\"https:\\\/\\\/schema.org\",\"@graph\":[{\"@type\":\"Article\",\"@id\":\"https:\\\/\\\/www.satt.fr\\\/en\\\/rentree-des-projets\\\/#article\",\"isPartOf\":{\"@id\":\"https:\\\/\\\/www.satt.fr\\\/en\\\/rentree-des-projets\\\/\"},\"author\":{\"name\":\"V\u00e9ronique SOUVERAIN\",\"@id\":\"https:\\\/\\\/www.satt.fr\\\/en\\\/#\\\/schema\\\/person\\\/a0a2696da95041f1d724dbc5633e9802\"},\"headline\":\"Linksium : La rentr\u00e9e des projets\",\"datePublished\":\"2018-09-10T15:56:17+00:00\",\"mainEntityOfPage\":{\"@id\":\"https:\\\/\\\/www.satt.fr\\\/en\\\/rentree-des-projets\\\/\"},\"wordCount\":87,\"image\":{\"@id\":\"https:\\\/\\\/www.satt.fr\\\/en\\\/rentree-des-projets\\\/#primaryimage\"},\"thumbnailUrl\":\"https:\\\/\\\/www.satt.fr\\\/wp-content\\\/uploads\\\/2018\\\/09\\\/Rentree-des-projets-2018-visuel-site-web.png\",\"articleSection\":[\"News\"],\"inLanguage\":\"en-US\"},{\"@type\":\"WebPage\",\"@id\":\"https:\\\/\\\/www.satt.fr\\\/en\\\/rentree-des-projets\\\/\",\"url\":\"https:\\\/\\\/www.satt.fr\\\/en\\\/rentree-des-projets\\\/\",\"name\":\"Linksium : La rentr\u00e9e des projets - R\u00e9seau SATT\",\"isPartOf\":{\"@id\":\"https:\\\/\\\/www.satt.fr\\\/en\\\/#website\"},\"primaryImageOfPage\":{\"@id\":\"https:\\\/\\\/www.satt.fr\\\/en\\\/rentree-des-projets\\\/#primaryimage\"},\"image\":{\"@id\":\"https:\\\/\\\/www.satt.fr\\\/en\\\/rentree-des-projets\\\/#primaryimage\"},\"thumbnailUrl\":\"https:\\\/\\\/www.satt.fr\\\/wp-content\\\/uploads\\\/2018\\\/09\\\/Rentree-des-projets-2018-visuel-site-web.png\",\"datePublished\":\"2018-09-10T15:56:17+00:00\",\"author\":{\"@id\":\"https:\\\/\\\/www.satt.fr\\\/en\\\/#\\\/schema\\\/person\\\/a0a2696da95041f1d724dbc5633e9802\"},\"breadcrumb\":{\"@id\":\"https:\\\/\\\/www.satt.fr\\\/en\\\/rentree-des-projets\\\/#breadcrumb\"},\"inLanguage\":\"en-US\",\"potentialAction\":[{\"@type\":\"ReadAction\",\"target\":[\"https:\\\/\\\/www.satt.fr\\\/en\\\/rentree-des-projets\\\/\"]}]},{\"@type\":\"ImageObject\",\"inLanguage\":\"en-US\",\"@id\":\"https:\\\/\\\/www.satt.fr\\\/en\\\/rentree-des-projets\\\/#primaryimage\",\"url\":\"https:\\\/\\\/www.satt.fr\\\/wp-content\\\/uploads\\\/2018\\\/09\\\/Rentree-des-projets-2018-visuel-site-web.png\",\"contentUrl\":\"https:\\\/\\\/www.satt.fr\\\/wp-content\\\/uploads\\\/2018\\\/09\\\/Rentree-des-projets-2018-visuel-site-web.png\",\"width\":1219,\"height\":730},{\"@type\":\"BreadcrumbList\",\"@id\":\"https:\\\/\\\/www.satt.fr\\\/en\\\/rentree-des-projets\\\/#breadcrumb\",\"itemListElement\":[{\"@type\":\"ListItem\",\"position\":1,\"name\":\"Accueil\",\"item\":\"https:\\\/\\\/www.satt.fr\\\/en\\\/\"},{\"@type\":\"ListItem\",\"position\":2,\"name\":\"Linksium : La rentr\u00e9e des projets\"}]},{\"@type\":\"WebSite\",\"@id\":\"https:\\\/\\\/www.satt.fr\\\/en\\\/#website\",\"url\":\"https:\\\/\\\/www.satt.fr\\\/en\\\/\",\"name\":\"R\u00e9seau SATT\",\"description\":\"Les Soci\u00e9t\u00e9s d&#039;Acc\u00e9l\u00e9ration du Transfert de Technologies\",\"potentialAction\":[{\"@type\":\"SearchAction\",\"target\":{\"@type\":\"EntryPoint\",\"urlTemplate\":\"https:\\\/\\\/www.satt.fr\\\/en\\\/?s={search_term_string}\"},\"query-input\":{\"@type\":\"PropertyValueSpecification\",\"valueRequired\":true,\"valueName\":\"search_term_string\"}}],\"inLanguage\":\"en-US\"},{\"@type\":\"Person\",\"@id\":\"https:\\\/\\\/www.satt.fr\\\/en\\\/#\\\/schema\\\/person\\\/a0a2696da95041f1d724dbc5633e9802\",\"name\":\"V\u00e9ronique SOUVERAIN\",\"url\":\"https:\\\/\\\/www.satt.fr\\\/en\\\/author\\\/veronique\\\/\"}]}<\/script>\n<!-- \/ Yoast SEO plugin. -->","yoast_head_json":{"title":"Linksium : La rentr\u00e9e des projets - R\u00e9seau SATT","robots":{"index":"index","follow":"follow","max-snippet":"max-snippet:-1","max-image-preview":"max-image-preview:large","max-video-preview":"max-video-preview:-1"},"canonical":"https:\/\/www.satt.fr\/en\/rentree-des-projets\/","twitter_misc":{"Written by":"V\u00e9ronique SOUVERAIN"},"schema":{"@context":"https:\/\/schema.org","@graph":[{"@type":"Article","@id":"https:\/\/www.satt.fr\/en\/rentree-des-projets\/#article","isPartOf":{"@id":"https:\/\/www.satt.fr\/en\/rentree-des-projets\/"},"author":{"name":"V\u00e9ronique SOUVERAIN","@id":"https:\/\/www.satt.fr\/en\/#\/schema\/person\/a0a2696da95041f1d724dbc5633e9802"},"headline":"Linksium : La rentr\u00e9e des projets","datePublished":"2018-09-10T15:56:17+00:00","mainEntityOfPage":{"@id":"https:\/\/www.satt.fr\/en\/rentree-des-projets\/"},"wordCount":87,"image":{"@id":"https:\/\/www.satt.fr\/en\/rentree-des-projets\/#primaryimage"},"thumbnailUrl":"https:\/\/www.satt.fr\/wp-content\/uploads\/2018\/09\/Rentree-des-projets-2018-visuel-site-web.png","articleSection":["News"],"inLanguage":"en-US"},{"@type":"WebPage","@id":"https:\/\/www.satt.fr\/en\/rentree-des-projets\/","url":"https:\/\/www.satt.fr\/en\/rentree-des-projets\/","name":"Linksium : La rentr\u00e9e des projets - R\u00e9seau SATT","isPartOf":{"@id":"https:\/\/www.satt.fr\/en\/#website"},"primaryImageOfPage":{"@id":"https:\/\/www.satt.fr\/en\/rentree-des-projets\/#primaryimage"},"image":{"@id":"https:\/\/www.satt.fr\/en\/rentree-des-projets\/#primaryimage"},"thumbnailUrl":"https:\/\/www.satt.fr\/wp-content\/uploads\/2018\/09\/Rentree-des-projets-2018-visuel-site-web.png","datePublished":"2018-09-10T15:56:17+00:00","author":{"@id":"https:\/\/www.satt.fr\/en\/#\/schema\/person\/a0a2696da95041f1d724dbc5633e9802"},"breadcrumb":{"@id":"https:\/\/www.satt.fr\/en\/rentree-des-projets\/#breadcrumb"},"inLanguage":"en-US","potentialAction":[{"@type":"ReadAction","target":["https:\/\/www.satt.fr\/en\/rentree-des-projets\/"]}]},{"@type":"ImageObject","inLanguage":"en-US","@id":"https:\/\/www.satt.fr\/en\/rentree-des-projets\/#primaryimage","url":"https:\/\/www.satt.fr\/wp-content\/uploads\/2018\/09\/Rentree-des-projets-2018-visuel-site-web.png","contentUrl":"https:\/\/www.satt.fr\/wp-content\/uploads\/2018\/09\/Rentree-des-projets-2018-visuel-site-web.png","width":1219,"height":730},{"@type":"BreadcrumbList","@id":"https:\/\/www.satt.fr\/en\/rentree-des-projets\/#breadcrumb","itemListElement":[{"@type":"ListItem","position":1,"name":"Accueil","item":"https:\/\/www.satt.fr\/en\/"},{"@type":"ListItem","position":2,"name":"Linksium : La rentr\u00e9e des projets"}]},{"@type":"WebSite","@id":"https:\/\/www.satt.fr\/en\/#website","url":"https:\/\/www.satt.fr\/en\/","name":"R\u00e9seau SATT","description":"Les Soci\u00e9t\u00e9s d&#039;Acc\u00e9l\u00e9ration du Transfert de Technologies","potentialAction":[{"@type":"SearchAction","target":{"@type":"EntryPoint","urlTemplate":"https:\/\/www.satt.fr\/en\/?s={search_term_string}"},"query-input":{"@type":"PropertyValueSpecification","valueRequired":true,"valueName":"search_term_string"}}],"inLanguage":"en-US"},{"@type":"Person","@id":"https:\/\/www.satt.fr\/en\/#\/schema\/person\/a0a2696da95041f1d724dbc5633e9802","name":"V\u00e9ronique SOUVERAIN","url":"https:\/\/www.satt.fr\/en\/author\/veronique\/"}]}},"_links":{"self":[{"href":"https:\/\/www.satt.fr\/en\/wp-json\/wp\/v2\/posts\/10392","targetHints":{"allow":["GET"]}}],"collection":[{"href":"https:\/\/www.satt.fr\/en\/wp-json\/wp\/v2\/posts"}],"about":[{"href":"https:\/\/www.satt.fr\/en\/wp-json\/wp\/v2\/types\/post"}],"author":[{"embeddable":true,"href":"https:\/\/www.satt.fr\/en\/wp-json\/wp\/v2\/users\/9"}],"replies":[{"embeddable":true,"href":"https:\/\/www.satt.fr\/en\/wp-json\/wp\/v2\/comments?post=10392"}],"version-history":[{"count":0,"href":"https:\/\/www.satt.fr\/en\/wp-json\/wp\/v2\/posts\/10392\/revisions"}],"wp:featuredmedia":[{"embeddable":true,"href":"https:\/\/www.satt.fr\/en\/wp-json\/wp\/v2\/media\/10384"}],"wp:attachment":[{"href":"https:\/\/www.satt.fr\/en\/wp-json\/wp\/v2\/media?parent=10392"}],"wp:term":[{"taxonomy":"category","embeddable":true,"href":"https:\/\/www.satt.fr\/en\/wp-json\/wp\/v2\/categories?post=10392"},{"taxonomy":"post_tag","embeddable":true,"href":"https:\/\/www.satt.fr\/en\/wp-json\/wp\/v2\/tags?post=10392"}],"curies":[{"name":"wp","href":"https:\/\/api.w.org\/{rel}","templated":true}]}}