{"id":10753,"date":"2018-10-09T11:15:19","date_gmt":"2018-10-09T09:15:19","guid":{"rendered":"https:\/\/www.satt.fr\/my-innovation-is-back-palais-papes-davignon\/"},"modified":"2018-10-09T11:47:59","modified_gmt":"2018-10-09T09:47:59","slug":"my-innovation-is-back-palais-papes-davignon","status":"publish","type":"post","link":"https:\/\/www.satt.fr\/en\/my-innovation-is-back-palais-papes-davignon\/","title":{"rendered":"SATT Sud-Est : My Innovation Is\u2026 \u2026back, au Palais des Papes d\u2019Avignon"},"content":{"rendered":"<h1>Les super-h\u00e9ros de l\u2019innovation sont de retour !<\/h1>\n<h2>\n Troisi\u00e8me \u00e9dition du concours \u00e0 18h, le 27 novembre prochain<\/h2>\n<p>\n Pour la troisi\u00e8me ann\u00e9e cons\u00e9cutive, le concours My Innovation Is\u2026 mettra un coup de projecteur sur les p\u00e9pites des R\u00e9gions Sud &amp; Corse ! Le 27 novembre prochain, au Palais des Papes d\u2019Avignon, 12 chercheurs et startuppers issus des laboratoires publics du territoire pr\u00e9senteront leurs projets innovants devant un jury d\u2019experts. Initi\u00e9e par la SATT Sud-Est, cette \u00e9dition 2018 est organis\u00e9e en partenariat avec IODA Consulting, l\u2019Universit\u00e9 d\u2019Avignon et des Pays de Vaucluse, Vaucluse Provence Attractivit\u00e9, le Grand Avignon et l\u2019INRA.<\/p>\n<p><a href=\"https:\/\/www.sattse.com\/2018\/07\/my-innovation-is-2018-devenez-un-super-heros-de-linnovation\/\">Consultez l&#8217;actualit\u00e9 sur le site de la SATT Sud-Est\u00a0<\/a><\/p>\n","protected":false},"excerpt":{"rendered":"<p>Les super-h\u00e9ros de l\u2019innovation sont de retour ! Troisi\u00e8me \u00e9dition du concours \u00e0 18h, le 27 novembre prochain Pour la troisi\u00e8me ann\u00e9e cons\u00e9cutive, le concours My Innovation Is\u2026 mettra un coup de projecteur sur les p\u00e9pites des R\u00e9gions Sud &amp; Corse ! Le 27 novembre prochain, au Palais des Papes d\u2019Avignon, 12 chercheurs et startuppers [&hellip;]<\/p>\n","protected":false},"author":26,"featured_media":10757,"comment_status":"closed","ping_status":"closed","sticky":false,"template":"","format":"standard","meta":{"_acf_changed":false,"footnotes":""},"categories":[560],"tags":[],"class_list":["post-10753","post","type-post","status-publish","format-standard","has-post-thumbnail","hentry","category-event-en"],"acf":[],"yoast_head":"<!-- This site is optimized with the Yoast SEO plugin v27.4 - https:\/\/yoast.com\/product\/yoast-seo-wordpress\/ -->\n<title>My Innovation Is... Back, au Palais des Papes d\u2019Avignon<\/title>\n<meta name=\"description\" content=\"Pour la troisi\u00e8me ann\u00e9e cons\u00e9cutive, le concours My Innovation Is\u2026 mettra un coup de projecteur sur les p\u00e9pites des R\u00e9gions Sud &amp; Corse !\" \/>\n<meta name=\"robots\" content=\"index, follow, max-snippet:-1, max-image-preview:large, max-video-preview:-1\" \/>\n<link rel=\"canonical\" href=\"https:\/\/www.satt.fr\/en\/my-innovation-is-back-palais-papes-davignon\/\" \/>\n<meta name=\"twitter:label1\" content=\"Written by\" \/>\n\t<meta name=\"twitter:data1\" content=\"Magali GOMEZ\" \/>\n\t<meta name=\"twitter:label2\" content=\"Est. reading time\" \/>\n\t<meta name=\"twitter:data2\" content=\"1 minute\" \/>\n<script type=\"application\/ld+json\" class=\"yoast-schema-graph\">{\"@context\":\"https:\\\/\\\/schema.org\",\"@graph\":[{\"@type\":\"Article\",\"@id\":\"https:\\\/\\\/www.satt.fr\\\/en\\\/my-innovation-is-back-palais-papes-davignon\\\/#article\",\"isPartOf\":{\"@id\":\"https:\\\/\\\/www.satt.fr\\\/en\\\/my-innovation-is-back-palais-papes-davignon\\\/\"},\"author\":{\"name\":\"Magali GOMEZ\",\"@id\":\"https:\\\/\\\/www.satt.fr\\\/en\\\/#\\\/schema\\\/person\\\/b4d90d3340329bb39e146fe375c908fb\"},\"headline\":\"SATT Sud-Est : My Innovation Is\u2026 \u2026back, au Palais des Papes d\u2019Avignon\",\"datePublished\":\"2018-10-09T09:15:19+00:00\",\"dateModified\":\"2018-10-09T09:47:59+00:00\",\"mainEntityOfPage\":{\"@id\":\"https:\\\/\\\/www.satt.fr\\\/en\\\/my-innovation-is-back-palais-papes-davignon\\\/\"},\"wordCount\":130,\"image\":{\"@id\":\"https:\\\/\\\/www.satt.fr\\\/en\\\/my-innovation-is-back-palais-papes-davignon\\\/#primaryimage\"},\"thumbnailUrl\":\"https:\\\/\\\/www.satt.fr\\\/wp-content\\\/uploads\\\/2018\\\/10\\\/MIS.png\",\"articleSection\":[\"Events\"],\"inLanguage\":\"en-US\"},{\"@type\":\"WebPage\",\"@id\":\"https:\\\/\\\/www.satt.fr\\\/en\\\/my-innovation-is-back-palais-papes-davignon\\\/\",\"url\":\"https:\\\/\\\/www.satt.fr\\\/en\\\/my-innovation-is-back-palais-papes-davignon\\\/\",\"name\":\"My Innovation Is... Back, au Palais des Papes d\u2019Avignon\",\"isPartOf\":{\"@id\":\"https:\\\/\\\/www.satt.fr\\\/en\\\/#website\"},\"primaryImageOfPage\":{\"@id\":\"https:\\\/\\\/www.satt.fr\\\/en\\\/my-innovation-is-back-palais-papes-davignon\\\/#primaryimage\"},\"image\":{\"@id\":\"https:\\\/\\\/www.satt.fr\\\/en\\\/my-innovation-is-back-palais-papes-davignon\\\/#primaryimage\"},\"thumbnailUrl\":\"https:\\\/\\\/www.satt.fr\\\/wp-content\\\/uploads\\\/2018\\\/10\\\/MIS.png\",\"datePublished\":\"2018-10-09T09:15:19+00:00\",\"dateModified\":\"2018-10-09T09:47:59+00:00\",\"author\":{\"@id\":\"https:\\\/\\\/www.satt.fr\\\/en\\\/#\\\/schema\\\/person\\\/b4d90d3340329bb39e146fe375c908fb\"},\"description\":\"Pour la troisi\u00e8me ann\u00e9e cons\u00e9cutive, le concours My Innovation Is\u2026 mettra un coup de projecteur sur les p\u00e9pites des R\u00e9gions Sud & Corse !\",\"breadcrumb\":{\"@id\":\"https:\\\/\\\/www.satt.fr\\\/en\\\/my-innovation-is-back-palais-papes-davignon\\\/#breadcrumb\"},\"inLanguage\":\"en-US\",\"potentialAction\":[{\"@type\":\"ReadAction\",\"target\":[\"https:\\\/\\\/www.satt.fr\\\/en\\\/my-innovation-is-back-palais-papes-davignon\\\/\"]}]},{\"@type\":\"ImageObject\",\"inLanguage\":\"en-US\",\"@id\":\"https:\\\/\\\/www.satt.fr\\\/en\\\/my-innovation-is-back-palais-papes-davignon\\\/#primaryimage\",\"url\":\"https:\\\/\\\/www.satt.fr\\\/wp-content\\\/uploads\\\/2018\\\/10\\\/MIS.png\",\"contentUrl\":\"https:\\\/\\\/www.satt.fr\\\/wp-content\\\/uploads\\\/2018\\\/10\\\/MIS.png\",\"width\":6399,\"height\":3569},{\"@type\":\"BreadcrumbList\",\"@id\":\"https:\\\/\\\/www.satt.fr\\\/en\\\/my-innovation-is-back-palais-papes-davignon\\\/#breadcrumb\",\"itemListElement\":[{\"@type\":\"ListItem\",\"position\":1,\"name\":\"Accueil\",\"item\":\"https:\\\/\\\/www.satt.fr\\\/en\\\/\"},{\"@type\":\"ListItem\",\"position\":2,\"name\":\"SATT Sud-Est : My Innovation Is\u2026 \u2026back, au Palais des Papes d\u2019Avignon\"}]},{\"@type\":\"WebSite\",\"@id\":\"https:\\\/\\\/www.satt.fr\\\/en\\\/#website\",\"url\":\"https:\\\/\\\/www.satt.fr\\\/en\\\/\",\"name\":\"R\u00e9seau SATT\",\"description\":\"Les Soci\u00e9t\u00e9s d&#039;Acc\u00e9l\u00e9ration du Transfert de Technologies\",\"potentialAction\":[{\"@type\":\"SearchAction\",\"target\":{\"@type\":\"EntryPoint\",\"urlTemplate\":\"https:\\\/\\\/www.satt.fr\\\/en\\\/?s={search_term_string}\"},\"query-input\":{\"@type\":\"PropertyValueSpecification\",\"valueRequired\":true,\"valueName\":\"search_term_string\"}}],\"inLanguage\":\"en-US\"},{\"@type\":\"Person\",\"@id\":\"https:\\\/\\\/www.satt.fr\\\/en\\\/#\\\/schema\\\/person\\\/b4d90d3340329bb39e146fe375c908fb\",\"name\":\"Magali GOMEZ\",\"url\":\"https:\\\/\\\/www.satt.fr\\\/en\\\/author\\\/magali\\\/\"}]}<\/script>\n<!-- \/ Yoast SEO plugin. -->","yoast_head_json":{"title":"My Innovation Is... Back, au Palais des Papes d\u2019Avignon","description":"Pour la troisi\u00e8me ann\u00e9e cons\u00e9cutive, le concours My Innovation Is\u2026 mettra un coup de projecteur sur les p\u00e9pites des R\u00e9gions Sud & Corse !","robots":{"index":"index","follow":"follow","max-snippet":"max-snippet:-1","max-image-preview":"max-image-preview:large","max-video-preview":"max-video-preview:-1"},"canonical":"https:\/\/www.satt.fr\/en\/my-innovation-is-back-palais-papes-davignon\/","twitter_misc":{"Written by":"Magali GOMEZ","Est. reading time":"1 minute"},"schema":{"@context":"https:\/\/schema.org","@graph":[{"@type":"Article","@id":"https:\/\/www.satt.fr\/en\/my-innovation-is-back-palais-papes-davignon\/#article","isPartOf":{"@id":"https:\/\/www.satt.fr\/en\/my-innovation-is-back-palais-papes-davignon\/"},"author":{"name":"Magali GOMEZ","@id":"https:\/\/www.satt.fr\/en\/#\/schema\/person\/b4d90d3340329bb39e146fe375c908fb"},"headline":"SATT Sud-Est : My Innovation Is\u2026 \u2026back, au Palais des Papes d\u2019Avignon","datePublished":"2018-10-09T09:15:19+00:00","dateModified":"2018-10-09T09:47:59+00:00","mainEntityOfPage":{"@id":"https:\/\/www.satt.fr\/en\/my-innovation-is-back-palais-papes-davignon\/"},"wordCount":130,"image":{"@id":"https:\/\/www.satt.fr\/en\/my-innovation-is-back-palais-papes-davignon\/#primaryimage"},"thumbnailUrl":"https:\/\/www.satt.fr\/wp-content\/uploads\/2018\/10\/MIS.png","articleSection":["Events"],"inLanguage":"en-US"},{"@type":"WebPage","@id":"https:\/\/www.satt.fr\/en\/my-innovation-is-back-palais-papes-davignon\/","url":"https:\/\/www.satt.fr\/en\/my-innovation-is-back-palais-papes-davignon\/","name":"My Innovation Is... Back, au Palais des Papes d\u2019Avignon","isPartOf":{"@id":"https:\/\/www.satt.fr\/en\/#website"},"primaryImageOfPage":{"@id":"https:\/\/www.satt.fr\/en\/my-innovation-is-back-palais-papes-davignon\/#primaryimage"},"image":{"@id":"https:\/\/www.satt.fr\/en\/my-innovation-is-back-palais-papes-davignon\/#primaryimage"},"thumbnailUrl":"https:\/\/www.satt.fr\/wp-content\/uploads\/2018\/10\/MIS.png","datePublished":"2018-10-09T09:15:19+00:00","dateModified":"2018-10-09T09:47:59+00:00","author":{"@id":"https:\/\/www.satt.fr\/en\/#\/schema\/person\/b4d90d3340329bb39e146fe375c908fb"},"description":"Pour la troisi\u00e8me ann\u00e9e cons\u00e9cutive, le concours My Innovation Is\u2026 mettra un coup de projecteur sur les p\u00e9pites des R\u00e9gions Sud & Corse !","breadcrumb":{"@id":"https:\/\/www.satt.fr\/en\/my-innovation-is-back-palais-papes-davignon\/#breadcrumb"},"inLanguage":"en-US","potentialAction":[{"@type":"ReadAction","target":["https:\/\/www.satt.fr\/en\/my-innovation-is-back-palais-papes-davignon\/"]}]},{"@type":"ImageObject","inLanguage":"en-US","@id":"https:\/\/www.satt.fr\/en\/my-innovation-is-back-palais-papes-davignon\/#primaryimage","url":"https:\/\/www.satt.fr\/wp-content\/uploads\/2018\/10\/MIS.png","contentUrl":"https:\/\/www.satt.fr\/wp-content\/uploads\/2018\/10\/MIS.png","width":6399,"height":3569},{"@type":"BreadcrumbList","@id":"https:\/\/www.satt.fr\/en\/my-innovation-is-back-palais-papes-davignon\/#breadcrumb","itemListElement":[{"@type":"ListItem","position":1,"name":"Accueil","item":"https:\/\/www.satt.fr\/en\/"},{"@type":"ListItem","position":2,"name":"SATT Sud-Est : My Innovation Is\u2026 \u2026back, au Palais des Papes d\u2019Avignon"}]},{"@type":"WebSite","@id":"https:\/\/www.satt.fr\/en\/#website","url":"https:\/\/www.satt.fr\/en\/","name":"R\u00e9seau SATT","description":"Les Soci\u00e9t\u00e9s d&#039;Acc\u00e9l\u00e9ration du Transfert de Technologies","potentialAction":[{"@type":"SearchAction","target":{"@type":"EntryPoint","urlTemplate":"https:\/\/www.satt.fr\/en\/?s={search_term_string}"},"query-input":{"@type":"PropertyValueSpecification","valueRequired":true,"valueName":"search_term_string"}}],"inLanguage":"en-US"},{"@type":"Person","@id":"https:\/\/www.satt.fr\/en\/#\/schema\/person\/b4d90d3340329bb39e146fe375c908fb","name":"Magali GOMEZ","url":"https:\/\/www.satt.fr\/en\/author\/magali\/"}]}},"_links":{"self":[{"href":"https:\/\/www.satt.fr\/en\/wp-json\/wp\/v2\/posts\/10753","targetHints":{"allow":["GET"]}}],"collection":[{"href":"https:\/\/www.satt.fr\/en\/wp-json\/wp\/v2\/posts"}],"about":[{"href":"https:\/\/www.satt.fr\/en\/wp-json\/wp\/v2\/types\/post"}],"author":[{"embeddable":true,"href":"https:\/\/www.satt.fr\/en\/wp-json\/wp\/v2\/users\/26"}],"replies":[{"embeddable":true,"href":"https:\/\/www.satt.fr\/en\/wp-json\/wp\/v2\/comments?post=10753"}],"version-history":[{"count":1,"href":"https:\/\/www.satt.fr\/en\/wp-json\/wp\/v2\/posts\/10753\/revisions"}],"predecessor-version":[{"id":10755,"href":"https:\/\/www.satt.fr\/en\/wp-json\/wp\/v2\/posts\/10753\/revisions\/10755"}],"wp:featuredmedia":[{"embeddable":true,"href":"https:\/\/www.satt.fr\/en\/wp-json\/wp\/v2\/media\/10757"}],"wp:attachment":[{"href":"https:\/\/www.satt.fr\/en\/wp-json\/wp\/v2\/media?parent=10753"}],"wp:term":[{"taxonomy":"category","embeddable":true,"href":"https:\/\/www.satt.fr\/en\/wp-json\/wp\/v2\/categories?post=10753"},{"taxonomy":"post_tag","embeddable":true,"href":"https:\/\/www.satt.fr\/en\/wp-json\/wp\/v2\/tags?post=10753"}],"curies":[{"name":"wp","href":"https:\/\/api.w.org\/{rel}","templated":true}]}}