{"id":11605,"date":"2018-11-26T16:12:17","date_gmt":"2018-11-26T15:12:17","guid":{"rendered":"https:\/\/www.satt.fr\/bilan-convention-nationale-satt-2018\/"},"modified":"2018-11-27T09:53:20","modified_gmt":"2018-11-27T08:53:20","slug":"bilan-convention-nationale-satt-2018","status":"publish","type":"post","link":"https:\/\/www.satt.fr\/en\/bilan-convention-nationale-satt-2018\/","title":{"rendered":"Convention nationale des SATT 2018 : Une \u00e9dition plac\u00e9e sous le signe de la Deeptech !"},"content":{"rendered":"<p><strong>Retour sur la 3\u00e8me \u00e9dition de la Convention nationale des SATT qui a eu lieu vendredi 16 novembre 2018 au\u00a0Centquatre-Paris et qui a r\u00e9unit 400 acteurs du monde de l&#8217;innovation et de la recherche.<\/strong><\/p>\n<p>Ce sont plus de 400 acteurs cl\u00e9s de l&#8217;\u00e9cosyst\u00e8me de l&#8217;innovation qui se sont retrouv\u00e9 le 16 novembre 2018 au\u00a0Centquatre-Paris pour faire le point sur l&#8217;action et les r\u00e9sultats des SATT : repr\u00e9sentants de l&#8217;Etat, organismes et \u00e9tablissements de recherche, start-up, entreprises, fonds d&#8217;investissement&#8230; Pour cette 3\u00e8me \u00e9dition, la Deep Tech et la cr\u00e9ation de business innovant \u00e9taient\u00a0au centre des discussions, avec la parole donn\u00e9e aux start-up et aux entreprises partenaires des SATT. La demi-journ\u00e9e de pl\u00e9ni\u00e8re et le cocktail networking ont permis de revenir sur les r\u00e9sultats encourageants de SATT, mais \u00e9galement de nourrir la discussion entre le monde acad\u00e9mique et industriel autour des enjeux du transfert de technologie.\u00a0<\/p>\n<p><span style=\"color: #c9004a;\"><strong>Dynamique des SATT &amp; retours sur exp\u00e9riences<\/strong><\/span><\/p>\n<p>Madame Fr\u00e9d\u00e9rique Vidal, Ministre de l\u2019Enseignement sup\u00e9rieur, de la Recherche et de l\u2019Innovation,\u00a0et Guillaume Boudy, Secr\u00e9taire g\u00e9n\u00e9ral pour l\u2019investissement (SGPI), nous ont fait l&#8217;honneur d&#8217;\u00eatre pr\u00e9sents et ont tout deux r\u00e9affirm\u00e9 le soutient de l&#8217;Etat aux SATT, tout en rappelant l&#8217;importance de continuer les efforts engag\u00e9s.<\/p>\n<p>Lors de la premi\u00e8re table ronde &#8220;Une force nationale et un succ\u00e8s local&#8221;, Antoine Petit, Pr\u00e9sident-directeur g\u00e9n\u00e9ral du CNRS, Gilles Roussel, Pr\u00e9sident de la CPU, Christophe Derail, Vice-Pr\u00e9sident d\u00e9l\u00e9gu\u00e9 \u00e0 la recherche partenariale et au transfert de l\u2019Universit\u00e9 de Pau et des Pays de l\u2019Adour (UPPA), ainsi que Marie-Ange N&#8217;Zoutani et\u00a0Jacques Volckmann de Sanofi, ont \u00e9chang\u00e9 sur le r\u00f4le que jouent les SATT dans la collaboration entre les mondes acad\u00e9mique et industriel, ainsi que sur les axes de travail prioritaires pour continuer d&#8217;optimiser ces \u00e9changes.<\/p>\n<p>La seconde table ronde &#8220;Un accompagnement \u00e0 l&#8217;innovation sur-mesure&#8221; a mis l&#8217;accent sur des exemples de collaboration entre les SATT et leurs partenaires industriels, \u00e0 travers les t\u00e9moignages de de\u00a0<span id=\"E114\" class=\"qowt-font3-Montserrat\">Carmen Lapadatescu<\/span><span id=\"E115\" class=\"qowt-font3-Montserrat\">, Directrice scientifique de l\u2019entreprise Premier Tech,\u00a0<\/span><span id=\"E117\" class=\"qowt-font3-Montserrat\">Angela Sulpizio<\/span><span id=\"E118\" class=\"qowt-font3-Montserrat\">, Responsable RSE Groupe de Spie\u00a0<\/span><span id=\"E120\" class=\"qowt-font3-Montserrat\">batignolles,\u00a0<\/span><span id=\"E123\" class=\"qowt-font3-Montserrat\">Alain Rousseau<\/span><span id=\"E124\" class=\"qowt-font3-Montserrat\">, Pr\u00e9sident de l\u2019entreprise\u00a0<\/span><span id=\"E126\" class=\"qowt-font3-Montserrat\">Arteion et\u00a0<\/span><span id=\"E129\" class=\"qowt-font3-Montserrat\">Abderrahim Lachgar<\/span><span id=\"E130\" class=\"qowt-font3-Montserrat\">, CEO de la start-up\u00a0<\/span><span id=\"E132\" class=\"qowt-font3-Montserrat\">Par\u2019Immune.<\/span><\/p>\n<p><span style=\"color: #c9004a;\"><strong>Le RDV Deeptech<\/strong><\/span><\/p>\n<p>14 start-up accompagn\u00e9es par le SATT ont \u00e9galement pu prendre la parole lors de cette demi-journ\u00e9e, en relevant le challenge de pitcher leurs innovations en 120 secondes. Un exercice qui a permis aux 400 personnes pr\u00e9sentes de d\u00e9couvrir la richesse des start-up qui sortent des laboratoires publiques fran\u00e7ais et le r\u00f4le cl\u00e9 que jouent les SATT dans la cr\u00e9ation de ce jeunes entreprises ambitieuses. Pour rythmer cette s\u00e9quence de pitch et apporter un conseil aux entrepreneurs, deux grands t\u00e9moins sont venu apporter leur vision de la cr\u00e9ation d&#8217;entreprise : Julien Coulon, Fondateur de Cedexis \u00ab l\u2019aiguilleur du net \u00bb et Pascale Altier, S\u00e9nior consultant chez le fond d&#8217;investissement MD Start.<\/p>\n<p>Pour conclure cette demi-journ\u00e9e plac\u00e9e sous le signe de la Deep Tech, le cocktail de cl\u00f4ture a permis aux participants d&#8217;\u00e9changer en d\u00e9couvrant 14 technologies issues des SATT, \u00e0 travers des stand de d\u00e9monstrations. Une belle mani\u00e8re de visualiser le travail des chercheurs et la concr\u00e9tisation de ces innovations gr\u00e2ce \u00e0 l&#8217;accompagnement des SATT et de leurs partenaires.<\/p>\n<p><span style=\"color: #c9004a;\"><strong>Partenariat Conf\u00e9rence des Pr\u00e9sidents d\u2019Universit\u00e9 (CPU) &#8211; R\u00e9seau SATT<\/strong><\/span><\/p>\n<p>la Convention nationale 2018 a \u00e9galement\u00a0\u00e9t\u00e9 l&#8217;occasion d&#8217;officialiser le <a href=\"https:\/\/www.satt.fr\/reseau-satt-conference-presidents-duniversite-cpu-signent-convention-de-partenariat\/\">partenariat<\/a> entre la CPU, Conf\u00e9rence des Pr\u00e9sidents d\u2019Universit\u00e9, et le R\u00e9seau SATT, avec la signature d&#8217;une convention d\u2019une dur\u00e9e de 3 ans. En joignant leurs forces, les deux associations t\u00e9moignent de leur attachement commun \u00e0 valoriser sans cesse davantage d\u2019innovations n\u00e9es dans les laboratoires universitaires de recherche. Elles affirment \u00e9galement leur co-\u00ad\u2010engagement \u00e0 mobiliser et \u00e0 mettre en oeuvre les moyens n\u00e9cessaires pour acc\u00e9l\u00e9rer le passage \u00ab du labo au march\u00e9 \u00bb et \u00ab du chercheur \u00e0 l\u2019entrepreneur \u00bb.<\/p>\n<p>&nbsp;<\/p>\n<p style=\"text-align: center;\"><span style=\"font-size: 14pt;\">Retrouvez la VOD et les photo de la Convention sur<\/span><\/p>\n<p style=\"text-align: center;\"><span style=\"font-size: 18pt;\"><a href=\"https:\/\/www.satt.fr\">www.satt.fr<\/a><\/span><\/p>\n<p>&nbsp;<\/p>\n<!-- MetaSlider 11356 not found -->\n","protected":false},"excerpt":{"rendered":"<p>Retour sur la 3\u00e8me \u00e9dition de la Convention nationale des SATT qui a eu lieu vendredi 16 novembre 2018 au\u00a0Centquatre-Paris et qui a r\u00e9unit 400 acteurs du monde de l&#8217;innovation et de la recherche. Ce sont plus de 400 acteurs cl\u00e9s de l&#8217;\u00e9cosyst\u00e8me de l&#8217;innovation qui se sont retrouv\u00e9 le 16 novembre 2018 au\u00a0Centquatre-Paris pour [&hellip;]<\/p>\n","protected":false},"author":2,"featured_media":11342,"comment_status":"closed","ping_status":"closed","sticky":false,"template":"","format":"standard","meta":{"_acf_changed":false,"footnotes":""},"categories":[560],"tags":[],"class_list":["post-11605","post","type-post","status-publish","format-standard","has-post-thumbnail","hentry","category-event-en"],"acf":[],"yoast_head":"<!-- This site is optimized with the Yoast SEO plugin v27.4 - https:\/\/yoast.com\/product\/yoast-seo-wordpress\/ -->\n<title>Convention nationale des SATT 2018 : Une \u00e9dition plac\u00e9e sous le signe de la Deeptech ! - R\u00e9seau SATT<\/title>\n<meta name=\"robots\" content=\"index, follow, max-snippet:-1, max-image-preview:large, max-video-preview:-1\" \/>\n<link rel=\"canonical\" href=\"https:\/\/www.satt.fr\/en\/bilan-convention-nationale-satt-2018\/\" \/>\n<meta name=\"twitter:label1\" content=\"Written by\" \/>\n\t<meta name=\"twitter:data1\" content=\"admin\" \/>\n\t<meta name=\"twitter:label2\" content=\"Est. reading time\" \/>\n\t<meta name=\"twitter:data2\" content=\"3 minutes\" \/>\n<script type=\"application\/ld+json\" class=\"yoast-schema-graph\">{\"@context\":\"https:\\\/\\\/schema.org\",\"@graph\":[{\"@type\":\"Article\",\"@id\":\"https:\\\/\\\/www.satt.fr\\\/en\\\/bilan-convention-nationale-satt-2018\\\/#article\",\"isPartOf\":{\"@id\":\"https:\\\/\\\/www.satt.fr\\\/en\\\/bilan-convention-nationale-satt-2018\\\/\"},\"author\":{\"name\":\"admin\",\"@id\":\"https:\\\/\\\/www.satt.fr\\\/en\\\/#\\\/schema\\\/person\\\/6f20a7d0bc03146f6e34a9f08d941fec\"},\"headline\":\"Convention nationale des SATT 2018 : Une \u00e9dition plac\u00e9e sous le signe de la Deeptech !\",\"datePublished\":\"2018-11-26T15:12:17+00:00\",\"dateModified\":\"2018-11-27T08:53:20+00:00\",\"mainEntityOfPage\":{\"@id\":\"https:\\\/\\\/www.satt.fr\\\/en\\\/bilan-convention-nationale-satt-2018\\\/\"},\"wordCount\":720,\"image\":{\"@id\":\"https:\\\/\\\/www.satt.fr\\\/en\\\/bilan-convention-nationale-satt-2018\\\/#primaryimage\"},\"thumbnailUrl\":\"https:\\\/\\\/www.satt.fr\\\/wp-content\\\/uploads\\\/2018\\\/11\\\/1.png\",\"articleSection\":[\"Events\"],\"inLanguage\":\"en-US\"},{\"@type\":\"WebPage\",\"@id\":\"https:\\\/\\\/www.satt.fr\\\/en\\\/bilan-convention-nationale-satt-2018\\\/\",\"url\":\"https:\\\/\\\/www.satt.fr\\\/en\\\/bilan-convention-nationale-satt-2018\\\/\",\"name\":\"Convention nationale des SATT 2018 : Une \u00e9dition plac\u00e9e sous le signe de la Deeptech ! - R\u00e9seau SATT\",\"isPartOf\":{\"@id\":\"https:\\\/\\\/www.satt.fr\\\/en\\\/#website\"},\"primaryImageOfPage\":{\"@id\":\"https:\\\/\\\/www.satt.fr\\\/en\\\/bilan-convention-nationale-satt-2018\\\/#primaryimage\"},\"image\":{\"@id\":\"https:\\\/\\\/www.satt.fr\\\/en\\\/bilan-convention-nationale-satt-2018\\\/#primaryimage\"},\"thumbnailUrl\":\"https:\\\/\\\/www.satt.fr\\\/wp-content\\\/uploads\\\/2018\\\/11\\\/1.png\",\"datePublished\":\"2018-11-26T15:12:17+00:00\",\"dateModified\":\"2018-11-27T08:53:20+00:00\",\"author\":{\"@id\":\"https:\\\/\\\/www.satt.fr\\\/en\\\/#\\\/schema\\\/person\\\/6f20a7d0bc03146f6e34a9f08d941fec\"},\"breadcrumb\":{\"@id\":\"https:\\\/\\\/www.satt.fr\\\/en\\\/bilan-convention-nationale-satt-2018\\\/#breadcrumb\"},\"inLanguage\":\"en-US\",\"potentialAction\":[{\"@type\":\"ReadAction\",\"target\":[\"https:\\\/\\\/www.satt.fr\\\/en\\\/bilan-convention-nationale-satt-2018\\\/\"]}]},{\"@type\":\"ImageObject\",\"inLanguage\":\"en-US\",\"@id\":\"https:\\\/\\\/www.satt.fr\\\/en\\\/bilan-convention-nationale-satt-2018\\\/#primaryimage\",\"url\":\"https:\\\/\\\/www.satt.fr\\\/wp-content\\\/uploads\\\/2018\\\/11\\\/1.png\",\"contentUrl\":\"https:\\\/\\\/www.satt.fr\\\/wp-content\\\/uploads\\\/2018\\\/11\\\/1.png\",\"width\":6399,\"height\":3569},{\"@type\":\"BreadcrumbList\",\"@id\":\"https:\\\/\\\/www.satt.fr\\\/en\\\/bilan-convention-nationale-satt-2018\\\/#breadcrumb\",\"itemListElement\":[{\"@type\":\"ListItem\",\"position\":1,\"name\":\"Accueil\",\"item\":\"https:\\\/\\\/www.satt.fr\\\/en\\\/\"},{\"@type\":\"ListItem\",\"position\":2,\"name\":\"Convention nationale des SATT 2018 : Une \u00e9dition plac\u00e9e sous le signe de la Deeptech !\"}]},{\"@type\":\"WebSite\",\"@id\":\"https:\\\/\\\/www.satt.fr\\\/en\\\/#website\",\"url\":\"https:\\\/\\\/www.satt.fr\\\/en\\\/\",\"name\":\"R\u00e9seau SATT\",\"description\":\"Les Soci\u00e9t\u00e9s d&#039;Acc\u00e9l\u00e9ration du Transfert de Technologies\",\"potentialAction\":[{\"@type\":\"SearchAction\",\"target\":{\"@type\":\"EntryPoint\",\"urlTemplate\":\"https:\\\/\\\/www.satt.fr\\\/en\\\/?s={search_term_string}\"},\"query-input\":{\"@type\":\"PropertyValueSpecification\",\"valueRequired\":true,\"valueName\":\"search_term_string\"}}],\"inLanguage\":\"en-US\"},{\"@type\":\"Person\",\"@id\":\"https:\\\/\\\/www.satt.fr\\\/en\\\/#\\\/schema\\\/person\\\/6f20a7d0bc03146f6e34a9f08d941fec\",\"name\":\"admin\",\"url\":\"https:\\\/\\\/www.satt.fr\\\/en\\\/author\\\/admin\\\/\"}]}<\/script>\n<!-- \/ Yoast SEO plugin. -->","yoast_head_json":{"title":"Convention nationale des SATT 2018 : Une \u00e9dition plac\u00e9e sous le signe de la Deeptech ! - R\u00e9seau SATT","robots":{"index":"index","follow":"follow","max-snippet":"max-snippet:-1","max-image-preview":"max-image-preview:large","max-video-preview":"max-video-preview:-1"},"canonical":"https:\/\/www.satt.fr\/en\/bilan-convention-nationale-satt-2018\/","twitter_misc":{"Written by":"admin","Est. reading time":"3 minutes"},"schema":{"@context":"https:\/\/schema.org","@graph":[{"@type":"Article","@id":"https:\/\/www.satt.fr\/en\/bilan-convention-nationale-satt-2018\/#article","isPartOf":{"@id":"https:\/\/www.satt.fr\/en\/bilan-convention-nationale-satt-2018\/"},"author":{"name":"admin","@id":"https:\/\/www.satt.fr\/en\/#\/schema\/person\/6f20a7d0bc03146f6e34a9f08d941fec"},"headline":"Convention nationale des SATT 2018 : Une \u00e9dition plac\u00e9e sous le signe de la Deeptech !","datePublished":"2018-11-26T15:12:17+00:00","dateModified":"2018-11-27T08:53:20+00:00","mainEntityOfPage":{"@id":"https:\/\/www.satt.fr\/en\/bilan-convention-nationale-satt-2018\/"},"wordCount":720,"image":{"@id":"https:\/\/www.satt.fr\/en\/bilan-convention-nationale-satt-2018\/#primaryimage"},"thumbnailUrl":"https:\/\/www.satt.fr\/wp-content\/uploads\/2018\/11\/1.png","articleSection":["Events"],"inLanguage":"en-US"},{"@type":"WebPage","@id":"https:\/\/www.satt.fr\/en\/bilan-convention-nationale-satt-2018\/","url":"https:\/\/www.satt.fr\/en\/bilan-convention-nationale-satt-2018\/","name":"Convention nationale des SATT 2018 : Une \u00e9dition plac\u00e9e sous le signe de la Deeptech ! - R\u00e9seau SATT","isPartOf":{"@id":"https:\/\/www.satt.fr\/en\/#website"},"primaryImageOfPage":{"@id":"https:\/\/www.satt.fr\/en\/bilan-convention-nationale-satt-2018\/#primaryimage"},"image":{"@id":"https:\/\/www.satt.fr\/en\/bilan-convention-nationale-satt-2018\/#primaryimage"},"thumbnailUrl":"https:\/\/www.satt.fr\/wp-content\/uploads\/2018\/11\/1.png","datePublished":"2018-11-26T15:12:17+00:00","dateModified":"2018-11-27T08:53:20+00:00","author":{"@id":"https:\/\/www.satt.fr\/en\/#\/schema\/person\/6f20a7d0bc03146f6e34a9f08d941fec"},"breadcrumb":{"@id":"https:\/\/www.satt.fr\/en\/bilan-convention-nationale-satt-2018\/#breadcrumb"},"inLanguage":"en-US","potentialAction":[{"@type":"ReadAction","target":["https:\/\/www.satt.fr\/en\/bilan-convention-nationale-satt-2018\/"]}]},{"@type":"ImageObject","inLanguage":"en-US","@id":"https:\/\/www.satt.fr\/en\/bilan-convention-nationale-satt-2018\/#primaryimage","url":"https:\/\/www.satt.fr\/wp-content\/uploads\/2018\/11\/1.png","contentUrl":"https:\/\/www.satt.fr\/wp-content\/uploads\/2018\/11\/1.png","width":6399,"height":3569},{"@type":"BreadcrumbList","@id":"https:\/\/www.satt.fr\/en\/bilan-convention-nationale-satt-2018\/#breadcrumb","itemListElement":[{"@type":"ListItem","position":1,"name":"Accueil","item":"https:\/\/www.satt.fr\/en\/"},{"@type":"ListItem","position":2,"name":"Convention nationale des SATT 2018 : Une \u00e9dition plac\u00e9e sous le signe de la Deeptech !"}]},{"@type":"WebSite","@id":"https:\/\/www.satt.fr\/en\/#website","url":"https:\/\/www.satt.fr\/en\/","name":"R\u00e9seau SATT","description":"Les Soci\u00e9t\u00e9s d&#039;Acc\u00e9l\u00e9ration du Transfert de Technologies","potentialAction":[{"@type":"SearchAction","target":{"@type":"EntryPoint","urlTemplate":"https:\/\/www.satt.fr\/en\/?s={search_term_string}"},"query-input":{"@type":"PropertyValueSpecification","valueRequired":true,"valueName":"search_term_string"}}],"inLanguage":"en-US"},{"@type":"Person","@id":"https:\/\/www.satt.fr\/en\/#\/schema\/person\/6f20a7d0bc03146f6e34a9f08d941fec","name":"admin","url":"https:\/\/www.satt.fr\/en\/author\/admin\/"}]}},"_links":{"self":[{"href":"https:\/\/www.satt.fr\/en\/wp-json\/wp\/v2\/posts\/11605","targetHints":{"allow":["GET"]}}],"collection":[{"href":"https:\/\/www.satt.fr\/en\/wp-json\/wp\/v2\/posts"}],"about":[{"href":"https:\/\/www.satt.fr\/en\/wp-json\/wp\/v2\/types\/post"}],"author":[{"embeddable":true,"href":"https:\/\/www.satt.fr\/en\/wp-json\/wp\/v2\/users\/2"}],"replies":[{"embeddable":true,"href":"https:\/\/www.satt.fr\/en\/wp-json\/wp\/v2\/comments?post=11605"}],"version-history":[{"count":1,"href":"https:\/\/www.satt.fr\/en\/wp-json\/wp\/v2\/posts\/11605\/revisions"}],"predecessor-version":[{"id":11633,"href":"https:\/\/www.satt.fr\/en\/wp-json\/wp\/v2\/posts\/11605\/revisions\/11633"}],"wp:featuredmedia":[{"embeddable":true,"href":"https:\/\/www.satt.fr\/en\/wp-json\/wp\/v2\/media\/11342"}],"wp:attachment":[{"href":"https:\/\/www.satt.fr\/en\/wp-json\/wp\/v2\/media?parent=11605"}],"wp:term":[{"taxonomy":"category","embeddable":true,"href":"https:\/\/www.satt.fr\/en\/wp-json\/wp\/v2\/categories?post=11605"},{"taxonomy":"post_tag","embeddable":true,"href":"https:\/\/www.satt.fr\/en\/wp-json\/wp\/v2\/tags?post=11605"}],"curies":[{"name":"wp","href":"https:\/\/api.w.org\/{rel}","templated":true}]}}