{"id":11669,"date":"2018-11-29T10:00:33","date_gmt":"2018-11-29T09:00:33","guid":{"rendered":"https:\/\/www.satt.fr\/reseau-satt-present-salon-biofit-4-5-decembre-a-lille\/"},"modified":"2018-11-29T16:29:47","modified_gmt":"2018-11-29T15:29:47","slug":"reseau-satt-present-salon-biofit-4-5-decembre-a-lille","status":"publish","type":"post","link":"https:\/\/www.satt.fr\/en\/reseau-satt-present-salon-biofit-4-5-decembre-a-lille\/","title":{"rendered":"Le R\u00e9seau SATT pr\u00e9sent sur le salon BioFIT les 4 &#038; 5 d\u00e9cembre \u00e0 Lille"},"content":{"rendered":"<p><strong>BioFIT, la convention d\u2019affaires europ\u00e9enne d\u00e9di\u00e9e aux collaborations en Sciences du Vivant aura lieu les 4 et 5 d\u00e9cembre \u00e0 Lille. Le R\u00e9seau SATT sera pr\u00e9sent sur le stand F5 avec 8 SATT pr\u00e9sentes pour l&#8217;occasion !<\/strong><\/p>\n<p>Pour sa 7\u00e8me \u00e9dition, la convention d\u2019affaires europ\u00e9enne BioFIT se positionne \u00e0 nouveau comme un rendez-vous incontournable pour les acteurs des Sciences du Vivant. Elle leur permet de sourcer des innovations pr\u00e9coces, favorise les collaborations entre milieux acad\u00e9mique et industriel et apporte des cl\u00e9s pour mieux appr\u00e9hender l\u2019actualit\u00e9 du secteur. Au programme : conf\u00e9rences d\u2019experts, rendez-vous d\u2019affaires personnalis\u00e9s, Start-up Slams et opportunit\u00e9s de licensing.<\/p>\n<p>Les 9 SATT pr\u00e9sentes sur BioFIT, <span style=\"color: #c9004a;\">stand F5<\/span> :<\/p>\n<ul style=\"list-style-type: circle;\">\n<li>Aquitaine Science Transfert<\/li>\n<li>AxLR<\/li>\n<li>IDF Innov<\/li>\n<li>Linksium<\/li>\n<li>Ouest Valorisation<\/li>\n<li>Pulsalys<\/li>\n<li>SATT Lutech<\/li>\n<li>SATT Nord<\/li>\n<li>SATT Sud-Est<\/li>\n<\/ul>\n<p>Informations sur :\u00a0<a href=\"https:\/\/www.biofit-event.com\/\">www.biofit-event.com<\/a><\/p>\n","protected":false},"excerpt":{"rendered":"<p>BioFIT, la convention d\u2019affaires europ\u00e9enne d\u00e9di\u00e9e aux collaborations en Sciences du Vivant aura lieu les 4 et 5 d\u00e9cembre \u00e0 Lille. Le R\u00e9seau SATT sera pr\u00e9sent sur le stand F5 avec 8 SATT pr\u00e9sentes pour l&#8217;occasion ! Pour sa 7\u00e8me \u00e9dition, la convention d\u2019affaires europ\u00e9enne BioFIT se positionne \u00e0 nouveau comme un rendez-vous incontournable pour [&hellip;]<\/p>\n","protected":false},"author":2,"featured_media":11664,"comment_status":"closed","ping_status":"closed","sticky":false,"template":"","format":"standard","meta":{"_acf_changed":false,"footnotes":""},"categories":[560],"tags":[],"class_list":["post-11669","post","type-post","status-publish","format-standard","has-post-thumbnail","hentry","category-event-en"],"acf":[],"yoast_head":"<!-- This site is optimized with the Yoast SEO plugin v27.4 - https:\/\/yoast.com\/product\/yoast-seo-wordpress\/ -->\n<title>Le R\u00e9seau SATT pr\u00e9sent sur le salon BioFIT les 4 &amp; 5 d\u00e9cembre \u00e0 Lille - R\u00e9seau SATT<\/title>\n<meta name=\"robots\" content=\"index, follow, max-snippet:-1, max-image-preview:large, max-video-preview:-1\" \/>\n<link rel=\"canonical\" href=\"https:\/\/www.satt.fr\/en\/reseau-satt-present-salon-biofit-4-5-decembre-a-lille\/\" \/>\n<meta name=\"twitter:label1\" content=\"Written by\" \/>\n\t<meta name=\"twitter:data1\" content=\"admin\" \/>\n\t<meta name=\"twitter:label2\" content=\"Est. reading time\" \/>\n\t<meta name=\"twitter:data2\" content=\"1 minute\" \/>\n<script type=\"application\/ld+json\" class=\"yoast-schema-graph\">{\"@context\":\"https:\\\/\\\/schema.org\",\"@graph\":[{\"@type\":\"Article\",\"@id\":\"https:\\\/\\\/www.satt.fr\\\/en\\\/reseau-satt-present-salon-biofit-4-5-decembre-a-lille\\\/#article\",\"isPartOf\":{\"@id\":\"https:\\\/\\\/www.satt.fr\\\/en\\\/reseau-satt-present-salon-biofit-4-5-decembre-a-lille\\\/\"},\"author\":{\"name\":\"admin\",\"@id\":\"https:\\\/\\\/www.satt.fr\\\/en\\\/#\\\/schema\\\/person\\\/6f20a7d0bc03146f6e34a9f08d941fec\"},\"headline\":\"Le R\u00e9seau SATT pr\u00e9sent sur le salon BioFIT les 4 &#038; 5 d\u00e9cembre \u00e0 Lille\",\"datePublished\":\"2018-11-29T09:00:33+00:00\",\"dateModified\":\"2018-11-29T15:29:47+00:00\",\"mainEntityOfPage\":{\"@id\":\"https:\\\/\\\/www.satt.fr\\\/en\\\/reseau-satt-present-salon-biofit-4-5-decembre-a-lille\\\/\"},\"wordCount\":158,\"image\":{\"@id\":\"https:\\\/\\\/www.satt.fr\\\/en\\\/reseau-satt-present-salon-biofit-4-5-decembre-a-lille\\\/#primaryimage\"},\"thumbnailUrl\":\"https:\\\/\\\/www.satt.fr\\\/wp-content\\\/uploads\\\/2018\\\/11\\\/biofit-2018-logo.png\",\"articleSection\":[\"Events\"],\"inLanguage\":\"en-US\"},{\"@type\":\"WebPage\",\"@id\":\"https:\\\/\\\/www.satt.fr\\\/en\\\/reseau-satt-present-salon-biofit-4-5-decembre-a-lille\\\/\",\"url\":\"https:\\\/\\\/www.satt.fr\\\/en\\\/reseau-satt-present-salon-biofit-4-5-decembre-a-lille\\\/\",\"name\":\"Le R\u00e9seau SATT pr\u00e9sent sur le salon BioFIT les 4 & 5 d\u00e9cembre \u00e0 Lille - R\u00e9seau SATT\",\"isPartOf\":{\"@id\":\"https:\\\/\\\/www.satt.fr\\\/en\\\/#website\"},\"primaryImageOfPage\":{\"@id\":\"https:\\\/\\\/www.satt.fr\\\/en\\\/reseau-satt-present-salon-biofit-4-5-decembre-a-lille\\\/#primaryimage\"},\"image\":{\"@id\":\"https:\\\/\\\/www.satt.fr\\\/en\\\/reseau-satt-present-salon-biofit-4-5-decembre-a-lille\\\/#primaryimage\"},\"thumbnailUrl\":\"https:\\\/\\\/www.satt.fr\\\/wp-content\\\/uploads\\\/2018\\\/11\\\/biofit-2018-logo.png\",\"datePublished\":\"2018-11-29T09:00:33+00:00\",\"dateModified\":\"2018-11-29T15:29:47+00:00\",\"author\":{\"@id\":\"https:\\\/\\\/www.satt.fr\\\/en\\\/#\\\/schema\\\/person\\\/6f20a7d0bc03146f6e34a9f08d941fec\"},\"breadcrumb\":{\"@id\":\"https:\\\/\\\/www.satt.fr\\\/en\\\/reseau-satt-present-salon-biofit-4-5-decembre-a-lille\\\/#breadcrumb\"},\"inLanguage\":\"en-US\",\"potentialAction\":[{\"@type\":\"ReadAction\",\"target\":[\"https:\\\/\\\/www.satt.fr\\\/en\\\/reseau-satt-present-salon-biofit-4-5-decembre-a-lille\\\/\"]}]},{\"@type\":\"ImageObject\",\"inLanguage\":\"en-US\",\"@id\":\"https:\\\/\\\/www.satt.fr\\\/en\\\/reseau-satt-present-salon-biofit-4-5-decembre-a-lille\\\/#primaryimage\",\"url\":\"https:\\\/\\\/www.satt.fr\\\/wp-content\\\/uploads\\\/2018\\\/11\\\/biofit-2018-logo.png\",\"contentUrl\":\"https:\\\/\\\/www.satt.fr\\\/wp-content\\\/uploads\\\/2018\\\/11\\\/biofit-2018-logo.png\",\"width\":6399,\"height\":3569},{\"@type\":\"BreadcrumbList\",\"@id\":\"https:\\\/\\\/www.satt.fr\\\/en\\\/reseau-satt-present-salon-biofit-4-5-decembre-a-lille\\\/#breadcrumb\",\"itemListElement\":[{\"@type\":\"ListItem\",\"position\":1,\"name\":\"Accueil\",\"item\":\"https:\\\/\\\/www.satt.fr\\\/en\\\/\"},{\"@type\":\"ListItem\",\"position\":2,\"name\":\"Le R\u00e9seau SATT pr\u00e9sent sur le salon BioFIT les 4 &#038; 5 d\u00e9cembre \u00e0 Lille\"}]},{\"@type\":\"WebSite\",\"@id\":\"https:\\\/\\\/www.satt.fr\\\/en\\\/#website\",\"url\":\"https:\\\/\\\/www.satt.fr\\\/en\\\/\",\"name\":\"R\u00e9seau SATT\",\"description\":\"Les Soci\u00e9t\u00e9s d&#039;Acc\u00e9l\u00e9ration du Transfert de Technologies\",\"potentialAction\":[{\"@type\":\"SearchAction\",\"target\":{\"@type\":\"EntryPoint\",\"urlTemplate\":\"https:\\\/\\\/www.satt.fr\\\/en\\\/?s={search_term_string}\"},\"query-input\":{\"@type\":\"PropertyValueSpecification\",\"valueRequired\":true,\"valueName\":\"search_term_string\"}}],\"inLanguage\":\"en-US\"},{\"@type\":\"Person\",\"@id\":\"https:\\\/\\\/www.satt.fr\\\/en\\\/#\\\/schema\\\/person\\\/6f20a7d0bc03146f6e34a9f08d941fec\",\"name\":\"admin\",\"url\":\"https:\\\/\\\/www.satt.fr\\\/en\\\/author\\\/admin\\\/\"}]}<\/script>\n<!-- \/ Yoast SEO plugin. -->","yoast_head_json":{"title":"Le R\u00e9seau SATT pr\u00e9sent sur le salon BioFIT les 4 & 5 d\u00e9cembre \u00e0 Lille - R\u00e9seau SATT","robots":{"index":"index","follow":"follow","max-snippet":"max-snippet:-1","max-image-preview":"max-image-preview:large","max-video-preview":"max-video-preview:-1"},"canonical":"https:\/\/www.satt.fr\/en\/reseau-satt-present-salon-biofit-4-5-decembre-a-lille\/","twitter_misc":{"Written by":"admin","Est. reading time":"1 minute"},"schema":{"@context":"https:\/\/schema.org","@graph":[{"@type":"Article","@id":"https:\/\/www.satt.fr\/en\/reseau-satt-present-salon-biofit-4-5-decembre-a-lille\/#article","isPartOf":{"@id":"https:\/\/www.satt.fr\/en\/reseau-satt-present-salon-biofit-4-5-decembre-a-lille\/"},"author":{"name":"admin","@id":"https:\/\/www.satt.fr\/en\/#\/schema\/person\/6f20a7d0bc03146f6e34a9f08d941fec"},"headline":"Le R\u00e9seau SATT pr\u00e9sent sur le salon BioFIT les 4 &#038; 5 d\u00e9cembre \u00e0 Lille","datePublished":"2018-11-29T09:00:33+00:00","dateModified":"2018-11-29T15:29:47+00:00","mainEntityOfPage":{"@id":"https:\/\/www.satt.fr\/en\/reseau-satt-present-salon-biofit-4-5-decembre-a-lille\/"},"wordCount":158,"image":{"@id":"https:\/\/www.satt.fr\/en\/reseau-satt-present-salon-biofit-4-5-decembre-a-lille\/#primaryimage"},"thumbnailUrl":"https:\/\/www.satt.fr\/wp-content\/uploads\/2018\/11\/biofit-2018-logo.png","articleSection":["Events"],"inLanguage":"en-US"},{"@type":"WebPage","@id":"https:\/\/www.satt.fr\/en\/reseau-satt-present-salon-biofit-4-5-decembre-a-lille\/","url":"https:\/\/www.satt.fr\/en\/reseau-satt-present-salon-biofit-4-5-decembre-a-lille\/","name":"Le R\u00e9seau SATT pr\u00e9sent sur le salon BioFIT les 4 & 5 d\u00e9cembre \u00e0 Lille - R\u00e9seau SATT","isPartOf":{"@id":"https:\/\/www.satt.fr\/en\/#website"},"primaryImageOfPage":{"@id":"https:\/\/www.satt.fr\/en\/reseau-satt-present-salon-biofit-4-5-decembre-a-lille\/#primaryimage"},"image":{"@id":"https:\/\/www.satt.fr\/en\/reseau-satt-present-salon-biofit-4-5-decembre-a-lille\/#primaryimage"},"thumbnailUrl":"https:\/\/www.satt.fr\/wp-content\/uploads\/2018\/11\/biofit-2018-logo.png","datePublished":"2018-11-29T09:00:33+00:00","dateModified":"2018-11-29T15:29:47+00:00","author":{"@id":"https:\/\/www.satt.fr\/en\/#\/schema\/person\/6f20a7d0bc03146f6e34a9f08d941fec"},"breadcrumb":{"@id":"https:\/\/www.satt.fr\/en\/reseau-satt-present-salon-biofit-4-5-decembre-a-lille\/#breadcrumb"},"inLanguage":"en-US","potentialAction":[{"@type":"ReadAction","target":["https:\/\/www.satt.fr\/en\/reseau-satt-present-salon-biofit-4-5-decembre-a-lille\/"]}]},{"@type":"ImageObject","inLanguage":"en-US","@id":"https:\/\/www.satt.fr\/en\/reseau-satt-present-salon-biofit-4-5-decembre-a-lille\/#primaryimage","url":"https:\/\/www.satt.fr\/wp-content\/uploads\/2018\/11\/biofit-2018-logo.png","contentUrl":"https:\/\/www.satt.fr\/wp-content\/uploads\/2018\/11\/biofit-2018-logo.png","width":6399,"height":3569},{"@type":"BreadcrumbList","@id":"https:\/\/www.satt.fr\/en\/reseau-satt-present-salon-biofit-4-5-decembre-a-lille\/#breadcrumb","itemListElement":[{"@type":"ListItem","position":1,"name":"Accueil","item":"https:\/\/www.satt.fr\/en\/"},{"@type":"ListItem","position":2,"name":"Le R\u00e9seau SATT pr\u00e9sent sur le salon BioFIT les 4 &#038; 5 d\u00e9cembre \u00e0 Lille"}]},{"@type":"WebSite","@id":"https:\/\/www.satt.fr\/en\/#website","url":"https:\/\/www.satt.fr\/en\/","name":"R\u00e9seau SATT","description":"Les Soci\u00e9t\u00e9s d&#039;Acc\u00e9l\u00e9ration du Transfert de Technologies","potentialAction":[{"@type":"SearchAction","target":{"@type":"EntryPoint","urlTemplate":"https:\/\/www.satt.fr\/en\/?s={search_term_string}"},"query-input":{"@type":"PropertyValueSpecification","valueRequired":true,"valueName":"search_term_string"}}],"inLanguage":"en-US"},{"@type":"Person","@id":"https:\/\/www.satt.fr\/en\/#\/schema\/person\/6f20a7d0bc03146f6e34a9f08d941fec","name":"admin","url":"https:\/\/www.satt.fr\/en\/author\/admin\/"}]}},"_links":{"self":[{"href":"https:\/\/www.satt.fr\/en\/wp-json\/wp\/v2\/posts\/11669","targetHints":{"allow":["GET"]}}],"collection":[{"href":"https:\/\/www.satt.fr\/en\/wp-json\/wp\/v2\/posts"}],"about":[{"href":"https:\/\/www.satt.fr\/en\/wp-json\/wp\/v2\/types\/post"}],"author":[{"embeddable":true,"href":"https:\/\/www.satt.fr\/en\/wp-json\/wp\/v2\/users\/2"}],"replies":[{"embeddable":true,"href":"https:\/\/www.satt.fr\/en\/wp-json\/wp\/v2\/comments?post=11669"}],"version-history":[{"count":1,"href":"https:\/\/www.satt.fr\/en\/wp-json\/wp\/v2\/posts\/11669\/revisions"}],"predecessor-version":[{"id":11671,"href":"https:\/\/www.satt.fr\/en\/wp-json\/wp\/v2\/posts\/11669\/revisions\/11671"}],"wp:featuredmedia":[{"embeddable":true,"href":"https:\/\/www.satt.fr\/en\/wp-json\/wp\/v2\/media\/11664"}],"wp:attachment":[{"href":"https:\/\/www.satt.fr\/en\/wp-json\/wp\/v2\/media?parent=11669"}],"wp:term":[{"taxonomy":"category","embeddable":true,"href":"https:\/\/www.satt.fr\/en\/wp-json\/wp\/v2\/categories?post=11669"},{"taxonomy":"post_tag","embeddable":true,"href":"https:\/\/www.satt.fr\/en\/wp-json\/wp\/v2\/tags?post=11669"}],"curies":[{"name":"wp","href":"https:\/\/api.w.org\/{rel}","templated":true}]}}