{"id":12259,"date":"2019-01-18T15:53:37","date_gmt":"2019-01-18T14:53:37","guid":{"rendered":"https:\/\/www.satt.fr\/12057\/"},"modified":"2019-01-18T15:53:37","modified_gmt":"2019-01-18T14:53:37","slug":"12057","status":"publish","type":"post","link":"https:\/\/www.satt.fr\/en\/12057\/","title":{"rendered":"Appel \u00e0 manifestation d\u2019int\u00e9r\u00eat (AMI) : Valoriser les maladies rares en Occitanie"},"content":{"rendered":"<p>Les Soci\u00e9t\u00e9s d\u2019Acc\u00e9l\u00e9ration du Transfert de Technologies AxLR et TTT et la Fondation Maladies Rares s\u2019associent pour promouvoir au sein du territoire Occitanie\u00a0<strong>l\u2019\u00e9mergence et la maturation\u00a0de projets innovants dans le domaine des maladies rares<\/strong>.<\/p>\n<p><em>Toutes les maladies rares au sens de la d\u00e9finition europ\u00e9enne (pr\u00e9valence de la maladie inf\u00e9rieure \u00e0 1 personne sur 2000), incluant les cancers rares, sont concern\u00e9es (<a href=\"https:\/\/www.orpha.net\/consor\/cgi-bin\/index.php\" target=\"_blank\" rel=\"noopener\">orphanet<\/a>).<\/em><\/p>\n<p>L\u2019\u00e9cosyst\u00e8me maladies rares est tr\u00e8s dynamique au niveau acad\u00e9mique et clinique en France. La r\u00e9gion Occitanie en est un bel exemple avec ses 170 centres de r\u00e9f\u00e9rence maladies rares et de nombreuses \u00e9quipes de recherche \u00e0 Toulouse, Montpellier et N\u00eemes. Le domaine des maladies rares b\u00e9n\u00e9ficie \u00e9galement d\u2019un int\u00e9r\u00eat industriel manifeste. En raison des sp\u00e9cificit\u00e9s de ce domaine, il est particuli\u00e8rement int\u00e9ressant de combiner les r\u00e9seaux, expertises et capacit\u00e9s de valorisation dans un appel \u00e0 manifestation d\u2019int\u00e9r\u00eat.<\/p>\n<p>Cet appel \u00e0 manifestation d\u2019int\u00e9r\u00eat concerne \u00e0 la fois les approches diagnostiques ou pronostiques, les dispositifs m\u00e9dicaux, les approches pr\u00e9ventives ou th\u00e9rapeutiques mais aussi les aspects de sciences humaines et sociales et de e-sant\u00e9 pour toutes les maladies rares (y compris les cancers rares).<\/p>\n<p>Il s\u2019adresse \u00e0 tout type de transfert (projet de start-up, licence, transfert de savoir-faire, de produits, etc.).<\/p>\n<p>Peuvent participer tout chercheur ou tout praticien hospitalier ou consortium de chercheurs, de praticiens hospitaliers et de personnels param\u00e9dicaux dont au moins un membre est affili\u00e9 \u00e0 un laboratoire de recherche acad\u00e9mique ou \u00e0 un \u00e9tablissement public de sant\u00e9 de la r\u00e9gion Occitanie.<\/p>\n<p><strong>Cet\u00a0AMI\u00a0est ouvert du\u00a014 janvier 2019 au 29 mars 2019\u00a0\u00e0 17h.<\/strong><\/p>\n<p><strong>Le\u00a0texte d\u00e9taill\u00e9 de l\u2019appel \u00e0 manifestation d\u2019int\u00e9r\u00eat\u00a0<\/strong>est disponible\u00a0<a href=\"http:\/\/s87n.mj.am\/lnk\/AGcAABWI8IEAAAAAAAAAAGawEBYAAThsnqQAAAAAAAGedwBcOIcFwQIF_nR1QOCVzKxVccnSpwABjIs\/2\/b_xTo9_CqWFhQ5bKaavuGQ\/aHR0cHM6Ly9mb25kYXRpb24tbWFsYWRpZXNyYXJlcy5vcmcvd3AtY29udGVudC91cGxvYWRzLzIwMTkvMDEvVGV4dGUtQU1JLVNBVFQtT2NjaXRhbmllLXZmaW5hbGUyLnBkZg\" target=\"_blank\" rel=\"noopener\">ici<\/a> et\u00a0le formulaire \u00e0 remplir pour le d\u00e9p\u00f4t des pr\u00e9-projets\u00a0<u><a href=\"http:\/\/s87n.mj.am\/lnk\/AGcAABWI8IEAAAAAAAAAAGawEBYAAThsnqQAAAAAAAGedwBcOIcFwQIF_nR1QOCVzKxVccnSpwABjIs\/3\/ZO0mYFFnriRT_RFTlrtVGw\/aHR0cHM6Ly9mb25kYXRpb24tbWFsYWRpZXNyYXJlcy5vcmcvd3AtY29udGVudC91cGxvYWRzLzIwMTkvMDEvRm9ybXVsYWlyZS1yZXBvbnNlLUFNSS0uZG9jeA\" target=\"_blank\" rel=\"noopener\">ici<\/a><\/u>.<\/p>\n<p>&nbsp;<\/p>\n<p>Le formulaire et toute question en amont\u00a0sont \u00e0 adresser\u00a0aux adresses suivantes :<\/p>\n<p>\u2022 Pour les \u00e9quipes de Montpellier, N\u00eemes et ex-r\u00e9gion Languedoc-Roussillon\u00a0:\u00a0<\/p>\n<p><a href=\"mailto:maturation-sante@axlr.com\" target=\"_blank\" rel=\"noopener\">maturation-sante@axlr.com<\/a>\u00a0et\u00a0<a href=\"mailto:ami-satt-occitanie@fondation-maladiesrares.com\" target=\"_blank\" rel=\"noopener\">ami-satt-occitanie@fondation-maladiesrares.com<\/a><\/p>\n<p>\u2022 Pour les \u00e9quipes de Toulouse et ex-r\u00e9gion Midi-Pyr\u00e9n\u00e9es\u00a0:\u00a0<\/p>\n<p><a href=\"mailto:fmr@toulouse-tech-transfer.com\" target=\"_blank\" rel=\"noopener\">fmr@toulouse-tech-transfer.com<\/a>\u00a0et\u00a0<a href=\"mailto:ami-satt-occitanie@fondation-maladiesrares.com\" target=\"_blank\" rel=\"noopener\">ami-satt-occitanie@fondation-maladiesrares.com <\/a><\/p>\n<p><img loading=\"lazy\" decoding=\"async\" class=\"alignnone wp-image-12058 size-full\" src=\"https:\/\/www.satt.fr\/wp-content\/uploads\/2019\/01\/2019-01-14-10_53_08-Window.png\" alt=\"\" width=\"510\" height=\"122\" srcset=\"https:\/\/www.satt.fr\/wp-content\/uploads\/2019\/01\/2019-01-14-10_53_08-Window.png 510w, https:\/\/www.satt.fr\/wp-content\/uploads\/2019\/01\/2019-01-14-10_53_08-Window-150x36.png 150w, https:\/\/www.satt.fr\/wp-content\/uploads\/2019\/01\/2019-01-14-10_53_08-Window-300x72.png 300w, https:\/\/www.satt.fr\/wp-content\/uploads\/2019\/01\/2019-01-14-10_53_08-Window-500x120.png 500w, https:\/\/www.satt.fr\/wp-content\/uploads\/2019\/01\/2019-01-14-10_53_08-Window-200x48.png 200w\" sizes=\"auto, (max-width: 510px) 100vw, 510px\" \/><\/p>\n","protected":false},"excerpt":{"rendered":"<p>Les Soci\u00e9t\u00e9s d\u2019Acc\u00e9l\u00e9ration du Transfert de Technologies AxLR et TTT et la Fondation Maladies Rares s\u2019associent pour promouvoir au sein du territoire Occitanie\u00a0l\u2019\u00e9mergence et la maturation\u00a0de projets innovants dans le domaine des maladies rares. Toutes les maladies rares au sens de la d\u00e9finition europ\u00e9enne (pr\u00e9valence de la maladie inf\u00e9rieure \u00e0 1 personne sur 2000), incluant [&hellip;]<\/p>\n","protected":false},"author":20,"featured_media":12261,"comment_status":"closed","ping_status":"closed","sticky":false,"template":"","format":"standard","meta":{"_acf_changed":false,"footnotes":""},"categories":[560,567],"tags":[],"class_list":["post-12259","post","type-post","status-publish","format-standard","has-post-thumbnail","hentry","category-event-en","category-news-en"],"acf":[],"yoast_head":"<!-- This site is optimized with the Yoast SEO plugin v27.4 - https:\/\/yoast.com\/product\/yoast-seo-wordpress\/ -->\n<title>Appel \u00e0 manifestation d\u2019int\u00e9r\u00eat (AMI) : Valoriser les maladies rares en Occitanie - R\u00e9seau SATT<\/title>\n<meta name=\"description\" content=\"Les Soci\u00e9t\u00e9s d\u2019Acc\u00e9l\u00e9ration du Transfert de Technologies AxLR et TTT et la Fondation Maladies Rares s\u2019associent pour promouvoir au sein du territoire Occitanie l\u2019\u00e9mergence et la maturation de projets innovants dans le domaine des maladies rares.\" \/>\n<meta name=\"robots\" content=\"index, follow, max-snippet:-1, max-image-preview:large, max-video-preview:-1\" \/>\n<link rel=\"canonical\" href=\"https:\/\/www.satt.fr\/en\/12057\/\" \/>\n<meta name=\"twitter:label1\" content=\"Written by\" \/>\n\t<meta name=\"twitter:data1\" content=\"Fabienne PELTIER\" \/>\n\t<meta name=\"twitter:label2\" content=\"Est. reading time\" \/>\n\t<meta name=\"twitter:data2\" content=\"2 minutes\" \/>\n<script type=\"application\/ld+json\" class=\"yoast-schema-graph\">{\"@context\":\"https:\\\/\\\/schema.org\",\"@graph\":[{\"@type\":\"Article\",\"@id\":\"https:\\\/\\\/www.satt.fr\\\/en\\\/12057\\\/#article\",\"isPartOf\":{\"@id\":\"https:\\\/\\\/www.satt.fr\\\/en\\\/12057\\\/\"},\"author\":{\"name\":\"Fabienne PELTIER\",\"@id\":\"https:\\\/\\\/www.satt.fr\\\/en\\\/#\\\/schema\\\/person\\\/7166531471a862b0b8ca60c67293add7\"},\"headline\":\"Appel \u00e0 manifestation d\u2019int\u00e9r\u00eat (AMI) : Valoriser les maladies rares en Occitanie\",\"datePublished\":\"2019-01-18T14:53:37+00:00\",\"mainEntityOfPage\":{\"@id\":\"https:\\\/\\\/www.satt.fr\\\/en\\\/12057\\\/\"},\"wordCount\":376,\"image\":{\"@id\":\"https:\\\/\\\/www.satt.fr\\\/en\\\/12057\\\/#primaryimage\"},\"thumbnailUrl\":\"https:\\\/\\\/www.satt.fr\\\/wp-content\\\/uploads\\\/2019\\\/01\\\/AMITTTAXLR.png\",\"articleSection\":[\"Events\",\"News\"],\"inLanguage\":\"en-US\"},{\"@type\":\"WebPage\",\"@id\":\"https:\\\/\\\/www.satt.fr\\\/en\\\/12057\\\/\",\"url\":\"https:\\\/\\\/www.satt.fr\\\/en\\\/12057\\\/\",\"name\":\"Appel \u00e0 manifestation d\u2019int\u00e9r\u00eat (AMI) : Valoriser les maladies rares en Occitanie - R\u00e9seau SATT\",\"isPartOf\":{\"@id\":\"https:\\\/\\\/www.satt.fr\\\/en\\\/#website\"},\"primaryImageOfPage\":{\"@id\":\"https:\\\/\\\/www.satt.fr\\\/en\\\/12057\\\/#primaryimage\"},\"image\":{\"@id\":\"https:\\\/\\\/www.satt.fr\\\/en\\\/12057\\\/#primaryimage\"},\"thumbnailUrl\":\"https:\\\/\\\/www.satt.fr\\\/wp-content\\\/uploads\\\/2019\\\/01\\\/AMITTTAXLR.png\",\"datePublished\":\"2019-01-18T14:53:37+00:00\",\"author\":{\"@id\":\"https:\\\/\\\/www.satt.fr\\\/en\\\/#\\\/schema\\\/person\\\/7166531471a862b0b8ca60c67293add7\"},\"description\":\"Les Soci\u00e9t\u00e9s d\u2019Acc\u00e9l\u00e9ration du Transfert de Technologies AxLR et TTT et la Fondation Maladies Rares s\u2019associent pour promouvoir au sein du territoire Occitanie l\u2019\u00e9mergence et la maturation de projets innovants dans le domaine des maladies rares.\",\"breadcrumb\":{\"@id\":\"https:\\\/\\\/www.satt.fr\\\/en\\\/12057\\\/#breadcrumb\"},\"inLanguage\":\"en-US\",\"potentialAction\":[{\"@type\":\"ReadAction\",\"target\":[\"https:\\\/\\\/www.satt.fr\\\/en\\\/12057\\\/\"]}]},{\"@type\":\"ImageObject\",\"inLanguage\":\"en-US\",\"@id\":\"https:\\\/\\\/www.satt.fr\\\/en\\\/12057\\\/#primaryimage\",\"url\":\"https:\\\/\\\/www.satt.fr\\\/wp-content\\\/uploads\\\/2019\\\/01\\\/AMITTTAXLR.png\",\"contentUrl\":\"https:\\\/\\\/www.satt.fr\\\/wp-content\\\/uploads\\\/2019\\\/01\\\/AMITTTAXLR.png\",\"width\":6399,\"height\":3569},{\"@type\":\"BreadcrumbList\",\"@id\":\"https:\\\/\\\/www.satt.fr\\\/en\\\/12057\\\/#breadcrumb\",\"itemListElement\":[{\"@type\":\"ListItem\",\"position\":1,\"name\":\"Accueil\",\"item\":\"https:\\\/\\\/www.satt.fr\\\/en\\\/\"},{\"@type\":\"ListItem\",\"position\":2,\"name\":\"Appel \u00e0 manifestation d\u2019int\u00e9r\u00eat (AMI) : Valoriser les maladies rares en Occitanie\"}]},{\"@type\":\"WebSite\",\"@id\":\"https:\\\/\\\/www.satt.fr\\\/en\\\/#website\",\"url\":\"https:\\\/\\\/www.satt.fr\\\/en\\\/\",\"name\":\"R\u00e9seau SATT\",\"description\":\"Les Soci\u00e9t\u00e9s d&#039;Acc\u00e9l\u00e9ration du Transfert de Technologies\",\"potentialAction\":[{\"@type\":\"SearchAction\",\"target\":{\"@type\":\"EntryPoint\",\"urlTemplate\":\"https:\\\/\\\/www.satt.fr\\\/en\\\/?s={search_term_string}\"},\"query-input\":{\"@type\":\"PropertyValueSpecification\",\"valueRequired\":true,\"valueName\":\"search_term_string\"}}],\"inLanguage\":\"en-US\"},{\"@type\":\"Person\",\"@id\":\"https:\\\/\\\/www.satt.fr\\\/en\\\/#\\\/schema\\\/person\\\/7166531471a862b0b8ca60c67293add7\",\"name\":\"Fabienne PELTIER\",\"url\":\"https:\\\/\\\/www.satt.fr\\\/en\\\/author\\\/fabienne\\\/\"}]}<\/script>\n<!-- \/ Yoast SEO plugin. -->","yoast_head_json":{"title":"Appel \u00e0 manifestation d\u2019int\u00e9r\u00eat (AMI) : Valoriser les maladies rares en Occitanie - R\u00e9seau SATT","description":"Les Soci\u00e9t\u00e9s d\u2019Acc\u00e9l\u00e9ration du Transfert de Technologies AxLR et TTT et la Fondation Maladies Rares s\u2019associent pour promouvoir au sein du territoire Occitanie l\u2019\u00e9mergence et la maturation de projets innovants dans le domaine des maladies rares.","robots":{"index":"index","follow":"follow","max-snippet":"max-snippet:-1","max-image-preview":"max-image-preview:large","max-video-preview":"max-video-preview:-1"},"canonical":"https:\/\/www.satt.fr\/en\/12057\/","twitter_misc":{"Written by":"Fabienne PELTIER","Est. reading time":"2 minutes"},"schema":{"@context":"https:\/\/schema.org","@graph":[{"@type":"Article","@id":"https:\/\/www.satt.fr\/en\/12057\/#article","isPartOf":{"@id":"https:\/\/www.satt.fr\/en\/12057\/"},"author":{"name":"Fabienne PELTIER","@id":"https:\/\/www.satt.fr\/en\/#\/schema\/person\/7166531471a862b0b8ca60c67293add7"},"headline":"Appel \u00e0 manifestation d\u2019int\u00e9r\u00eat (AMI) : Valoriser les maladies rares en Occitanie","datePublished":"2019-01-18T14:53:37+00:00","mainEntityOfPage":{"@id":"https:\/\/www.satt.fr\/en\/12057\/"},"wordCount":376,"image":{"@id":"https:\/\/www.satt.fr\/en\/12057\/#primaryimage"},"thumbnailUrl":"https:\/\/www.satt.fr\/wp-content\/uploads\/2019\/01\/AMITTTAXLR.png","articleSection":["Events","News"],"inLanguage":"en-US"},{"@type":"WebPage","@id":"https:\/\/www.satt.fr\/en\/12057\/","url":"https:\/\/www.satt.fr\/en\/12057\/","name":"Appel \u00e0 manifestation d\u2019int\u00e9r\u00eat (AMI) : Valoriser les maladies rares en Occitanie - R\u00e9seau SATT","isPartOf":{"@id":"https:\/\/www.satt.fr\/en\/#website"},"primaryImageOfPage":{"@id":"https:\/\/www.satt.fr\/en\/12057\/#primaryimage"},"image":{"@id":"https:\/\/www.satt.fr\/en\/12057\/#primaryimage"},"thumbnailUrl":"https:\/\/www.satt.fr\/wp-content\/uploads\/2019\/01\/AMITTTAXLR.png","datePublished":"2019-01-18T14:53:37+00:00","author":{"@id":"https:\/\/www.satt.fr\/en\/#\/schema\/person\/7166531471a862b0b8ca60c67293add7"},"description":"Les Soci\u00e9t\u00e9s d\u2019Acc\u00e9l\u00e9ration du Transfert de Technologies AxLR et TTT et la Fondation Maladies Rares s\u2019associent pour promouvoir au sein du territoire Occitanie l\u2019\u00e9mergence et la maturation de projets innovants dans le domaine des maladies rares.","breadcrumb":{"@id":"https:\/\/www.satt.fr\/en\/12057\/#breadcrumb"},"inLanguage":"en-US","potentialAction":[{"@type":"ReadAction","target":["https:\/\/www.satt.fr\/en\/12057\/"]}]},{"@type":"ImageObject","inLanguage":"en-US","@id":"https:\/\/www.satt.fr\/en\/12057\/#primaryimage","url":"https:\/\/www.satt.fr\/wp-content\/uploads\/2019\/01\/AMITTTAXLR.png","contentUrl":"https:\/\/www.satt.fr\/wp-content\/uploads\/2019\/01\/AMITTTAXLR.png","width":6399,"height":3569},{"@type":"BreadcrumbList","@id":"https:\/\/www.satt.fr\/en\/12057\/#breadcrumb","itemListElement":[{"@type":"ListItem","position":1,"name":"Accueil","item":"https:\/\/www.satt.fr\/en\/"},{"@type":"ListItem","position":2,"name":"Appel \u00e0 manifestation d\u2019int\u00e9r\u00eat (AMI) : Valoriser les maladies rares en Occitanie"}]},{"@type":"WebSite","@id":"https:\/\/www.satt.fr\/en\/#website","url":"https:\/\/www.satt.fr\/en\/","name":"R\u00e9seau SATT","description":"Les Soci\u00e9t\u00e9s d&#039;Acc\u00e9l\u00e9ration du Transfert de Technologies","potentialAction":[{"@type":"SearchAction","target":{"@type":"EntryPoint","urlTemplate":"https:\/\/www.satt.fr\/en\/?s={search_term_string}"},"query-input":{"@type":"PropertyValueSpecification","valueRequired":true,"valueName":"search_term_string"}}],"inLanguage":"en-US"},{"@type":"Person","@id":"https:\/\/www.satt.fr\/en\/#\/schema\/person\/7166531471a862b0b8ca60c67293add7","name":"Fabienne PELTIER","url":"https:\/\/www.satt.fr\/en\/author\/fabienne\/"}]}},"_links":{"self":[{"href":"https:\/\/www.satt.fr\/en\/wp-json\/wp\/v2\/posts\/12259","targetHints":{"allow":["GET"]}}],"collection":[{"href":"https:\/\/www.satt.fr\/en\/wp-json\/wp\/v2\/posts"}],"about":[{"href":"https:\/\/www.satt.fr\/en\/wp-json\/wp\/v2\/types\/post"}],"author":[{"embeddable":true,"href":"https:\/\/www.satt.fr\/en\/wp-json\/wp\/v2\/users\/20"}],"replies":[{"embeddable":true,"href":"https:\/\/www.satt.fr\/en\/wp-json\/wp\/v2\/comments?post=12259"}],"version-history":[{"count":0,"href":"https:\/\/www.satt.fr\/en\/wp-json\/wp\/v2\/posts\/12259\/revisions"}],"wp:featuredmedia":[{"embeddable":true,"href":"https:\/\/www.satt.fr\/en\/wp-json\/wp\/v2\/media\/12261"}],"wp:attachment":[{"href":"https:\/\/www.satt.fr\/en\/wp-json\/wp\/v2\/media?parent=12259"}],"wp:term":[{"taxonomy":"category","embeddable":true,"href":"https:\/\/www.satt.fr\/en\/wp-json\/wp\/v2\/categories?post=12259"},{"taxonomy":"post_tag","embeddable":true,"href":"https:\/\/www.satt.fr\/en\/wp-json\/wp\/v2\/tags?post=12259"}],"curies":[{"name":"wp","href":"https:\/\/api.w.org\/{rel}","templated":true}]}}