{"id":13069,"date":"2019-02-05T15:38:04","date_gmt":"2019-02-05T14:38:04","guid":{"rendered":"https:\/\/www.satt.fr\/signature-du-contrat-de-transfert-du-projet-de-maturation-tempo-vers-la-start-up-kesitys\/"},"modified":"2019-02-27T18:37:49","modified_gmt":"2019-02-27T17:37:49","slug":"signature-du-contrat-de-transfert-du-projet-de-maturation-tempo-vers-la-start-up-kesitys","status":"publish","type":"post","link":"https:\/\/www.satt.fr\/en\/signature-du-contrat-de-transfert-du-projet-de-maturation-tempo-vers-la-start-up-kesitys\/","title":{"rendered":"SATT Paris-Saclay : Signature du contrat de transfert  du projet de maturation TEMPO vers la start-up Kesitys"},"content":{"rendered":"<p><em>Orsay, le 5 f\u00e9vrier 2019<\/em> \u2013 <strong>Xavier Apolinarski<\/strong>, pr\u00e9sident de la SATT Paris-Saclay, <strong>Beno\u00eet Deveaud<\/strong>, directeur adjoint de l\u2019enseignement et de la recherche de l\u2019\u00c9cole polytechnique, <strong>Wahiba Robert<\/strong>, charg\u00e9e de valorisation au sein de la Direction Recherche, Innovation, Valorisation et Europe de Grenoble INP et <strong>Anne-Claire Jeancolas<\/strong>, CEO de la start-up Kesitys <strong>ont annonc\u00e9 jeudi 24 janvier 2019 la signature d\u2019un contrat de transfert de technologie<\/strong>. Faisant suite \u00e0 une convention de maturation engag\u00e9e aupr\u00e8s de la SATT Paris-Saclay en 2016 dans le cadre du projet TEMPO (Centre de Math\u00e9matiques Appliqu\u00e9es, CNRS\/\u00c9cole polytechnique), <strong>cette nouvelle \u00e9tape a pour objectif la mise sur le march\u00e9 d\u2019un assistant de pilotage<\/strong> permettant aux op\u00e9rateurs des march\u00e9s financiers de g\u00e9rer les risques de leurs portefeuilles de produits d\u00e9riv\u00e9s, de mani\u00e8re automatique et optimis\u00e9e.<\/p>\n<p><a href=\"https:\/\/www.satt-paris-saclay.fr\/wp-content\/uploads\/2019\/02\/CP_Signature-Tempo-Kesitys_SATT-Paris-Saclay_VF.pdf\">Lire le communiqu\u00e9 de presse<\/a><\/p>\n","protected":false},"excerpt":{"rendered":"<p>Orsay, le 5 f\u00e9vrier 2019 \u2013 Xavier Apolinarski, pr\u00e9sident de la SATT Paris-Saclay, Beno\u00eet Deveaud, directeur adjoint de l\u2019enseignement et de la recherche de l\u2019\u00c9cole polytechnique, Wahiba Robert, charg\u00e9e de valorisation au sein de la Direction Recherche, Innovation, Valorisation et Europe de Grenoble INP et Anne-Claire Jeancolas, CEO de la start-up Kesitys ont annonc\u00e9 jeudi [&hellip;]<\/p>\n","protected":false},"author":18,"featured_media":13087,"comment_status":"closed","ping_status":"closed","sticky":false,"template":"","format":"standard","meta":{"_acf_changed":false,"footnotes":""},"categories":[567,568],"tags":[],"class_list":["post-13069","post","type-post","status-publish","format-standard","has-post-thumbnail","hentry","category-news-en","category-successstories-en"],"acf":[],"yoast_head":"<!-- This site is optimized with the Yoast SEO plugin v27.4 - https:\/\/yoast.com\/product\/yoast-seo-wordpress\/ -->\n<title>SATT Paris-Saclay : Signature du contrat de transfert du projet de maturation TEMPO vers la start-up Kesitys - R\u00e9seau SATT<\/title>\n<meta name=\"robots\" content=\"index, follow, max-snippet:-1, max-image-preview:large, max-video-preview:-1\" \/>\n<link rel=\"canonical\" href=\"https:\/\/www.satt.fr\/en\/signature-du-contrat-de-transfert-du-projet-de-maturation-tempo-vers-la-start-up-kesitys\/\" \/>\n<meta name=\"twitter:label1\" content=\"Written by\" \/>\n\t<meta name=\"twitter:data1\" content=\"Lydwine heneault\" \/>\n\t<meta name=\"twitter:label2\" content=\"Est. reading time\" \/>\n\t<meta name=\"twitter:data2\" content=\"1 minute\" \/>\n<script type=\"application\/ld+json\" class=\"yoast-schema-graph\">{\"@context\":\"https:\\\/\\\/schema.org\",\"@graph\":[{\"@type\":\"Article\",\"@id\":\"https:\\\/\\\/www.satt.fr\\\/en\\\/signature-du-contrat-de-transfert-du-projet-de-maturation-tempo-vers-la-start-up-kesitys\\\/#article\",\"isPartOf\":{\"@id\":\"https:\\\/\\\/www.satt.fr\\\/en\\\/signature-du-contrat-de-transfert-du-projet-de-maturation-tempo-vers-la-start-up-kesitys\\\/\"},\"author\":{\"name\":\"Lydwine heneault\",\"@id\":\"https:\\\/\\\/www.satt.fr\\\/en\\\/#\\\/schema\\\/person\\\/6b4a6e71701d457ee52e95f35a468fd6\"},\"headline\":\"SATT Paris-Saclay : Signature du contrat de transfert du projet de maturation TEMPO vers la start-up Kesitys\",\"datePublished\":\"2019-02-05T14:38:04+00:00\",\"dateModified\":\"2019-02-27T17:37:49+00:00\",\"mainEntityOfPage\":{\"@id\":\"https:\\\/\\\/www.satt.fr\\\/en\\\/signature-du-contrat-de-transfert-du-projet-de-maturation-tempo-vers-la-start-up-kesitys\\\/\"},\"wordCount\":163,\"image\":{\"@id\":\"https:\\\/\\\/www.satt.fr\\\/en\\\/signature-du-contrat-de-transfert-du-projet-de-maturation-tempo-vers-la-start-up-kesitys\\\/#primaryimage\"},\"thumbnailUrl\":\"https:\\\/\\\/www.satt.fr\\\/wp-content\\\/uploads\\\/2019\\\/02\\\/PS.png\",\"articleSection\":[\"News\",\"Success Stories\"],\"inLanguage\":\"en-US\"},{\"@type\":\"WebPage\",\"@id\":\"https:\\\/\\\/www.satt.fr\\\/en\\\/signature-du-contrat-de-transfert-du-projet-de-maturation-tempo-vers-la-start-up-kesitys\\\/\",\"url\":\"https:\\\/\\\/www.satt.fr\\\/en\\\/signature-du-contrat-de-transfert-du-projet-de-maturation-tempo-vers-la-start-up-kesitys\\\/\",\"name\":\"SATT Paris-Saclay : Signature du contrat de transfert du projet de maturation TEMPO vers la start-up Kesitys - R\u00e9seau SATT\",\"isPartOf\":{\"@id\":\"https:\\\/\\\/www.satt.fr\\\/en\\\/#website\"},\"primaryImageOfPage\":{\"@id\":\"https:\\\/\\\/www.satt.fr\\\/en\\\/signature-du-contrat-de-transfert-du-projet-de-maturation-tempo-vers-la-start-up-kesitys\\\/#primaryimage\"},\"image\":{\"@id\":\"https:\\\/\\\/www.satt.fr\\\/en\\\/signature-du-contrat-de-transfert-du-projet-de-maturation-tempo-vers-la-start-up-kesitys\\\/#primaryimage\"},\"thumbnailUrl\":\"https:\\\/\\\/www.satt.fr\\\/wp-content\\\/uploads\\\/2019\\\/02\\\/PS.png\",\"datePublished\":\"2019-02-05T14:38:04+00:00\",\"dateModified\":\"2019-02-27T17:37:49+00:00\",\"author\":{\"@id\":\"https:\\\/\\\/www.satt.fr\\\/en\\\/#\\\/schema\\\/person\\\/6b4a6e71701d457ee52e95f35a468fd6\"},\"breadcrumb\":{\"@id\":\"https:\\\/\\\/www.satt.fr\\\/en\\\/signature-du-contrat-de-transfert-du-projet-de-maturation-tempo-vers-la-start-up-kesitys\\\/#breadcrumb\"},\"inLanguage\":\"en-US\",\"potentialAction\":[{\"@type\":\"ReadAction\",\"target\":[\"https:\\\/\\\/www.satt.fr\\\/en\\\/signature-du-contrat-de-transfert-du-projet-de-maturation-tempo-vers-la-start-up-kesitys\\\/\"]}]},{\"@type\":\"ImageObject\",\"inLanguage\":\"en-US\",\"@id\":\"https:\\\/\\\/www.satt.fr\\\/en\\\/signature-du-contrat-de-transfert-du-projet-de-maturation-tempo-vers-la-start-up-kesitys\\\/#primaryimage\",\"url\":\"https:\\\/\\\/www.satt.fr\\\/wp-content\\\/uploads\\\/2019\\\/02\\\/PS.png\",\"contentUrl\":\"https:\\\/\\\/www.satt.fr\\\/wp-content\\\/uploads\\\/2019\\\/02\\\/PS.png\",\"width\":6399,\"height\":3569},{\"@type\":\"BreadcrumbList\",\"@id\":\"https:\\\/\\\/www.satt.fr\\\/en\\\/signature-du-contrat-de-transfert-du-projet-de-maturation-tempo-vers-la-start-up-kesitys\\\/#breadcrumb\",\"itemListElement\":[{\"@type\":\"ListItem\",\"position\":1,\"name\":\"Accueil\",\"item\":\"https:\\\/\\\/www.satt.fr\\\/en\\\/\"},{\"@type\":\"ListItem\",\"position\":2,\"name\":\"SATT Paris-Saclay : Signature du contrat de transfert du projet de maturation TEMPO vers la start-up Kesitys\"}]},{\"@type\":\"WebSite\",\"@id\":\"https:\\\/\\\/www.satt.fr\\\/en\\\/#website\",\"url\":\"https:\\\/\\\/www.satt.fr\\\/en\\\/\",\"name\":\"R\u00e9seau SATT\",\"description\":\"Les Soci\u00e9t\u00e9s d&#039;Acc\u00e9l\u00e9ration du Transfert de Technologies\",\"potentialAction\":[{\"@type\":\"SearchAction\",\"target\":{\"@type\":\"EntryPoint\",\"urlTemplate\":\"https:\\\/\\\/www.satt.fr\\\/en\\\/?s={search_term_string}\"},\"query-input\":{\"@type\":\"PropertyValueSpecification\",\"valueRequired\":true,\"valueName\":\"search_term_string\"}}],\"inLanguage\":\"en-US\"},{\"@type\":\"Person\",\"@id\":\"https:\\\/\\\/www.satt.fr\\\/en\\\/#\\\/schema\\\/person\\\/6b4a6e71701d457ee52e95f35a468fd6\",\"name\":\"Lydwine heneault\",\"url\":\"https:\\\/\\\/www.satt.fr\\\/en\\\/author\\\/lydwine\\\/\"}]}<\/script>\n<!-- \/ Yoast SEO plugin. -->","yoast_head_json":{"title":"SATT Paris-Saclay : Signature du contrat de transfert du projet de maturation TEMPO vers la start-up Kesitys - R\u00e9seau SATT","robots":{"index":"index","follow":"follow","max-snippet":"max-snippet:-1","max-image-preview":"max-image-preview:large","max-video-preview":"max-video-preview:-1"},"canonical":"https:\/\/www.satt.fr\/en\/signature-du-contrat-de-transfert-du-projet-de-maturation-tempo-vers-la-start-up-kesitys\/","twitter_misc":{"Written by":"Lydwine heneault","Est. reading time":"1 minute"},"schema":{"@context":"https:\/\/schema.org","@graph":[{"@type":"Article","@id":"https:\/\/www.satt.fr\/en\/signature-du-contrat-de-transfert-du-projet-de-maturation-tempo-vers-la-start-up-kesitys\/#article","isPartOf":{"@id":"https:\/\/www.satt.fr\/en\/signature-du-contrat-de-transfert-du-projet-de-maturation-tempo-vers-la-start-up-kesitys\/"},"author":{"name":"Lydwine heneault","@id":"https:\/\/www.satt.fr\/en\/#\/schema\/person\/6b4a6e71701d457ee52e95f35a468fd6"},"headline":"SATT Paris-Saclay : Signature du contrat de transfert du projet de maturation TEMPO vers la start-up Kesitys","datePublished":"2019-02-05T14:38:04+00:00","dateModified":"2019-02-27T17:37:49+00:00","mainEntityOfPage":{"@id":"https:\/\/www.satt.fr\/en\/signature-du-contrat-de-transfert-du-projet-de-maturation-tempo-vers-la-start-up-kesitys\/"},"wordCount":163,"image":{"@id":"https:\/\/www.satt.fr\/en\/signature-du-contrat-de-transfert-du-projet-de-maturation-tempo-vers-la-start-up-kesitys\/#primaryimage"},"thumbnailUrl":"https:\/\/www.satt.fr\/wp-content\/uploads\/2019\/02\/PS.png","articleSection":["News","Success Stories"],"inLanguage":"en-US"},{"@type":"WebPage","@id":"https:\/\/www.satt.fr\/en\/signature-du-contrat-de-transfert-du-projet-de-maturation-tempo-vers-la-start-up-kesitys\/","url":"https:\/\/www.satt.fr\/en\/signature-du-contrat-de-transfert-du-projet-de-maturation-tempo-vers-la-start-up-kesitys\/","name":"SATT Paris-Saclay : Signature du contrat de transfert du projet de maturation TEMPO vers la start-up Kesitys - R\u00e9seau SATT","isPartOf":{"@id":"https:\/\/www.satt.fr\/en\/#website"},"primaryImageOfPage":{"@id":"https:\/\/www.satt.fr\/en\/signature-du-contrat-de-transfert-du-projet-de-maturation-tempo-vers-la-start-up-kesitys\/#primaryimage"},"image":{"@id":"https:\/\/www.satt.fr\/en\/signature-du-contrat-de-transfert-du-projet-de-maturation-tempo-vers-la-start-up-kesitys\/#primaryimage"},"thumbnailUrl":"https:\/\/www.satt.fr\/wp-content\/uploads\/2019\/02\/PS.png","datePublished":"2019-02-05T14:38:04+00:00","dateModified":"2019-02-27T17:37:49+00:00","author":{"@id":"https:\/\/www.satt.fr\/en\/#\/schema\/person\/6b4a6e71701d457ee52e95f35a468fd6"},"breadcrumb":{"@id":"https:\/\/www.satt.fr\/en\/signature-du-contrat-de-transfert-du-projet-de-maturation-tempo-vers-la-start-up-kesitys\/#breadcrumb"},"inLanguage":"en-US","potentialAction":[{"@type":"ReadAction","target":["https:\/\/www.satt.fr\/en\/signature-du-contrat-de-transfert-du-projet-de-maturation-tempo-vers-la-start-up-kesitys\/"]}]},{"@type":"ImageObject","inLanguage":"en-US","@id":"https:\/\/www.satt.fr\/en\/signature-du-contrat-de-transfert-du-projet-de-maturation-tempo-vers-la-start-up-kesitys\/#primaryimage","url":"https:\/\/www.satt.fr\/wp-content\/uploads\/2019\/02\/PS.png","contentUrl":"https:\/\/www.satt.fr\/wp-content\/uploads\/2019\/02\/PS.png","width":6399,"height":3569},{"@type":"BreadcrumbList","@id":"https:\/\/www.satt.fr\/en\/signature-du-contrat-de-transfert-du-projet-de-maturation-tempo-vers-la-start-up-kesitys\/#breadcrumb","itemListElement":[{"@type":"ListItem","position":1,"name":"Accueil","item":"https:\/\/www.satt.fr\/en\/"},{"@type":"ListItem","position":2,"name":"SATT Paris-Saclay : Signature du contrat de transfert du projet de maturation TEMPO vers la start-up Kesitys"}]},{"@type":"WebSite","@id":"https:\/\/www.satt.fr\/en\/#website","url":"https:\/\/www.satt.fr\/en\/","name":"R\u00e9seau SATT","description":"Les Soci\u00e9t\u00e9s d&#039;Acc\u00e9l\u00e9ration du Transfert de Technologies","potentialAction":[{"@type":"SearchAction","target":{"@type":"EntryPoint","urlTemplate":"https:\/\/www.satt.fr\/en\/?s={search_term_string}"},"query-input":{"@type":"PropertyValueSpecification","valueRequired":true,"valueName":"search_term_string"}}],"inLanguage":"en-US"},{"@type":"Person","@id":"https:\/\/www.satt.fr\/en\/#\/schema\/person\/6b4a6e71701d457ee52e95f35a468fd6","name":"Lydwine heneault","url":"https:\/\/www.satt.fr\/en\/author\/lydwine\/"}]}},"_links":{"self":[{"href":"https:\/\/www.satt.fr\/en\/wp-json\/wp\/v2\/posts\/13069","targetHints":{"allow":["GET"]}}],"collection":[{"href":"https:\/\/www.satt.fr\/en\/wp-json\/wp\/v2\/posts"}],"about":[{"href":"https:\/\/www.satt.fr\/en\/wp-json\/wp\/v2\/types\/post"}],"author":[{"embeddable":true,"href":"https:\/\/www.satt.fr\/en\/wp-json\/wp\/v2\/users\/18"}],"replies":[{"embeddable":true,"href":"https:\/\/www.satt.fr\/en\/wp-json\/wp\/v2\/comments?post=13069"}],"version-history":[{"count":2,"href":"https:\/\/www.satt.fr\/en\/wp-json\/wp\/v2\/posts\/13069\/revisions"}],"predecessor-version":[{"id":13282,"href":"https:\/\/www.satt.fr\/en\/wp-json\/wp\/v2\/posts\/13069\/revisions\/13282"}],"wp:featuredmedia":[{"embeddable":true,"href":"https:\/\/www.satt.fr\/en\/wp-json\/wp\/v2\/media\/13087"}],"wp:attachment":[{"href":"https:\/\/www.satt.fr\/en\/wp-json\/wp\/v2\/media?parent=13069"}],"wp:term":[{"taxonomy":"category","embeddable":true,"href":"https:\/\/www.satt.fr\/en\/wp-json\/wp\/v2\/categories?post=13069"},{"taxonomy":"post_tag","embeddable":true,"href":"https:\/\/www.satt.fr\/en\/wp-json\/wp\/v2\/tags?post=13069"}],"curies":[{"name":"wp","href":"https:\/\/api.w.org\/{rel}","templated":true}]}}