{"id":13276,"date":"2019-02-27T17:27:52","date_gmt":"2019-02-27T16:27:52","guid":{"rendered":"https:\/\/www.satt.fr\/un-allume-feu-biosource-ecoresponsable\/"},"modified":"2019-03-08T08:36:34","modified_gmt":"2019-03-08T07:36:34","slug":"un-allume-feu-biosource-ecoresponsable","status":"publish","type":"post","link":"https:\/\/www.satt.fr\/en\/un-allume-feu-biosource-ecoresponsable\/","title":{"rendered":"Ouest Valorisation : Un allume-feu biosourc\u00e9 ecoresponsable"},"content":{"rendered":"<p><strong>Une collaboration public-priv\u00e9 favoris\u00e9e par Ouest Valorisation<\/strong><\/p>\n<p>L\u2019ENSCR (\u00c9cole Nationale Sup\u00e9rieure de Chimie de Rennes), l&#8217;universit\u00e9 de Rennes 1 et la soci\u00e9t\u00e9 d\u2019insertion rennaise La Feuille d\u2019\u00c9rable, con\u00e7oit un allume-feu\u00a0r\u00e9solument \u00e9coresponsable \u00e0 partir d\u2019huile v\u00e9g\u00e9tale et de charges v\u00e9g\u00e9tales (d\u00e9chets peu valoris\u00e9s).<\/p>\n<p>La technologie consiste en un processus innovant permettant la transformation de l\u2019huile v\u00e9g\u00e9tale en un mat\u00e9riau plastique combustible. Les deux parties confrontent leurs contraintes afin de maitriser les co\u00fbts de production.<\/p>\n<p>Cette collaboration entre une entreprises priv\u00e9e et un laboratoire de recherche public contribue \u00e0 la cr\u00e9ation d\u2019emploi dans la r\u00e9gion.<\/p>\n<p>La Feuille d&#8217;Erable, soci\u00e9t\u00e9 sp\u00e9cialis\u00e9e \u00e0 l\u2019origine dans le recyclage de papiers et cartons, d\u00e9veloppe ses activit\u00e9s suivant sa logique d\u2019\u00e9conomie circulaire\u00a0: entretien de locaux \u00e0 partir de produits biologiques, nettoyage de gobelets r\u00e9utilisables, recyclage de d\u00e9chets transform\u00e9s en biogaz; elle investit m\u00eame dans des v\u00e9hicules roulant au biogaz.<\/p>\n<p>Ce projet, soutenu financi\u00e8rement par la SATT Ouest Valorisation et la r\u00e9gion Bretagne (via ses fonds FEDER), a pour objectif une mise en production\u00a0du produit Fago 2.0 par La Feuille d\u2019Erable en 2020.<\/p>\n<p>&nbsp;<\/p>\n<p><strong>Ouest Valorisation soutient la co-maturation<\/strong><\/p>\n<p>Avec l\u2019objectif permanent de maximiser et d\u2019acc\u00e9l\u00e9rer le transfert des technologies de son portefeuille, Ouest Valorisation investit, avec des partenaires industriels, dans des programmes de co-maturation.<\/p>\n<p>Ces programmes d\u2019investissement, bas\u00e9s sur des technologies pr\u00e9alablement prot\u00e9g\u00e9es, incluent, d\u00e8s le montage, des partenaires industriels qui permettent d\u2019assurer un d\u00e9veloppement technico-\u00e9conomique en lien direct avec les secteurs \u00e9conomiques vis\u00e9s.<\/p>\n<p>Le transfert technologique est s\u00e9curis\u00e9 et acc\u00e9l\u00e9r\u00e9.<\/p>\n","protected":false},"excerpt":{"rendered":"<p>Une collaboration public-priv\u00e9 favoris\u00e9e par Ouest Valorisation L\u2019ENSCR (\u00c9cole Nationale Sup\u00e9rieure de Chimie de Rennes), l&#8217;universit\u00e9 de Rennes 1 et la soci\u00e9t\u00e9 d\u2019insertion rennaise La Feuille d\u2019\u00c9rable, con\u00e7oit un allume-feu\u00a0r\u00e9solument \u00e9coresponsable \u00e0 partir d\u2019huile v\u00e9g\u00e9tale et de charges v\u00e9g\u00e9tales (d\u00e9chets peu valoris\u00e9s). La technologie consiste en un processus innovant permettant la transformation de l\u2019huile v\u00e9g\u00e9tale [&hellip;]<\/p>\n","protected":false},"author":10,"featured_media":13526,"comment_status":"closed","ping_status":"closed","sticky":false,"template":"","format":"standard","meta":{"_acf_changed":false,"footnotes":""},"categories":[567],"tags":[],"class_list":["post-13276","post","type-post","status-publish","format-standard","has-post-thumbnail","hentry","category-news-en"],"acf":[],"yoast_head":"<!-- This site is optimized with the Yoast SEO plugin v27.4 - https:\/\/yoast.com\/product\/yoast-seo-wordpress\/ -->\n<title>Ouest Valorisation : Un allume-feu biosourc\u00e9 ecoresponsable - R\u00e9seau SATT<\/title>\n<meta name=\"robots\" content=\"index, follow, max-snippet:-1, max-image-preview:large, max-video-preview:-1\" \/>\n<link rel=\"canonical\" href=\"https:\/\/www.satt.fr\/en\/un-allume-feu-biosource-ecoresponsable\/\" \/>\n<meta name=\"twitter:label1\" content=\"Written by\" \/>\n\t<meta name=\"twitter:data1\" content=\"Anne Guedon\" \/>\n\t<meta name=\"twitter:label2\" content=\"Est. reading time\" \/>\n\t<meta name=\"twitter:data2\" content=\"1 minute\" \/>\n<script type=\"application\/ld+json\" class=\"yoast-schema-graph\">{\"@context\":\"https:\\\/\\\/schema.org\",\"@graph\":[{\"@type\":\"Article\",\"@id\":\"https:\\\/\\\/www.satt.fr\\\/en\\\/un-allume-feu-biosource-ecoresponsable\\\/#article\",\"isPartOf\":{\"@id\":\"https:\\\/\\\/www.satt.fr\\\/en\\\/un-allume-feu-biosource-ecoresponsable\\\/\"},\"author\":{\"name\":\"Anne Guedon\",\"@id\":\"https:\\\/\\\/www.satt.fr\\\/en\\\/#\\\/schema\\\/person\\\/9e1c7c894ee96f796d7432f284cf503e\"},\"headline\":\"Ouest Valorisation : Un allume-feu biosourc\u00e9 ecoresponsable\",\"datePublished\":\"2019-02-27T16:27:52+00:00\",\"dateModified\":\"2019-03-08T07:36:34+00:00\",\"mainEntityOfPage\":{\"@id\":\"https:\\\/\\\/www.satt.fr\\\/en\\\/un-allume-feu-biosource-ecoresponsable\\\/\"},\"wordCount\":303,\"image\":{\"@id\":\"https:\\\/\\\/www.satt.fr\\\/en\\\/un-allume-feu-biosource-ecoresponsable\\\/#primaryimage\"},\"thumbnailUrl\":\"https:\\\/\\\/www.satt.fr\\\/wp-content\\\/uploads\\\/2019\\\/02\\\/2018-03_Feuillederable.jpg\",\"articleSection\":[\"News\"],\"inLanguage\":\"en-US\"},{\"@type\":\"WebPage\",\"@id\":\"https:\\\/\\\/www.satt.fr\\\/en\\\/un-allume-feu-biosource-ecoresponsable\\\/\",\"url\":\"https:\\\/\\\/www.satt.fr\\\/en\\\/un-allume-feu-biosource-ecoresponsable\\\/\",\"name\":\"Ouest Valorisation : Un allume-feu biosourc\u00e9 ecoresponsable - R\u00e9seau SATT\",\"isPartOf\":{\"@id\":\"https:\\\/\\\/www.satt.fr\\\/en\\\/#website\"},\"primaryImageOfPage\":{\"@id\":\"https:\\\/\\\/www.satt.fr\\\/en\\\/un-allume-feu-biosource-ecoresponsable\\\/#primaryimage\"},\"image\":{\"@id\":\"https:\\\/\\\/www.satt.fr\\\/en\\\/un-allume-feu-biosource-ecoresponsable\\\/#primaryimage\"},\"thumbnailUrl\":\"https:\\\/\\\/www.satt.fr\\\/wp-content\\\/uploads\\\/2019\\\/02\\\/2018-03_Feuillederable.jpg\",\"datePublished\":\"2019-02-27T16:27:52+00:00\",\"dateModified\":\"2019-03-08T07:36:34+00:00\",\"author\":{\"@id\":\"https:\\\/\\\/www.satt.fr\\\/en\\\/#\\\/schema\\\/person\\\/9e1c7c894ee96f796d7432f284cf503e\"},\"breadcrumb\":{\"@id\":\"https:\\\/\\\/www.satt.fr\\\/en\\\/un-allume-feu-biosource-ecoresponsable\\\/#breadcrumb\"},\"inLanguage\":\"en-US\",\"potentialAction\":[{\"@type\":\"ReadAction\",\"target\":[\"https:\\\/\\\/www.satt.fr\\\/en\\\/un-allume-feu-biosource-ecoresponsable\\\/\"]}]},{\"@type\":\"ImageObject\",\"inLanguage\":\"en-US\",\"@id\":\"https:\\\/\\\/www.satt.fr\\\/en\\\/un-allume-feu-biosource-ecoresponsable\\\/#primaryimage\",\"url\":\"https:\\\/\\\/www.satt.fr\\\/wp-content\\\/uploads\\\/2019\\\/02\\\/2018-03_Feuillederable.jpg\",\"contentUrl\":\"https:\\\/\\\/www.satt.fr\\\/wp-content\\\/uploads\\\/2019\\\/02\\\/2018-03_Feuillederable.jpg\",\"width\":625,\"height\":357},{\"@type\":\"BreadcrumbList\",\"@id\":\"https:\\\/\\\/www.satt.fr\\\/en\\\/un-allume-feu-biosource-ecoresponsable\\\/#breadcrumb\",\"itemListElement\":[{\"@type\":\"ListItem\",\"position\":1,\"name\":\"Accueil\",\"item\":\"https:\\\/\\\/www.satt.fr\\\/en\\\/\"},{\"@type\":\"ListItem\",\"position\":2,\"name\":\"Ouest Valorisation : Un allume-feu biosourc\u00e9 ecoresponsable\"}]},{\"@type\":\"WebSite\",\"@id\":\"https:\\\/\\\/www.satt.fr\\\/en\\\/#website\",\"url\":\"https:\\\/\\\/www.satt.fr\\\/en\\\/\",\"name\":\"R\u00e9seau SATT\",\"description\":\"Les Soci\u00e9t\u00e9s d&#039;Acc\u00e9l\u00e9ration du Transfert de Technologies\",\"potentialAction\":[{\"@type\":\"SearchAction\",\"target\":{\"@type\":\"EntryPoint\",\"urlTemplate\":\"https:\\\/\\\/www.satt.fr\\\/en\\\/?s={search_term_string}\"},\"query-input\":{\"@type\":\"PropertyValueSpecification\",\"valueRequired\":true,\"valueName\":\"search_term_string\"}}],\"inLanguage\":\"en-US\"},{\"@type\":\"Person\",\"@id\":\"https:\\\/\\\/www.satt.fr\\\/en\\\/#\\\/schema\\\/person\\\/9e1c7c894ee96f796d7432f284cf503e\",\"name\":\"Anne Guedon\",\"url\":\"https:\\\/\\\/www.satt.fr\\\/en\\\/author\\\/anne\\\/\"}]}<\/script>\n<!-- \/ Yoast SEO plugin. -->","yoast_head_json":{"title":"Ouest Valorisation : Un allume-feu biosourc\u00e9 ecoresponsable - R\u00e9seau SATT","robots":{"index":"index","follow":"follow","max-snippet":"max-snippet:-1","max-image-preview":"max-image-preview:large","max-video-preview":"max-video-preview:-1"},"canonical":"https:\/\/www.satt.fr\/en\/un-allume-feu-biosource-ecoresponsable\/","twitter_misc":{"Written by":"Anne Guedon","Est. reading time":"1 minute"},"schema":{"@context":"https:\/\/schema.org","@graph":[{"@type":"Article","@id":"https:\/\/www.satt.fr\/en\/un-allume-feu-biosource-ecoresponsable\/#article","isPartOf":{"@id":"https:\/\/www.satt.fr\/en\/un-allume-feu-biosource-ecoresponsable\/"},"author":{"name":"Anne Guedon","@id":"https:\/\/www.satt.fr\/en\/#\/schema\/person\/9e1c7c894ee96f796d7432f284cf503e"},"headline":"Ouest Valorisation : Un allume-feu biosourc\u00e9 ecoresponsable","datePublished":"2019-02-27T16:27:52+00:00","dateModified":"2019-03-08T07:36:34+00:00","mainEntityOfPage":{"@id":"https:\/\/www.satt.fr\/en\/un-allume-feu-biosource-ecoresponsable\/"},"wordCount":303,"image":{"@id":"https:\/\/www.satt.fr\/en\/un-allume-feu-biosource-ecoresponsable\/#primaryimage"},"thumbnailUrl":"https:\/\/www.satt.fr\/wp-content\/uploads\/2019\/02\/2018-03_Feuillederable.jpg","articleSection":["News"],"inLanguage":"en-US"},{"@type":"WebPage","@id":"https:\/\/www.satt.fr\/en\/un-allume-feu-biosource-ecoresponsable\/","url":"https:\/\/www.satt.fr\/en\/un-allume-feu-biosource-ecoresponsable\/","name":"Ouest Valorisation : Un allume-feu biosourc\u00e9 ecoresponsable - R\u00e9seau SATT","isPartOf":{"@id":"https:\/\/www.satt.fr\/en\/#website"},"primaryImageOfPage":{"@id":"https:\/\/www.satt.fr\/en\/un-allume-feu-biosource-ecoresponsable\/#primaryimage"},"image":{"@id":"https:\/\/www.satt.fr\/en\/un-allume-feu-biosource-ecoresponsable\/#primaryimage"},"thumbnailUrl":"https:\/\/www.satt.fr\/wp-content\/uploads\/2019\/02\/2018-03_Feuillederable.jpg","datePublished":"2019-02-27T16:27:52+00:00","dateModified":"2019-03-08T07:36:34+00:00","author":{"@id":"https:\/\/www.satt.fr\/en\/#\/schema\/person\/9e1c7c894ee96f796d7432f284cf503e"},"breadcrumb":{"@id":"https:\/\/www.satt.fr\/en\/un-allume-feu-biosource-ecoresponsable\/#breadcrumb"},"inLanguage":"en-US","potentialAction":[{"@type":"ReadAction","target":["https:\/\/www.satt.fr\/en\/un-allume-feu-biosource-ecoresponsable\/"]}]},{"@type":"ImageObject","inLanguage":"en-US","@id":"https:\/\/www.satt.fr\/en\/un-allume-feu-biosource-ecoresponsable\/#primaryimage","url":"https:\/\/www.satt.fr\/wp-content\/uploads\/2019\/02\/2018-03_Feuillederable.jpg","contentUrl":"https:\/\/www.satt.fr\/wp-content\/uploads\/2019\/02\/2018-03_Feuillederable.jpg","width":625,"height":357},{"@type":"BreadcrumbList","@id":"https:\/\/www.satt.fr\/en\/un-allume-feu-biosource-ecoresponsable\/#breadcrumb","itemListElement":[{"@type":"ListItem","position":1,"name":"Accueil","item":"https:\/\/www.satt.fr\/en\/"},{"@type":"ListItem","position":2,"name":"Ouest Valorisation : Un allume-feu biosourc\u00e9 ecoresponsable"}]},{"@type":"WebSite","@id":"https:\/\/www.satt.fr\/en\/#website","url":"https:\/\/www.satt.fr\/en\/","name":"R\u00e9seau SATT","description":"Les Soci\u00e9t\u00e9s d&#039;Acc\u00e9l\u00e9ration du Transfert de Technologies","potentialAction":[{"@type":"SearchAction","target":{"@type":"EntryPoint","urlTemplate":"https:\/\/www.satt.fr\/en\/?s={search_term_string}"},"query-input":{"@type":"PropertyValueSpecification","valueRequired":true,"valueName":"search_term_string"}}],"inLanguage":"en-US"},{"@type":"Person","@id":"https:\/\/www.satt.fr\/en\/#\/schema\/person\/9e1c7c894ee96f796d7432f284cf503e","name":"Anne Guedon","url":"https:\/\/www.satt.fr\/en\/author\/anne\/"}]}},"_links":{"self":[{"href":"https:\/\/www.satt.fr\/en\/wp-json\/wp\/v2\/posts\/13276","targetHints":{"allow":["GET"]}}],"collection":[{"href":"https:\/\/www.satt.fr\/en\/wp-json\/wp\/v2\/posts"}],"about":[{"href":"https:\/\/www.satt.fr\/en\/wp-json\/wp\/v2\/types\/post"}],"author":[{"embeddable":true,"href":"https:\/\/www.satt.fr\/en\/wp-json\/wp\/v2\/users\/10"}],"replies":[{"embeddable":true,"href":"https:\/\/www.satt.fr\/en\/wp-json\/wp\/v2\/comments?post=13276"}],"version-history":[{"count":2,"href":"https:\/\/www.satt.fr\/en\/wp-json\/wp\/v2\/posts\/13276\/revisions"}],"predecessor-version":[{"id":13528,"href":"https:\/\/www.satt.fr\/en\/wp-json\/wp\/v2\/posts\/13276\/revisions\/13528"}],"wp:featuredmedia":[{"embeddable":true,"href":"https:\/\/www.satt.fr\/en\/wp-json\/wp\/v2\/media\/13526"}],"wp:attachment":[{"href":"https:\/\/www.satt.fr\/en\/wp-json\/wp\/v2\/media?parent=13276"}],"wp:term":[{"taxonomy":"category","embeddable":true,"href":"https:\/\/www.satt.fr\/en\/wp-json\/wp\/v2\/categories?post=13276"},{"taxonomy":"post_tag","embeddable":true,"href":"https:\/\/www.satt.fr\/en\/wp-json\/wp\/v2\/tags?post=13276"}],"curies":[{"name":"wp","href":"https:\/\/api.w.org\/{rel}","templated":true}]}}