{"id":13567,"date":"2019-03-12T11:12:57","date_gmt":"2019-03-12T10:12:57","guid":{"rendered":"https:\/\/www.satt.fr\/un-nouveau-site-internet-pour-conectus\/"},"modified":"2019-03-18T10:43:50","modified_gmt":"2019-03-18T09:43:50","slug":"un-nouveau-site-internet-pour-conectus","status":"publish","type":"post","link":"https:\/\/www.satt.fr\/en\/un-nouveau-site-internet-pour-conectus\/","title":{"rendered":"Un nouveau site internet pour Conectus !"},"content":{"rendered":"<p>La SATT Conectus d\u00e9voile son tout nouveau site internet : <a href=\"https:\/\/www.conectus.fr\/\">www. conectus.fr<\/a><\/p>\n<p>Ce nouveau site, riche en contenus, ambitionne de permettre \u00e0 tout public de comprendre le r\u00f4le d&#8217;une SATT.<br \/>\nLe ton \u00e9ditorial se veut donc accessible \u00e0 tous, \u00e0 commencer par les principaux publics de Conectus, les chercheurs et les entreprises. Ces derniers pourront d\u00e9couvrir des informations qui leur sont r\u00e9solument d\u00e9di\u00e9es, notamment une pr\u00e9sentation de tous les services qui leur sont offerts par la SATT Conectus.<\/p>\n<p>&nbsp;<\/p>\n<h4><img loading=\"lazy\" decoding=\"async\" class=\"size-medium wp-image-13536 alignleft\" src=\"https:\/\/www.satt.fr\/wp-content\/uploads\/2019\/03\/Web-new-300x258.png\" alt=\"site Conectus.fr\" width=\"300\" height=\"258\" srcset=\"https:\/\/www.satt.fr\/wp-content\/uploads\/2019\/03\/Web-new-300x258.png 300w, https:\/\/www.satt.fr\/wp-content\/uploads\/2019\/03\/Web-new-150x129.png 150w, https:\/\/www.satt.fr\/wp-content\/uploads\/2019\/03\/Web-new-500x430.png 500w, https:\/\/www.satt.fr\/wp-content\/uploads\/2019\/03\/Web-new-600x516.png 600w, https:\/\/www.satt.fr\/wp-content\/uploads\/2019\/03\/Web-new-116x100.png 116w, https:\/\/www.satt.fr\/wp-content\/uploads\/2019\/03\/Web-new-465x400.png 465w, https:\/\/www.satt.fr\/wp-content\/uploads\/2019\/03\/Web-new.png 728w\" sizes=\"auto, (max-width: 300px) 100vw, 300px\" \/><\/h4>\n<p>Le nouveau site Conectus, c&#8217;est plein de nouveaut\u00e9s ! :<\/p>\n<ul>\n<li>\n<h4>Des services 100 % d\u00e9di\u00e9s Chercheurs &amp; Entreprises<\/h4>\n<\/li>\n<li>\n<h4>Des contenus simples et didactiques pour \u00eatre compris par tous<\/h4>\n<\/li>\n<li>\n<h4>Des filtres et moteurs de recherche pour vous faciliter la vie<\/h4>\n<\/li>\n<li>\n<h4>Des infographies pour comprendre l\u2019essentiel en un clin d\u2019\u0153il<\/h4>\n<\/li>\n<li>\n<h4>Le plein d\u2019infos utiles et d\u2019opportunit\u00e9s&#8230;<\/h4>\n<\/li>\n<\/ul>\n<p>Une version anglaise devrait voir le jour en 2019.<\/p>\n<p><strong>Contact :<\/strong> <a href=\"mailto:france.mandry@satt.conectus.fr\">france.mandry@satt.conectus.fr<\/a><\/p>\n","protected":false},"excerpt":{"rendered":"<p>La SATT Conectus d\u00e9voile son tout nouveau site internet : www. conectus.fr Ce nouveau site, riche en contenus, ambitionne de permettre \u00e0 tout public de comprendre le r\u00f4le d&#8217;une SATT. Le ton \u00e9ditorial se veut donc accessible \u00e0 tous, \u00e0 commencer par les principaux publics de Conectus, les chercheurs et les entreprises. Ces derniers pourront [&hellip;]<\/p>\n","protected":false},"author":7,"featured_media":13577,"comment_status":"closed","ping_status":"closed","sticky":false,"template":"","format":"standard","meta":{"_acf_changed":false,"footnotes":""},"categories":[567],"tags":[],"class_list":["post-13567","post","type-post","status-publish","format-standard","has-post-thumbnail","hentry","category-news-en"],"acf":[],"yoast_head":"<!-- This site is optimized with the Yoast SEO plugin v27.4 - https:\/\/yoast.com\/product\/yoast-seo-wordpress\/ -->\n<title>Un nouveau site internet pour Conectus ! - R\u00e9seau SATT<\/title>\n<meta name=\"robots\" content=\"index, follow, max-snippet:-1, max-image-preview:large, max-video-preview:-1\" \/>\n<link rel=\"canonical\" href=\"https:\/\/www.satt.fr\/en\/un-nouveau-site-internet-pour-conectus\/\" \/>\n<meta name=\"twitter:label1\" content=\"Written by\" \/>\n\t<meta name=\"twitter:data1\" content=\"France MANDRY\" \/>\n\t<meta name=\"twitter:label2\" content=\"Est. reading time\" \/>\n\t<meta name=\"twitter:data2\" content=\"1 minute\" \/>\n<script type=\"application\/ld+json\" class=\"yoast-schema-graph\">{\"@context\":\"https:\\\/\\\/schema.org\",\"@graph\":[{\"@type\":\"Article\",\"@id\":\"https:\\\/\\\/www.satt.fr\\\/en\\\/un-nouveau-site-internet-pour-conectus\\\/#article\",\"isPartOf\":{\"@id\":\"https:\\\/\\\/www.satt.fr\\\/en\\\/un-nouveau-site-internet-pour-conectus\\\/\"},\"author\":{\"name\":\"France MANDRY\",\"@id\":\"https:\\\/\\\/www.satt.fr\\\/en\\\/#\\\/schema\\\/person\\\/3c07a164c17f01f656480221ba81ab4e\"},\"headline\":\"Un nouveau site internet pour Conectus !\",\"datePublished\":\"2019-03-12T10:12:57+00:00\",\"dateModified\":\"2019-03-18T09:43:50+00:00\",\"mainEntityOfPage\":{\"@id\":\"https:\\\/\\\/www.satt.fr\\\/en\\\/un-nouveau-site-internet-pour-conectus\\\/\"},\"wordCount\":163,\"image\":{\"@id\":\"https:\\\/\\\/www.satt.fr\\\/en\\\/un-nouveau-site-internet-pour-conectus\\\/#primaryimage\"},\"thumbnailUrl\":\"https:\\\/\\\/www.satt.fr\\\/wp-content\\\/uploads\\\/2019\\\/03\\\/CNsite.png\",\"articleSection\":[\"News\"],\"inLanguage\":\"en-US\"},{\"@type\":\"WebPage\",\"@id\":\"https:\\\/\\\/www.satt.fr\\\/en\\\/un-nouveau-site-internet-pour-conectus\\\/\",\"url\":\"https:\\\/\\\/www.satt.fr\\\/en\\\/un-nouveau-site-internet-pour-conectus\\\/\",\"name\":\"Un nouveau site internet pour Conectus ! - R\u00e9seau SATT\",\"isPartOf\":{\"@id\":\"https:\\\/\\\/www.satt.fr\\\/en\\\/#website\"},\"primaryImageOfPage\":{\"@id\":\"https:\\\/\\\/www.satt.fr\\\/en\\\/un-nouveau-site-internet-pour-conectus\\\/#primaryimage\"},\"image\":{\"@id\":\"https:\\\/\\\/www.satt.fr\\\/en\\\/un-nouveau-site-internet-pour-conectus\\\/#primaryimage\"},\"thumbnailUrl\":\"https:\\\/\\\/www.satt.fr\\\/wp-content\\\/uploads\\\/2019\\\/03\\\/CNsite.png\",\"datePublished\":\"2019-03-12T10:12:57+00:00\",\"dateModified\":\"2019-03-18T09:43:50+00:00\",\"author\":{\"@id\":\"https:\\\/\\\/www.satt.fr\\\/en\\\/#\\\/schema\\\/person\\\/3c07a164c17f01f656480221ba81ab4e\"},\"breadcrumb\":{\"@id\":\"https:\\\/\\\/www.satt.fr\\\/en\\\/un-nouveau-site-internet-pour-conectus\\\/#breadcrumb\"},\"inLanguage\":\"en-US\",\"potentialAction\":[{\"@type\":\"ReadAction\",\"target\":[\"https:\\\/\\\/www.satt.fr\\\/en\\\/un-nouveau-site-internet-pour-conectus\\\/\"]}]},{\"@type\":\"ImageObject\",\"inLanguage\":\"en-US\",\"@id\":\"https:\\\/\\\/www.satt.fr\\\/en\\\/un-nouveau-site-internet-pour-conectus\\\/#primaryimage\",\"url\":\"https:\\\/\\\/www.satt.fr\\\/wp-content\\\/uploads\\\/2019\\\/03\\\/CNsite.png\",\"contentUrl\":\"https:\\\/\\\/www.satt.fr\\\/wp-content\\\/uploads\\\/2019\\\/03\\\/CNsite.png\",\"width\":8532,\"height\":4759},{\"@type\":\"BreadcrumbList\",\"@id\":\"https:\\\/\\\/www.satt.fr\\\/en\\\/un-nouveau-site-internet-pour-conectus\\\/#breadcrumb\",\"itemListElement\":[{\"@type\":\"ListItem\",\"position\":1,\"name\":\"Accueil\",\"item\":\"https:\\\/\\\/www.satt.fr\\\/en\\\/\"},{\"@type\":\"ListItem\",\"position\":2,\"name\":\"Un nouveau site internet pour Conectus !\"}]},{\"@type\":\"WebSite\",\"@id\":\"https:\\\/\\\/www.satt.fr\\\/en\\\/#website\",\"url\":\"https:\\\/\\\/www.satt.fr\\\/en\\\/\",\"name\":\"R\u00e9seau SATT\",\"description\":\"Les Soci\u00e9t\u00e9s d&#039;Acc\u00e9l\u00e9ration du Transfert de Technologies\",\"potentialAction\":[{\"@type\":\"SearchAction\",\"target\":{\"@type\":\"EntryPoint\",\"urlTemplate\":\"https:\\\/\\\/www.satt.fr\\\/en\\\/?s={search_term_string}\"},\"query-input\":{\"@type\":\"PropertyValueSpecification\",\"valueRequired\":true,\"valueName\":\"search_term_string\"}}],\"inLanguage\":\"en-US\"},{\"@type\":\"Person\",\"@id\":\"https:\\\/\\\/www.satt.fr\\\/en\\\/#\\\/schema\\\/person\\\/3c07a164c17f01f656480221ba81ab4e\",\"name\":\"France MANDRY\",\"url\":\"https:\\\/\\\/www.satt.fr\\\/en\\\/author\\\/france\\\/\"}]}<\/script>\n<!-- \/ Yoast SEO plugin. -->","yoast_head_json":{"title":"Un nouveau site internet pour Conectus ! - R\u00e9seau SATT","robots":{"index":"index","follow":"follow","max-snippet":"max-snippet:-1","max-image-preview":"max-image-preview:large","max-video-preview":"max-video-preview:-1"},"canonical":"https:\/\/www.satt.fr\/en\/un-nouveau-site-internet-pour-conectus\/","twitter_misc":{"Written by":"France MANDRY","Est. reading time":"1 minute"},"schema":{"@context":"https:\/\/schema.org","@graph":[{"@type":"Article","@id":"https:\/\/www.satt.fr\/en\/un-nouveau-site-internet-pour-conectus\/#article","isPartOf":{"@id":"https:\/\/www.satt.fr\/en\/un-nouveau-site-internet-pour-conectus\/"},"author":{"name":"France MANDRY","@id":"https:\/\/www.satt.fr\/en\/#\/schema\/person\/3c07a164c17f01f656480221ba81ab4e"},"headline":"Un nouveau site internet pour Conectus !","datePublished":"2019-03-12T10:12:57+00:00","dateModified":"2019-03-18T09:43:50+00:00","mainEntityOfPage":{"@id":"https:\/\/www.satt.fr\/en\/un-nouveau-site-internet-pour-conectus\/"},"wordCount":163,"image":{"@id":"https:\/\/www.satt.fr\/en\/un-nouveau-site-internet-pour-conectus\/#primaryimage"},"thumbnailUrl":"https:\/\/www.satt.fr\/wp-content\/uploads\/2019\/03\/CNsite.png","articleSection":["News"],"inLanguage":"en-US"},{"@type":"WebPage","@id":"https:\/\/www.satt.fr\/en\/un-nouveau-site-internet-pour-conectus\/","url":"https:\/\/www.satt.fr\/en\/un-nouveau-site-internet-pour-conectus\/","name":"Un nouveau site internet pour Conectus ! - R\u00e9seau SATT","isPartOf":{"@id":"https:\/\/www.satt.fr\/en\/#website"},"primaryImageOfPage":{"@id":"https:\/\/www.satt.fr\/en\/un-nouveau-site-internet-pour-conectus\/#primaryimage"},"image":{"@id":"https:\/\/www.satt.fr\/en\/un-nouveau-site-internet-pour-conectus\/#primaryimage"},"thumbnailUrl":"https:\/\/www.satt.fr\/wp-content\/uploads\/2019\/03\/CNsite.png","datePublished":"2019-03-12T10:12:57+00:00","dateModified":"2019-03-18T09:43:50+00:00","author":{"@id":"https:\/\/www.satt.fr\/en\/#\/schema\/person\/3c07a164c17f01f656480221ba81ab4e"},"breadcrumb":{"@id":"https:\/\/www.satt.fr\/en\/un-nouveau-site-internet-pour-conectus\/#breadcrumb"},"inLanguage":"en-US","potentialAction":[{"@type":"ReadAction","target":["https:\/\/www.satt.fr\/en\/un-nouveau-site-internet-pour-conectus\/"]}]},{"@type":"ImageObject","inLanguage":"en-US","@id":"https:\/\/www.satt.fr\/en\/un-nouveau-site-internet-pour-conectus\/#primaryimage","url":"https:\/\/www.satt.fr\/wp-content\/uploads\/2019\/03\/CNsite.png","contentUrl":"https:\/\/www.satt.fr\/wp-content\/uploads\/2019\/03\/CNsite.png","width":8532,"height":4759},{"@type":"BreadcrumbList","@id":"https:\/\/www.satt.fr\/en\/un-nouveau-site-internet-pour-conectus\/#breadcrumb","itemListElement":[{"@type":"ListItem","position":1,"name":"Accueil","item":"https:\/\/www.satt.fr\/en\/"},{"@type":"ListItem","position":2,"name":"Un nouveau site internet pour Conectus !"}]},{"@type":"WebSite","@id":"https:\/\/www.satt.fr\/en\/#website","url":"https:\/\/www.satt.fr\/en\/","name":"R\u00e9seau SATT","description":"Les Soci\u00e9t\u00e9s d&#039;Acc\u00e9l\u00e9ration du Transfert de Technologies","potentialAction":[{"@type":"SearchAction","target":{"@type":"EntryPoint","urlTemplate":"https:\/\/www.satt.fr\/en\/?s={search_term_string}"},"query-input":{"@type":"PropertyValueSpecification","valueRequired":true,"valueName":"search_term_string"}}],"inLanguage":"en-US"},{"@type":"Person","@id":"https:\/\/www.satt.fr\/en\/#\/schema\/person\/3c07a164c17f01f656480221ba81ab4e","name":"France MANDRY","url":"https:\/\/www.satt.fr\/en\/author\/france\/"}]}},"_links":{"self":[{"href":"https:\/\/www.satt.fr\/en\/wp-json\/wp\/v2\/posts\/13567","targetHints":{"allow":["GET"]}}],"collection":[{"href":"https:\/\/www.satt.fr\/en\/wp-json\/wp\/v2\/posts"}],"about":[{"href":"https:\/\/www.satt.fr\/en\/wp-json\/wp\/v2\/types\/post"}],"author":[{"embeddable":true,"href":"https:\/\/www.satt.fr\/en\/wp-json\/wp\/v2\/users\/7"}],"replies":[{"embeddable":true,"href":"https:\/\/www.satt.fr\/en\/wp-json\/wp\/v2\/comments?post=13567"}],"version-history":[{"count":1,"href":"https:\/\/www.satt.fr\/en\/wp-json\/wp\/v2\/posts\/13567\/revisions"}],"predecessor-version":[{"id":13572,"href":"https:\/\/www.satt.fr\/en\/wp-json\/wp\/v2\/posts\/13567\/revisions\/13572"}],"wp:featuredmedia":[{"embeddable":true,"href":"https:\/\/www.satt.fr\/en\/wp-json\/wp\/v2\/media\/13577"}],"wp:attachment":[{"href":"https:\/\/www.satt.fr\/en\/wp-json\/wp\/v2\/media?parent=13567"}],"wp:term":[{"taxonomy":"category","embeddable":true,"href":"https:\/\/www.satt.fr\/en\/wp-json\/wp\/v2\/categories?post=13567"},{"taxonomy":"post_tag","embeddable":true,"href":"https:\/\/www.satt.fr\/en\/wp-json\/wp\/v2\/tags?post=13567"}],"curies":[{"name":"wp","href":"https:\/\/api.w.org\/{rel}","templated":true}]}}