{"id":13867,"date":"2019-03-29T11:43:47","date_gmt":"2019-03-29T10:43:47","guid":{"rendered":"https:\/\/www.satt.fr\/la-satt-ouest-valorisation-au-salon-in-cosmetics\/"},"modified":"2019-03-29T11:43:47","modified_gmt":"2019-03-29T10:43:47","slug":"la-satt-ouest-valorisation-au-salon-in-cosmetics","status":"publish","type":"post","link":"https:\/\/www.satt.fr\/en\/la-satt-ouest-valorisation-au-salon-in-cosmetics\/","title":{"rendered":"La SATT Ouest Valorisation au salon In-Cosmetics"},"content":{"rendered":"<p>Du 2 au 4 avril prochain, la SATT Ouest Valorisation sera pr\u00e9sente au salon international de cosm\u00e9tiques In-Cosmetics, au Paris Expo Porte de Versailles.<\/p>\n<p>\nRetrouvez l&#8217;\u00e9quipe sur son stand (emplacement Q39a) et d\u00e9couvrez un nouveau proc\u00e9d\u00e9 de synth\u00e8se d\u2019\u00e9mulsion en flux continu.<\/p>\n","protected":false},"excerpt":{"rendered":"<p>Du 2 au 4 avril prochain, la SATT Ouest Valorisation sera pr\u00e9sente au salon international de cosm\u00e9tiques In-Cosmetics, au Paris Expo Porte de Versailles. Retrouvez l&#8217;\u00e9quipe sur son stand (emplacement Q39a) et d\u00e9couvrez un nouveau proc\u00e9d\u00e9 de synth\u00e8se d\u2019\u00e9mulsion en flux continu.<\/p>\n","protected":false},"author":10,"featured_media":13847,"comment_status":"closed","ping_status":"closed","sticky":false,"template":"","format":"standard","meta":{"_acf_changed":false,"footnotes":""},"categories":[560,567],"tags":[],"class_list":["post-13867","post","type-post","status-publish","format-standard","has-post-thumbnail","hentry","category-event-en","category-news-en"],"acf":[],"yoast_head":"<!-- This site is optimized with the Yoast SEO plugin v27.4 - https:\/\/yoast.com\/product\/yoast-seo-wordpress\/ -->\n<title>La SATT Ouest Valorisation au salon In-Cosmetics - R\u00e9seau SATT<\/title>\n<meta name=\"description\" content=\"2 au 4 avril 2019 : la SATT Ouest Valorisation sera pr\u00e9sente au salon international de cosm\u00e9tiques In-Cosmetics, au Paris Expo Porte de Versailles.Retrouvez l&#039;\u00e9quipe sur son stand (emplacement Q39a) et d\u00e9couvrez un nouveau proc\u00e9d\u00e9 de synth\u00e8se d\u2019\u00e9mulsion en flux continu.\" \/>\n<meta name=\"robots\" content=\"index, follow, max-snippet:-1, max-image-preview:large, max-video-preview:-1\" \/>\n<link rel=\"canonical\" href=\"https:\/\/www.satt.fr\/en\/la-satt-ouest-valorisation-au-salon-in-cosmetics\/\" \/>\n<meta name=\"twitter:label1\" content=\"Written by\" \/>\n\t<meta name=\"twitter:data1\" content=\"Anne Guedon\" \/>\n<script type=\"application\/ld+json\" class=\"yoast-schema-graph\">{\"@context\":\"https:\\\/\\\/schema.org\",\"@graph\":[{\"@type\":\"Article\",\"@id\":\"https:\\\/\\\/www.satt.fr\\\/en\\\/la-satt-ouest-valorisation-au-salon-in-cosmetics\\\/#article\",\"isPartOf\":{\"@id\":\"https:\\\/\\\/www.satt.fr\\\/en\\\/la-satt-ouest-valorisation-au-salon-in-cosmetics\\\/\"},\"author\":{\"name\":\"Anne Guedon\",\"@id\":\"https:\\\/\\\/www.satt.fr\\\/en\\\/#\\\/schema\\\/person\\\/9e1c7c894ee96f796d7432f284cf503e\"},\"headline\":\"La SATT Ouest Valorisation au salon In-Cosmetics\",\"datePublished\":\"2019-03-29T10:43:47+00:00\",\"mainEntityOfPage\":{\"@id\":\"https:\\\/\\\/www.satt.fr\\\/en\\\/la-satt-ouest-valorisation-au-salon-in-cosmetics\\\/\"},\"wordCount\":55,\"image\":{\"@id\":\"https:\\\/\\\/www.satt.fr\\\/en\\\/la-satt-ouest-valorisation-au-salon-in-cosmetics\\\/#primaryimage\"},\"thumbnailUrl\":\"https:\\\/\\\/www.satt.fr\\\/wp-content\\\/uploads\\\/2019\\\/03\\\/Visuel-In-Cosmetics-avec-date.jpg\",\"articleSection\":[\"Events\",\"News\"],\"inLanguage\":\"en-US\"},{\"@type\":\"WebPage\",\"@id\":\"https:\\\/\\\/www.satt.fr\\\/en\\\/la-satt-ouest-valorisation-au-salon-in-cosmetics\\\/\",\"url\":\"https:\\\/\\\/www.satt.fr\\\/en\\\/la-satt-ouest-valorisation-au-salon-in-cosmetics\\\/\",\"name\":\"La SATT Ouest Valorisation au salon In-Cosmetics - R\u00e9seau SATT\",\"isPartOf\":{\"@id\":\"https:\\\/\\\/www.satt.fr\\\/en\\\/#website\"},\"primaryImageOfPage\":{\"@id\":\"https:\\\/\\\/www.satt.fr\\\/en\\\/la-satt-ouest-valorisation-au-salon-in-cosmetics\\\/#primaryimage\"},\"image\":{\"@id\":\"https:\\\/\\\/www.satt.fr\\\/en\\\/la-satt-ouest-valorisation-au-salon-in-cosmetics\\\/#primaryimage\"},\"thumbnailUrl\":\"https:\\\/\\\/www.satt.fr\\\/wp-content\\\/uploads\\\/2019\\\/03\\\/Visuel-In-Cosmetics-avec-date.jpg\",\"datePublished\":\"2019-03-29T10:43:47+00:00\",\"author\":{\"@id\":\"https:\\\/\\\/www.satt.fr\\\/en\\\/#\\\/schema\\\/person\\\/9e1c7c894ee96f796d7432f284cf503e\"},\"description\":\"2 au 4 avril 2019 : la SATT Ouest Valorisation sera pr\u00e9sente au salon international de cosm\u00e9tiques In-Cosmetics, au Paris Expo Porte de Versailles.Retrouvez l'\u00e9quipe sur son stand (emplacement Q39a) et d\u00e9couvrez un nouveau proc\u00e9d\u00e9 de synth\u00e8se d\u2019\u00e9mulsion en flux continu.\",\"breadcrumb\":{\"@id\":\"https:\\\/\\\/www.satt.fr\\\/en\\\/la-satt-ouest-valorisation-au-salon-in-cosmetics\\\/#breadcrumb\"},\"inLanguage\":\"en-US\",\"potentialAction\":[{\"@type\":\"ReadAction\",\"target\":[\"https:\\\/\\\/www.satt.fr\\\/en\\\/la-satt-ouest-valorisation-au-salon-in-cosmetics\\\/\"]}]},{\"@type\":\"ImageObject\",\"inLanguage\":\"en-US\",\"@id\":\"https:\\\/\\\/www.satt.fr\\\/en\\\/la-satt-ouest-valorisation-au-salon-in-cosmetics\\\/#primaryimage\",\"url\":\"https:\\\/\\\/www.satt.fr\\\/wp-content\\\/uploads\\\/2019\\\/03\\\/Visuel-In-Cosmetics-avec-date.jpg\",\"contentUrl\":\"https:\\\/\\\/www.satt.fr\\\/wp-content\\\/uploads\\\/2019\\\/03\\\/Visuel-In-Cosmetics-avec-date.jpg\",\"width\":625,\"height\":348},{\"@type\":\"BreadcrumbList\",\"@id\":\"https:\\\/\\\/www.satt.fr\\\/en\\\/la-satt-ouest-valorisation-au-salon-in-cosmetics\\\/#breadcrumb\",\"itemListElement\":[{\"@type\":\"ListItem\",\"position\":1,\"name\":\"Accueil\",\"item\":\"https:\\\/\\\/www.satt.fr\\\/en\\\/\"},{\"@type\":\"ListItem\",\"position\":2,\"name\":\"La SATT Ouest Valorisation au salon In-Cosmetics\"}]},{\"@type\":\"WebSite\",\"@id\":\"https:\\\/\\\/www.satt.fr\\\/en\\\/#website\",\"url\":\"https:\\\/\\\/www.satt.fr\\\/en\\\/\",\"name\":\"R\u00e9seau SATT\",\"description\":\"Les Soci\u00e9t\u00e9s d&#039;Acc\u00e9l\u00e9ration du Transfert de Technologies\",\"potentialAction\":[{\"@type\":\"SearchAction\",\"target\":{\"@type\":\"EntryPoint\",\"urlTemplate\":\"https:\\\/\\\/www.satt.fr\\\/en\\\/?s={search_term_string}\"},\"query-input\":{\"@type\":\"PropertyValueSpecification\",\"valueRequired\":true,\"valueName\":\"search_term_string\"}}],\"inLanguage\":\"en-US\"},{\"@type\":\"Person\",\"@id\":\"https:\\\/\\\/www.satt.fr\\\/en\\\/#\\\/schema\\\/person\\\/9e1c7c894ee96f796d7432f284cf503e\",\"name\":\"Anne Guedon\",\"url\":\"https:\\\/\\\/www.satt.fr\\\/en\\\/author\\\/anne\\\/\"}]}<\/script>\n<!-- \/ Yoast SEO plugin. -->","yoast_head_json":{"title":"La SATT Ouest Valorisation au salon In-Cosmetics - R\u00e9seau SATT","description":"2 au 4 avril 2019 : la SATT Ouest Valorisation sera pr\u00e9sente au salon international de cosm\u00e9tiques In-Cosmetics, au Paris Expo Porte de Versailles.Retrouvez l'\u00e9quipe sur son stand (emplacement Q39a) et d\u00e9couvrez un nouveau proc\u00e9d\u00e9 de synth\u00e8se d\u2019\u00e9mulsion en flux continu.","robots":{"index":"index","follow":"follow","max-snippet":"max-snippet:-1","max-image-preview":"max-image-preview:large","max-video-preview":"max-video-preview:-1"},"canonical":"https:\/\/www.satt.fr\/en\/la-satt-ouest-valorisation-au-salon-in-cosmetics\/","twitter_misc":{"Written by":"Anne Guedon"},"schema":{"@context":"https:\/\/schema.org","@graph":[{"@type":"Article","@id":"https:\/\/www.satt.fr\/en\/la-satt-ouest-valorisation-au-salon-in-cosmetics\/#article","isPartOf":{"@id":"https:\/\/www.satt.fr\/en\/la-satt-ouest-valorisation-au-salon-in-cosmetics\/"},"author":{"name":"Anne Guedon","@id":"https:\/\/www.satt.fr\/en\/#\/schema\/person\/9e1c7c894ee96f796d7432f284cf503e"},"headline":"La SATT Ouest Valorisation au salon In-Cosmetics","datePublished":"2019-03-29T10:43:47+00:00","mainEntityOfPage":{"@id":"https:\/\/www.satt.fr\/en\/la-satt-ouest-valorisation-au-salon-in-cosmetics\/"},"wordCount":55,"image":{"@id":"https:\/\/www.satt.fr\/en\/la-satt-ouest-valorisation-au-salon-in-cosmetics\/#primaryimage"},"thumbnailUrl":"https:\/\/www.satt.fr\/wp-content\/uploads\/2019\/03\/Visuel-In-Cosmetics-avec-date.jpg","articleSection":["Events","News"],"inLanguage":"en-US"},{"@type":"WebPage","@id":"https:\/\/www.satt.fr\/en\/la-satt-ouest-valorisation-au-salon-in-cosmetics\/","url":"https:\/\/www.satt.fr\/en\/la-satt-ouest-valorisation-au-salon-in-cosmetics\/","name":"La SATT Ouest Valorisation au salon In-Cosmetics - R\u00e9seau SATT","isPartOf":{"@id":"https:\/\/www.satt.fr\/en\/#website"},"primaryImageOfPage":{"@id":"https:\/\/www.satt.fr\/en\/la-satt-ouest-valorisation-au-salon-in-cosmetics\/#primaryimage"},"image":{"@id":"https:\/\/www.satt.fr\/en\/la-satt-ouest-valorisation-au-salon-in-cosmetics\/#primaryimage"},"thumbnailUrl":"https:\/\/www.satt.fr\/wp-content\/uploads\/2019\/03\/Visuel-In-Cosmetics-avec-date.jpg","datePublished":"2019-03-29T10:43:47+00:00","author":{"@id":"https:\/\/www.satt.fr\/en\/#\/schema\/person\/9e1c7c894ee96f796d7432f284cf503e"},"description":"2 au 4 avril 2019 : la SATT Ouest Valorisation sera pr\u00e9sente au salon international de cosm\u00e9tiques In-Cosmetics, au Paris Expo Porte de Versailles.Retrouvez l'\u00e9quipe sur son stand (emplacement Q39a) et d\u00e9couvrez un nouveau proc\u00e9d\u00e9 de synth\u00e8se d\u2019\u00e9mulsion en flux continu.","breadcrumb":{"@id":"https:\/\/www.satt.fr\/en\/la-satt-ouest-valorisation-au-salon-in-cosmetics\/#breadcrumb"},"inLanguage":"en-US","potentialAction":[{"@type":"ReadAction","target":["https:\/\/www.satt.fr\/en\/la-satt-ouest-valorisation-au-salon-in-cosmetics\/"]}]},{"@type":"ImageObject","inLanguage":"en-US","@id":"https:\/\/www.satt.fr\/en\/la-satt-ouest-valorisation-au-salon-in-cosmetics\/#primaryimage","url":"https:\/\/www.satt.fr\/wp-content\/uploads\/2019\/03\/Visuel-In-Cosmetics-avec-date.jpg","contentUrl":"https:\/\/www.satt.fr\/wp-content\/uploads\/2019\/03\/Visuel-In-Cosmetics-avec-date.jpg","width":625,"height":348},{"@type":"BreadcrumbList","@id":"https:\/\/www.satt.fr\/en\/la-satt-ouest-valorisation-au-salon-in-cosmetics\/#breadcrumb","itemListElement":[{"@type":"ListItem","position":1,"name":"Accueil","item":"https:\/\/www.satt.fr\/en\/"},{"@type":"ListItem","position":2,"name":"La SATT Ouest Valorisation au salon In-Cosmetics"}]},{"@type":"WebSite","@id":"https:\/\/www.satt.fr\/en\/#website","url":"https:\/\/www.satt.fr\/en\/","name":"R\u00e9seau SATT","description":"Les Soci\u00e9t\u00e9s d&#039;Acc\u00e9l\u00e9ration du Transfert de Technologies","potentialAction":[{"@type":"SearchAction","target":{"@type":"EntryPoint","urlTemplate":"https:\/\/www.satt.fr\/en\/?s={search_term_string}"},"query-input":{"@type":"PropertyValueSpecification","valueRequired":true,"valueName":"search_term_string"}}],"inLanguage":"en-US"},{"@type":"Person","@id":"https:\/\/www.satt.fr\/en\/#\/schema\/person\/9e1c7c894ee96f796d7432f284cf503e","name":"Anne Guedon","url":"https:\/\/www.satt.fr\/en\/author\/anne\/"}]}},"_links":{"self":[{"href":"https:\/\/www.satt.fr\/en\/wp-json\/wp\/v2\/posts\/13867","targetHints":{"allow":["GET"]}}],"collection":[{"href":"https:\/\/www.satt.fr\/en\/wp-json\/wp\/v2\/posts"}],"about":[{"href":"https:\/\/www.satt.fr\/en\/wp-json\/wp\/v2\/types\/post"}],"author":[{"embeddable":true,"href":"https:\/\/www.satt.fr\/en\/wp-json\/wp\/v2\/users\/10"}],"replies":[{"embeddable":true,"href":"https:\/\/www.satt.fr\/en\/wp-json\/wp\/v2\/comments?post=13867"}],"version-history":[{"count":0,"href":"https:\/\/www.satt.fr\/en\/wp-json\/wp\/v2\/posts\/13867\/revisions"}],"wp:featuredmedia":[{"embeddable":true,"href":"https:\/\/www.satt.fr\/en\/wp-json\/wp\/v2\/media\/13847"}],"wp:attachment":[{"href":"https:\/\/www.satt.fr\/en\/wp-json\/wp\/v2\/media?parent=13867"}],"wp:term":[{"taxonomy":"category","embeddable":true,"href":"https:\/\/www.satt.fr\/en\/wp-json\/wp\/v2\/categories?post=13867"},{"taxonomy":"post_tag","embeddable":true,"href":"https:\/\/www.satt.fr\/en\/wp-json\/wp\/v2\/tags?post=13867"}],"curies":[{"name":"wp","href":"https:\/\/api.w.org\/{rel}","templated":true}]}}