{"id":13957,"date":"2019-06-05T10:00:50","date_gmt":"2019-06-05T08:00:50","guid":{"rendered":"https:\/\/www.satt.fr\/?p=13957"},"modified":"2019-06-05T10:34:31","modified_gmt":"2019-06-05T08:34:31","slug":"satt-international-mai-2019","status":"publish","type":"post","link":"https:\/\/www.satt.fr\/en\/satt-international-mai-2019\/","title":{"rendered":"L\u2019actualit\u00e9 des SATT \u00e0 l\u2019international #2 \u2013 Juin 2019"},"content":{"rendered":"<p><strong>Retrouvez les derni\u00e8res actualit\u00e9s des SATT \u00e0 l\u2019international, avec au programme : signature de deux partenariats avec la Chine, intervention du R\u00e9seau SATT en Espagne pour convention annuelle RedTransfer et en\u00a0<\/strong><b>Irlande pour la conf\u00e9rence annuelle ASTP Proton.<\/b><\/p>\n<p><strong><span style=\"color: #c9004a;\"><img loading=\"lazy\" decoding=\"async\" class=\"size-medium wp-image-14674 alignright\" src=\"https:\/\/www.satt.fr\/wp-content\/uploads\/2019\/05\/CF-300x167.png\" alt=\"\" width=\"300\" height=\"167\" srcset=\"https:\/\/www.satt.fr\/wp-content\/uploads\/2019\/05\/CF-300x167.png 300w, https:\/\/www.satt.fr\/wp-content\/uploads\/2019\/05\/CF-150x83.png 150w, https:\/\/www.satt.fr\/wp-content\/uploads\/2019\/05\/CF-768x427.png 768w, https:\/\/www.satt.fr\/wp-content\/uploads\/2019\/05\/CF-1024x569.png 1024w, https:\/\/www.satt.fr\/wp-content\/uploads\/2019\/05\/CF-500x278.png 500w, https:\/\/www.satt.fr\/wp-content\/uploads\/2019\/05\/CF-600x333.png 600w, https:\/\/www.satt.fr\/wp-content\/uploads\/2019\/05\/CF-180x100.png 180w, https:\/\/www.satt.fr\/wp-content\/uploads\/2019\/05\/CF.png 1607w\" sizes=\"auto, (max-width: 300px) 100vw, 300px\" \/>Le R\u00e9seau SATT signe deux accords de partenariat pour d\u00e9velopper la coop\u00e9ration internationale entre la France et la Chine<\/span><\/strong><\/p>\n<p>Le R\u00e9seau SATT a sign\u00e9 le 16 mai, \u00e0 l\u2019occasion du salon VivaTechnology, deux protocoles d\u2019entente avec des acteurs chinois de l\u2019innovation. Le premier avec OuiCrea, programme d\u2019incubation transfrontalier franco-chinois, et le Bay Valley Innovation Center du National Eastern Tech-Transfer Center (NETC) et le second avec l\u2019universit\u00e9 de Science et de Technologie de Shanghai (USST).<\/p>\n<p>La signature a eu lieu sur le salon VivaTechnology en pr\u00e9sence de Marc Gillmann, Directeur adjoint au programme valorisation de la recherche au Secr\u00e9tariat g\u00e9n\u00e9ral pour l\u2019investissement, service du Premier ministre, et Sun Yuming, Ministre Conseiller pour la Science et la Technologie, Ambassade de Chine en France.<\/p>\n<p><a href=\"https:\/\/www.satt.fr\/partenariats-chine\/\">www.satt.fr\/partenariats-chine<\/a><\/p>\n<p>\u2014\u2014\u2014\u2014\u2014\u2014\u2014\u2014\u2014\u2014\u2014\u2014\u2014\u2014\u2014\u2014\u2014\u2014\u2014\u2014\u2014\u2014\u2014\u2014\u2014\u2014\u2014\u2014\u2014\u2014\u2014\u2014\u2014\u2014\u2014\u2014\u2014\u2013\u2014\u2014\u2014\u2013<\/p>\n<p><strong><span style=\"color: #c9004a;\"><img loading=\"lazy\" decoding=\"async\" class=\"size-medium wp-image-14011 alignright\" src=\"https:\/\/www.satt.fr\/wp-content\/uploads\/2019\/04\/D3Ay9bZWsAAHDeb-1-300x203.jpg\" alt=\"\" width=\"300\" height=\"203\" srcset=\"https:\/\/www.satt.fr\/wp-content\/uploads\/2019\/04\/D3Ay9bZWsAAHDeb-1-300x203.jpg 300w, https:\/\/www.satt.fr\/wp-content\/uploads\/2019\/04\/D3Ay9bZWsAAHDeb-1-150x102.jpg 150w, https:\/\/www.satt.fr\/wp-content\/uploads\/2019\/04\/D3Ay9bZWsAAHDeb-1-768x521.jpg 768w, https:\/\/www.satt.fr\/wp-content\/uploads\/2019\/04\/D3Ay9bZWsAAHDeb-1-500x339.jpg 500w, https:\/\/www.satt.fr\/wp-content\/uploads\/2019\/04\/D3Ay9bZWsAAHDeb-1-600x407.jpg 600w, https:\/\/www.satt.fr\/wp-content\/uploads\/2019\/04\/D3Ay9bZWsAAHDeb-1-147x100.jpg 147w, https:\/\/www.satt.fr\/wp-content\/uploads\/2019\/04\/D3Ay9bZWsAAHDeb-1.jpg 820w\" sizes=\"auto, (max-width: 300px) 100vw, 300px\" \/><\/span><\/strong><\/p>\n<p><strong><span style=\"color: #c9004a;\">Le R\u00e9seau SATT \u00e0 l\u2019honneur lors de la convention annuelle RedTransfer<\/span><\/strong><\/p>\n<p>Le 29 mars dernier \u00e0 l\u2019institut Polytechnique de Valencia, le R\u00e9seau SATT a \u00e9t\u00e9 invit\u00e9 \u00e0 la conf\u00e9rence d\u2019ouverture de la convention annuelle de RedTransfer, association espagnole des professionnels de la valorisation de la recherche acad\u00e9mique. C\u00e9line Clausener, Directrice des Affaires publiques de IDF Innov et Secr\u00e9taire \u00e9lue du R\u00e9seau SATT, a pr\u00e9sent\u00e9 le dispositif SATT et l\u2019ambition fran\u00e7aise pour combler le gap entre la recherche publique et les entreprises depuis 2012.<\/p>\n<p>Un mod\u00e8le qui suscite l\u2019int\u00e9r\u00eat parmi nos partenaires europ\u00e9ens, s\u00e9duits par le mod\u00e8le de structures de droit priv\u00e9 et par les r\u00e9sultats obtenus. L\u2019occasion d\u2019engager des discussions qui se poursuivront en mai \u00e0 Dublin pour la conf\u00e9rence annuelle de l\u2019ASTP, o\u00f9 le R\u00e9seau SATT sera \u00e9galement pr\u00e9sent pour exposer le d\u00e9ploiement de la strat\u00e9gie fran\u00e7aise au service de la DeepTech.<\/p>\n<p><a href=\"https:\/\/www.satt.fr\/redtransfer\/\">www.satt.fr\/redtransfer<\/a><\/p>\n<p>\u2014\u2014\u2014\u2014\u2014\u2014\u2014\u2014\u2014\u2014\u2014\u2014\u2014\u2014\u2014\u2014\u2014\u2014\u2014\u2014\u2014\u2014\u2014\u2014\u2014\u2014\u2014\u2014\u2014\u2014\u2014\u2014\u2014\u2014\u2014\u2014\u2014\u2013\u2014\u2014\u2014\u2013<\/p>\n<p><strong><span style=\"color: #c9004a;\"><img loading=\"lazy\" decoding=\"async\" class=\"size-medium wp-image-14909 alignright\" src=\"https:\/\/www.satt.fr\/wp-content\/uploads\/2019\/04\/D7KlgeMXoAIlAS0-300x209.jpg\" alt=\"\" width=\"300\" height=\"209\" srcset=\"https:\/\/www.satt.fr\/wp-content\/uploads\/2019\/04\/D7KlgeMXoAIlAS0-300x209.jpg 300w, https:\/\/www.satt.fr\/wp-content\/uploads\/2019\/04\/D7KlgeMXoAIlAS0-150x104.jpg 150w, https:\/\/www.satt.fr\/wp-content\/uploads\/2019\/04\/D7KlgeMXoAIlAS0-500x348.jpg 500w, https:\/\/www.satt.fr\/wp-content\/uploads\/2019\/04\/D7KlgeMXoAIlAS0-600x417.jpg 600w, https:\/\/www.satt.fr\/wp-content\/uploads\/2019\/04\/D7KlgeMXoAIlAS0-144x100.jpg 144w, https:\/\/www.satt.fr\/wp-content\/uploads\/2019\/04\/D7KlgeMXoAIlAS0.jpg 666w\" sizes=\"auto, (max-width: 300px) 100vw, 300px\" \/>Le R\u00e9seau SATT intervient au NAAC Meeting lors de la Conf\u00e9rence annuelle ASTP Proton \u00e0 Dublin<\/span><\/strong><\/p>\n<p>A l\u2019occasion de la 20\u00e8me \u00e9dition de la Conf\u00e9rence annuelle de l\u2019ASTP Proton, qui s\u2019est tenu du 21 au 23 mai \u00e0 Dublin, le R\u00e9seau SATT est intervenu dans le cadre du NAAC Meeting pour pr\u00e9senter le dispositif national fran\u00e7ais des SATT (missions, organisation, r\u00e9sultats).<\/p>\n<p>Depuis 2000, la conf\u00e9rence annuelle ASTP Proton est le rendez-vous incontournable des professionnels de la valorisation et du transfert de technologie issue de la recherche publique. Le NAAC est un comit\u00e9 compos\u00e9 de 32 associations nationales europ\u00e9ennes d\u00e9di\u00e9es au transfert de technologie.<\/p>\n<p><a href=\"https:\/\/www.satt.fr\/naac-astp-proton\/\">www.satt.fr\/naac-astp-proton\/<\/a><\/p>\n","protected":false},"excerpt":{"rendered":"<p>Retrouvez les derni\u00e8res actualit\u00e9s des SATT \u00e0 l\u2019international, avec au programme : signature de deux partenariats avec la Chine, intervention du R\u00e9seau SATT en Espagne pour convention annuelle RedTransfer et en\u00a0Irlande pour la conf\u00e9rence annuelle ASTP Proton. Le R\u00e9seau SATT signe deux accords de partenariat pour d\u00e9velopper la coop\u00e9ration internationale entre la France et la [&hellip;]<\/p>\n","protected":false},"author":2,"featured_media":13955,"comment_status":"closed","ping_status":"closed","sticky":false,"template":"","format":"standard","meta":{"_acf_changed":false,"footnotes":""},"categories":[567],"tags":[],"class_list":["post-13957","post","type-post","status-publish","format-standard","has-post-thumbnail","hentry","category-news-en"],"acf":[],"yoast_head":"<!-- This site is optimized with the Yoast SEO plugin v27.4 - https:\/\/yoast.com\/product\/yoast-seo-wordpress\/ -->\n<title>L\u2019actualit\u00e9 des SATT \u00e0 l\u2019international #2 \u2013 Juin 2019 - R\u00e9seau SATT<\/title>\n<meta name=\"robots\" content=\"index, follow, max-snippet:-1, max-image-preview:large, max-video-preview:-1\" \/>\n<link rel=\"canonical\" href=\"https:\/\/www.satt.fr\/en\/satt-international-mai-2019\/\" \/>\n<meta name=\"twitter:label1\" content=\"Written by\" \/>\n\t<meta name=\"twitter:data1\" content=\"admin\" \/>\n\t<meta name=\"twitter:label2\" content=\"Est. reading time\" \/>\n\t<meta name=\"twitter:data2\" content=\"2 minutes\" \/>\n<script type=\"application\/ld+json\" class=\"yoast-schema-graph\">{\"@context\":\"https:\\\/\\\/schema.org\",\"@graph\":[{\"@type\":\"Article\",\"@id\":\"https:\\\/\\\/www.satt.fr\\\/en\\\/satt-international-mai-2019\\\/#article\",\"isPartOf\":{\"@id\":\"https:\\\/\\\/www.satt.fr\\\/en\\\/satt-international-mai-2019\\\/\"},\"author\":{\"name\":\"admin\",\"@id\":\"https:\\\/\\\/www.satt.fr\\\/en\\\/#\\\/schema\\\/person\\\/6f20a7d0bc03146f6e34a9f08d941fec\"},\"headline\":\"L\u2019actualit\u00e9 des SATT \u00e0 l\u2019international #2 \u2013 Juin 2019\",\"datePublished\":\"2019-06-05T08:00:50+00:00\",\"dateModified\":\"2019-06-05T08:34:31+00:00\",\"mainEntityOfPage\":{\"@id\":\"https:\\\/\\\/www.satt.fr\\\/en\\\/satt-international-mai-2019\\\/\"},\"wordCount\":471,\"image\":{\"@id\":\"https:\\\/\\\/www.satt.fr\\\/en\\\/satt-international-mai-2019\\\/#primaryimage\"},\"thumbnailUrl\":\"https:\\\/\\\/www.satt.fr\\\/wp-content\\\/uploads\\\/2019\\\/04\\\/SATTIT.png\",\"articleSection\":[\"News\"],\"inLanguage\":\"en-US\"},{\"@type\":\"WebPage\",\"@id\":\"https:\\\/\\\/www.satt.fr\\\/en\\\/satt-international-mai-2019\\\/\",\"url\":\"https:\\\/\\\/www.satt.fr\\\/en\\\/satt-international-mai-2019\\\/\",\"name\":\"L\u2019actualit\u00e9 des SATT \u00e0 l\u2019international #2 \u2013 Juin 2019 - R\u00e9seau SATT\",\"isPartOf\":{\"@id\":\"https:\\\/\\\/www.satt.fr\\\/en\\\/#website\"},\"primaryImageOfPage\":{\"@id\":\"https:\\\/\\\/www.satt.fr\\\/en\\\/satt-international-mai-2019\\\/#primaryimage\"},\"image\":{\"@id\":\"https:\\\/\\\/www.satt.fr\\\/en\\\/satt-international-mai-2019\\\/#primaryimage\"},\"thumbnailUrl\":\"https:\\\/\\\/www.satt.fr\\\/wp-content\\\/uploads\\\/2019\\\/04\\\/SATTIT.png\",\"datePublished\":\"2019-06-05T08:00:50+00:00\",\"dateModified\":\"2019-06-05T08:34:31+00:00\",\"author\":{\"@id\":\"https:\\\/\\\/www.satt.fr\\\/en\\\/#\\\/schema\\\/person\\\/6f20a7d0bc03146f6e34a9f08d941fec\"},\"breadcrumb\":{\"@id\":\"https:\\\/\\\/www.satt.fr\\\/en\\\/satt-international-mai-2019\\\/#breadcrumb\"},\"inLanguage\":\"en-US\",\"potentialAction\":[{\"@type\":\"ReadAction\",\"target\":[\"https:\\\/\\\/www.satt.fr\\\/en\\\/satt-international-mai-2019\\\/\"]}]},{\"@type\":\"ImageObject\",\"inLanguage\":\"en-US\",\"@id\":\"https:\\\/\\\/www.satt.fr\\\/en\\\/satt-international-mai-2019\\\/#primaryimage\",\"url\":\"https:\\\/\\\/www.satt.fr\\\/wp-content\\\/uploads\\\/2019\\\/04\\\/SATTIT.png\",\"contentUrl\":\"https:\\\/\\\/www.satt.fr\\\/wp-content\\\/uploads\\\/2019\\\/04\\\/SATTIT.png\",\"width\":1295,\"height\":723},{\"@type\":\"BreadcrumbList\",\"@id\":\"https:\\\/\\\/www.satt.fr\\\/en\\\/satt-international-mai-2019\\\/#breadcrumb\",\"itemListElement\":[{\"@type\":\"ListItem\",\"position\":1,\"name\":\"Accueil\",\"item\":\"https:\\\/\\\/www.satt.fr\\\/en\\\/\"},{\"@type\":\"ListItem\",\"position\":2,\"name\":\"L\u2019actualit\u00e9 des SATT \u00e0 l\u2019international #2 \u2013 Juin 2019\"}]},{\"@type\":\"WebSite\",\"@id\":\"https:\\\/\\\/www.satt.fr\\\/en\\\/#website\",\"url\":\"https:\\\/\\\/www.satt.fr\\\/en\\\/\",\"name\":\"R\u00e9seau SATT\",\"description\":\"Les Soci\u00e9t\u00e9s d&#039;Acc\u00e9l\u00e9ration du Transfert de Technologies\",\"potentialAction\":[{\"@type\":\"SearchAction\",\"target\":{\"@type\":\"EntryPoint\",\"urlTemplate\":\"https:\\\/\\\/www.satt.fr\\\/en\\\/?s={search_term_string}\"},\"query-input\":{\"@type\":\"PropertyValueSpecification\",\"valueRequired\":true,\"valueName\":\"search_term_string\"}}],\"inLanguage\":\"en-US\"},{\"@type\":\"Person\",\"@id\":\"https:\\\/\\\/www.satt.fr\\\/en\\\/#\\\/schema\\\/person\\\/6f20a7d0bc03146f6e34a9f08d941fec\",\"name\":\"admin\",\"url\":\"https:\\\/\\\/www.satt.fr\\\/en\\\/author\\\/admin\\\/\"}]}<\/script>\n<!-- \/ Yoast SEO plugin. -->","yoast_head_json":{"title":"L\u2019actualit\u00e9 des SATT \u00e0 l\u2019international #2 \u2013 Juin 2019 - R\u00e9seau SATT","robots":{"index":"index","follow":"follow","max-snippet":"max-snippet:-1","max-image-preview":"max-image-preview:large","max-video-preview":"max-video-preview:-1"},"canonical":"https:\/\/www.satt.fr\/en\/satt-international-mai-2019\/","twitter_misc":{"Written by":"admin","Est. reading time":"2 minutes"},"schema":{"@context":"https:\/\/schema.org","@graph":[{"@type":"Article","@id":"https:\/\/www.satt.fr\/en\/satt-international-mai-2019\/#article","isPartOf":{"@id":"https:\/\/www.satt.fr\/en\/satt-international-mai-2019\/"},"author":{"name":"admin","@id":"https:\/\/www.satt.fr\/en\/#\/schema\/person\/6f20a7d0bc03146f6e34a9f08d941fec"},"headline":"L\u2019actualit\u00e9 des SATT \u00e0 l\u2019international #2 \u2013 Juin 2019","datePublished":"2019-06-05T08:00:50+00:00","dateModified":"2019-06-05T08:34:31+00:00","mainEntityOfPage":{"@id":"https:\/\/www.satt.fr\/en\/satt-international-mai-2019\/"},"wordCount":471,"image":{"@id":"https:\/\/www.satt.fr\/en\/satt-international-mai-2019\/#primaryimage"},"thumbnailUrl":"https:\/\/www.satt.fr\/wp-content\/uploads\/2019\/04\/SATTIT.png","articleSection":["News"],"inLanguage":"en-US"},{"@type":"WebPage","@id":"https:\/\/www.satt.fr\/en\/satt-international-mai-2019\/","url":"https:\/\/www.satt.fr\/en\/satt-international-mai-2019\/","name":"L\u2019actualit\u00e9 des SATT \u00e0 l\u2019international #2 \u2013 Juin 2019 - R\u00e9seau SATT","isPartOf":{"@id":"https:\/\/www.satt.fr\/en\/#website"},"primaryImageOfPage":{"@id":"https:\/\/www.satt.fr\/en\/satt-international-mai-2019\/#primaryimage"},"image":{"@id":"https:\/\/www.satt.fr\/en\/satt-international-mai-2019\/#primaryimage"},"thumbnailUrl":"https:\/\/www.satt.fr\/wp-content\/uploads\/2019\/04\/SATTIT.png","datePublished":"2019-06-05T08:00:50+00:00","dateModified":"2019-06-05T08:34:31+00:00","author":{"@id":"https:\/\/www.satt.fr\/en\/#\/schema\/person\/6f20a7d0bc03146f6e34a9f08d941fec"},"breadcrumb":{"@id":"https:\/\/www.satt.fr\/en\/satt-international-mai-2019\/#breadcrumb"},"inLanguage":"en-US","potentialAction":[{"@type":"ReadAction","target":["https:\/\/www.satt.fr\/en\/satt-international-mai-2019\/"]}]},{"@type":"ImageObject","inLanguage":"en-US","@id":"https:\/\/www.satt.fr\/en\/satt-international-mai-2019\/#primaryimage","url":"https:\/\/www.satt.fr\/wp-content\/uploads\/2019\/04\/SATTIT.png","contentUrl":"https:\/\/www.satt.fr\/wp-content\/uploads\/2019\/04\/SATTIT.png","width":1295,"height":723},{"@type":"BreadcrumbList","@id":"https:\/\/www.satt.fr\/en\/satt-international-mai-2019\/#breadcrumb","itemListElement":[{"@type":"ListItem","position":1,"name":"Accueil","item":"https:\/\/www.satt.fr\/en\/"},{"@type":"ListItem","position":2,"name":"L\u2019actualit\u00e9 des SATT \u00e0 l\u2019international #2 \u2013 Juin 2019"}]},{"@type":"WebSite","@id":"https:\/\/www.satt.fr\/en\/#website","url":"https:\/\/www.satt.fr\/en\/","name":"R\u00e9seau SATT","description":"Les Soci\u00e9t\u00e9s d&#039;Acc\u00e9l\u00e9ration du Transfert de Technologies","potentialAction":[{"@type":"SearchAction","target":{"@type":"EntryPoint","urlTemplate":"https:\/\/www.satt.fr\/en\/?s={search_term_string}"},"query-input":{"@type":"PropertyValueSpecification","valueRequired":true,"valueName":"search_term_string"}}],"inLanguage":"en-US"},{"@type":"Person","@id":"https:\/\/www.satt.fr\/en\/#\/schema\/person\/6f20a7d0bc03146f6e34a9f08d941fec","name":"admin","url":"https:\/\/www.satt.fr\/en\/author\/admin\/"}]}},"_links":{"self":[{"href":"https:\/\/www.satt.fr\/en\/wp-json\/wp\/v2\/posts\/13957","targetHints":{"allow":["GET"]}}],"collection":[{"href":"https:\/\/www.satt.fr\/en\/wp-json\/wp\/v2\/posts"}],"about":[{"href":"https:\/\/www.satt.fr\/en\/wp-json\/wp\/v2\/types\/post"}],"author":[{"embeddable":true,"href":"https:\/\/www.satt.fr\/en\/wp-json\/wp\/v2\/users\/2"}],"replies":[{"embeddable":true,"href":"https:\/\/www.satt.fr\/en\/wp-json\/wp\/v2\/comments?post=13957"}],"version-history":[{"count":5,"href":"https:\/\/www.satt.fr\/en\/wp-json\/wp\/v2\/posts\/13957\/revisions"}],"predecessor-version":[{"id":14944,"href":"https:\/\/www.satt.fr\/en\/wp-json\/wp\/v2\/posts\/13957\/revisions\/14944"}],"wp:featuredmedia":[{"embeddable":true,"href":"https:\/\/www.satt.fr\/en\/wp-json\/wp\/v2\/media\/13955"}],"wp:attachment":[{"href":"https:\/\/www.satt.fr\/en\/wp-json\/wp\/v2\/media?parent=13957"}],"wp:term":[{"taxonomy":"category","embeddable":true,"href":"https:\/\/www.satt.fr\/en\/wp-json\/wp\/v2\/categories?post=13957"},{"taxonomy":"post_tag","embeddable":true,"href":"https:\/\/www.satt.fr\/en\/wp-json\/wp\/v2\/tags?post=13957"}],"curies":[{"name":"wp","href":"https:\/\/api.w.org\/{rel}","templated":true}]}}