{"id":13965,"date":"2019-04-05T10:35:02","date_gmt":"2019-04-05T08:35:02","guid":{"rendered":"https:\/\/www.satt.fr\/la-satt-ouest-valorisation-participe-a-la-journee-innopreneur\/"},"modified":"2019-04-05T10:35:02","modified_gmt":"2019-04-05T08:35:02","slug":"la-satt-ouest-valorisation-participe-a-la-journee-innopreneur","status":"publish","type":"post","link":"https:\/\/www.satt.fr\/en\/la-satt-ouest-valorisation-participe-a-la-journee-innopreneur\/","title":{"rendered":"La SATT Ouest Valorisation participe \u00e0 la journ\u00e9e Innopreneur"},"content":{"rendered":"<p>Le 10 avril prochain, la SATT Ouest Valorisation participera \u00e0 la journ\u00e9e Innopreneur.<br \/>\nCet \u00e9v\u00e9nement se d\u00e9roulera \u00e0 l\u2019Association des Chimistes en Doctorat de l\u2019ISCR (ACiD). L\u2019objectif est de promouvoir la valorisation de la recherche publique par la cr\u00e9ation d\u2019entreprise.<\/p>\n<p>Pour l\u2019occasion, la SATT Ouest Valorisation va participer \u00e0 un atelier de sensibilisation \u00e0 la cr\u00e9ation d\u2019entreprise. Les \u00e9changes se feront sous le format d\u2019une table ronde libre, avec le P\u00e9pite (P\u00f4les \u00c9tudiant pour l\u2019Innovation, le Transfert et l\u2019Entrepreneuriat) et un chercheur-entrepreneur.<\/p>\n<p>Le but de cet atelier est de d\u00e9velopper l\u2019esprit entrepreneurial chez les doctorants, post-docs et chercheurs \u00e0 travers une initiation \u00e0 la propri\u00e9t\u00e9 intellectuelle, d\u00e9montrer l\u2019importance de la protection des r\u00e9sultats de nos recherches et faire \u00e9merger davantage de projets de cr\u00e9ation.<\/p>\n<p>La SATT \u00e9tant un acteur important de ce parcours, cette journ\u00e9e est donc pour elle un moyen de se mettre en lumi\u00e8re ainsi que ses actions, face \u00e0 un public compos\u00e9 de doctorants en chimie.<\/p>\n<p>Durant cet \u00e9v\u00e9nement, la SATT Ouest Valorisation sera repr\u00e9sent\u00e9e par\u00a0:<\/p>\n<ul>\n<li>Margot DE-CRIGNIS, Ing\u00e9nieur Brevets<\/li>\n<li>Et Yvonnick DAVID, Responsable Participations<\/li>\n<\/ul>\n<p>&nbsp;<\/p>\n<p>Adresse\u00a0: 261 avenue G\u00e9n\u00e9ral Leclerc, Rennes.<\/p>\n","protected":false},"excerpt":{"rendered":"<p>Le 10 avril prochain, la SATT Ouest Valorisation participera \u00e0 la journ\u00e9e Innopreneur. Cet \u00e9v\u00e9nement se d\u00e9roulera \u00e0 l\u2019Association des Chimistes en Doctorat de l\u2019ISCR (ACiD). L\u2019objectif est de promouvoir la valorisation de la recherche publique par la cr\u00e9ation d\u2019entreprise. Pour l\u2019occasion, la SATT Ouest Valorisation va participer \u00e0 un atelier de sensibilisation \u00e0 la [&hellip;]<\/p>\n","protected":false},"author":10,"featured_media":13962,"comment_status":"closed","ping_status":"closed","sticky":false,"template":"","format":"standard","meta":{"_acf_changed":false,"footnotes":""},"categories":[560,567],"tags":[],"class_list":["post-13965","post","type-post","status-publish","format-standard","has-post-thumbnail","hentry","category-event-en","category-news-en"],"acf":[],"yoast_head":"<!-- This site is optimized with the Yoast SEO plugin v27.4 - https:\/\/yoast.com\/product\/yoast-seo-wordpress\/ -->\n<title>La SATT Ouest Valorisation participe \u00e0 la journ\u00e9e Innopreneur - R\u00e9seau SATT<\/title>\n<meta name=\"description\" content=\"Le 10\/04\/19, la SATT Ouest Valo participera \u00e0 Innopreneur, \u00e0 l\u2019ACiD de l\u2019ISCR, pour promouvoir la valorisation de la recherche publique.\" \/>\n<meta name=\"robots\" content=\"index, follow, max-snippet:-1, max-image-preview:large, max-video-preview:-1\" \/>\n<link rel=\"canonical\" href=\"https:\/\/www.satt.fr\/en\/la-satt-ouest-valorisation-participe-a-la-journee-innopreneur\/\" \/>\n<meta name=\"twitter:label1\" content=\"Written by\" \/>\n\t<meta name=\"twitter:data1\" content=\"Anne Guedon\" \/>\n\t<meta name=\"twitter:label2\" content=\"Est. reading time\" \/>\n\t<meta name=\"twitter:data2\" content=\"1 minute\" \/>\n<script type=\"application\/ld+json\" class=\"yoast-schema-graph\">{\"@context\":\"https:\\\/\\\/schema.org\",\"@graph\":[{\"@type\":\"Article\",\"@id\":\"https:\\\/\\\/www.satt.fr\\\/en\\\/la-satt-ouest-valorisation-participe-a-la-journee-innopreneur\\\/#article\",\"isPartOf\":{\"@id\":\"https:\\\/\\\/www.satt.fr\\\/en\\\/la-satt-ouest-valorisation-participe-a-la-journee-innopreneur\\\/\"},\"author\":{\"name\":\"Anne Guedon\",\"@id\":\"https:\\\/\\\/www.satt.fr\\\/en\\\/#\\\/schema\\\/person\\\/9e1c7c894ee96f796d7432f284cf503e\"},\"headline\":\"La SATT Ouest Valorisation participe \u00e0 la journ\u00e9e Innopreneur\",\"datePublished\":\"2019-04-05T08:35:02+00:00\",\"mainEntityOfPage\":{\"@id\":\"https:\\\/\\\/www.satt.fr\\\/en\\\/la-satt-ouest-valorisation-participe-a-la-journee-innopreneur\\\/\"},\"wordCount\":216,\"image\":{\"@id\":\"https:\\\/\\\/www.satt.fr\\\/en\\\/la-satt-ouest-valorisation-participe-a-la-journee-innopreneur\\\/#primaryimage\"},\"thumbnailUrl\":\"https:\\\/\\\/www.satt.fr\\\/wp-content\\\/uploads\\\/2019\\\/04\\\/Les-innopreneurs.png\",\"articleSection\":[\"Events\",\"News\"],\"inLanguage\":\"en-US\"},{\"@type\":\"WebPage\",\"@id\":\"https:\\\/\\\/www.satt.fr\\\/en\\\/la-satt-ouest-valorisation-participe-a-la-journee-innopreneur\\\/\",\"url\":\"https:\\\/\\\/www.satt.fr\\\/en\\\/la-satt-ouest-valorisation-participe-a-la-journee-innopreneur\\\/\",\"name\":\"La SATT Ouest Valorisation participe \u00e0 la journ\u00e9e Innopreneur - R\u00e9seau SATT\",\"isPartOf\":{\"@id\":\"https:\\\/\\\/www.satt.fr\\\/en\\\/#website\"},\"primaryImageOfPage\":{\"@id\":\"https:\\\/\\\/www.satt.fr\\\/en\\\/la-satt-ouest-valorisation-participe-a-la-journee-innopreneur\\\/#primaryimage\"},\"image\":{\"@id\":\"https:\\\/\\\/www.satt.fr\\\/en\\\/la-satt-ouest-valorisation-participe-a-la-journee-innopreneur\\\/#primaryimage\"},\"thumbnailUrl\":\"https:\\\/\\\/www.satt.fr\\\/wp-content\\\/uploads\\\/2019\\\/04\\\/Les-innopreneurs.png\",\"datePublished\":\"2019-04-05T08:35:02+00:00\",\"author\":{\"@id\":\"https:\\\/\\\/www.satt.fr\\\/en\\\/#\\\/schema\\\/person\\\/9e1c7c894ee96f796d7432f284cf503e\"},\"description\":\"Le 10\\\/04\\\/19, la SATT Ouest Valo participera \u00e0 Innopreneur, \u00e0 l\u2019ACiD de l\u2019ISCR, pour promouvoir la valorisation de la recherche publique.\",\"breadcrumb\":{\"@id\":\"https:\\\/\\\/www.satt.fr\\\/en\\\/la-satt-ouest-valorisation-participe-a-la-journee-innopreneur\\\/#breadcrumb\"},\"inLanguage\":\"en-US\",\"potentialAction\":[{\"@type\":\"ReadAction\",\"target\":[\"https:\\\/\\\/www.satt.fr\\\/en\\\/la-satt-ouest-valorisation-participe-a-la-journee-innopreneur\\\/\"]}]},{\"@type\":\"ImageObject\",\"inLanguage\":\"en-US\",\"@id\":\"https:\\\/\\\/www.satt.fr\\\/en\\\/la-satt-ouest-valorisation-participe-a-la-journee-innopreneur\\\/#primaryimage\",\"url\":\"https:\\\/\\\/www.satt.fr\\\/wp-content\\\/uploads\\\/2019\\\/04\\\/Les-innopreneurs.png\",\"contentUrl\":\"https:\\\/\\\/www.satt.fr\\\/wp-content\\\/uploads\\\/2019\\\/04\\\/Les-innopreneurs.png\",\"width\":728,\"height\":410},{\"@type\":\"BreadcrumbList\",\"@id\":\"https:\\\/\\\/www.satt.fr\\\/en\\\/la-satt-ouest-valorisation-participe-a-la-journee-innopreneur\\\/#breadcrumb\",\"itemListElement\":[{\"@type\":\"ListItem\",\"position\":1,\"name\":\"Accueil\",\"item\":\"https:\\\/\\\/www.satt.fr\\\/en\\\/\"},{\"@type\":\"ListItem\",\"position\":2,\"name\":\"La SATT Ouest Valorisation participe \u00e0 la journ\u00e9e Innopreneur\"}]},{\"@type\":\"WebSite\",\"@id\":\"https:\\\/\\\/www.satt.fr\\\/en\\\/#website\",\"url\":\"https:\\\/\\\/www.satt.fr\\\/en\\\/\",\"name\":\"R\u00e9seau SATT\",\"description\":\"Les Soci\u00e9t\u00e9s d&#039;Acc\u00e9l\u00e9ration du Transfert de Technologies\",\"potentialAction\":[{\"@type\":\"SearchAction\",\"target\":{\"@type\":\"EntryPoint\",\"urlTemplate\":\"https:\\\/\\\/www.satt.fr\\\/en\\\/?s={search_term_string}\"},\"query-input\":{\"@type\":\"PropertyValueSpecification\",\"valueRequired\":true,\"valueName\":\"search_term_string\"}}],\"inLanguage\":\"en-US\"},{\"@type\":\"Person\",\"@id\":\"https:\\\/\\\/www.satt.fr\\\/en\\\/#\\\/schema\\\/person\\\/9e1c7c894ee96f796d7432f284cf503e\",\"name\":\"Anne Guedon\",\"url\":\"https:\\\/\\\/www.satt.fr\\\/en\\\/author\\\/anne\\\/\"}]}<\/script>\n<!-- \/ Yoast SEO plugin. -->","yoast_head_json":{"title":"La SATT Ouest Valorisation participe \u00e0 la journ\u00e9e Innopreneur - R\u00e9seau SATT","description":"Le 10\/04\/19, la SATT Ouest Valo participera \u00e0 Innopreneur, \u00e0 l\u2019ACiD de l\u2019ISCR, pour promouvoir la valorisation de la recherche publique.","robots":{"index":"index","follow":"follow","max-snippet":"max-snippet:-1","max-image-preview":"max-image-preview:large","max-video-preview":"max-video-preview:-1"},"canonical":"https:\/\/www.satt.fr\/en\/la-satt-ouest-valorisation-participe-a-la-journee-innopreneur\/","twitter_misc":{"Written by":"Anne Guedon","Est. reading time":"1 minute"},"schema":{"@context":"https:\/\/schema.org","@graph":[{"@type":"Article","@id":"https:\/\/www.satt.fr\/en\/la-satt-ouest-valorisation-participe-a-la-journee-innopreneur\/#article","isPartOf":{"@id":"https:\/\/www.satt.fr\/en\/la-satt-ouest-valorisation-participe-a-la-journee-innopreneur\/"},"author":{"name":"Anne Guedon","@id":"https:\/\/www.satt.fr\/en\/#\/schema\/person\/9e1c7c894ee96f796d7432f284cf503e"},"headline":"La SATT Ouest Valorisation participe \u00e0 la journ\u00e9e Innopreneur","datePublished":"2019-04-05T08:35:02+00:00","mainEntityOfPage":{"@id":"https:\/\/www.satt.fr\/en\/la-satt-ouest-valorisation-participe-a-la-journee-innopreneur\/"},"wordCount":216,"image":{"@id":"https:\/\/www.satt.fr\/en\/la-satt-ouest-valorisation-participe-a-la-journee-innopreneur\/#primaryimage"},"thumbnailUrl":"https:\/\/www.satt.fr\/wp-content\/uploads\/2019\/04\/Les-innopreneurs.png","articleSection":["Events","News"],"inLanguage":"en-US"},{"@type":"WebPage","@id":"https:\/\/www.satt.fr\/en\/la-satt-ouest-valorisation-participe-a-la-journee-innopreneur\/","url":"https:\/\/www.satt.fr\/en\/la-satt-ouest-valorisation-participe-a-la-journee-innopreneur\/","name":"La SATT Ouest Valorisation participe \u00e0 la journ\u00e9e Innopreneur - R\u00e9seau SATT","isPartOf":{"@id":"https:\/\/www.satt.fr\/en\/#website"},"primaryImageOfPage":{"@id":"https:\/\/www.satt.fr\/en\/la-satt-ouest-valorisation-participe-a-la-journee-innopreneur\/#primaryimage"},"image":{"@id":"https:\/\/www.satt.fr\/en\/la-satt-ouest-valorisation-participe-a-la-journee-innopreneur\/#primaryimage"},"thumbnailUrl":"https:\/\/www.satt.fr\/wp-content\/uploads\/2019\/04\/Les-innopreneurs.png","datePublished":"2019-04-05T08:35:02+00:00","author":{"@id":"https:\/\/www.satt.fr\/en\/#\/schema\/person\/9e1c7c894ee96f796d7432f284cf503e"},"description":"Le 10\/04\/19, la SATT Ouest Valo participera \u00e0 Innopreneur, \u00e0 l\u2019ACiD de l\u2019ISCR, pour promouvoir la valorisation de la recherche publique.","breadcrumb":{"@id":"https:\/\/www.satt.fr\/en\/la-satt-ouest-valorisation-participe-a-la-journee-innopreneur\/#breadcrumb"},"inLanguage":"en-US","potentialAction":[{"@type":"ReadAction","target":["https:\/\/www.satt.fr\/en\/la-satt-ouest-valorisation-participe-a-la-journee-innopreneur\/"]}]},{"@type":"ImageObject","inLanguage":"en-US","@id":"https:\/\/www.satt.fr\/en\/la-satt-ouest-valorisation-participe-a-la-journee-innopreneur\/#primaryimage","url":"https:\/\/www.satt.fr\/wp-content\/uploads\/2019\/04\/Les-innopreneurs.png","contentUrl":"https:\/\/www.satt.fr\/wp-content\/uploads\/2019\/04\/Les-innopreneurs.png","width":728,"height":410},{"@type":"BreadcrumbList","@id":"https:\/\/www.satt.fr\/en\/la-satt-ouest-valorisation-participe-a-la-journee-innopreneur\/#breadcrumb","itemListElement":[{"@type":"ListItem","position":1,"name":"Accueil","item":"https:\/\/www.satt.fr\/en\/"},{"@type":"ListItem","position":2,"name":"La SATT Ouest Valorisation participe \u00e0 la journ\u00e9e Innopreneur"}]},{"@type":"WebSite","@id":"https:\/\/www.satt.fr\/en\/#website","url":"https:\/\/www.satt.fr\/en\/","name":"R\u00e9seau SATT","description":"Les Soci\u00e9t\u00e9s d&#039;Acc\u00e9l\u00e9ration du Transfert de Technologies","potentialAction":[{"@type":"SearchAction","target":{"@type":"EntryPoint","urlTemplate":"https:\/\/www.satt.fr\/en\/?s={search_term_string}"},"query-input":{"@type":"PropertyValueSpecification","valueRequired":true,"valueName":"search_term_string"}}],"inLanguage":"en-US"},{"@type":"Person","@id":"https:\/\/www.satt.fr\/en\/#\/schema\/person\/9e1c7c894ee96f796d7432f284cf503e","name":"Anne Guedon","url":"https:\/\/www.satt.fr\/en\/author\/anne\/"}]}},"_links":{"self":[{"href":"https:\/\/www.satt.fr\/en\/wp-json\/wp\/v2\/posts\/13965","targetHints":{"allow":["GET"]}}],"collection":[{"href":"https:\/\/www.satt.fr\/en\/wp-json\/wp\/v2\/posts"}],"about":[{"href":"https:\/\/www.satt.fr\/en\/wp-json\/wp\/v2\/types\/post"}],"author":[{"embeddable":true,"href":"https:\/\/www.satt.fr\/en\/wp-json\/wp\/v2\/users\/10"}],"replies":[{"embeddable":true,"href":"https:\/\/www.satt.fr\/en\/wp-json\/wp\/v2\/comments?post=13965"}],"version-history":[{"count":0,"href":"https:\/\/www.satt.fr\/en\/wp-json\/wp\/v2\/posts\/13965\/revisions"}],"wp:featuredmedia":[{"embeddable":true,"href":"https:\/\/www.satt.fr\/en\/wp-json\/wp\/v2\/media\/13962"}],"wp:attachment":[{"href":"https:\/\/www.satt.fr\/en\/wp-json\/wp\/v2\/media?parent=13965"}],"wp:term":[{"taxonomy":"category","embeddable":true,"href":"https:\/\/www.satt.fr\/en\/wp-json\/wp\/v2\/categories?post=13965"},{"taxonomy":"post_tag","embeddable":true,"href":"https:\/\/www.satt.fr\/en\/wp-json\/wp\/v2\/tags?post=13965"}],"curies":[{"name":"wp","href":"https:\/\/api.w.org\/{rel}","templated":true}]}}