{"id":14982,"date":"2019-06-06T13:41:09","date_gmt":"2019-06-06T11:41:09","guid":{"rendered":"https:\/\/www.satt.fr\/le-nouveau-plan-daffaires-2019-2021-de-la-satt-ouest-valorisation\/"},"modified":"2019-06-06T15:32:28","modified_gmt":"2019-06-06T13:32:28","slug":"le-nouveau-plan-daffaires-2019-2021-de-la-satt-ouest-valorisation","status":"publish","type":"post","link":"https:\/\/www.satt.fr\/en\/le-nouveau-plan-daffaires-2019-2021-de-la-satt-ouest-valorisation\/","title":{"rendered":"Le nouveau plan d\u2019affaires 2019-2021 pour la SATT Ouest Valorisation"},"content":{"rendered":"<p><strong>Valid\u00e9 en conseil d\u2019administration lundi 29 mai, le plan d\u2019affaires 2019-2021 r\u00e9vis\u00e9 prend en compte les attentes du\u00a0<\/strong><strong>Premier Ministre telles qu\u2019exprim\u00e9es dans son courrier du 26 mars 2019. Il est ajust\u00e9 \u00e0 la dotation de 20 M\u20ac pour le\u00a0<\/strong><strong>prochain triennal et int\u00e8gre les recommandations qui sont expos\u00e9es.<\/strong><\/p>\n<p>Ce nouveau plan d\u2019affaires capitalise sur les six ann\u00e9es d\u2019exercice et en poursuit le d\u00e9veloppement.<\/p>\n<p>R\u00e9aliste, il n\u2019en demeure pas moins ambitieux et int\u00e8gre pleinement les recommandations de l\u2019\u00c9tat :<\/p>\n<p>&#8211; Mettre en oeuvre un plan d\u2019action concentr\u00e9 sur le transfert de technologies pour augmenter les recettes issues des<br \/>\nprojets de maturation sur l\u2019ensemble du territoire,<br \/>\n&#8211; Renforcer le processus de revue p\u00e9riodique du portefeuille de titres de propri\u00e9t\u00e9 intellectuelle pour en optimiser la<br \/>\ngestion.<\/p>\n<p>Sur les points li\u00e9s \u00e0 une articulation efficace SATT\/\u00e9tablissements et \u00e0 un engagement des collectivit\u00e9s territoriales, des<br \/>\nactions sont engag\u00e9es pour tirer profit de l\u2019ensemble du potentiel et des synergies. Elle seront pr\u00e9sent\u00e9es, comme attendu,<br \/>\navant l\u2019\u00e9t\u00e9.<\/p>\n<p>\u00ab <em>L\u2019ambition de la SATT Ouest Valorisation est d\u2019accompagner la transformation de plus de 2000 entreprises fran\u00e7aises<\/em><br \/>\n<em>par l\u2019innovation, d\u2019investir dans 250 programmes de maturation afin d\u2019\u00e9tablir des preuves de concept valid\u00e9es et de<\/em><br \/>\n<em>porter sur le march\u00e9 200 innovations deeptech en 10 ans<\/em> \u00bb, conclut Vincent Lamande, Pr\u00e9sident de la SATT Ouest<br \/>\nValorisation.<\/p>\n<p>Pour plus d&#8217;informations, <a href=\"https:\/\/bit.ly\/31cxoZ3\">cliquez ici<\/a>.<\/p>\n","protected":false},"excerpt":{"rendered":"<p>Valid\u00e9 en conseil d\u2019administration lundi 29 mai, le plan d\u2019affaires 2019-2021 r\u00e9vis\u00e9 prend en compte les attentes du\u00a0Premier Ministre telles qu\u2019exprim\u00e9es dans son courrier du 26 mars 2019. Il est ajust\u00e9 \u00e0 la dotation de 20 M\u20ac pour le\u00a0prochain triennal et int\u00e8gre les recommandations qui sont expos\u00e9es. Ce nouveau plan d\u2019affaires capitalise sur les six [&hellip;]<\/p>\n","protected":false},"author":10,"featured_media":14986,"comment_status":"closed","ping_status":"closed","sticky":false,"template":"","format":"standard","meta":{"_acf_changed":false,"footnotes":""},"categories":[567],"tags":[],"class_list":["post-14982","post","type-post","status-publish","format-standard","has-post-thumbnail","hentry","category-news-en"],"acf":[],"yoast_head":"<!-- This site is optimized with the Yoast SEO plugin v27.4 - https:\/\/yoast.com\/product\/yoast-seo-wordpress\/ -->\n<title>Le nouveau plan d\u2019affaires 2019-2021 pour la SATT Ouest Valorisation - R\u00e9seau SATT<\/title>\n<meta name=\"description\" content=\"Nouveau plan d\u2019affaires 2019-2021 pour Ouest Valorisation : recommandations exprim\u00e9es sur le d\u00e9veloppement du CA et de la ma\u00eetrise du portefeuille PI.\" \/>\n<meta name=\"robots\" content=\"index, follow, max-snippet:-1, max-image-preview:large, max-video-preview:-1\" \/>\n<link rel=\"canonical\" href=\"https:\/\/www.satt.fr\/en\/le-nouveau-plan-daffaires-2019-2021-de-la-satt-ouest-valorisation\/\" \/>\n<meta name=\"twitter:label1\" content=\"Written by\" \/>\n\t<meta name=\"twitter:data1\" content=\"Anne Guedon\" \/>\n\t<meta name=\"twitter:label2\" content=\"Est. reading time\" \/>\n\t<meta name=\"twitter:data2\" content=\"1 minute\" \/>\n<script type=\"application\/ld+json\" class=\"yoast-schema-graph\">{\"@context\":\"https:\\\/\\\/schema.org\",\"@graph\":[{\"@type\":\"Article\",\"@id\":\"https:\\\/\\\/www.satt.fr\\\/en\\\/le-nouveau-plan-daffaires-2019-2021-de-la-satt-ouest-valorisation\\\/#article\",\"isPartOf\":{\"@id\":\"https:\\\/\\\/www.satt.fr\\\/en\\\/le-nouveau-plan-daffaires-2019-2021-de-la-satt-ouest-valorisation\\\/\"},\"author\":{\"name\":\"Anne Guedon\",\"@id\":\"https:\\\/\\\/www.satt.fr\\\/en\\\/#\\\/schema\\\/person\\\/9e1c7c894ee96f796d7432f284cf503e\"},\"headline\":\"Le nouveau plan d\u2019affaires 2019-2021 pour la SATT Ouest Valorisation\",\"datePublished\":\"2019-06-06T11:41:09+00:00\",\"dateModified\":\"2019-06-06T13:32:28+00:00\",\"mainEntityOfPage\":{\"@id\":\"https:\\\/\\\/www.satt.fr\\\/en\\\/le-nouveau-plan-daffaires-2019-2021-de-la-satt-ouest-valorisation\\\/\"},\"wordCount\":253,\"image\":{\"@id\":\"https:\\\/\\\/www.satt.fr\\\/en\\\/le-nouveau-plan-daffaires-2019-2021-de-la-satt-ouest-valorisation\\\/#primaryimage\"},\"thumbnailUrl\":\"https:\\\/\\\/www.satt.fr\\\/wp-content\\\/uploads\\\/2019\\\/06\\\/OV.png\",\"articleSection\":[\"News\"],\"inLanguage\":\"en-US\"},{\"@type\":\"WebPage\",\"@id\":\"https:\\\/\\\/www.satt.fr\\\/en\\\/le-nouveau-plan-daffaires-2019-2021-de-la-satt-ouest-valorisation\\\/\",\"url\":\"https:\\\/\\\/www.satt.fr\\\/en\\\/le-nouveau-plan-daffaires-2019-2021-de-la-satt-ouest-valorisation\\\/\",\"name\":\"Le nouveau plan d\u2019affaires 2019-2021 pour la SATT Ouest Valorisation - R\u00e9seau SATT\",\"isPartOf\":{\"@id\":\"https:\\\/\\\/www.satt.fr\\\/en\\\/#website\"},\"primaryImageOfPage\":{\"@id\":\"https:\\\/\\\/www.satt.fr\\\/en\\\/le-nouveau-plan-daffaires-2019-2021-de-la-satt-ouest-valorisation\\\/#primaryimage\"},\"image\":{\"@id\":\"https:\\\/\\\/www.satt.fr\\\/en\\\/le-nouveau-plan-daffaires-2019-2021-de-la-satt-ouest-valorisation\\\/#primaryimage\"},\"thumbnailUrl\":\"https:\\\/\\\/www.satt.fr\\\/wp-content\\\/uploads\\\/2019\\\/06\\\/OV.png\",\"datePublished\":\"2019-06-06T11:41:09+00:00\",\"dateModified\":\"2019-06-06T13:32:28+00:00\",\"author\":{\"@id\":\"https:\\\/\\\/www.satt.fr\\\/en\\\/#\\\/schema\\\/person\\\/9e1c7c894ee96f796d7432f284cf503e\"},\"description\":\"Nouveau plan d\u2019affaires 2019-2021 pour Ouest Valorisation : recommandations exprim\u00e9es sur le d\u00e9veloppement du CA et de la ma\u00eetrise du portefeuille PI.\",\"breadcrumb\":{\"@id\":\"https:\\\/\\\/www.satt.fr\\\/en\\\/le-nouveau-plan-daffaires-2019-2021-de-la-satt-ouest-valorisation\\\/#breadcrumb\"},\"inLanguage\":\"en-US\",\"potentialAction\":[{\"@type\":\"ReadAction\",\"target\":[\"https:\\\/\\\/www.satt.fr\\\/en\\\/le-nouveau-plan-daffaires-2019-2021-de-la-satt-ouest-valorisation\\\/\"]}]},{\"@type\":\"ImageObject\",\"inLanguage\":\"en-US\",\"@id\":\"https:\\\/\\\/www.satt.fr\\\/en\\\/le-nouveau-plan-daffaires-2019-2021-de-la-satt-ouest-valorisation\\\/#primaryimage\",\"url\":\"https:\\\/\\\/www.satt.fr\\\/wp-content\\\/uploads\\\/2019\\\/06\\\/OV.png\",\"contentUrl\":\"https:\\\/\\\/www.satt.fr\\\/wp-content\\\/uploads\\\/2019\\\/06\\\/OV.png\",\"width\":1298,\"height\":723},{\"@type\":\"BreadcrumbList\",\"@id\":\"https:\\\/\\\/www.satt.fr\\\/en\\\/le-nouveau-plan-daffaires-2019-2021-de-la-satt-ouest-valorisation\\\/#breadcrumb\",\"itemListElement\":[{\"@type\":\"ListItem\",\"position\":1,\"name\":\"Accueil\",\"item\":\"https:\\\/\\\/www.satt.fr\\\/en\\\/\"},{\"@type\":\"ListItem\",\"position\":2,\"name\":\"Le nouveau plan d\u2019affaires 2019-2021 pour la SATT Ouest Valorisation\"}]},{\"@type\":\"WebSite\",\"@id\":\"https:\\\/\\\/www.satt.fr\\\/en\\\/#website\",\"url\":\"https:\\\/\\\/www.satt.fr\\\/en\\\/\",\"name\":\"R\u00e9seau SATT\",\"description\":\"Les Soci\u00e9t\u00e9s d&#039;Acc\u00e9l\u00e9ration du Transfert de Technologies\",\"potentialAction\":[{\"@type\":\"SearchAction\",\"target\":{\"@type\":\"EntryPoint\",\"urlTemplate\":\"https:\\\/\\\/www.satt.fr\\\/en\\\/?s={search_term_string}\"},\"query-input\":{\"@type\":\"PropertyValueSpecification\",\"valueRequired\":true,\"valueName\":\"search_term_string\"}}],\"inLanguage\":\"en-US\"},{\"@type\":\"Person\",\"@id\":\"https:\\\/\\\/www.satt.fr\\\/en\\\/#\\\/schema\\\/person\\\/9e1c7c894ee96f796d7432f284cf503e\",\"name\":\"Anne Guedon\",\"url\":\"https:\\\/\\\/www.satt.fr\\\/en\\\/author\\\/anne\\\/\"}]}<\/script>\n<!-- \/ Yoast SEO plugin. -->","yoast_head_json":{"title":"Le nouveau plan d\u2019affaires 2019-2021 pour la SATT Ouest Valorisation - R\u00e9seau SATT","description":"Nouveau plan d\u2019affaires 2019-2021 pour Ouest Valorisation : recommandations exprim\u00e9es sur le d\u00e9veloppement du CA et de la ma\u00eetrise du portefeuille PI.","robots":{"index":"index","follow":"follow","max-snippet":"max-snippet:-1","max-image-preview":"max-image-preview:large","max-video-preview":"max-video-preview:-1"},"canonical":"https:\/\/www.satt.fr\/en\/le-nouveau-plan-daffaires-2019-2021-de-la-satt-ouest-valorisation\/","twitter_misc":{"Written by":"Anne Guedon","Est. reading time":"1 minute"},"schema":{"@context":"https:\/\/schema.org","@graph":[{"@type":"Article","@id":"https:\/\/www.satt.fr\/en\/le-nouveau-plan-daffaires-2019-2021-de-la-satt-ouest-valorisation\/#article","isPartOf":{"@id":"https:\/\/www.satt.fr\/en\/le-nouveau-plan-daffaires-2019-2021-de-la-satt-ouest-valorisation\/"},"author":{"name":"Anne Guedon","@id":"https:\/\/www.satt.fr\/en\/#\/schema\/person\/9e1c7c894ee96f796d7432f284cf503e"},"headline":"Le nouveau plan d\u2019affaires 2019-2021 pour la SATT Ouest Valorisation","datePublished":"2019-06-06T11:41:09+00:00","dateModified":"2019-06-06T13:32:28+00:00","mainEntityOfPage":{"@id":"https:\/\/www.satt.fr\/en\/le-nouveau-plan-daffaires-2019-2021-de-la-satt-ouest-valorisation\/"},"wordCount":253,"image":{"@id":"https:\/\/www.satt.fr\/en\/le-nouveau-plan-daffaires-2019-2021-de-la-satt-ouest-valorisation\/#primaryimage"},"thumbnailUrl":"https:\/\/www.satt.fr\/wp-content\/uploads\/2019\/06\/OV.png","articleSection":["News"],"inLanguage":"en-US"},{"@type":"WebPage","@id":"https:\/\/www.satt.fr\/en\/le-nouveau-plan-daffaires-2019-2021-de-la-satt-ouest-valorisation\/","url":"https:\/\/www.satt.fr\/en\/le-nouveau-plan-daffaires-2019-2021-de-la-satt-ouest-valorisation\/","name":"Le nouveau plan d\u2019affaires 2019-2021 pour la SATT Ouest Valorisation - R\u00e9seau SATT","isPartOf":{"@id":"https:\/\/www.satt.fr\/en\/#website"},"primaryImageOfPage":{"@id":"https:\/\/www.satt.fr\/en\/le-nouveau-plan-daffaires-2019-2021-de-la-satt-ouest-valorisation\/#primaryimage"},"image":{"@id":"https:\/\/www.satt.fr\/en\/le-nouveau-plan-daffaires-2019-2021-de-la-satt-ouest-valorisation\/#primaryimage"},"thumbnailUrl":"https:\/\/www.satt.fr\/wp-content\/uploads\/2019\/06\/OV.png","datePublished":"2019-06-06T11:41:09+00:00","dateModified":"2019-06-06T13:32:28+00:00","author":{"@id":"https:\/\/www.satt.fr\/en\/#\/schema\/person\/9e1c7c894ee96f796d7432f284cf503e"},"description":"Nouveau plan d\u2019affaires 2019-2021 pour Ouest Valorisation : recommandations exprim\u00e9es sur le d\u00e9veloppement du CA et de la ma\u00eetrise du portefeuille PI.","breadcrumb":{"@id":"https:\/\/www.satt.fr\/en\/le-nouveau-plan-daffaires-2019-2021-de-la-satt-ouest-valorisation\/#breadcrumb"},"inLanguage":"en-US","potentialAction":[{"@type":"ReadAction","target":["https:\/\/www.satt.fr\/en\/le-nouveau-plan-daffaires-2019-2021-de-la-satt-ouest-valorisation\/"]}]},{"@type":"ImageObject","inLanguage":"en-US","@id":"https:\/\/www.satt.fr\/en\/le-nouveau-plan-daffaires-2019-2021-de-la-satt-ouest-valorisation\/#primaryimage","url":"https:\/\/www.satt.fr\/wp-content\/uploads\/2019\/06\/OV.png","contentUrl":"https:\/\/www.satt.fr\/wp-content\/uploads\/2019\/06\/OV.png","width":1298,"height":723},{"@type":"BreadcrumbList","@id":"https:\/\/www.satt.fr\/en\/le-nouveau-plan-daffaires-2019-2021-de-la-satt-ouest-valorisation\/#breadcrumb","itemListElement":[{"@type":"ListItem","position":1,"name":"Accueil","item":"https:\/\/www.satt.fr\/en\/"},{"@type":"ListItem","position":2,"name":"Le nouveau plan d\u2019affaires 2019-2021 pour la SATT Ouest Valorisation"}]},{"@type":"WebSite","@id":"https:\/\/www.satt.fr\/en\/#website","url":"https:\/\/www.satt.fr\/en\/","name":"R\u00e9seau SATT","description":"Les Soci\u00e9t\u00e9s d&#039;Acc\u00e9l\u00e9ration du Transfert de Technologies","potentialAction":[{"@type":"SearchAction","target":{"@type":"EntryPoint","urlTemplate":"https:\/\/www.satt.fr\/en\/?s={search_term_string}"},"query-input":{"@type":"PropertyValueSpecification","valueRequired":true,"valueName":"search_term_string"}}],"inLanguage":"en-US"},{"@type":"Person","@id":"https:\/\/www.satt.fr\/en\/#\/schema\/person\/9e1c7c894ee96f796d7432f284cf503e","name":"Anne Guedon","url":"https:\/\/www.satt.fr\/en\/author\/anne\/"}]}},"_links":{"self":[{"href":"https:\/\/www.satt.fr\/en\/wp-json\/wp\/v2\/posts\/14982","targetHints":{"allow":["GET"]}}],"collection":[{"href":"https:\/\/www.satt.fr\/en\/wp-json\/wp\/v2\/posts"}],"about":[{"href":"https:\/\/www.satt.fr\/en\/wp-json\/wp\/v2\/types\/post"}],"author":[{"embeddable":true,"href":"https:\/\/www.satt.fr\/en\/wp-json\/wp\/v2\/users\/10"}],"replies":[{"embeddable":true,"href":"https:\/\/www.satt.fr\/en\/wp-json\/wp\/v2\/comments?post=14982"}],"version-history":[{"count":1,"href":"https:\/\/www.satt.fr\/en\/wp-json\/wp\/v2\/posts\/14982\/revisions"}],"predecessor-version":[{"id":14984,"href":"https:\/\/www.satt.fr\/en\/wp-json\/wp\/v2\/posts\/14982\/revisions\/14984"}],"wp:featuredmedia":[{"embeddable":true,"href":"https:\/\/www.satt.fr\/en\/wp-json\/wp\/v2\/media\/14986"}],"wp:attachment":[{"href":"https:\/\/www.satt.fr\/en\/wp-json\/wp\/v2\/media?parent=14982"}],"wp:term":[{"taxonomy":"category","embeddable":true,"href":"https:\/\/www.satt.fr\/en\/wp-json\/wp\/v2\/categories?post=14982"},{"taxonomy":"post_tag","embeddable":true,"href":"https:\/\/www.satt.fr\/en\/wp-json\/wp\/v2\/tags?post=14982"}],"curies":[{"name":"wp","href":"https:\/\/api.w.org\/{rel}","templated":true}]}}