{"id":15184,"date":"2019-06-24T12:30:10","date_gmt":"2019-06-24T10:30:10","guid":{"rendered":"https:\/\/www.satt.fr\/maquette-macli-le-changement-climatique-en-kit-pedagogique\/"},"modified":"2019-06-24T13:32:03","modified_gmt":"2019-06-24T11:32:03","slug":"maquette-macli-le-changement-climatique-en-kit-pedagogique","status":"publish","type":"post","link":"https:\/\/www.satt.fr\/en\/maquette-macli-le-changement-climatique-en-kit-pedagogique\/","title":{"rendered":"SATT Sud-Est : Maquette MACLI, le changement climatique en kit p\u00e9dagogique"},"content":{"rendered":"<h2>La SATT Sud-Est et le Rectorat d\u2019Aix-Marseille ont men\u00e9 une exp\u00e9rimentation pilote, dans trois \u00e9tablissements scolaires, de la maquette MACLI, kit p\u00e9dagogique de sensibilisation pour comprendre le climat urbain<\/h2>\n<div class=\"wpb_text_column wpb_content_element \">\n<div class=\"wpb_wrapper\">\n<h3>La maquette MACLI, nouvel outil p\u00e9dagogique de sensibilisation au ph\u00e9nom\u00e8ne d\u2019\u00eelots de chaleur urbains<\/h3>\n<p>Le r\u00e9chauffement climatique n\u00e9cessite d\u2019int\u00e9grer les ph\u00e9nom\u00e8nes naturels \u00e0 la mani\u00e8re de g\u00e9rer l\u2019habitat. Les \u00eelots de chaleur urbains \u2013 une concentration de chaleur nocturne plus importante en ville \u2013 constituent aujourd\u2019hui un \u00e9l\u00e9ment essentiel dans la r\u00e9flexion sur l\u2019usage des mat\u00e9riaux et la mani\u00e8re de construire la ville. Dans ce contexte, un outil p\u00e9dagogique de simulation des effets du changement climatique en milieu urbain, et notamment des \u00eelots de chaleur urbains, a \u00e9t\u00e9 mis au point par le Laboratoire Population, Environnement, D\u00e9veloppement (LPED, UMR 151 Aix-Marseille Universit\u00e9, Institut de Recherche pour le D\u00e9veloppement) et est accompagn\u00e9 par la SATT Sud-Est.<\/p>\n<p>Particuli\u00e8rement destin\u00e9 \u00e0 la sensibilisation des citoyens, \u00e9l\u00e8ves, \u00e9tudiants, \u00e0 l\u2019impact du changement climatique sur l\u2019am\u00e9nagement urbain, il a \u00e9t\u00e9 test\u00e9 pendant l\u2019ann\u00e9e scolaire 2018-19 au sein de trois \u00e9tablissements scolaires avec une grande diversit\u00e9 d\u2019approches p\u00e9dagogiques. Une restitution de son potentiel d\u2019exploitation au travers du retour d\u2019exp\u00e9rimentation men\u00e9e au sein de deux coll\u00e8ges (Le Ruissatel et Renoir) et du lyc\u00e9e Montgrand, Marseille a eu lieu le vendredi 14 juin 2019 \u00e0 l\u2019Espace Pouillon sur le site Saint Charles d\u2019Aix-Marseille Universit\u00e9.<\/p>\n<ul>\n<li><a href=\"https:\/\/www.sattse.com\/2019\/06\/16262\/\" target=\"_blank\" rel=\"noopener\">Consultez l&#8217;actu sur le site de la SATT Sud-Est<\/a><\/li>\n<li><a href=\"https:\/\/www.sattse.com\/wp-content\/uploads\/2019\/06\/DossierPresse_SATTSudEst_MACLI_190614.pdf\" target=\"_blank\" rel=\"noopener\">T\u00e9l\u00e9chargez le dossier de presse (PDF)<\/a><\/li>\n<\/ul>\n<\/div>\n<\/div>\n","protected":false},"excerpt":{"rendered":"<p>La SATT Sud-Est et le Rectorat d\u2019Aix-Marseille ont men\u00e9 une exp\u00e9rimentation pilote, dans trois \u00e9tablissements scolaires, de la maquette MACLI, kit p\u00e9dagogique de sensibilisation pour comprendre le climat urbain La maquette MACLI, nouvel outil p\u00e9dagogique de sensibilisation au ph\u00e9nom\u00e8ne d\u2019\u00eelots de chaleur urbains Le r\u00e9chauffement climatique n\u00e9cessite d\u2019int\u00e9grer les ph\u00e9nom\u00e8nes naturels \u00e0 la mani\u00e8re de [&hellip;]<\/p>\n","protected":false},"author":19,"featured_media":15186,"comment_status":"closed","ping_status":"closed","sticky":false,"template":"","format":"standard","meta":{"_acf_changed":false,"footnotes":""},"categories":[567],"tags":[],"class_list":["post-15184","post","type-post","status-publish","format-standard","has-post-thumbnail","hentry","category-news-en"],"acf":[],"yoast_head":"<!-- This site is optimized with the Yoast SEO plugin v27.4 - https:\/\/yoast.com\/product\/yoast-seo-wordpress\/ -->\n<title>MACLI, le changement climatique en kit p\u00e9dagogique par SATT Sud-Est<\/title>\n<meta name=\"description\" content=\"La SATT Sud-Est et le Rectorat d\u2019Aix-Marseille ont men\u00e9 une exp\u00e9rimentation pilote de la maquette MACLI pour comprendre le climat urbain\" \/>\n<meta name=\"robots\" content=\"index, follow, max-snippet:-1, max-image-preview:large, max-video-preview:-1\" \/>\n<link rel=\"canonical\" href=\"https:\/\/www.satt.fr\/en\/maquette-macli-le-changement-climatique-en-kit-pedagogique\/\" \/>\n<meta name=\"twitter:label1\" content=\"Written by\" \/>\n\t<meta name=\"twitter:data1\" content=\"Florent martin\" \/>\n\t<meta name=\"twitter:label2\" content=\"Est. reading time\" \/>\n\t<meta name=\"twitter:data2\" content=\"1 minute\" \/>\n<script type=\"application\/ld+json\" class=\"yoast-schema-graph\">{\"@context\":\"https:\\\/\\\/schema.org\",\"@graph\":[{\"@type\":\"Article\",\"@id\":\"https:\\\/\\\/www.satt.fr\\\/en\\\/maquette-macli-le-changement-climatique-en-kit-pedagogique\\\/#article\",\"isPartOf\":{\"@id\":\"https:\\\/\\\/www.satt.fr\\\/en\\\/maquette-macli-le-changement-climatique-en-kit-pedagogique\\\/\"},\"author\":{\"name\":\"Florent martin\",\"@id\":\"https:\\\/\\\/www.satt.fr\\\/en\\\/#\\\/schema\\\/person\\\/75a6a0c22ca8038651daf0ca1de36591\"},\"headline\":\"SATT Sud-Est : Maquette MACLI, le changement climatique en kit p\u00e9dagogique\",\"datePublished\":\"2019-06-24T10:30:10+00:00\",\"dateModified\":\"2019-06-24T11:32:03+00:00\",\"mainEntityOfPage\":{\"@id\":\"https:\\\/\\\/www.satt.fr\\\/en\\\/maquette-macli-le-changement-climatique-en-kit-pedagogique\\\/\"},\"wordCount\":287,\"image\":{\"@id\":\"https:\\\/\\\/www.satt.fr\\\/en\\\/maquette-macli-le-changement-climatique-en-kit-pedagogique\\\/#primaryimage\"},\"thumbnailUrl\":\"https:\\\/\\\/www.satt.fr\\\/wp-content\\\/uploads\\\/2019\\\/06\\\/SE-1.png\",\"articleSection\":[\"News\"],\"inLanguage\":\"en-US\"},{\"@type\":\"WebPage\",\"@id\":\"https:\\\/\\\/www.satt.fr\\\/en\\\/maquette-macli-le-changement-climatique-en-kit-pedagogique\\\/\",\"url\":\"https:\\\/\\\/www.satt.fr\\\/en\\\/maquette-macli-le-changement-climatique-en-kit-pedagogique\\\/\",\"name\":\"MACLI, le changement climatique en kit p\u00e9dagogique par SATT Sud-Est\",\"isPartOf\":{\"@id\":\"https:\\\/\\\/www.satt.fr\\\/en\\\/#website\"},\"primaryImageOfPage\":{\"@id\":\"https:\\\/\\\/www.satt.fr\\\/en\\\/maquette-macli-le-changement-climatique-en-kit-pedagogique\\\/#primaryimage\"},\"image\":{\"@id\":\"https:\\\/\\\/www.satt.fr\\\/en\\\/maquette-macli-le-changement-climatique-en-kit-pedagogique\\\/#primaryimage\"},\"thumbnailUrl\":\"https:\\\/\\\/www.satt.fr\\\/wp-content\\\/uploads\\\/2019\\\/06\\\/SE-1.png\",\"datePublished\":\"2019-06-24T10:30:10+00:00\",\"dateModified\":\"2019-06-24T11:32:03+00:00\",\"author\":{\"@id\":\"https:\\\/\\\/www.satt.fr\\\/en\\\/#\\\/schema\\\/person\\\/75a6a0c22ca8038651daf0ca1de36591\"},\"description\":\"La SATT Sud-Est et le Rectorat d\u2019Aix-Marseille ont men\u00e9 une exp\u00e9rimentation pilote de la maquette MACLI pour comprendre le climat urbain\",\"breadcrumb\":{\"@id\":\"https:\\\/\\\/www.satt.fr\\\/en\\\/maquette-macli-le-changement-climatique-en-kit-pedagogique\\\/#breadcrumb\"},\"inLanguage\":\"en-US\",\"potentialAction\":[{\"@type\":\"ReadAction\",\"target\":[\"https:\\\/\\\/www.satt.fr\\\/en\\\/maquette-macli-le-changement-climatique-en-kit-pedagogique\\\/\"]}]},{\"@type\":\"ImageObject\",\"inLanguage\":\"en-US\",\"@id\":\"https:\\\/\\\/www.satt.fr\\\/en\\\/maquette-macli-le-changement-climatique-en-kit-pedagogique\\\/#primaryimage\",\"url\":\"https:\\\/\\\/www.satt.fr\\\/wp-content\\\/uploads\\\/2019\\\/06\\\/SE-1.png\",\"contentUrl\":\"https:\\\/\\\/www.satt.fr\\\/wp-content\\\/uploads\\\/2019\\\/06\\\/SE-1.png\",\"width\":1296,\"height\":722},{\"@type\":\"BreadcrumbList\",\"@id\":\"https:\\\/\\\/www.satt.fr\\\/en\\\/maquette-macli-le-changement-climatique-en-kit-pedagogique\\\/#breadcrumb\",\"itemListElement\":[{\"@type\":\"ListItem\",\"position\":1,\"name\":\"Accueil\",\"item\":\"https:\\\/\\\/www.satt.fr\\\/en\\\/\"},{\"@type\":\"ListItem\",\"position\":2,\"name\":\"SATT Sud-Est : Maquette MACLI, le changement climatique en kit p\u00e9dagogique\"}]},{\"@type\":\"WebSite\",\"@id\":\"https:\\\/\\\/www.satt.fr\\\/en\\\/#website\",\"url\":\"https:\\\/\\\/www.satt.fr\\\/en\\\/\",\"name\":\"R\u00e9seau SATT\",\"description\":\"Les Soci\u00e9t\u00e9s d&#039;Acc\u00e9l\u00e9ration du Transfert de Technologies\",\"potentialAction\":[{\"@type\":\"SearchAction\",\"target\":{\"@type\":\"EntryPoint\",\"urlTemplate\":\"https:\\\/\\\/www.satt.fr\\\/en\\\/?s={search_term_string}\"},\"query-input\":{\"@type\":\"PropertyValueSpecification\",\"valueRequired\":true,\"valueName\":\"search_term_string\"}}],\"inLanguage\":\"en-US\"},{\"@type\":\"Person\",\"@id\":\"https:\\\/\\\/www.satt.fr\\\/en\\\/#\\\/schema\\\/person\\\/75a6a0c22ca8038651daf0ca1de36591\",\"name\":\"Florent martin\",\"url\":\"https:\\\/\\\/www.satt.fr\\\/en\\\/author\\\/florent\\\/\"}]}<\/script>\n<!-- \/ Yoast SEO plugin. -->","yoast_head_json":{"title":"MACLI, le changement climatique en kit p\u00e9dagogique par SATT Sud-Est","description":"La SATT Sud-Est et le Rectorat d\u2019Aix-Marseille ont men\u00e9 une exp\u00e9rimentation pilote de la maquette MACLI pour comprendre le climat urbain","robots":{"index":"index","follow":"follow","max-snippet":"max-snippet:-1","max-image-preview":"max-image-preview:large","max-video-preview":"max-video-preview:-1"},"canonical":"https:\/\/www.satt.fr\/en\/maquette-macli-le-changement-climatique-en-kit-pedagogique\/","twitter_misc":{"Written by":"Florent martin","Est. reading time":"1 minute"},"schema":{"@context":"https:\/\/schema.org","@graph":[{"@type":"Article","@id":"https:\/\/www.satt.fr\/en\/maquette-macli-le-changement-climatique-en-kit-pedagogique\/#article","isPartOf":{"@id":"https:\/\/www.satt.fr\/en\/maquette-macli-le-changement-climatique-en-kit-pedagogique\/"},"author":{"name":"Florent martin","@id":"https:\/\/www.satt.fr\/en\/#\/schema\/person\/75a6a0c22ca8038651daf0ca1de36591"},"headline":"SATT Sud-Est : Maquette MACLI, le changement climatique en kit p\u00e9dagogique","datePublished":"2019-06-24T10:30:10+00:00","dateModified":"2019-06-24T11:32:03+00:00","mainEntityOfPage":{"@id":"https:\/\/www.satt.fr\/en\/maquette-macli-le-changement-climatique-en-kit-pedagogique\/"},"wordCount":287,"image":{"@id":"https:\/\/www.satt.fr\/en\/maquette-macli-le-changement-climatique-en-kit-pedagogique\/#primaryimage"},"thumbnailUrl":"https:\/\/www.satt.fr\/wp-content\/uploads\/2019\/06\/SE-1.png","articleSection":["News"],"inLanguage":"en-US"},{"@type":"WebPage","@id":"https:\/\/www.satt.fr\/en\/maquette-macli-le-changement-climatique-en-kit-pedagogique\/","url":"https:\/\/www.satt.fr\/en\/maquette-macli-le-changement-climatique-en-kit-pedagogique\/","name":"MACLI, le changement climatique en kit p\u00e9dagogique par SATT Sud-Est","isPartOf":{"@id":"https:\/\/www.satt.fr\/en\/#website"},"primaryImageOfPage":{"@id":"https:\/\/www.satt.fr\/en\/maquette-macli-le-changement-climatique-en-kit-pedagogique\/#primaryimage"},"image":{"@id":"https:\/\/www.satt.fr\/en\/maquette-macli-le-changement-climatique-en-kit-pedagogique\/#primaryimage"},"thumbnailUrl":"https:\/\/www.satt.fr\/wp-content\/uploads\/2019\/06\/SE-1.png","datePublished":"2019-06-24T10:30:10+00:00","dateModified":"2019-06-24T11:32:03+00:00","author":{"@id":"https:\/\/www.satt.fr\/en\/#\/schema\/person\/75a6a0c22ca8038651daf0ca1de36591"},"description":"La SATT Sud-Est et le Rectorat d\u2019Aix-Marseille ont men\u00e9 une exp\u00e9rimentation pilote de la maquette MACLI pour comprendre le climat urbain","breadcrumb":{"@id":"https:\/\/www.satt.fr\/en\/maquette-macli-le-changement-climatique-en-kit-pedagogique\/#breadcrumb"},"inLanguage":"en-US","potentialAction":[{"@type":"ReadAction","target":["https:\/\/www.satt.fr\/en\/maquette-macli-le-changement-climatique-en-kit-pedagogique\/"]}]},{"@type":"ImageObject","inLanguage":"en-US","@id":"https:\/\/www.satt.fr\/en\/maquette-macli-le-changement-climatique-en-kit-pedagogique\/#primaryimage","url":"https:\/\/www.satt.fr\/wp-content\/uploads\/2019\/06\/SE-1.png","contentUrl":"https:\/\/www.satt.fr\/wp-content\/uploads\/2019\/06\/SE-1.png","width":1296,"height":722},{"@type":"BreadcrumbList","@id":"https:\/\/www.satt.fr\/en\/maquette-macli-le-changement-climatique-en-kit-pedagogique\/#breadcrumb","itemListElement":[{"@type":"ListItem","position":1,"name":"Accueil","item":"https:\/\/www.satt.fr\/en\/"},{"@type":"ListItem","position":2,"name":"SATT Sud-Est : Maquette MACLI, le changement climatique en kit p\u00e9dagogique"}]},{"@type":"WebSite","@id":"https:\/\/www.satt.fr\/en\/#website","url":"https:\/\/www.satt.fr\/en\/","name":"R\u00e9seau SATT","description":"Les Soci\u00e9t\u00e9s d&#039;Acc\u00e9l\u00e9ration du Transfert de Technologies","potentialAction":[{"@type":"SearchAction","target":{"@type":"EntryPoint","urlTemplate":"https:\/\/www.satt.fr\/en\/?s={search_term_string}"},"query-input":{"@type":"PropertyValueSpecification","valueRequired":true,"valueName":"search_term_string"}}],"inLanguage":"en-US"},{"@type":"Person","@id":"https:\/\/www.satt.fr\/en\/#\/schema\/person\/75a6a0c22ca8038651daf0ca1de36591","name":"Florent martin","url":"https:\/\/www.satt.fr\/en\/author\/florent\/"}]}},"_links":{"self":[{"href":"https:\/\/www.satt.fr\/en\/wp-json\/wp\/v2\/posts\/15184","targetHints":{"allow":["GET"]}}],"collection":[{"href":"https:\/\/www.satt.fr\/en\/wp-json\/wp\/v2\/posts"}],"about":[{"href":"https:\/\/www.satt.fr\/en\/wp-json\/wp\/v2\/types\/post"}],"author":[{"embeddable":true,"href":"https:\/\/www.satt.fr\/en\/wp-json\/wp\/v2\/users\/19"}],"replies":[{"embeddable":true,"href":"https:\/\/www.satt.fr\/en\/wp-json\/wp\/v2\/comments?post=15184"}],"version-history":[{"count":1,"href":"https:\/\/www.satt.fr\/en\/wp-json\/wp\/v2\/posts\/15184\/revisions"}],"predecessor-version":[{"id":15187,"href":"https:\/\/www.satt.fr\/en\/wp-json\/wp\/v2\/posts\/15184\/revisions\/15187"}],"wp:featuredmedia":[{"embeddable":true,"href":"https:\/\/www.satt.fr\/en\/wp-json\/wp\/v2\/media\/15186"}],"wp:attachment":[{"href":"https:\/\/www.satt.fr\/en\/wp-json\/wp\/v2\/media?parent=15184"}],"wp:term":[{"taxonomy":"category","embeddable":true,"href":"https:\/\/www.satt.fr\/en\/wp-json\/wp\/v2\/categories?post=15184"},{"taxonomy":"post_tag","embeddable":true,"href":"https:\/\/www.satt.fr\/en\/wp-json\/wp\/v2\/tags?post=15184"}],"curies":[{"name":"wp","href":"https:\/\/api.w.org\/{rel}","templated":true}]}}