{"id":16054,"date":"2019-09-23T15:04:39","date_gmt":"2019-09-23T13:04:39","guid":{"rendered":"https:\/\/www.satt.fr\/?p=16054"},"modified":"2019-09-23T15:04:39","modified_gmt":"2019-09-23T13:04:39","slug":"future-days-heritages-et-anticipations-urbaines","status":"publish","type":"post","link":"https:\/\/www.satt.fr\/en\/future-days-heritages-et-anticipations-urbaines\/","title":{"rendered":"Future Days &#8211; H\u00e9ritages et anticipations urbaines"},"content":{"rendered":"<p>Les Future Days, l&#8217;\u00e9v\u00e9nement du Grand Paris sur les villes de demain, reviennent les\u00a0<em><strong>27 et 28 novembre 2019<\/strong><\/em>\u00a0\u00e0\u00a0<em><strong>ESIEE Paris<\/strong><\/em>.<\/p>\n<p>Pour la premi\u00e8re fois dans l\u2019histoire, plus de la moiti\u00e9 de l\u2019humanit\u00e9 vit dans des zones urbanis\u00e9es.<\/p>\n<p>Trait d\u2019union entre le pass\u00e9 et le futur, la ville peut-elle \u00eatre durable, humaine, socialement inclusive avec la technologie au service de notre qualit\u00e9 de vie ? Comment la ville peut-elle se transformer pour r\u00e9pondre \u00e0 de nouveaux besoins, imm\u00e9diats ou \u00e0 long terme : grands travaux, m\u00e9ga-\u00e9v\u00e9nements, ville \u00e9ph\u00e9m\u00e8re ?<\/p>\n<p>D\u00e9couvrez le programme pr\u00e9visionnel de l&#8217;\u00e9dition 2019 et inscrivez-vous sur<strong>\u00a0<\/strong><a href=\"http:\/\/www.futuredays.fr\/\">http:\/\/www.futuredays.fr\/<\/a><\/p>\n","protected":false},"excerpt":{"rendered":"<p>Les Future Days, l&#8217;\u00e9v\u00e9nement du Grand Paris sur les villes de demain, reviennent les\u00a027 et 28 novembre 2019\u00a0\u00e0\u00a0ESIEE Paris. Pour la premi\u00e8re fois dans l\u2019histoire, plus de la moiti\u00e9 de l\u2019humanit\u00e9 vit dans des zones urbanis\u00e9es. Trait d\u2019union entre le pass\u00e9 et le futur, la ville peut-elle \u00eatre durable, humaine, socialement inclusive avec la technologie [&hellip;]<\/p>\n","protected":false},"author":8,"featured_media":16057,"comment_status":"closed","ping_status":"closed","sticky":false,"template":"","format":"standard","meta":{"_acf_changed":false,"footnotes":""},"categories":[538],"tags":[],"class_list":["post-16054","post","type-post","status-publish","format-standard","has-post-thumbnail","hentry","category-evenement"],"acf":[],"yoast_head":"<!-- This site is optimized with the Yoast SEO plugin v27.4 - https:\/\/yoast.com\/product\/yoast-seo-wordpress\/ -->\n<title>Future Days - H\u00e9ritages et anticipations urbaines - R\u00e9seau SATT<\/title>\n<meta name=\"robots\" content=\"index, follow, max-snippet:-1, max-image-preview:large, max-video-preview:-1\" \/>\n<link rel=\"canonical\" href=\"https:\/\/www.satt.fr\/future-days-heritages-et-anticipations-urbaines\/\" \/>\n<meta name=\"twitter:label1\" content=\"Written by\" \/>\n\t<meta name=\"twitter:data1\" content=\"Caroline PONTIFICE\" \/>\n\t<meta name=\"twitter:label2\" content=\"Est. reading time\" \/>\n\t<meta name=\"twitter:data2\" content=\"1 minute\" \/>\n<script type=\"application\/ld+json\" class=\"yoast-schema-graph\">{\"@context\":\"https:\\\/\\\/schema.org\",\"@graph\":[{\"@type\":\"Article\",\"@id\":\"https:\\\/\\\/www.satt.fr\\\/future-days-heritages-et-anticipations-urbaines\\\/#article\",\"isPartOf\":{\"@id\":\"https:\\\/\\\/www.satt.fr\\\/future-days-heritages-et-anticipations-urbaines\\\/\"},\"author\":{\"name\":\"Caroline PONTIFICE\",\"@id\":\"https:\\\/\\\/www.satt.fr\\\/en\\\/#\\\/schema\\\/person\\\/64ee65998b5d45d20e9cfd11af51d410\"},\"headline\":\"Future Days &#8211; H\u00e9ritages et anticipations urbaines\",\"datePublished\":\"2019-09-23T13:04:39+00:00\",\"mainEntityOfPage\":{\"@id\":\"https:\\\/\\\/www.satt.fr\\\/future-days-heritages-et-anticipations-urbaines\\\/\"},\"wordCount\":119,\"image\":{\"@id\":\"https:\\\/\\\/www.satt.fr\\\/future-days-heritages-et-anticipations-urbaines\\\/#primaryimage\"},\"thumbnailUrl\":\"https:\\\/\\\/www.satt.fr\\\/wp-content\\\/uploads\\\/2019\\\/09\\\/Future-Days.png\",\"articleSection\":[\"Ev\u00e9nements\"],\"inLanguage\":\"en-US\"},{\"@type\":\"WebPage\",\"@id\":\"https:\\\/\\\/www.satt.fr\\\/future-days-heritages-et-anticipations-urbaines\\\/\",\"url\":\"https:\\\/\\\/www.satt.fr\\\/future-days-heritages-et-anticipations-urbaines\\\/\",\"name\":\"Future Days - H\u00e9ritages et anticipations urbaines - R\u00e9seau SATT\",\"isPartOf\":{\"@id\":\"https:\\\/\\\/www.satt.fr\\\/en\\\/#website\"},\"primaryImageOfPage\":{\"@id\":\"https:\\\/\\\/www.satt.fr\\\/future-days-heritages-et-anticipations-urbaines\\\/#primaryimage\"},\"image\":{\"@id\":\"https:\\\/\\\/www.satt.fr\\\/future-days-heritages-et-anticipations-urbaines\\\/#primaryimage\"},\"thumbnailUrl\":\"https:\\\/\\\/www.satt.fr\\\/wp-content\\\/uploads\\\/2019\\\/09\\\/Future-Days.png\",\"datePublished\":\"2019-09-23T13:04:39+00:00\",\"author\":{\"@id\":\"https:\\\/\\\/www.satt.fr\\\/en\\\/#\\\/schema\\\/person\\\/64ee65998b5d45d20e9cfd11af51d410\"},\"breadcrumb\":{\"@id\":\"https:\\\/\\\/www.satt.fr\\\/future-days-heritages-et-anticipations-urbaines\\\/#breadcrumb\"},\"inLanguage\":\"en-US\",\"potentialAction\":[{\"@type\":\"ReadAction\",\"target\":[\"https:\\\/\\\/www.satt.fr\\\/future-days-heritages-et-anticipations-urbaines\\\/\"]}]},{\"@type\":\"ImageObject\",\"inLanguage\":\"en-US\",\"@id\":\"https:\\\/\\\/www.satt.fr\\\/future-days-heritages-et-anticipations-urbaines\\\/#primaryimage\",\"url\":\"https:\\\/\\\/www.satt.fr\\\/wp-content\\\/uploads\\\/2019\\\/09\\\/Future-Days.png\",\"contentUrl\":\"https:\\\/\\\/www.satt.fr\\\/wp-content\\\/uploads\\\/2019\\\/09\\\/Future-Days.png\",\"width\":924,\"height\":462},{\"@type\":\"BreadcrumbList\",\"@id\":\"https:\\\/\\\/www.satt.fr\\\/future-days-heritages-et-anticipations-urbaines\\\/#breadcrumb\",\"itemListElement\":[{\"@type\":\"ListItem\",\"position\":1,\"name\":\"Accueil\",\"item\":\"https:\\\/\\\/www.satt.fr\\\/en\\\/\"},{\"@type\":\"ListItem\",\"position\":2,\"name\":\"Future Days &#8211; H\u00e9ritages et anticipations urbaines\"}]},{\"@type\":\"WebSite\",\"@id\":\"https:\\\/\\\/www.satt.fr\\\/en\\\/#website\",\"url\":\"https:\\\/\\\/www.satt.fr\\\/en\\\/\",\"name\":\"R\u00e9seau SATT\",\"description\":\"Les Soci\u00e9t\u00e9s d&#039;Acc\u00e9l\u00e9ration du Transfert de Technologies\",\"potentialAction\":[{\"@type\":\"SearchAction\",\"target\":{\"@type\":\"EntryPoint\",\"urlTemplate\":\"https:\\\/\\\/www.satt.fr\\\/en\\\/?s={search_term_string}\"},\"query-input\":{\"@type\":\"PropertyValueSpecification\",\"valueRequired\":true,\"valueName\":\"search_term_string\"}}],\"inLanguage\":\"en-US\"},{\"@type\":\"Person\",\"@id\":\"https:\\\/\\\/www.satt.fr\\\/en\\\/#\\\/schema\\\/person\\\/64ee65998b5d45d20e9cfd11af51d410\",\"name\":\"Caroline PONTIFICE\",\"url\":\"https:\\\/\\\/www.satt.fr\\\/en\\\/author\\\/caroline\\\/\"}]}<\/script>\n<!-- \/ Yoast SEO plugin. -->","yoast_head_json":{"title":"Future Days - H\u00e9ritages et anticipations urbaines - R\u00e9seau SATT","robots":{"index":"index","follow":"follow","max-snippet":"max-snippet:-1","max-image-preview":"max-image-preview:large","max-video-preview":"max-video-preview:-1"},"canonical":"https:\/\/www.satt.fr\/future-days-heritages-et-anticipations-urbaines\/","twitter_misc":{"Written by":"Caroline PONTIFICE","Est. reading time":"1 minute"},"schema":{"@context":"https:\/\/schema.org","@graph":[{"@type":"Article","@id":"https:\/\/www.satt.fr\/future-days-heritages-et-anticipations-urbaines\/#article","isPartOf":{"@id":"https:\/\/www.satt.fr\/future-days-heritages-et-anticipations-urbaines\/"},"author":{"name":"Caroline PONTIFICE","@id":"https:\/\/www.satt.fr\/en\/#\/schema\/person\/64ee65998b5d45d20e9cfd11af51d410"},"headline":"Future Days &#8211; H\u00e9ritages et anticipations urbaines","datePublished":"2019-09-23T13:04:39+00:00","mainEntityOfPage":{"@id":"https:\/\/www.satt.fr\/future-days-heritages-et-anticipations-urbaines\/"},"wordCount":119,"image":{"@id":"https:\/\/www.satt.fr\/future-days-heritages-et-anticipations-urbaines\/#primaryimage"},"thumbnailUrl":"https:\/\/www.satt.fr\/wp-content\/uploads\/2019\/09\/Future-Days.png","articleSection":["Ev\u00e9nements"],"inLanguage":"en-US"},{"@type":"WebPage","@id":"https:\/\/www.satt.fr\/future-days-heritages-et-anticipations-urbaines\/","url":"https:\/\/www.satt.fr\/future-days-heritages-et-anticipations-urbaines\/","name":"Future Days - H\u00e9ritages et anticipations urbaines - R\u00e9seau SATT","isPartOf":{"@id":"https:\/\/www.satt.fr\/en\/#website"},"primaryImageOfPage":{"@id":"https:\/\/www.satt.fr\/future-days-heritages-et-anticipations-urbaines\/#primaryimage"},"image":{"@id":"https:\/\/www.satt.fr\/future-days-heritages-et-anticipations-urbaines\/#primaryimage"},"thumbnailUrl":"https:\/\/www.satt.fr\/wp-content\/uploads\/2019\/09\/Future-Days.png","datePublished":"2019-09-23T13:04:39+00:00","author":{"@id":"https:\/\/www.satt.fr\/en\/#\/schema\/person\/64ee65998b5d45d20e9cfd11af51d410"},"breadcrumb":{"@id":"https:\/\/www.satt.fr\/future-days-heritages-et-anticipations-urbaines\/#breadcrumb"},"inLanguage":"en-US","potentialAction":[{"@type":"ReadAction","target":["https:\/\/www.satt.fr\/future-days-heritages-et-anticipations-urbaines\/"]}]},{"@type":"ImageObject","inLanguage":"en-US","@id":"https:\/\/www.satt.fr\/future-days-heritages-et-anticipations-urbaines\/#primaryimage","url":"https:\/\/www.satt.fr\/wp-content\/uploads\/2019\/09\/Future-Days.png","contentUrl":"https:\/\/www.satt.fr\/wp-content\/uploads\/2019\/09\/Future-Days.png","width":924,"height":462},{"@type":"BreadcrumbList","@id":"https:\/\/www.satt.fr\/future-days-heritages-et-anticipations-urbaines\/#breadcrumb","itemListElement":[{"@type":"ListItem","position":1,"name":"Accueil","item":"https:\/\/www.satt.fr\/en\/"},{"@type":"ListItem","position":2,"name":"Future Days &#8211; H\u00e9ritages et anticipations urbaines"}]},{"@type":"WebSite","@id":"https:\/\/www.satt.fr\/en\/#website","url":"https:\/\/www.satt.fr\/en\/","name":"R\u00e9seau SATT","description":"Les Soci\u00e9t\u00e9s d&#039;Acc\u00e9l\u00e9ration du Transfert de Technologies","potentialAction":[{"@type":"SearchAction","target":{"@type":"EntryPoint","urlTemplate":"https:\/\/www.satt.fr\/en\/?s={search_term_string}"},"query-input":{"@type":"PropertyValueSpecification","valueRequired":true,"valueName":"search_term_string"}}],"inLanguage":"en-US"},{"@type":"Person","@id":"https:\/\/www.satt.fr\/en\/#\/schema\/person\/64ee65998b5d45d20e9cfd11af51d410","name":"Caroline PONTIFICE","url":"https:\/\/www.satt.fr\/en\/author\/caroline\/"}]}},"_links":{"self":[{"href":"https:\/\/www.satt.fr\/en\/wp-json\/wp\/v2\/posts\/16054","targetHints":{"allow":["GET"]}}],"collection":[{"href":"https:\/\/www.satt.fr\/en\/wp-json\/wp\/v2\/posts"}],"about":[{"href":"https:\/\/www.satt.fr\/en\/wp-json\/wp\/v2\/types\/post"}],"author":[{"embeddable":true,"href":"https:\/\/www.satt.fr\/en\/wp-json\/wp\/v2\/users\/8"}],"replies":[{"embeddable":true,"href":"https:\/\/www.satt.fr\/en\/wp-json\/wp\/v2\/comments?post=16054"}],"version-history":[{"count":1,"href":"https:\/\/www.satt.fr\/en\/wp-json\/wp\/v2\/posts\/16054\/revisions"}],"predecessor-version":[{"id":16059,"href":"https:\/\/www.satt.fr\/en\/wp-json\/wp\/v2\/posts\/16054\/revisions\/16059"}],"wp:featuredmedia":[{"embeddable":true,"href":"https:\/\/www.satt.fr\/en\/wp-json\/wp\/v2\/media\/16057"}],"wp:attachment":[{"href":"https:\/\/www.satt.fr\/en\/wp-json\/wp\/v2\/media?parent=16054"}],"wp:term":[{"taxonomy":"category","embeddable":true,"href":"https:\/\/www.satt.fr\/en\/wp-json\/wp\/v2\/categories?post=16054"},{"taxonomy":"post_tag","embeddable":true,"href":"https:\/\/www.satt.fr\/en\/wp-json\/wp\/v2\/tags?post=16054"}],"curies":[{"name":"wp","href":"https:\/\/api.w.org\/{rel}","templated":true}]}}