{"id":16527,"date":"2019-10-22T17:01:17","date_gmt":"2019-10-22T15:01:17","guid":{"rendered":"https:\/\/www.satt.fr\/strasbourg-accueille-le-deeptech-tour-le-16-janvier-2020\/"},"modified":"2019-10-22T17:01:17","modified_gmt":"2019-10-22T15:01:17","slug":"strasbourg-accueille-le-deeptech-tour-le-16-janvier-2020","status":"publish","type":"post","link":"https:\/\/www.satt.fr\/en\/strasbourg-accueille-le-deeptech-tour-le-16-janvier-2020\/","title":{"rendered":"Strasbourg accueille le Deeptech Tour le 16 janvier 2020 !"},"content":{"rendered":"<h2><strong>Vous souhaitez co-fonder \/ accompagner une startup issue d&#8217;un laboratoire de recherche public, ou tout simplement vous familiariser avec la notion de startup Deeptech et de transfert de technologies ? Profitez de l&#8217;\u00e9v\u00e9nement Deeptech Tour initi\u00e9 par Bpifrance le 16 janvier prochain \u00e0 Strasbourg ! <\/strong><\/h2>\n<h2><strong>La SATT Conectus est heureuse de contribuer activement \u00e0 l&#8217;animation de cet \u00e9v\u00e9nement, aux c\u00f4t\u00e9s de l&#8217;ensemble des partenaires de l&#8217;\u00e9cosyst\u00e8me d&#8217;innovation strasbourgeois.<\/strong><\/h2>\n<p>&nbsp;<\/p>\n<p><img loading=\"lazy\" decoding=\"async\" class=\"aligncenter size-full wp-image-16518\" src=\"https:\/\/www.satt.fr\/wp-content\/uploads\/2019\/10\/Logo-DeeptechTour_Horizontal_CMJN-1.jpg\" alt=\"Logo Deeptech Tour\" width=\"3254\" height=\"639\" srcset=\"https:\/\/www.satt.fr\/wp-content\/uploads\/2019\/10\/Logo-DeeptechTour_Horizontal_CMJN-1.jpg 3254w, https:\/\/www.satt.fr\/wp-content\/uploads\/2019\/10\/Logo-DeeptechTour_Horizontal_CMJN-1-150x29.jpg 150w, https:\/\/www.satt.fr\/wp-content\/uploads\/2019\/10\/Logo-DeeptechTour_Horizontal_CMJN-1-300x59.jpg 300w, https:\/\/www.satt.fr\/wp-content\/uploads\/2019\/10\/Logo-DeeptechTour_Horizontal_CMJN-1-768x151.jpg 768w, https:\/\/www.satt.fr\/wp-content\/uploads\/2019\/10\/Logo-DeeptechTour_Horizontal_CMJN-1-1024x201.jpg 1024w, https:\/\/www.satt.fr\/wp-content\/uploads\/2019\/10\/Logo-DeeptechTour_Horizontal_CMJN-1-500x98.jpg 500w, https:\/\/www.satt.fr\/wp-content\/uploads\/2019\/10\/Logo-DeeptechTour_Horizontal_CMJN-1-600x118.jpg 600w, https:\/\/www.satt.fr\/wp-content\/uploads\/2019\/10\/Logo-DeeptechTour_Horizontal_CMJN-1-200x39.jpg 200w\" sizes=\"auto, (max-width: 3254px) 100vw, 3254px\" \/><\/p>\n<p>Fonder, cofonder ou accompagner une startup sont des moyens pour les chercheurs et laboratoires de voir leurs technologies utilis\u00e9es pour r\u00e9pondre \u00e0 des enjeux majeurs de soci\u00e9t\u00e9, industriels ou environnementaux. Un \u00e9cosyst\u00e8me dynamique d&#8217;accompagnement de ces projets existe, compl\u00e9t\u00e9 par de nouveaux financements et lois.<\/p>\n<p class=\"txt-dark-blue\"><strong>Chercheurs, doctorants, \u00e9tudiants-entrepreneurs, professionnels de la valorisation de la recherche, acteurs r\u00e9gionaux de l&#8217;innovation, le Deeptech Tour est fait pour vous !<\/strong>\u00a0<\/p>\n<p class=\"txt-dark-blue\"><strong>Prises de paroles, workshops, rencontres, \u00e9changes entre acteurs de l&#8217;\u00e9cosyst\u00e8me&#8230; D\u00e9couvrez ces formidables opportunit\u00e9s le 16 janvier 2020\u00a0\u00e0 Strasbourg.<\/strong><\/p>\n<p class=\"txt-light-blue\"><u><strong><a href=\"https:\/\/evenium-site.com\/site\/le-deeptech-tour-strasbourg\/programme;jsessionid=L7sMu5LZcwREYwMGZqzMBI8J.gl1?pg=programme\" target=\"_blank\" rel=\"noopener\">JE DECOUVRE LE PROGRAMME\u00a0<\/a><\/strong><\/u><\/p>\n<p class=\"txt-light-blue\"><strong><u><a href=\"https:\/\/evenium-site.com\/site\/le-deeptech-tour-strasbourg\/inscription;jsessionid=L7sMu5LZcwREYwMGZqzMBI8J.gl1?pg=inscription\" target=\"_blank\" rel=\"noopener\">JE M&#8217;INSCRIS !<\/a><\/u><\/strong><\/p>\n<p>&nbsp;<\/p>\n<table style=\"background-color: #009fe3;\">\n<tbody>\n<tr>\n<td>\n<p><span style=\"color: #ffffff;\"><strong><br \/>\nVenez \u00e0 la rencontre de la SATT Conectus !<br \/>\n<\/strong><\/span><br \/>\n<span style=\"color: #ffffff;\">Les experts de Conectus animeront un track sur les cl\u00e9s du succ\u00e8s d&#8217;un bon transfert de technologies. Ils seront \u00e9galement pr\u00e9sents sur un stand d\u00e9di\u00e9 o\u00f9 vous pourrez d\u00e9couvrir et appr\u00e9hender toutes les facettes et modalit\u00e9s du transfert de technologies. Venez nous rencontrer pour parler innovation ! <a style=\"color: #ffffff;\" href=\"http:\/\/www.conectus.fr\">www.conectus.fr<\/a>\u00a0<\/span><\/p>\n<\/td>\n<\/tr>\n<\/tbody>\n<\/table>\n","protected":false},"excerpt":{"rendered":"<p>Vous souhaitez co-fonder \/ accompagner une startup issue d&#8217;un laboratoire de recherche public, ou tout simplement vous familiariser avec la notion de startup Deeptech et de transfert de technologies ? Profitez de l&#8217;\u00e9v\u00e9nement Deeptech Tour initi\u00e9 par Bpifrance le 16 janvier prochain \u00e0 Strasbourg ! La SATT Conectus est heureuse de contribuer activement \u00e0 l&#8217;animation [&hellip;]<\/p>\n","protected":false},"author":7,"featured_media":16514,"comment_status":"closed","ping_status":"closed","sticky":false,"template":"","format":"standard","meta":{"_acf_changed":false,"footnotes":""},"categories":[560,567,604],"tags":[],"class_list":["post-16527","post","type-post","status-publish","format-standard","has-post-thumbnail","hentry","category-event-en","category-news-en","category-startup-en"],"acf":[],"yoast_head":"<!-- This site is optimized with the Yoast SEO plugin v27.4 - https:\/\/yoast.com\/product\/yoast-seo-wordpress\/ -->\n<title>Strasbourg accueille le Deeptech Tour le 16 janvier 2020 ! - R\u00e9seau SATT<\/title>\n<meta name=\"robots\" content=\"index, follow, max-snippet:-1, max-image-preview:large, max-video-preview:-1\" \/>\n<link rel=\"canonical\" href=\"https:\/\/www.satt.fr\/en\/strasbourg-accueille-le-deeptech-tour-le-16-janvier-2020\/\" \/>\n<meta name=\"twitter:label1\" content=\"Written by\" \/>\n\t<meta name=\"twitter:data1\" content=\"France MANDRY\" \/>\n\t<meta name=\"twitter:label2\" content=\"Est. reading time\" \/>\n\t<meta name=\"twitter:data2\" content=\"1 minute\" \/>\n<script type=\"application\/ld+json\" class=\"yoast-schema-graph\">{\"@context\":\"https:\\\/\\\/schema.org\",\"@graph\":[{\"@type\":\"Article\",\"@id\":\"https:\\\/\\\/www.satt.fr\\\/en\\\/strasbourg-accueille-le-deeptech-tour-le-16-janvier-2020\\\/#article\",\"isPartOf\":{\"@id\":\"https:\\\/\\\/www.satt.fr\\\/en\\\/strasbourg-accueille-le-deeptech-tour-le-16-janvier-2020\\\/\"},\"author\":{\"name\":\"France MANDRY\",\"@id\":\"https:\\\/\\\/www.satt.fr\\\/en\\\/#\\\/schema\\\/person\\\/3c07a164c17f01f656480221ba81ab4e\"},\"headline\":\"Strasbourg accueille le Deeptech Tour le 16 janvier 2020 !\",\"datePublished\":\"2019-10-22T15:01:17+00:00\",\"mainEntityOfPage\":{\"@id\":\"https:\\\/\\\/www.satt.fr\\\/en\\\/strasbourg-accueille-le-deeptech-tour-le-16-janvier-2020\\\/\"},\"wordCount\":247,\"image\":{\"@id\":\"https:\\\/\\\/www.satt.fr\\\/en\\\/strasbourg-accueille-le-deeptech-tour-le-16-janvier-2020\\\/#primaryimage\"},\"thumbnailUrl\":\"https:\\\/\\\/www.satt.fr\\\/wp-content\\\/uploads\\\/2019\\\/10\\\/2Deeptech-Tour_900x500_GENERIQUE.png\",\"articleSection\":[\"Events\",\"News\",\"Start-up\"],\"inLanguage\":\"en-US\"},{\"@type\":\"WebPage\",\"@id\":\"https:\\\/\\\/www.satt.fr\\\/en\\\/strasbourg-accueille-le-deeptech-tour-le-16-janvier-2020\\\/\",\"url\":\"https:\\\/\\\/www.satt.fr\\\/en\\\/strasbourg-accueille-le-deeptech-tour-le-16-janvier-2020\\\/\",\"name\":\"Strasbourg accueille le Deeptech Tour le 16 janvier 2020 ! - R\u00e9seau SATT\",\"isPartOf\":{\"@id\":\"https:\\\/\\\/www.satt.fr\\\/en\\\/#website\"},\"primaryImageOfPage\":{\"@id\":\"https:\\\/\\\/www.satt.fr\\\/en\\\/strasbourg-accueille-le-deeptech-tour-le-16-janvier-2020\\\/#primaryimage\"},\"image\":{\"@id\":\"https:\\\/\\\/www.satt.fr\\\/en\\\/strasbourg-accueille-le-deeptech-tour-le-16-janvier-2020\\\/#primaryimage\"},\"thumbnailUrl\":\"https:\\\/\\\/www.satt.fr\\\/wp-content\\\/uploads\\\/2019\\\/10\\\/2Deeptech-Tour_900x500_GENERIQUE.png\",\"datePublished\":\"2019-10-22T15:01:17+00:00\",\"author\":{\"@id\":\"https:\\\/\\\/www.satt.fr\\\/en\\\/#\\\/schema\\\/person\\\/3c07a164c17f01f656480221ba81ab4e\"},\"breadcrumb\":{\"@id\":\"https:\\\/\\\/www.satt.fr\\\/en\\\/strasbourg-accueille-le-deeptech-tour-le-16-janvier-2020\\\/#breadcrumb\"},\"inLanguage\":\"en-US\",\"potentialAction\":[{\"@type\":\"ReadAction\",\"target\":[\"https:\\\/\\\/www.satt.fr\\\/en\\\/strasbourg-accueille-le-deeptech-tour-le-16-janvier-2020\\\/\"]}]},{\"@type\":\"ImageObject\",\"inLanguage\":\"en-US\",\"@id\":\"https:\\\/\\\/www.satt.fr\\\/en\\\/strasbourg-accueille-le-deeptech-tour-le-16-janvier-2020\\\/#primaryimage\",\"url\":\"https:\\\/\\\/www.satt.fr\\\/wp-content\\\/uploads\\\/2019\\\/10\\\/2Deeptech-Tour_900x500_GENERIQUE.png\",\"contentUrl\":\"https:\\\/\\\/www.satt.fr\\\/wp-content\\\/uploads\\\/2019\\\/10\\\/2Deeptech-Tour_900x500_GENERIQUE.png\",\"width\":900,\"height\":500},{\"@type\":\"BreadcrumbList\",\"@id\":\"https:\\\/\\\/www.satt.fr\\\/en\\\/strasbourg-accueille-le-deeptech-tour-le-16-janvier-2020\\\/#breadcrumb\",\"itemListElement\":[{\"@type\":\"ListItem\",\"position\":1,\"name\":\"Accueil\",\"item\":\"https:\\\/\\\/www.satt.fr\\\/en\\\/\"},{\"@type\":\"ListItem\",\"position\":2,\"name\":\"Strasbourg accueille le Deeptech Tour le 16 janvier 2020 !\"}]},{\"@type\":\"WebSite\",\"@id\":\"https:\\\/\\\/www.satt.fr\\\/en\\\/#website\",\"url\":\"https:\\\/\\\/www.satt.fr\\\/en\\\/\",\"name\":\"R\u00e9seau SATT\",\"description\":\"Les Soci\u00e9t\u00e9s d&#039;Acc\u00e9l\u00e9ration du Transfert de Technologies\",\"potentialAction\":[{\"@type\":\"SearchAction\",\"target\":{\"@type\":\"EntryPoint\",\"urlTemplate\":\"https:\\\/\\\/www.satt.fr\\\/en\\\/?s={search_term_string}\"},\"query-input\":{\"@type\":\"PropertyValueSpecification\",\"valueRequired\":true,\"valueName\":\"search_term_string\"}}],\"inLanguage\":\"en-US\"},{\"@type\":\"Person\",\"@id\":\"https:\\\/\\\/www.satt.fr\\\/en\\\/#\\\/schema\\\/person\\\/3c07a164c17f01f656480221ba81ab4e\",\"name\":\"France MANDRY\",\"url\":\"https:\\\/\\\/www.satt.fr\\\/en\\\/author\\\/france\\\/\"}]}<\/script>\n<!-- \/ Yoast SEO plugin. -->","yoast_head_json":{"title":"Strasbourg accueille le Deeptech Tour le 16 janvier 2020 ! - R\u00e9seau SATT","robots":{"index":"index","follow":"follow","max-snippet":"max-snippet:-1","max-image-preview":"max-image-preview:large","max-video-preview":"max-video-preview:-1"},"canonical":"https:\/\/www.satt.fr\/en\/strasbourg-accueille-le-deeptech-tour-le-16-janvier-2020\/","twitter_misc":{"Written by":"France MANDRY","Est. reading time":"1 minute"},"schema":{"@context":"https:\/\/schema.org","@graph":[{"@type":"Article","@id":"https:\/\/www.satt.fr\/en\/strasbourg-accueille-le-deeptech-tour-le-16-janvier-2020\/#article","isPartOf":{"@id":"https:\/\/www.satt.fr\/en\/strasbourg-accueille-le-deeptech-tour-le-16-janvier-2020\/"},"author":{"name":"France MANDRY","@id":"https:\/\/www.satt.fr\/en\/#\/schema\/person\/3c07a164c17f01f656480221ba81ab4e"},"headline":"Strasbourg accueille le Deeptech Tour le 16 janvier 2020 !","datePublished":"2019-10-22T15:01:17+00:00","mainEntityOfPage":{"@id":"https:\/\/www.satt.fr\/en\/strasbourg-accueille-le-deeptech-tour-le-16-janvier-2020\/"},"wordCount":247,"image":{"@id":"https:\/\/www.satt.fr\/en\/strasbourg-accueille-le-deeptech-tour-le-16-janvier-2020\/#primaryimage"},"thumbnailUrl":"https:\/\/www.satt.fr\/wp-content\/uploads\/2019\/10\/2Deeptech-Tour_900x500_GENERIQUE.png","articleSection":["Events","News","Start-up"],"inLanguage":"en-US"},{"@type":"WebPage","@id":"https:\/\/www.satt.fr\/en\/strasbourg-accueille-le-deeptech-tour-le-16-janvier-2020\/","url":"https:\/\/www.satt.fr\/en\/strasbourg-accueille-le-deeptech-tour-le-16-janvier-2020\/","name":"Strasbourg accueille le Deeptech Tour le 16 janvier 2020 ! - R\u00e9seau SATT","isPartOf":{"@id":"https:\/\/www.satt.fr\/en\/#website"},"primaryImageOfPage":{"@id":"https:\/\/www.satt.fr\/en\/strasbourg-accueille-le-deeptech-tour-le-16-janvier-2020\/#primaryimage"},"image":{"@id":"https:\/\/www.satt.fr\/en\/strasbourg-accueille-le-deeptech-tour-le-16-janvier-2020\/#primaryimage"},"thumbnailUrl":"https:\/\/www.satt.fr\/wp-content\/uploads\/2019\/10\/2Deeptech-Tour_900x500_GENERIQUE.png","datePublished":"2019-10-22T15:01:17+00:00","author":{"@id":"https:\/\/www.satt.fr\/en\/#\/schema\/person\/3c07a164c17f01f656480221ba81ab4e"},"breadcrumb":{"@id":"https:\/\/www.satt.fr\/en\/strasbourg-accueille-le-deeptech-tour-le-16-janvier-2020\/#breadcrumb"},"inLanguage":"en-US","potentialAction":[{"@type":"ReadAction","target":["https:\/\/www.satt.fr\/en\/strasbourg-accueille-le-deeptech-tour-le-16-janvier-2020\/"]}]},{"@type":"ImageObject","inLanguage":"en-US","@id":"https:\/\/www.satt.fr\/en\/strasbourg-accueille-le-deeptech-tour-le-16-janvier-2020\/#primaryimage","url":"https:\/\/www.satt.fr\/wp-content\/uploads\/2019\/10\/2Deeptech-Tour_900x500_GENERIQUE.png","contentUrl":"https:\/\/www.satt.fr\/wp-content\/uploads\/2019\/10\/2Deeptech-Tour_900x500_GENERIQUE.png","width":900,"height":500},{"@type":"BreadcrumbList","@id":"https:\/\/www.satt.fr\/en\/strasbourg-accueille-le-deeptech-tour-le-16-janvier-2020\/#breadcrumb","itemListElement":[{"@type":"ListItem","position":1,"name":"Accueil","item":"https:\/\/www.satt.fr\/en\/"},{"@type":"ListItem","position":2,"name":"Strasbourg accueille le Deeptech Tour le 16 janvier 2020 !"}]},{"@type":"WebSite","@id":"https:\/\/www.satt.fr\/en\/#website","url":"https:\/\/www.satt.fr\/en\/","name":"R\u00e9seau SATT","description":"Les Soci\u00e9t\u00e9s d&#039;Acc\u00e9l\u00e9ration du Transfert de Technologies","potentialAction":[{"@type":"SearchAction","target":{"@type":"EntryPoint","urlTemplate":"https:\/\/www.satt.fr\/en\/?s={search_term_string}"},"query-input":{"@type":"PropertyValueSpecification","valueRequired":true,"valueName":"search_term_string"}}],"inLanguage":"en-US"},{"@type":"Person","@id":"https:\/\/www.satt.fr\/en\/#\/schema\/person\/3c07a164c17f01f656480221ba81ab4e","name":"France MANDRY","url":"https:\/\/www.satt.fr\/en\/author\/france\/"}]}},"_links":{"self":[{"href":"https:\/\/www.satt.fr\/en\/wp-json\/wp\/v2\/posts\/16527","targetHints":{"allow":["GET"]}}],"collection":[{"href":"https:\/\/www.satt.fr\/en\/wp-json\/wp\/v2\/posts"}],"about":[{"href":"https:\/\/www.satt.fr\/en\/wp-json\/wp\/v2\/types\/post"}],"author":[{"embeddable":true,"href":"https:\/\/www.satt.fr\/en\/wp-json\/wp\/v2\/users\/7"}],"replies":[{"embeddable":true,"href":"https:\/\/www.satt.fr\/en\/wp-json\/wp\/v2\/comments?post=16527"}],"version-history":[{"count":0,"href":"https:\/\/www.satt.fr\/en\/wp-json\/wp\/v2\/posts\/16527\/revisions"}],"wp:featuredmedia":[{"embeddable":true,"href":"https:\/\/www.satt.fr\/en\/wp-json\/wp\/v2\/media\/16514"}],"wp:attachment":[{"href":"https:\/\/www.satt.fr\/en\/wp-json\/wp\/v2\/media?parent=16527"}],"wp:term":[{"taxonomy":"category","embeddable":true,"href":"https:\/\/www.satt.fr\/en\/wp-json\/wp\/v2\/categories?post=16527"},{"taxonomy":"post_tag","embeddable":true,"href":"https:\/\/www.satt.fr\/en\/wp-json\/wp\/v2\/tags?post=16527"}],"curies":[{"name":"wp","href":"https:\/\/api.w.org\/{rel}","templated":true}]}}