{"id":16583,"date":"2019-10-28T15:00:22","date_gmt":"2019-10-28T14:00:22","guid":{"rendered":"https:\/\/www.satt.fr\/inserm-transfert-et-pulsalys-signent-un-accord-de-partenariat\/"},"modified":"2019-10-28T16:21:05","modified_gmt":"2019-10-28T15:21:05","slug":"inserm-transfert-et-pulsalys-signent-un-accord-de-partenariat","status":"publish","type":"post","link":"https:\/\/www.satt.fr\/en\/inserm-transfert-et-pulsalys-signent-un-accord-de-partenariat\/","title":{"rendered":"Inserm Transfert et PULSALYS signent un accord de partenariat"},"content":{"rendered":"<p style=\"text-align: center;\"><span style=\"color: #ff6600; font-size: 20px; font-family: georgia, palatino, serif;\"><strong>Inserm Transfert et PULSALYS signent un accord de partenariat<br \/>\n<\/strong><\/span><\/p>\n<p><strong>Paris, le 18 octobre 2019 &#8211; Pascale Aug\u00e9, Pr\u00e9sidente du Directoire d\u2019Inserm Transfert, filiale priv\u00e9e de l\u2019Inserm et Sophie Jullian, Pr\u00e9sidente de PULSALYS annoncent la signature d\u2019un accord de partenariat.<\/strong><\/p>\n<p style=\"text-align: justify;\"><b><span style=\"font-family: Dosis; color: #ff6600;\"><span style=\"font-family: georgia, palatino, serif;\">Un objectif principal : la co-cr\u00e9ation de valeur autour de projets innovants<\/span> <\/span><\/b><\/p>\n<p>La signature de cet accord va permettre \u00e0 ces structures de valorisation de mobiliser leurs ressources afin de faire \u00e9merger un plus grand nombre de projets innovants et d\u2019optimiser leur transfert aupr\u00e8s d\u2019entreprises ou via la cr\u00e9ation de startups.<\/p>\n<p style=\"text-align: justify;\">Il s\u2019agit du premier partenariat de ce type mis en place sur le territoire de Lyon et de Saint-\u00c9tienne, zones \u00e0 fort potentiel de recherche et d\u2019innovation. <em>\u00ab Je me r\u00e9jouis de la collaboration \u00e0 venir entre Inserm Transfert et PULSALYS sur un territoire o\u00f9 il y a de nombreuses \u00e9quipes d\u2019excellence. Ce bel accord qui vient d&#8217;\u00eatre sign\u00e9 augure de fructueux \u00e9changes et de belles valorisations. \u00bb<\/em>, d\u00e9clare <strong>Pascale Aug\u00e9, Pr\u00e9sidente du Directoire d\u2019Inserm Transfert.<\/strong> En outre, cet accord co-sign\u00e9 par ailleurs par l\u2019Universit\u00e9 Claude Bernard Lyon 1, l\u2019ENS de Lyon et l\u2019Universit\u00e9 Jean Monnet Saint-\u00c9tienne, permet d\u2019instaurer un cadre sur les sujets valorisation entre l\u2019Inserm et l\u2019Universit\u00e9 de Lyon, et facilitera la d\u00e9signation du mandataire unique.<\/p>\n<p style=\"text-align: justify;\"><b><span style=\"font-family: Dosis; color: #ff6600;\"><span style=\"font-family: georgia, palatino, serif;\">Des actions communes pour la valorisation de projets<\/span> <\/span><\/b><\/p>\n<p>Inserm Transfert et PULSALYS se concerteront afin de mettre en place des actions communes de d\u00e9tection, de gestion de la propri\u00e9t\u00e9 intellectuelle, de maturation et de valorisation, et s\u2019informeront r\u00e9guli\u00e8rement de leurs actions respectives.<\/p>\n<p>Ce partenariat permettra \u00e9galement \u00e0 l\u2019ensemble des \u00e9quipes de recherche de Lyon et de Saint-\u00c9tienne d\u2019avoir acc\u00e8s \u00e0 un financement ou \u00e0 un co-financement en maturation de la part de PULSALYS, ou de l\u2019Inserm par l\u2019interm\u00e9diaire d\u2019Inserm Transfert.<\/p>\n<p>Enfin, conform\u00e9ment \u00e0 leur mission de valorisation et aux modalit\u00e9s de la convention, Inserm Transfert et PULSALYS mettront tout en oeuvre pour exploiter la propri\u00e9t\u00e9 intellectuelle qui leur est confi\u00e9e dans l\u2019int\u00e9r\u00eat des tutelles des unit\u00e9s mixtes et des inventeurs.<\/p>\n<p><em>\u00ab La signature de notre partenariat avec Inserm Transfert concr\u00e9tise la compl\u00e9mentarit\u00e9 de nos actions et renforce les liens qui nous unissent sur le territoire de Lyon &#8211; Saint-\u00c9tienne. Nous avons la chance de disposer d\u2019un territoire acad\u00e9mique d\u2019excellence dans le domaine de la sant\u00e9, b\u00e9n\u00e9ficiant de la proximit\u00e9 d\u2019acteurs industriels majeurs, et d\u2019une forte dynamique entrepreneuriale. Avec ce partenariat, nous serons plus forts pour d\u00e9velopper les innovations issues des laboratoires du site et construire le monde de demain. \u00bb,<\/em> ajoute <strong>Sophie Jullian, Pr\u00e9sidente de PULSALYS.<\/strong><\/p>\n<p style=\"text-align: justify;\"><span style=\"font-size: 20px; font-family: georgia, palatino, serif; color: #0000ff;\"><strong><a style=\"color: #0000ff;\" href=\"https:\/\/www.pulsalys.fr\/wp-content\/uploads\/2019\/10\/CP_Accord-Inserm-Transfert_PULSALYS_VF.pdf\" target=\"_blank\" rel=\"noopener noreferrer\">T\u00e9l\u00e9chargez le communiqu\u00e9 de presse<\/a><\/strong><\/span><\/p>\n","protected":false},"excerpt":{"rendered":"<p>Pascale Aug\u00e9, Pr\u00e9sidente du Directoire d\u2019Inserm Transfert, filiale priv\u00e9e de l\u2019Inserm et Sophie Jullian, Pr\u00e9sidente de PULSALYS annoncent la signature d\u2019un accord de partenariat. La signature de cet accord va permettre \u00e0 ces structures de valorisation de mobiliser leurs ressources afin de faire \u00e9merger un plus grand nombre de projets innovants et d\u2019optimiser leur transfert aupr\u00e8s d\u2019entreprises ou via la cr\u00e9ation de startups. Il s\u2019agit du premier partenariat de ce type mis en place sur le territoire de Lyon et de Saint-\u00c9tienne, zones \u00e0 fort potentiel de recherche et d\u2019innovation. <\/p>\n","protected":false},"author":24,"featured_media":16586,"comment_status":"closed","ping_status":"closed","sticky":false,"template":"","format":"standard","meta":{"_acf_changed":false,"footnotes":""},"categories":[567,568],"tags":[],"class_list":["post-16583","post","type-post","status-publish","format-standard","has-post-thumbnail","hentry","category-news-en","category-successstories-en"],"acf":[],"yoast_head":"<!-- This site is optimized with the Yoast SEO plugin v27.4 - https:\/\/yoast.com\/product\/yoast-seo-wordpress\/ -->\n<title>Inserm Transfert et PULSALYS signent un accord de partenariat - R\u00e9seau SATT<\/title>\n<meta name=\"robots\" content=\"index, follow, max-snippet:-1, max-image-preview:large, max-video-preview:-1\" \/>\n<link rel=\"canonical\" href=\"https:\/\/www.satt.fr\/en\/inserm-transfert-et-pulsalys-signent-un-accord-de-partenariat\/\" \/>\n<meta name=\"twitter:label1\" content=\"Written by\" \/>\n\t<meta name=\"twitter:data1\" content=\"Sylvain DUC\" \/>\n\t<meta name=\"twitter:label2\" content=\"Est. reading time\" \/>\n\t<meta name=\"twitter:data2\" content=\"2 minutes\" \/>\n<script type=\"application\/ld+json\" class=\"yoast-schema-graph\">{\"@context\":\"https:\\\/\\\/schema.org\",\"@graph\":[{\"@type\":\"Article\",\"@id\":\"https:\\\/\\\/www.satt.fr\\\/en\\\/inserm-transfert-et-pulsalys-signent-un-accord-de-partenariat\\\/#article\",\"isPartOf\":{\"@id\":\"https:\\\/\\\/www.satt.fr\\\/en\\\/inserm-transfert-et-pulsalys-signent-un-accord-de-partenariat\\\/\"},\"author\":{\"name\":\"Sylvain DUC\",\"@id\":\"https:\\\/\\\/www.satt.fr\\\/en\\\/#\\\/schema\\\/person\\\/d6cfecbabebe684202068d45b736deca\"},\"headline\":\"Inserm Transfert et PULSALYS signent un accord de partenariat\",\"datePublished\":\"2019-10-28T14:00:22+00:00\",\"dateModified\":\"2019-10-28T15:21:05+00:00\",\"mainEntityOfPage\":{\"@id\":\"https:\\\/\\\/www.satt.fr\\\/en\\\/inserm-transfert-et-pulsalys-signent-un-accord-de-partenariat\\\/\"},\"wordCount\":476,\"image\":{\"@id\":\"https:\\\/\\\/www.satt.fr\\\/en\\\/inserm-transfert-et-pulsalys-signent-un-accord-de-partenariat\\\/#primaryimage\"},\"thumbnailUrl\":\"https:\\\/\\\/www.satt.fr\\\/wp-content\\\/uploads\\\/2019\\\/10\\\/PUIN.jpg\",\"articleSection\":[\"News\",\"Success Stories\"],\"inLanguage\":\"en-US\"},{\"@type\":\"WebPage\",\"@id\":\"https:\\\/\\\/www.satt.fr\\\/en\\\/inserm-transfert-et-pulsalys-signent-un-accord-de-partenariat\\\/\",\"url\":\"https:\\\/\\\/www.satt.fr\\\/en\\\/inserm-transfert-et-pulsalys-signent-un-accord-de-partenariat\\\/\",\"name\":\"Inserm Transfert et PULSALYS signent un accord de partenariat - R\u00e9seau SATT\",\"isPartOf\":{\"@id\":\"https:\\\/\\\/www.satt.fr\\\/en\\\/#website\"},\"primaryImageOfPage\":{\"@id\":\"https:\\\/\\\/www.satt.fr\\\/en\\\/inserm-transfert-et-pulsalys-signent-un-accord-de-partenariat\\\/#primaryimage\"},\"image\":{\"@id\":\"https:\\\/\\\/www.satt.fr\\\/en\\\/inserm-transfert-et-pulsalys-signent-un-accord-de-partenariat\\\/#primaryimage\"},\"thumbnailUrl\":\"https:\\\/\\\/www.satt.fr\\\/wp-content\\\/uploads\\\/2019\\\/10\\\/PUIN.jpg\",\"datePublished\":\"2019-10-28T14:00:22+00:00\",\"dateModified\":\"2019-10-28T15:21:05+00:00\",\"author\":{\"@id\":\"https:\\\/\\\/www.satt.fr\\\/en\\\/#\\\/schema\\\/person\\\/d6cfecbabebe684202068d45b736deca\"},\"breadcrumb\":{\"@id\":\"https:\\\/\\\/www.satt.fr\\\/en\\\/inserm-transfert-et-pulsalys-signent-un-accord-de-partenariat\\\/#breadcrumb\"},\"inLanguage\":\"en-US\",\"potentialAction\":[{\"@type\":\"ReadAction\",\"target\":[\"https:\\\/\\\/www.satt.fr\\\/en\\\/inserm-transfert-et-pulsalys-signent-un-accord-de-partenariat\\\/\"]}]},{\"@type\":\"ImageObject\",\"inLanguage\":\"en-US\",\"@id\":\"https:\\\/\\\/www.satt.fr\\\/en\\\/inserm-transfert-et-pulsalys-signent-un-accord-de-partenariat\\\/#primaryimage\",\"url\":\"https:\\\/\\\/www.satt.fr\\\/wp-content\\\/uploads\\\/2019\\\/10\\\/PUIN.jpg\",\"contentUrl\":\"https:\\\/\\\/www.satt.fr\\\/wp-content\\\/uploads\\\/2019\\\/10\\\/PUIN.jpg\",\"width\":6399,\"height\":3569},{\"@type\":\"BreadcrumbList\",\"@id\":\"https:\\\/\\\/www.satt.fr\\\/en\\\/inserm-transfert-et-pulsalys-signent-un-accord-de-partenariat\\\/#breadcrumb\",\"itemListElement\":[{\"@type\":\"ListItem\",\"position\":1,\"name\":\"Accueil\",\"item\":\"https:\\\/\\\/www.satt.fr\\\/en\\\/\"},{\"@type\":\"ListItem\",\"position\":2,\"name\":\"Inserm Transfert et PULSALYS signent un accord de partenariat\"}]},{\"@type\":\"WebSite\",\"@id\":\"https:\\\/\\\/www.satt.fr\\\/en\\\/#website\",\"url\":\"https:\\\/\\\/www.satt.fr\\\/en\\\/\",\"name\":\"R\u00e9seau SATT\",\"description\":\"Les Soci\u00e9t\u00e9s d&#039;Acc\u00e9l\u00e9ration du Transfert de Technologies\",\"potentialAction\":[{\"@type\":\"SearchAction\",\"target\":{\"@type\":\"EntryPoint\",\"urlTemplate\":\"https:\\\/\\\/www.satt.fr\\\/en\\\/?s={search_term_string}\"},\"query-input\":{\"@type\":\"PropertyValueSpecification\",\"valueRequired\":true,\"valueName\":\"search_term_string\"}}],\"inLanguage\":\"en-US\"},{\"@type\":\"Person\",\"@id\":\"https:\\\/\\\/www.satt.fr\\\/en\\\/#\\\/schema\\\/person\\\/d6cfecbabebe684202068d45b736deca\",\"name\":\"Sylvain DUC\",\"url\":\"https:\\\/\\\/www.satt.fr\\\/en\\\/author\\\/sylvain\\\/\"}]}<\/script>\n<!-- \/ Yoast SEO plugin. -->","yoast_head_json":{"title":"Inserm Transfert et PULSALYS signent un accord de partenariat - R\u00e9seau SATT","robots":{"index":"index","follow":"follow","max-snippet":"max-snippet:-1","max-image-preview":"max-image-preview:large","max-video-preview":"max-video-preview:-1"},"canonical":"https:\/\/www.satt.fr\/en\/inserm-transfert-et-pulsalys-signent-un-accord-de-partenariat\/","twitter_misc":{"Written by":"Sylvain DUC","Est. reading time":"2 minutes"},"schema":{"@context":"https:\/\/schema.org","@graph":[{"@type":"Article","@id":"https:\/\/www.satt.fr\/en\/inserm-transfert-et-pulsalys-signent-un-accord-de-partenariat\/#article","isPartOf":{"@id":"https:\/\/www.satt.fr\/en\/inserm-transfert-et-pulsalys-signent-un-accord-de-partenariat\/"},"author":{"name":"Sylvain DUC","@id":"https:\/\/www.satt.fr\/en\/#\/schema\/person\/d6cfecbabebe684202068d45b736deca"},"headline":"Inserm Transfert et PULSALYS signent un accord de partenariat","datePublished":"2019-10-28T14:00:22+00:00","dateModified":"2019-10-28T15:21:05+00:00","mainEntityOfPage":{"@id":"https:\/\/www.satt.fr\/en\/inserm-transfert-et-pulsalys-signent-un-accord-de-partenariat\/"},"wordCount":476,"image":{"@id":"https:\/\/www.satt.fr\/en\/inserm-transfert-et-pulsalys-signent-un-accord-de-partenariat\/#primaryimage"},"thumbnailUrl":"https:\/\/www.satt.fr\/wp-content\/uploads\/2019\/10\/PUIN.jpg","articleSection":["News","Success Stories"],"inLanguage":"en-US"},{"@type":"WebPage","@id":"https:\/\/www.satt.fr\/en\/inserm-transfert-et-pulsalys-signent-un-accord-de-partenariat\/","url":"https:\/\/www.satt.fr\/en\/inserm-transfert-et-pulsalys-signent-un-accord-de-partenariat\/","name":"Inserm Transfert et PULSALYS signent un accord de partenariat - R\u00e9seau SATT","isPartOf":{"@id":"https:\/\/www.satt.fr\/en\/#website"},"primaryImageOfPage":{"@id":"https:\/\/www.satt.fr\/en\/inserm-transfert-et-pulsalys-signent-un-accord-de-partenariat\/#primaryimage"},"image":{"@id":"https:\/\/www.satt.fr\/en\/inserm-transfert-et-pulsalys-signent-un-accord-de-partenariat\/#primaryimage"},"thumbnailUrl":"https:\/\/www.satt.fr\/wp-content\/uploads\/2019\/10\/PUIN.jpg","datePublished":"2019-10-28T14:00:22+00:00","dateModified":"2019-10-28T15:21:05+00:00","author":{"@id":"https:\/\/www.satt.fr\/en\/#\/schema\/person\/d6cfecbabebe684202068d45b736deca"},"breadcrumb":{"@id":"https:\/\/www.satt.fr\/en\/inserm-transfert-et-pulsalys-signent-un-accord-de-partenariat\/#breadcrumb"},"inLanguage":"en-US","potentialAction":[{"@type":"ReadAction","target":["https:\/\/www.satt.fr\/en\/inserm-transfert-et-pulsalys-signent-un-accord-de-partenariat\/"]}]},{"@type":"ImageObject","inLanguage":"en-US","@id":"https:\/\/www.satt.fr\/en\/inserm-transfert-et-pulsalys-signent-un-accord-de-partenariat\/#primaryimage","url":"https:\/\/www.satt.fr\/wp-content\/uploads\/2019\/10\/PUIN.jpg","contentUrl":"https:\/\/www.satt.fr\/wp-content\/uploads\/2019\/10\/PUIN.jpg","width":6399,"height":3569},{"@type":"BreadcrumbList","@id":"https:\/\/www.satt.fr\/en\/inserm-transfert-et-pulsalys-signent-un-accord-de-partenariat\/#breadcrumb","itemListElement":[{"@type":"ListItem","position":1,"name":"Accueil","item":"https:\/\/www.satt.fr\/en\/"},{"@type":"ListItem","position":2,"name":"Inserm Transfert et PULSALYS signent un accord de partenariat"}]},{"@type":"WebSite","@id":"https:\/\/www.satt.fr\/en\/#website","url":"https:\/\/www.satt.fr\/en\/","name":"R\u00e9seau SATT","description":"Les Soci\u00e9t\u00e9s d&#039;Acc\u00e9l\u00e9ration du Transfert de Technologies","potentialAction":[{"@type":"SearchAction","target":{"@type":"EntryPoint","urlTemplate":"https:\/\/www.satt.fr\/en\/?s={search_term_string}"},"query-input":{"@type":"PropertyValueSpecification","valueRequired":true,"valueName":"search_term_string"}}],"inLanguage":"en-US"},{"@type":"Person","@id":"https:\/\/www.satt.fr\/en\/#\/schema\/person\/d6cfecbabebe684202068d45b736deca","name":"Sylvain DUC","url":"https:\/\/www.satt.fr\/en\/author\/sylvain\/"}]}},"_links":{"self":[{"href":"https:\/\/www.satt.fr\/en\/wp-json\/wp\/v2\/posts\/16583","targetHints":{"allow":["GET"]}}],"collection":[{"href":"https:\/\/www.satt.fr\/en\/wp-json\/wp\/v2\/posts"}],"about":[{"href":"https:\/\/www.satt.fr\/en\/wp-json\/wp\/v2\/types\/post"}],"author":[{"embeddable":true,"href":"https:\/\/www.satt.fr\/en\/wp-json\/wp\/v2\/users\/24"}],"replies":[{"embeddable":true,"href":"https:\/\/www.satt.fr\/en\/wp-json\/wp\/v2\/comments?post=16583"}],"version-history":[{"count":1,"href":"https:\/\/www.satt.fr\/en\/wp-json\/wp\/v2\/posts\/16583\/revisions"}],"predecessor-version":[{"id":16587,"href":"https:\/\/www.satt.fr\/en\/wp-json\/wp\/v2\/posts\/16583\/revisions\/16587"}],"wp:featuredmedia":[{"embeddable":true,"href":"https:\/\/www.satt.fr\/en\/wp-json\/wp\/v2\/media\/16586"}],"wp:attachment":[{"href":"https:\/\/www.satt.fr\/en\/wp-json\/wp\/v2\/media?parent=16583"}],"wp:term":[{"taxonomy":"category","embeddable":true,"href":"https:\/\/www.satt.fr\/en\/wp-json\/wp\/v2\/categories?post=16583"},{"taxonomy":"post_tag","embeddable":true,"href":"https:\/\/www.satt.fr\/en\/wp-json\/wp\/v2\/tags?post=16583"}],"curies":[{"name":"wp","href":"https:\/\/api.w.org\/{rel}","templated":true}]}}