{"id":16682,"date":"2019-11-04T14:41:56","date_gmt":"2019-11-04T13:41:56","guid":{"rendered":"https:\/\/www.satt.fr\/la-satt-sud-est-et-linpi-organisent-une-formation-lapport-de-la-recherche-publique-dans-linnovation-en-entreprise\/"},"modified":"2019-12-17T16:34:05","modified_gmt":"2019-12-17T15:34:05","slug":"la-satt-sud-est-et-linpi-organisent-une-formation-lapport-de-la-recherche-publique-dans-linnovation-en-entreprise","status":"publish","type":"post","link":"https:\/\/www.satt.fr\/en\/la-satt-sud-est-et-linpi-organisent-une-formation-lapport-de-la-recherche-publique-dans-linnovation-en-entreprise\/","title":{"rendered":"La SATT Sud-Est et l\u2019INPI organisent une formation \u00ab L\u2019apport de la Recherche Publique dans l\u2019Innovation en entreprise \u00bb"},"content":{"rendered":"<h2>La SATT Sud-Est et l\u2019INPI organisent une formation \u00ab L\u2019apport de la Recherche Publique dans l\u2019Innovation en entreprise \u00bb \u00e0 destination des industriels avan\u00e7ant dans une d\u00e9marche d\u2019innovation, le 22 novembre 2019 \u00e0 l\u2019INPI Marseille<\/h2>\n<div class=\"wpb_text_column wpb_content_element \">\n<div class=\"wpb_wrapper\">\n<h3>Une formation \u00e0 destination de toutes les entreprises concern\u00e9es par l\u2019innovation<\/h3>\n<p>Les entreprises concern\u00e9es par l\u2019innovation, lors de cette formation, pourront obtenir plus d\u2019informations sur l\u2019\u00e9cosyst\u00e8me de la recherche publique et plus particuli\u00e8rement sur l\u2019opportunit\u00e9 des partenariats priv\u00e9s\/publics, les enjeux de la propri\u00e9t\u00e9 intellectuelle, le transfert de technologies issues de la recherche publique et ses acteurs. Cette formation ne demande aucun pr\u00e9requis et sera dispens\u00e9e par deux sp\u00e9cialistes de la n\u00e9gociation priv\u00e9\/public.<\/p>\n<p><a href=\"https:\/\/www.sattse.com\/lapport-de-la-recherche-publique-dans-linnovation-en-entreprise\/\" target=\"_blank\" rel=\"noopener\">En savoir plus&#8230;\u00a0<\/a><\/p>\n<\/div>\n<\/div>\n","protected":false},"excerpt":{"rendered":"<p>La SATT Sud-Est et l\u2019INPI organisent une formation \u00ab L\u2019apport de la Recherche Publique dans l\u2019Innovation en entreprise \u00bb \u00e0 destination des industriels avan\u00e7ant dans une d\u00e9marche d\u2019innovation, le 22 novembre 2019 \u00e0 l\u2019INPI Marseille Une formation \u00e0 destination de toutes les entreprises concern\u00e9es par l\u2019innovation Les entreprises concern\u00e9es par l\u2019innovation, lors de cette formation, [&hellip;]<\/p>\n","protected":false},"author":31,"featured_media":16690,"comment_status":"closed","ping_status":"closed","sticky":false,"template":"","format":"standard","meta":{"_acf_changed":false,"footnotes":""},"categories":[560,567],"tags":[],"class_list":["post-16682","post","type-post","status-publish","format-standard","has-post-thumbnail","hentry","category-event-en","category-news-en"],"acf":[],"yoast_head":"<!-- This site is optimized with the Yoast SEO plugin v27.4 - https:\/\/yoast.com\/product\/yoast-seo-wordpress\/ -->\n<title>La SATT Sud-Est et l\u2019INPI organisent une formation \u00ab L\u2019apport de la Recherche Publique dans l\u2019Innovation en entreprise \u00bb - R\u00e9seau SATT<\/title>\n<meta name=\"robots\" content=\"index, follow, max-snippet:-1, max-image-preview:large, max-video-preview:-1\" \/>\n<link rel=\"canonical\" href=\"https:\/\/www.satt.fr\/en\/la-satt-sud-est-et-linpi-organisent-une-formation-lapport-de-la-recherche-publique-dans-linnovation-en-entreprise\/\" \/>\n<meta name=\"twitter:label1\" content=\"Written by\" \/>\n\t<meta name=\"twitter:data1\" content=\"Thomas Labeyrie\" \/>\n\t<meta name=\"twitter:label2\" content=\"Est. reading time\" \/>\n\t<meta name=\"twitter:data2\" content=\"1 minute\" \/>\n<script type=\"application\/ld+json\" class=\"yoast-schema-graph\">{\"@context\":\"https:\\\/\\\/schema.org\",\"@graph\":[{\"@type\":\"Article\",\"@id\":\"https:\\\/\\\/www.satt.fr\\\/en\\\/la-satt-sud-est-et-linpi-organisent-une-formation-lapport-de-la-recherche-publique-dans-linnovation-en-entreprise\\\/#article\",\"isPartOf\":{\"@id\":\"https:\\\/\\\/www.satt.fr\\\/en\\\/la-satt-sud-est-et-linpi-organisent-une-formation-lapport-de-la-recherche-publique-dans-linnovation-en-entreprise\\\/\"},\"author\":{\"name\":\"Thomas Labeyrie\",\"@id\":\"https:\\\/\\\/www.satt.fr\\\/en\\\/#\\\/schema\\\/person\\\/9c2ac3cd498b87cfa891f3f6e2df84bb\"},\"headline\":\"La SATT Sud-Est et l\u2019INPI organisent une formation \u00ab L\u2019apport de la Recherche Publique dans l\u2019Innovation en entreprise \u00bb\",\"datePublished\":\"2019-11-04T13:41:56+00:00\",\"dateModified\":\"2019-12-17T15:34:05+00:00\",\"mainEntityOfPage\":{\"@id\":\"https:\\\/\\\/www.satt.fr\\\/en\\\/la-satt-sud-est-et-linpi-organisent-une-formation-lapport-de-la-recherche-publique-dans-linnovation-en-entreprise\\\/\"},\"wordCount\":147,\"image\":{\"@id\":\"https:\\\/\\\/www.satt.fr\\\/en\\\/la-satt-sud-est-et-linpi-organisent-une-formation-lapport-de-la-recherche-publique-dans-linnovation-en-entreprise\\\/#primaryimage\"},\"thumbnailUrl\":\"https:\\\/\\\/www.satt.fr\\\/wp-content\\\/uploads\\\/2019\\\/11\\\/INPISSE.jpg\",\"articleSection\":[\"Events\",\"News\"],\"inLanguage\":\"en-US\"},{\"@type\":\"WebPage\",\"@id\":\"https:\\\/\\\/www.satt.fr\\\/en\\\/la-satt-sud-est-et-linpi-organisent-une-formation-lapport-de-la-recherche-publique-dans-linnovation-en-entreprise\\\/\",\"url\":\"https:\\\/\\\/www.satt.fr\\\/en\\\/la-satt-sud-est-et-linpi-organisent-une-formation-lapport-de-la-recherche-publique-dans-linnovation-en-entreprise\\\/\",\"name\":\"La SATT Sud-Est et l\u2019INPI organisent une formation \u00ab L\u2019apport de la Recherche Publique dans l\u2019Innovation en entreprise \u00bb - R\u00e9seau SATT\",\"isPartOf\":{\"@id\":\"https:\\\/\\\/www.satt.fr\\\/en\\\/#website\"},\"primaryImageOfPage\":{\"@id\":\"https:\\\/\\\/www.satt.fr\\\/en\\\/la-satt-sud-est-et-linpi-organisent-une-formation-lapport-de-la-recherche-publique-dans-linnovation-en-entreprise\\\/#primaryimage\"},\"image\":{\"@id\":\"https:\\\/\\\/www.satt.fr\\\/en\\\/la-satt-sud-est-et-linpi-organisent-une-formation-lapport-de-la-recherche-publique-dans-linnovation-en-entreprise\\\/#primaryimage\"},\"thumbnailUrl\":\"https:\\\/\\\/www.satt.fr\\\/wp-content\\\/uploads\\\/2019\\\/11\\\/INPISSE.jpg\",\"datePublished\":\"2019-11-04T13:41:56+00:00\",\"dateModified\":\"2019-12-17T15:34:05+00:00\",\"author\":{\"@id\":\"https:\\\/\\\/www.satt.fr\\\/en\\\/#\\\/schema\\\/person\\\/9c2ac3cd498b87cfa891f3f6e2df84bb\"},\"breadcrumb\":{\"@id\":\"https:\\\/\\\/www.satt.fr\\\/en\\\/la-satt-sud-est-et-linpi-organisent-une-formation-lapport-de-la-recherche-publique-dans-linnovation-en-entreprise\\\/#breadcrumb\"},\"inLanguage\":\"en-US\",\"potentialAction\":[{\"@type\":\"ReadAction\",\"target\":[\"https:\\\/\\\/www.satt.fr\\\/en\\\/la-satt-sud-est-et-linpi-organisent-une-formation-lapport-de-la-recherche-publique-dans-linnovation-en-entreprise\\\/\"]}]},{\"@type\":\"ImageObject\",\"inLanguage\":\"en-US\",\"@id\":\"https:\\\/\\\/www.satt.fr\\\/en\\\/la-satt-sud-est-et-linpi-organisent-une-formation-lapport-de-la-recherche-publique-dans-linnovation-en-entreprise\\\/#primaryimage\",\"url\":\"https:\\\/\\\/www.satt.fr\\\/wp-content\\\/uploads\\\/2019\\\/11\\\/INPISSE.jpg\",\"contentUrl\":\"https:\\\/\\\/www.satt.fr\\\/wp-content\\\/uploads\\\/2019\\\/11\\\/INPISSE.jpg\",\"width\":6399,\"height\":3569},{\"@type\":\"BreadcrumbList\",\"@id\":\"https:\\\/\\\/www.satt.fr\\\/en\\\/la-satt-sud-est-et-linpi-organisent-une-formation-lapport-de-la-recherche-publique-dans-linnovation-en-entreprise\\\/#breadcrumb\",\"itemListElement\":[{\"@type\":\"ListItem\",\"position\":1,\"name\":\"Accueil\",\"item\":\"https:\\\/\\\/www.satt.fr\\\/en\\\/\"},{\"@type\":\"ListItem\",\"position\":2,\"name\":\"La SATT Sud-Est et l\u2019INPI organisent une formation \u00ab L\u2019apport de la Recherche Publique dans l\u2019Innovation en entreprise \u00bb\"}]},{\"@type\":\"WebSite\",\"@id\":\"https:\\\/\\\/www.satt.fr\\\/en\\\/#website\",\"url\":\"https:\\\/\\\/www.satt.fr\\\/en\\\/\",\"name\":\"R\u00e9seau SATT\",\"description\":\"Les Soci\u00e9t\u00e9s d&#039;Acc\u00e9l\u00e9ration du Transfert de Technologies\",\"potentialAction\":[{\"@type\":\"SearchAction\",\"target\":{\"@type\":\"EntryPoint\",\"urlTemplate\":\"https:\\\/\\\/www.satt.fr\\\/en\\\/?s={search_term_string}\"},\"query-input\":{\"@type\":\"PropertyValueSpecification\",\"valueRequired\":true,\"valueName\":\"search_term_string\"}}],\"inLanguage\":\"en-US\"},{\"@type\":\"Person\",\"@id\":\"https:\\\/\\\/www.satt.fr\\\/en\\\/#\\\/schema\\\/person\\\/9c2ac3cd498b87cfa891f3f6e2df84bb\",\"name\":\"Thomas Labeyrie\",\"url\":\"https:\\\/\\\/www.satt.fr\\\/en\\\/author\\\/thomas-labeyriesattse-com\\\/\"}]}<\/script>\n<!-- \/ Yoast SEO plugin. -->","yoast_head_json":{"title":"La SATT Sud-Est et l\u2019INPI organisent une formation \u00ab L\u2019apport de la Recherche Publique dans l\u2019Innovation en entreprise \u00bb - R\u00e9seau SATT","robots":{"index":"index","follow":"follow","max-snippet":"max-snippet:-1","max-image-preview":"max-image-preview:large","max-video-preview":"max-video-preview:-1"},"canonical":"https:\/\/www.satt.fr\/en\/la-satt-sud-est-et-linpi-organisent-une-formation-lapport-de-la-recherche-publique-dans-linnovation-en-entreprise\/","twitter_misc":{"Written by":"Thomas Labeyrie","Est. reading time":"1 minute"},"schema":{"@context":"https:\/\/schema.org","@graph":[{"@type":"Article","@id":"https:\/\/www.satt.fr\/en\/la-satt-sud-est-et-linpi-organisent-une-formation-lapport-de-la-recherche-publique-dans-linnovation-en-entreprise\/#article","isPartOf":{"@id":"https:\/\/www.satt.fr\/en\/la-satt-sud-est-et-linpi-organisent-une-formation-lapport-de-la-recherche-publique-dans-linnovation-en-entreprise\/"},"author":{"name":"Thomas Labeyrie","@id":"https:\/\/www.satt.fr\/en\/#\/schema\/person\/9c2ac3cd498b87cfa891f3f6e2df84bb"},"headline":"La SATT Sud-Est et l\u2019INPI organisent une formation \u00ab L\u2019apport de la Recherche Publique dans l\u2019Innovation en entreprise \u00bb","datePublished":"2019-11-04T13:41:56+00:00","dateModified":"2019-12-17T15:34:05+00:00","mainEntityOfPage":{"@id":"https:\/\/www.satt.fr\/en\/la-satt-sud-est-et-linpi-organisent-une-formation-lapport-de-la-recherche-publique-dans-linnovation-en-entreprise\/"},"wordCount":147,"image":{"@id":"https:\/\/www.satt.fr\/en\/la-satt-sud-est-et-linpi-organisent-une-formation-lapport-de-la-recherche-publique-dans-linnovation-en-entreprise\/#primaryimage"},"thumbnailUrl":"https:\/\/www.satt.fr\/wp-content\/uploads\/2019\/11\/INPISSE.jpg","articleSection":["Events","News"],"inLanguage":"en-US"},{"@type":"WebPage","@id":"https:\/\/www.satt.fr\/en\/la-satt-sud-est-et-linpi-organisent-une-formation-lapport-de-la-recherche-publique-dans-linnovation-en-entreprise\/","url":"https:\/\/www.satt.fr\/en\/la-satt-sud-est-et-linpi-organisent-une-formation-lapport-de-la-recherche-publique-dans-linnovation-en-entreprise\/","name":"La SATT Sud-Est et l\u2019INPI organisent une formation \u00ab L\u2019apport de la Recherche Publique dans l\u2019Innovation en entreprise \u00bb - R\u00e9seau SATT","isPartOf":{"@id":"https:\/\/www.satt.fr\/en\/#website"},"primaryImageOfPage":{"@id":"https:\/\/www.satt.fr\/en\/la-satt-sud-est-et-linpi-organisent-une-formation-lapport-de-la-recherche-publique-dans-linnovation-en-entreprise\/#primaryimage"},"image":{"@id":"https:\/\/www.satt.fr\/en\/la-satt-sud-est-et-linpi-organisent-une-formation-lapport-de-la-recherche-publique-dans-linnovation-en-entreprise\/#primaryimage"},"thumbnailUrl":"https:\/\/www.satt.fr\/wp-content\/uploads\/2019\/11\/INPISSE.jpg","datePublished":"2019-11-04T13:41:56+00:00","dateModified":"2019-12-17T15:34:05+00:00","author":{"@id":"https:\/\/www.satt.fr\/en\/#\/schema\/person\/9c2ac3cd498b87cfa891f3f6e2df84bb"},"breadcrumb":{"@id":"https:\/\/www.satt.fr\/en\/la-satt-sud-est-et-linpi-organisent-une-formation-lapport-de-la-recherche-publique-dans-linnovation-en-entreprise\/#breadcrumb"},"inLanguage":"en-US","potentialAction":[{"@type":"ReadAction","target":["https:\/\/www.satt.fr\/en\/la-satt-sud-est-et-linpi-organisent-une-formation-lapport-de-la-recherche-publique-dans-linnovation-en-entreprise\/"]}]},{"@type":"ImageObject","inLanguage":"en-US","@id":"https:\/\/www.satt.fr\/en\/la-satt-sud-est-et-linpi-organisent-une-formation-lapport-de-la-recherche-publique-dans-linnovation-en-entreprise\/#primaryimage","url":"https:\/\/www.satt.fr\/wp-content\/uploads\/2019\/11\/INPISSE.jpg","contentUrl":"https:\/\/www.satt.fr\/wp-content\/uploads\/2019\/11\/INPISSE.jpg","width":6399,"height":3569},{"@type":"BreadcrumbList","@id":"https:\/\/www.satt.fr\/en\/la-satt-sud-est-et-linpi-organisent-une-formation-lapport-de-la-recherche-publique-dans-linnovation-en-entreprise\/#breadcrumb","itemListElement":[{"@type":"ListItem","position":1,"name":"Accueil","item":"https:\/\/www.satt.fr\/en\/"},{"@type":"ListItem","position":2,"name":"La SATT Sud-Est et l\u2019INPI organisent une formation \u00ab L\u2019apport de la Recherche Publique dans l\u2019Innovation en entreprise \u00bb"}]},{"@type":"WebSite","@id":"https:\/\/www.satt.fr\/en\/#website","url":"https:\/\/www.satt.fr\/en\/","name":"R\u00e9seau SATT","description":"Les Soci\u00e9t\u00e9s d&#039;Acc\u00e9l\u00e9ration du Transfert de Technologies","potentialAction":[{"@type":"SearchAction","target":{"@type":"EntryPoint","urlTemplate":"https:\/\/www.satt.fr\/en\/?s={search_term_string}"},"query-input":{"@type":"PropertyValueSpecification","valueRequired":true,"valueName":"search_term_string"}}],"inLanguage":"en-US"},{"@type":"Person","@id":"https:\/\/www.satt.fr\/en\/#\/schema\/person\/9c2ac3cd498b87cfa891f3f6e2df84bb","name":"Thomas Labeyrie","url":"https:\/\/www.satt.fr\/en\/author\/thomas-labeyriesattse-com\/"}]}},"_links":{"self":[{"href":"https:\/\/www.satt.fr\/en\/wp-json\/wp\/v2\/posts\/16682","targetHints":{"allow":["GET"]}}],"collection":[{"href":"https:\/\/www.satt.fr\/en\/wp-json\/wp\/v2\/posts"}],"about":[{"href":"https:\/\/www.satt.fr\/en\/wp-json\/wp\/v2\/types\/post"}],"author":[{"embeddable":true,"href":"https:\/\/www.satt.fr\/en\/wp-json\/wp\/v2\/users\/31"}],"replies":[{"embeddable":true,"href":"https:\/\/www.satt.fr\/en\/wp-json\/wp\/v2\/comments?post=16682"}],"version-history":[{"count":2,"href":"https:\/\/www.satt.fr\/en\/wp-json\/wp\/v2\/posts\/16682\/revisions"}],"predecessor-version":[{"id":17182,"href":"https:\/\/www.satt.fr\/en\/wp-json\/wp\/v2\/posts\/16682\/revisions\/17182"}],"wp:featuredmedia":[{"embeddable":true,"href":"https:\/\/www.satt.fr\/en\/wp-json\/wp\/v2\/media\/16690"}],"wp:attachment":[{"href":"https:\/\/www.satt.fr\/en\/wp-json\/wp\/v2\/media?parent=16682"}],"wp:term":[{"taxonomy":"category","embeddable":true,"href":"https:\/\/www.satt.fr\/en\/wp-json\/wp\/v2\/categories?post=16682"},{"taxonomy":"post_tag","embeddable":true,"href":"https:\/\/www.satt.fr\/en\/wp-json\/wp\/v2\/tags?post=16682"}],"curies":[{"name":"wp","href":"https:\/\/api.w.org\/{rel}","templated":true}]}}