{"id":17038,"date":"2019-12-04T14:23:56","date_gmt":"2019-12-04T13:23:56","guid":{"rendered":"https:\/\/www.satt.fr\/i-lab-2020\/"},"modified":"2019-12-04T14:57:40","modified_gmt":"2019-12-04T13:57:40","slug":"i-lab-2020","status":"publish","type":"post","link":"https:\/\/www.satt.fr\/en\/i-lab-2020\/","title":{"rendered":"i-Lab 2020 : Lancement de la 22e \u00e9dition du concours d\u2019innovation"},"content":{"rendered":"<p><strong>Le minist\u00e8re de l\u2019Enseignement sup\u00e9rieur, de la Recherche et de l&#8217;Innovation lance le 4 d\u00e9cembre 2019, en partenariat avec Bpifrance Financement, la 22e \u00e9dition du concours d\u2019innovation i-Lab, v\u00e9ritable tremplin pour les entrepreneurs de la deep tech fran\u00e7aise.<\/strong><\/p>\n<p>Cr\u00e9e en 1999, le Concours d&#8217;innovation i-Lab est n\u00e9 de la volont\u00e9 du minist\u00e8re de l\u2019Enseignement sup\u00e9rieur, de la Recherche et de l\u2019Innovation de valoriser les r\u00e9sultats de la recherche publique \u00e0 travers la cr\u00e9ation d\u2019entreprise technologique. Il est ouvert \u00e0 tous ceux qui ont un projet innovant de cr\u00e9ation d\u2019entreprise \u00e0 forte intensit\u00e9 technologique. Organis\u00e9 en partenariat avec Bpifrance Financement, le concours d\u2019innovation i-Lab soutient les meilleurs projets avec une aide financi\u00e8re importante et un accompagnement adapt\u00e9.\u00a0<\/p>\n<p><span style=\"color: #c9004a;\">En 2020, le concours i-Lab, financ\u00e9 par le minist\u00e8re et abond\u00e9 par le Fonds pour l\u2019innovation et l\u2019industrie, permettra d\u2019aider la cr\u00e9ation de start-up deeptech jusqu\u2019\u00e0 20 millions d\u2019euros.<\/span><\/p>\n<p>La subvention, destin\u00e9e \u00e0 financer le programme de recherche et de d\u00e9veloppement pour la finalisation du produit, proc\u00e9d\u00e9 ou service technologique innovant, pourra atteindre jusqu\u2019\u00e0 600 000 euros. Pourront candidater les porteurs de projet d\u2019entreprise non cr\u00e9\u00e9e ou d\u2019entreprise ayant moins de 2 ans. Les candidats qui d\u00e9tiennent du capital dans une autre entreprise doivent justifier de leur capacit\u00e9 \u00e0 s\u2019investir pleinement dans le projet pr\u00e9sent\u00e9.<\/p>\n<p><span style=\"text-decoration: underline;\"><strong>Modalit\u00e9s d\u2019inscription<\/strong><\/span><\/p>\n<p>Les projets, quel que soit leur stade d&#8217;avancement, doivent pr\u00e9voir la cr\u00e9ation d&#8217;une entreprise install\u00e9e sur le territoire fran\u00e7ais et s&#8217;appuyant sur une technologie innovante. Pour les anglophones,\u00a0le dossier de candidature pourra \u00eatre r\u00e9dig\u00e9 en langue anglaise.<\/p>\n<p>Les candidats doivent s\u2019inscrire en ligne en remplissant le dossier de candidature d\u00e9mat\u00e9rialis\u00e9, exclusivement sur la\u00a0<a class=\"lien_zone_centrale\" href=\"https:\/\/extranet.bpifrance.fr\/projets-innovants-collaboratifs\/\">plateforme op\u00e9r\u00e9e par Bpifrance Financement<\/a>,\u00a0<strong>du mercredi 4 d\u00e9cembre 2019 au mercredi 12 f\u00e9vrier 2020 \u00e0 12 heures.<\/strong><\/p>\n<p>&nbsp;<\/p>\n<p style=\"text-align: center;\"><span style=\"font-size: 14pt;\"><strong>Informations :\u00a0<\/strong><a href=\"https:\/\/www.enseignementsup-recherche.gouv.fr\/cid147113\/i-lab-2020-lancement-de-la-22e-edition.html\">ICI<\/a><\/span><\/p>\n<p><img loading=\"lazy\" decoding=\"async\" class=\"aligncenter wp-image-17033\" src=\"https:\/\/www.satt.fr\/wp-content\/uploads\/2019\/12\/i-Lab_8raisonsB_1024x576_multiple_01_1054686-300x169.png\" alt=\"\" width=\"700\" height=\"394\" srcset=\"https:\/\/www.satt.fr\/wp-content\/uploads\/2019\/12\/i-Lab_8raisonsB_1024x576_multiple_01_1054686-300x169.png 300w, https:\/\/www.satt.fr\/wp-content\/uploads\/2019\/12\/i-Lab_8raisonsB_1024x576_multiple_01_1054686-150x84.png 150w, https:\/\/www.satt.fr\/wp-content\/uploads\/2019\/12\/i-Lab_8raisonsB_1024x576_multiple_01_1054686-768x432.png 768w, https:\/\/www.satt.fr\/wp-content\/uploads\/2019\/12\/i-Lab_8raisonsB_1024x576_multiple_01_1054686.png 1024w, https:\/\/www.satt.fr\/wp-content\/uploads\/2019\/12\/i-Lab_8raisonsB_1024x576_multiple_01_1054686-500x281.png 500w, https:\/\/www.satt.fr\/wp-content\/uploads\/2019\/12\/i-Lab_8raisonsB_1024x576_multiple_01_1054686-600x338.png 600w, https:\/\/www.satt.fr\/wp-content\/uploads\/2019\/12\/i-Lab_8raisonsB_1024x576_multiple_01_1054686-178x100.png 178w\" sizes=\"auto, (max-width: 700px) 100vw, 700px\" \/><\/p>\n","protected":false},"excerpt":{"rendered":"<p>Le minist\u00e8re de l\u2019Enseignement sup\u00e9rieur, de la Recherche et de l&#8217;Innovation lance le 4 d\u00e9cembre 2019, en partenariat avec Bpifrance Financement, la 22e \u00e9dition du concours d\u2019innovation i-Lab, v\u00e9ritable tremplin pour les entrepreneurs de la deep tech fran\u00e7aise. Cr\u00e9e en 1999, le Concours d&#8217;innovation i-Lab est n\u00e9 de la volont\u00e9 du minist\u00e8re de l\u2019Enseignement sup\u00e9rieur, [&hellip;]<\/p>\n","protected":false},"author":2,"featured_media":17032,"comment_status":"closed","ping_status":"closed","sticky":false,"template":"","format":"standard","meta":{"_acf_changed":false,"footnotes":""},"categories":[560],"tags":[],"class_list":["post-17038","post","type-post","status-publish","format-standard","has-post-thumbnail","hentry","category-event-en"],"acf":[],"yoast_head":"<!-- This site is optimized with the Yoast SEO plugin v27.4 - https:\/\/yoast.com\/product\/yoast-seo-wordpress\/ -->\n<title>i-Lab 2020 : Lancement de la 22e \u00e9dition du concours d\u2019innovation - R\u00e9seau SATT<\/title>\n<meta name=\"robots\" content=\"index, follow, max-snippet:-1, max-image-preview:large, max-video-preview:-1\" \/>\n<link rel=\"canonical\" href=\"https:\/\/www.satt.fr\/en\/i-lab-2020\/\" \/>\n<meta name=\"twitter:label1\" content=\"Written by\" \/>\n\t<meta name=\"twitter:data1\" content=\"admin\" \/>\n\t<meta name=\"twitter:label2\" content=\"Est. reading time\" \/>\n\t<meta name=\"twitter:data2\" content=\"2 minutes\" \/>\n<script type=\"application\/ld+json\" class=\"yoast-schema-graph\">{\"@context\":\"https:\\\/\\\/schema.org\",\"@graph\":[{\"@type\":\"Article\",\"@id\":\"https:\\\/\\\/www.satt.fr\\\/en\\\/i-lab-2020\\\/#article\",\"isPartOf\":{\"@id\":\"https:\\\/\\\/www.satt.fr\\\/en\\\/i-lab-2020\\\/\"},\"author\":{\"name\":\"admin\",\"@id\":\"https:\\\/\\\/www.satt.fr\\\/en\\\/#\\\/schema\\\/person\\\/6f20a7d0bc03146f6e34a9f08d941fec\"},\"headline\":\"i-Lab 2020 : Lancement de la 22e \u00e9dition du concours d\u2019innovation\",\"datePublished\":\"2019-12-04T13:23:56+00:00\",\"dateModified\":\"2019-12-04T13:57:40+00:00\",\"mainEntityOfPage\":{\"@id\":\"https:\\\/\\\/www.satt.fr\\\/en\\\/i-lab-2020\\\/\"},\"wordCount\":332,\"image\":{\"@id\":\"https:\\\/\\\/www.satt.fr\\\/en\\\/i-lab-2020\\\/#primaryimage\"},\"thumbnailUrl\":\"https:\\\/\\\/www.satt.fr\\\/wp-content\\\/uploads\\\/2019\\\/12\\\/ILAB2020.jpg\",\"articleSection\":[\"Events\"],\"inLanguage\":\"en-US\"},{\"@type\":\"WebPage\",\"@id\":\"https:\\\/\\\/www.satt.fr\\\/en\\\/i-lab-2020\\\/\",\"url\":\"https:\\\/\\\/www.satt.fr\\\/en\\\/i-lab-2020\\\/\",\"name\":\"i-Lab 2020 : Lancement de la 22e \u00e9dition du concours d\u2019innovation - R\u00e9seau SATT\",\"isPartOf\":{\"@id\":\"https:\\\/\\\/www.satt.fr\\\/en\\\/#website\"},\"primaryImageOfPage\":{\"@id\":\"https:\\\/\\\/www.satt.fr\\\/en\\\/i-lab-2020\\\/#primaryimage\"},\"image\":{\"@id\":\"https:\\\/\\\/www.satt.fr\\\/en\\\/i-lab-2020\\\/#primaryimage\"},\"thumbnailUrl\":\"https:\\\/\\\/www.satt.fr\\\/wp-content\\\/uploads\\\/2019\\\/12\\\/ILAB2020.jpg\",\"datePublished\":\"2019-12-04T13:23:56+00:00\",\"dateModified\":\"2019-12-04T13:57:40+00:00\",\"author\":{\"@id\":\"https:\\\/\\\/www.satt.fr\\\/en\\\/#\\\/schema\\\/person\\\/6f20a7d0bc03146f6e34a9f08d941fec\"},\"breadcrumb\":{\"@id\":\"https:\\\/\\\/www.satt.fr\\\/en\\\/i-lab-2020\\\/#breadcrumb\"},\"inLanguage\":\"en-US\",\"potentialAction\":[{\"@type\":\"ReadAction\",\"target\":[\"https:\\\/\\\/www.satt.fr\\\/en\\\/i-lab-2020\\\/\"]}]},{\"@type\":\"ImageObject\",\"inLanguage\":\"en-US\",\"@id\":\"https:\\\/\\\/www.satt.fr\\\/en\\\/i-lab-2020\\\/#primaryimage\",\"url\":\"https:\\\/\\\/www.satt.fr\\\/wp-content\\\/uploads\\\/2019\\\/12\\\/ILAB2020.jpg\",\"contentUrl\":\"https:\\\/\\\/www.satt.fr\\\/wp-content\\\/uploads\\\/2019\\\/12\\\/ILAB2020.jpg\",\"width\":3200,\"height\":1785},{\"@type\":\"BreadcrumbList\",\"@id\":\"https:\\\/\\\/www.satt.fr\\\/en\\\/i-lab-2020\\\/#breadcrumb\",\"itemListElement\":[{\"@type\":\"ListItem\",\"position\":1,\"name\":\"Accueil\",\"item\":\"https:\\\/\\\/www.satt.fr\\\/en\\\/\"},{\"@type\":\"ListItem\",\"position\":2,\"name\":\"i-Lab 2020 : Lancement de la 22e \u00e9dition du concours d\u2019innovation\"}]},{\"@type\":\"WebSite\",\"@id\":\"https:\\\/\\\/www.satt.fr\\\/en\\\/#website\",\"url\":\"https:\\\/\\\/www.satt.fr\\\/en\\\/\",\"name\":\"R\u00e9seau SATT\",\"description\":\"Les Soci\u00e9t\u00e9s d&#039;Acc\u00e9l\u00e9ration du Transfert de Technologies\",\"potentialAction\":[{\"@type\":\"SearchAction\",\"target\":{\"@type\":\"EntryPoint\",\"urlTemplate\":\"https:\\\/\\\/www.satt.fr\\\/en\\\/?s={search_term_string}\"},\"query-input\":{\"@type\":\"PropertyValueSpecification\",\"valueRequired\":true,\"valueName\":\"search_term_string\"}}],\"inLanguage\":\"en-US\"},{\"@type\":\"Person\",\"@id\":\"https:\\\/\\\/www.satt.fr\\\/en\\\/#\\\/schema\\\/person\\\/6f20a7d0bc03146f6e34a9f08d941fec\",\"name\":\"admin\",\"url\":\"https:\\\/\\\/www.satt.fr\\\/en\\\/author\\\/admin\\\/\"}]}<\/script>\n<!-- \/ Yoast SEO plugin. -->","yoast_head_json":{"title":"i-Lab 2020 : Lancement de la 22e \u00e9dition du concours d\u2019innovation - R\u00e9seau SATT","robots":{"index":"index","follow":"follow","max-snippet":"max-snippet:-1","max-image-preview":"max-image-preview:large","max-video-preview":"max-video-preview:-1"},"canonical":"https:\/\/www.satt.fr\/en\/i-lab-2020\/","twitter_misc":{"Written by":"admin","Est. reading time":"2 minutes"},"schema":{"@context":"https:\/\/schema.org","@graph":[{"@type":"Article","@id":"https:\/\/www.satt.fr\/en\/i-lab-2020\/#article","isPartOf":{"@id":"https:\/\/www.satt.fr\/en\/i-lab-2020\/"},"author":{"name":"admin","@id":"https:\/\/www.satt.fr\/en\/#\/schema\/person\/6f20a7d0bc03146f6e34a9f08d941fec"},"headline":"i-Lab 2020 : Lancement de la 22e \u00e9dition du concours d\u2019innovation","datePublished":"2019-12-04T13:23:56+00:00","dateModified":"2019-12-04T13:57:40+00:00","mainEntityOfPage":{"@id":"https:\/\/www.satt.fr\/en\/i-lab-2020\/"},"wordCount":332,"image":{"@id":"https:\/\/www.satt.fr\/en\/i-lab-2020\/#primaryimage"},"thumbnailUrl":"https:\/\/www.satt.fr\/wp-content\/uploads\/2019\/12\/ILAB2020.jpg","articleSection":["Events"],"inLanguage":"en-US"},{"@type":"WebPage","@id":"https:\/\/www.satt.fr\/en\/i-lab-2020\/","url":"https:\/\/www.satt.fr\/en\/i-lab-2020\/","name":"i-Lab 2020 : Lancement de la 22e \u00e9dition du concours d\u2019innovation - R\u00e9seau SATT","isPartOf":{"@id":"https:\/\/www.satt.fr\/en\/#website"},"primaryImageOfPage":{"@id":"https:\/\/www.satt.fr\/en\/i-lab-2020\/#primaryimage"},"image":{"@id":"https:\/\/www.satt.fr\/en\/i-lab-2020\/#primaryimage"},"thumbnailUrl":"https:\/\/www.satt.fr\/wp-content\/uploads\/2019\/12\/ILAB2020.jpg","datePublished":"2019-12-04T13:23:56+00:00","dateModified":"2019-12-04T13:57:40+00:00","author":{"@id":"https:\/\/www.satt.fr\/en\/#\/schema\/person\/6f20a7d0bc03146f6e34a9f08d941fec"},"breadcrumb":{"@id":"https:\/\/www.satt.fr\/en\/i-lab-2020\/#breadcrumb"},"inLanguage":"en-US","potentialAction":[{"@type":"ReadAction","target":["https:\/\/www.satt.fr\/en\/i-lab-2020\/"]}]},{"@type":"ImageObject","inLanguage":"en-US","@id":"https:\/\/www.satt.fr\/en\/i-lab-2020\/#primaryimage","url":"https:\/\/www.satt.fr\/wp-content\/uploads\/2019\/12\/ILAB2020.jpg","contentUrl":"https:\/\/www.satt.fr\/wp-content\/uploads\/2019\/12\/ILAB2020.jpg","width":3200,"height":1785},{"@type":"BreadcrumbList","@id":"https:\/\/www.satt.fr\/en\/i-lab-2020\/#breadcrumb","itemListElement":[{"@type":"ListItem","position":1,"name":"Accueil","item":"https:\/\/www.satt.fr\/en\/"},{"@type":"ListItem","position":2,"name":"i-Lab 2020 : Lancement de la 22e \u00e9dition du concours d\u2019innovation"}]},{"@type":"WebSite","@id":"https:\/\/www.satt.fr\/en\/#website","url":"https:\/\/www.satt.fr\/en\/","name":"R\u00e9seau SATT","description":"Les Soci\u00e9t\u00e9s d&#039;Acc\u00e9l\u00e9ration du Transfert de Technologies","potentialAction":[{"@type":"SearchAction","target":{"@type":"EntryPoint","urlTemplate":"https:\/\/www.satt.fr\/en\/?s={search_term_string}"},"query-input":{"@type":"PropertyValueSpecification","valueRequired":true,"valueName":"search_term_string"}}],"inLanguage":"en-US"},{"@type":"Person","@id":"https:\/\/www.satt.fr\/en\/#\/schema\/person\/6f20a7d0bc03146f6e34a9f08d941fec","name":"admin","url":"https:\/\/www.satt.fr\/en\/author\/admin\/"}]}},"_links":{"self":[{"href":"https:\/\/www.satt.fr\/en\/wp-json\/wp\/v2\/posts\/17038","targetHints":{"allow":["GET"]}}],"collection":[{"href":"https:\/\/www.satt.fr\/en\/wp-json\/wp\/v2\/posts"}],"about":[{"href":"https:\/\/www.satt.fr\/en\/wp-json\/wp\/v2\/types\/post"}],"author":[{"embeddable":true,"href":"https:\/\/www.satt.fr\/en\/wp-json\/wp\/v2\/users\/2"}],"replies":[{"embeddable":true,"href":"https:\/\/www.satt.fr\/en\/wp-json\/wp\/v2\/comments?post=17038"}],"version-history":[{"count":5,"href":"https:\/\/www.satt.fr\/en\/wp-json\/wp\/v2\/posts\/17038\/revisions"}],"predecessor-version":[{"id":17051,"href":"https:\/\/www.satt.fr\/en\/wp-json\/wp\/v2\/posts\/17038\/revisions\/17051"}],"wp:featuredmedia":[{"embeddable":true,"href":"https:\/\/www.satt.fr\/en\/wp-json\/wp\/v2\/media\/17032"}],"wp:attachment":[{"href":"https:\/\/www.satt.fr\/en\/wp-json\/wp\/v2\/media?parent=17038"}],"wp:term":[{"taxonomy":"category","embeddable":true,"href":"https:\/\/www.satt.fr\/en\/wp-json\/wp\/v2\/categories?post=17038"},{"taxonomy":"post_tag","embeddable":true,"href":"https:\/\/www.satt.fr\/en\/wp-json\/wp\/v2\/tags?post=17038"}],"curies":[{"name":"wp","href":"https:\/\/api.w.org\/{rel}","templated":true}]}}