{"id":17065,"date":"2019-12-05T10:54:18","date_gmt":"2019-12-05T09:54:18","guid":{"rendered":"https:\/\/www.satt.fr\/journee-anr-2019\/"},"modified":"2019-12-10T11:30:32","modified_gmt":"2019-12-10T10:30:32","slug":"journee-anr-2019","status":"publish","type":"post","link":"https:\/\/www.satt.fr\/en\/journee-anr-2019\/","title":{"rendered":"Le R\u00e9seau SATT partenaire de la Journ\u00e9e ANR \u00ab La recherche, cr\u00e9atrice d\u2019innovations \u00bb"},"content":{"rendered":"<p><strong>L\u2019Agence nationale de la recherche (ANR) vous donne rendez-vous \u00e0 Station F, campus de startup, le jeudi 12 d\u00e9cembre pour une journ\u00e9e d\u2019\u00e9changes sur l\u2019innovation avec de nombreux partenaires.<\/strong><\/p>\n<p>En tant qu\u2019agence de financement et op\u00e9rateur des Programmes d\u2019Investissements d\u2019Avenir, l\u2019ANR encourage chercheuses, chercheurs, laboratoires, startup, PME, entreprises de taille interm\u00e9diaire, groupes, \u00e0 ouvrir de nouvelles perspectives scientifiques gr\u00e2ce \u00e0 des appels \u00e0 projets d\u00e9di\u00e9s \u00e0 la comp\u00e9titivit\u00e9 et au transfert de technologie.<\/p>\n<ul>\n<li><strong>Pour en savoir plus sur l\u2019accompagnement ANR et ses appels \u00e0 projets sp\u00e9cifiques de recherche partenariale :<\/strong>\u00a0Chaires Industrielles, LabCom, dispositifs maturation, Challenge, Projet de Recherche Collaborative-Entreprises (PRCE), programme Carnot, IRT\u2026<\/li>\n<li><strong>T\u00e9moignages de duos de chercheuses, chercheurs et entrepreneuses<\/strong>, entrepreneurs sur leur r\u00e9ussite et les d\u00e9fis \u00e0 relever, dans tous les domaines scientifiques<\/li>\n<li><strong>Tables rondes<\/strong>\u00a0avec les acteurs de l\u2019innovation : acteurs acad\u00e9miques, priv\u00e9s, Entreprises<\/li>\n<li><strong>Espace d\u00e9di\u00e9<\/strong>\u00a0aux d\u00e9monstrations et aux parcours d\u2019innovations<\/li>\n<li><strong>Espace de networking<\/strong>\u00a0pour rencontrer les repr\u00e9sentants ANR et ses partenaires, Bpifrance, R\u00e9seau Carnot\u2026<\/li>\n<\/ul>\n<p>&nbsp;<\/p>\n<p><span style=\"color: #c9004a;\">Le R\u00e9seau SATT sera pr\u00e9sent sur une table ronde consacr\u00e9e aux partenariats recherche\/entreprises, \u00e0 travers la participation Suat Topsu, Pr\u00e9sident d&#8217;Erganeo, et du t\u00e9moignage de la start-up Diamidex (SATT Sud-Est).<\/span><\/p>\n<p><span style=\"text-decoration: underline;\"><strong>11h25-12h300 : Qu\u2019est-ce qu\u2019un partenariat p\u00e9renne pour un chercheur et une entreprise ?<\/strong><\/span><\/p>\n<p>Quelle est la meilleure structure pour passer de l\u2019invention \u00e0 l\u2019innovation ? La start-up est-elle la forme la plus pertinente pour les chercheurs acad\u00e9miques ? Quid de l\u2019insertion du chercheur dans la gouvernance d\u2019une ETI ou d\u2019un groupe ? Quel est l\u2019int\u00e9r\u00eat pour le chercheur de transf\u00e9rer son invention en devenant expert ou conseiller d\u2019une entreprise ? Comment traiter la question de la propri\u00e9t\u00e9 industrielle dans ces contextes ? Le mandataire unique est-il une des solutions pour le chercheur et pour l\u2019entreprise ?<\/p>\n<ul style=\"list-style-type: circle;\">\n<li>Pierre-Louis AUTIN, Minist\u00e8re de l\u2019enseignement sup\u00e9rieur, de la recherche et de l\u2019innovation, Chef du service de l\u2019innovation, du transfert, de la technologie et de l\u2019action r\u00e9gionale (SITTAR \u2013 DGRI)<\/li>\n<li>Sam DUKAN, DIAMIDEX, Pr\u00e9sident<\/li>\n<li>Catherine LLORENS-CORTES, INSERM, Directeur de recherche \/ Coll\u00e8ge de France<\/li>\n<li>David MIET, Villes Durables, Pr\u00e9sident<\/li>\n<li>Philippe NERIN, AxLR &amp; R\u00e9seau des SATT, Pr\u00e9sident<\/li>\n<li>Ekaterina SHILOVA, AJELIS, Pr\u00e9sidente<\/li>\n<\/ul>\n<p>&nbsp;<\/p>\n<p style=\"text-align: center;\"><strong><span style=\"font-size: 14pt;\">Informations : <a href=\"https:\/\/journeeinnovationanr.fr\/\">journeeinnovationanr.fr<\/a><\/span><\/strong><\/p>\n","protected":false},"excerpt":{"rendered":"<p>L\u2019Agence nationale de la recherche (ANR) vous donne rendez-vous \u00e0 Station F, campus de startup, le jeudi 12 d\u00e9cembre pour une journ\u00e9e d\u2019\u00e9changes sur l\u2019innovation avec de nombreux partenaires. En tant qu\u2019agence de financement et op\u00e9rateur des Programmes d\u2019Investissements d\u2019Avenir, l\u2019ANR encourage chercheuses, chercheurs, laboratoires, startup, PME, entreprises de taille interm\u00e9diaire, groupes, \u00e0 ouvrir de [&hellip;]<\/p>\n","protected":false},"author":2,"featured_media":17059,"comment_status":"closed","ping_status":"closed","sticky":false,"template":"","format":"standard","meta":{"_acf_changed":false,"footnotes":""},"categories":[560],"tags":[],"class_list":["post-17065","post","type-post","status-publish","format-standard","has-post-thumbnail","hentry","category-event-en"],"acf":[],"yoast_head":"<!-- This site is optimized with the Yoast SEO plugin v27.4 - https:\/\/yoast.com\/product\/yoast-seo-wordpress\/ -->\n<title>Le R\u00e9seau SATT partenaire de la Journ\u00e9e ANR \u00ab La recherche, cr\u00e9atrice d\u2019innovations \u00bb - R\u00e9seau SATT<\/title>\n<meta name=\"robots\" content=\"index, follow, max-snippet:-1, max-image-preview:large, max-video-preview:-1\" \/>\n<link rel=\"canonical\" href=\"https:\/\/www.satt.fr\/en\/journee-anr-2019\/\" \/>\n<meta name=\"twitter:label1\" content=\"Written by\" \/>\n\t<meta name=\"twitter:data1\" content=\"admin\" \/>\n\t<meta name=\"twitter:label2\" content=\"Est. reading time\" \/>\n\t<meta name=\"twitter:data2\" content=\"2 minutes\" \/>\n<script type=\"application\/ld+json\" class=\"yoast-schema-graph\">{\"@context\":\"https:\\\/\\\/schema.org\",\"@graph\":[{\"@type\":\"Article\",\"@id\":\"https:\\\/\\\/www.satt.fr\\\/en\\\/journee-anr-2019\\\/#article\",\"isPartOf\":{\"@id\":\"https:\\\/\\\/www.satt.fr\\\/en\\\/journee-anr-2019\\\/\"},\"author\":{\"name\":\"admin\",\"@id\":\"https:\\\/\\\/www.satt.fr\\\/en\\\/#\\\/schema\\\/person\\\/6f20a7d0bc03146f6e34a9f08d941fec\"},\"headline\":\"Le R\u00e9seau SATT partenaire de la Journ\u00e9e ANR \u00ab La recherche, cr\u00e9atrice d\u2019innovations \u00bb\",\"datePublished\":\"2019-12-05T09:54:18+00:00\",\"dateModified\":\"2019-12-10T10:30:32+00:00\",\"mainEntityOfPage\":{\"@id\":\"https:\\\/\\\/www.satt.fr\\\/en\\\/journee-anr-2019\\\/\"},\"wordCount\":411,\"image\":{\"@id\":\"https:\\\/\\\/www.satt.fr\\\/en\\\/journee-anr-2019\\\/#primaryimage\"},\"thumbnailUrl\":\"https:\\\/\\\/www.satt.fr\\\/wp-content\\\/uploads\\\/2019\\\/12\\\/JANR.jpg\",\"articleSection\":[\"Events\"],\"inLanguage\":\"en-US\"},{\"@type\":\"WebPage\",\"@id\":\"https:\\\/\\\/www.satt.fr\\\/en\\\/journee-anr-2019\\\/\",\"url\":\"https:\\\/\\\/www.satt.fr\\\/en\\\/journee-anr-2019\\\/\",\"name\":\"Le R\u00e9seau SATT partenaire de la Journ\u00e9e ANR \u00ab La recherche, cr\u00e9atrice d\u2019innovations \u00bb - R\u00e9seau SATT\",\"isPartOf\":{\"@id\":\"https:\\\/\\\/www.satt.fr\\\/en\\\/#website\"},\"primaryImageOfPage\":{\"@id\":\"https:\\\/\\\/www.satt.fr\\\/en\\\/journee-anr-2019\\\/#primaryimage\"},\"image\":{\"@id\":\"https:\\\/\\\/www.satt.fr\\\/en\\\/journee-anr-2019\\\/#primaryimage\"},\"thumbnailUrl\":\"https:\\\/\\\/www.satt.fr\\\/wp-content\\\/uploads\\\/2019\\\/12\\\/JANR.jpg\",\"datePublished\":\"2019-12-05T09:54:18+00:00\",\"dateModified\":\"2019-12-10T10:30:32+00:00\",\"author\":{\"@id\":\"https:\\\/\\\/www.satt.fr\\\/en\\\/#\\\/schema\\\/person\\\/6f20a7d0bc03146f6e34a9f08d941fec\"},\"breadcrumb\":{\"@id\":\"https:\\\/\\\/www.satt.fr\\\/en\\\/journee-anr-2019\\\/#breadcrumb\"},\"inLanguage\":\"en-US\",\"potentialAction\":[{\"@type\":\"ReadAction\",\"target\":[\"https:\\\/\\\/www.satt.fr\\\/en\\\/journee-anr-2019\\\/\"]}]},{\"@type\":\"ImageObject\",\"inLanguage\":\"en-US\",\"@id\":\"https:\\\/\\\/www.satt.fr\\\/en\\\/journee-anr-2019\\\/#primaryimage\",\"url\":\"https:\\\/\\\/www.satt.fr\\\/wp-content\\\/uploads\\\/2019\\\/12\\\/JANR.jpg\",\"contentUrl\":\"https:\\\/\\\/www.satt.fr\\\/wp-content\\\/uploads\\\/2019\\\/12\\\/JANR.jpg\",\"width\":3200,\"height\":1785},{\"@type\":\"BreadcrumbList\",\"@id\":\"https:\\\/\\\/www.satt.fr\\\/en\\\/journee-anr-2019\\\/#breadcrumb\",\"itemListElement\":[{\"@type\":\"ListItem\",\"position\":1,\"name\":\"Accueil\",\"item\":\"https:\\\/\\\/www.satt.fr\\\/en\\\/\"},{\"@type\":\"ListItem\",\"position\":2,\"name\":\"Le R\u00e9seau SATT partenaire de la Journ\u00e9e ANR \u00ab La recherche, cr\u00e9atrice d\u2019innovations \u00bb\"}]},{\"@type\":\"WebSite\",\"@id\":\"https:\\\/\\\/www.satt.fr\\\/en\\\/#website\",\"url\":\"https:\\\/\\\/www.satt.fr\\\/en\\\/\",\"name\":\"R\u00e9seau SATT\",\"description\":\"Les Soci\u00e9t\u00e9s d&#039;Acc\u00e9l\u00e9ration du Transfert de Technologies\",\"potentialAction\":[{\"@type\":\"SearchAction\",\"target\":{\"@type\":\"EntryPoint\",\"urlTemplate\":\"https:\\\/\\\/www.satt.fr\\\/en\\\/?s={search_term_string}\"},\"query-input\":{\"@type\":\"PropertyValueSpecification\",\"valueRequired\":true,\"valueName\":\"search_term_string\"}}],\"inLanguage\":\"en-US\"},{\"@type\":\"Person\",\"@id\":\"https:\\\/\\\/www.satt.fr\\\/en\\\/#\\\/schema\\\/person\\\/6f20a7d0bc03146f6e34a9f08d941fec\",\"name\":\"admin\",\"url\":\"https:\\\/\\\/www.satt.fr\\\/en\\\/author\\\/admin\\\/\"}]}<\/script>\n<!-- \/ Yoast SEO plugin. -->","yoast_head_json":{"title":"Le R\u00e9seau SATT partenaire de la Journ\u00e9e ANR \u00ab La recherche, cr\u00e9atrice d\u2019innovations \u00bb - R\u00e9seau SATT","robots":{"index":"index","follow":"follow","max-snippet":"max-snippet:-1","max-image-preview":"max-image-preview:large","max-video-preview":"max-video-preview:-1"},"canonical":"https:\/\/www.satt.fr\/en\/journee-anr-2019\/","twitter_misc":{"Written by":"admin","Est. reading time":"2 minutes"},"schema":{"@context":"https:\/\/schema.org","@graph":[{"@type":"Article","@id":"https:\/\/www.satt.fr\/en\/journee-anr-2019\/#article","isPartOf":{"@id":"https:\/\/www.satt.fr\/en\/journee-anr-2019\/"},"author":{"name":"admin","@id":"https:\/\/www.satt.fr\/en\/#\/schema\/person\/6f20a7d0bc03146f6e34a9f08d941fec"},"headline":"Le R\u00e9seau SATT partenaire de la Journ\u00e9e ANR \u00ab La recherche, cr\u00e9atrice d\u2019innovations \u00bb","datePublished":"2019-12-05T09:54:18+00:00","dateModified":"2019-12-10T10:30:32+00:00","mainEntityOfPage":{"@id":"https:\/\/www.satt.fr\/en\/journee-anr-2019\/"},"wordCount":411,"image":{"@id":"https:\/\/www.satt.fr\/en\/journee-anr-2019\/#primaryimage"},"thumbnailUrl":"https:\/\/www.satt.fr\/wp-content\/uploads\/2019\/12\/JANR.jpg","articleSection":["Events"],"inLanguage":"en-US"},{"@type":"WebPage","@id":"https:\/\/www.satt.fr\/en\/journee-anr-2019\/","url":"https:\/\/www.satt.fr\/en\/journee-anr-2019\/","name":"Le R\u00e9seau SATT partenaire de la Journ\u00e9e ANR \u00ab La recherche, cr\u00e9atrice d\u2019innovations \u00bb - R\u00e9seau SATT","isPartOf":{"@id":"https:\/\/www.satt.fr\/en\/#website"},"primaryImageOfPage":{"@id":"https:\/\/www.satt.fr\/en\/journee-anr-2019\/#primaryimage"},"image":{"@id":"https:\/\/www.satt.fr\/en\/journee-anr-2019\/#primaryimage"},"thumbnailUrl":"https:\/\/www.satt.fr\/wp-content\/uploads\/2019\/12\/JANR.jpg","datePublished":"2019-12-05T09:54:18+00:00","dateModified":"2019-12-10T10:30:32+00:00","author":{"@id":"https:\/\/www.satt.fr\/en\/#\/schema\/person\/6f20a7d0bc03146f6e34a9f08d941fec"},"breadcrumb":{"@id":"https:\/\/www.satt.fr\/en\/journee-anr-2019\/#breadcrumb"},"inLanguage":"en-US","potentialAction":[{"@type":"ReadAction","target":["https:\/\/www.satt.fr\/en\/journee-anr-2019\/"]}]},{"@type":"ImageObject","inLanguage":"en-US","@id":"https:\/\/www.satt.fr\/en\/journee-anr-2019\/#primaryimage","url":"https:\/\/www.satt.fr\/wp-content\/uploads\/2019\/12\/JANR.jpg","contentUrl":"https:\/\/www.satt.fr\/wp-content\/uploads\/2019\/12\/JANR.jpg","width":3200,"height":1785},{"@type":"BreadcrumbList","@id":"https:\/\/www.satt.fr\/en\/journee-anr-2019\/#breadcrumb","itemListElement":[{"@type":"ListItem","position":1,"name":"Accueil","item":"https:\/\/www.satt.fr\/en\/"},{"@type":"ListItem","position":2,"name":"Le R\u00e9seau SATT partenaire de la Journ\u00e9e ANR \u00ab La recherche, cr\u00e9atrice d\u2019innovations \u00bb"}]},{"@type":"WebSite","@id":"https:\/\/www.satt.fr\/en\/#website","url":"https:\/\/www.satt.fr\/en\/","name":"R\u00e9seau SATT","description":"Les Soci\u00e9t\u00e9s d&#039;Acc\u00e9l\u00e9ration du Transfert de Technologies","potentialAction":[{"@type":"SearchAction","target":{"@type":"EntryPoint","urlTemplate":"https:\/\/www.satt.fr\/en\/?s={search_term_string}"},"query-input":{"@type":"PropertyValueSpecification","valueRequired":true,"valueName":"search_term_string"}}],"inLanguage":"en-US"},{"@type":"Person","@id":"https:\/\/www.satt.fr\/en\/#\/schema\/person\/6f20a7d0bc03146f6e34a9f08d941fec","name":"admin","url":"https:\/\/www.satt.fr\/en\/author\/admin\/"}]}},"_links":{"self":[{"href":"https:\/\/www.satt.fr\/en\/wp-json\/wp\/v2\/posts\/17065","targetHints":{"allow":["GET"]}}],"collection":[{"href":"https:\/\/www.satt.fr\/en\/wp-json\/wp\/v2\/posts"}],"about":[{"href":"https:\/\/www.satt.fr\/en\/wp-json\/wp\/v2\/types\/post"}],"author":[{"embeddable":true,"href":"https:\/\/www.satt.fr\/en\/wp-json\/wp\/v2\/users\/2"}],"replies":[{"embeddable":true,"href":"https:\/\/www.satt.fr\/en\/wp-json\/wp\/v2\/comments?post=17065"}],"version-history":[{"count":3,"href":"https:\/\/www.satt.fr\/en\/wp-json\/wp\/v2\/posts\/17065\/revisions"}],"predecessor-version":[{"id":17094,"href":"https:\/\/www.satt.fr\/en\/wp-json\/wp\/v2\/posts\/17065\/revisions\/17094"}],"wp:featuredmedia":[{"embeddable":true,"href":"https:\/\/www.satt.fr\/en\/wp-json\/wp\/v2\/media\/17059"}],"wp:attachment":[{"href":"https:\/\/www.satt.fr\/en\/wp-json\/wp\/v2\/media?parent=17065"}],"wp:term":[{"taxonomy":"category","embeddable":true,"href":"https:\/\/www.satt.fr\/en\/wp-json\/wp\/v2\/categories?post=17065"},{"taxonomy":"post_tag","embeddable":true,"href":"https:\/\/www.satt.fr\/en\/wp-json\/wp\/v2\/tags?post=17065"}],"curies":[{"name":"wp","href":"https:\/\/api.w.org\/{rel}","templated":true}]}}