{"id":1818,"date":"2015-07-03T15:33:02","date_gmt":"2015-07-03T13:33:02","guid":{"rendered":"http:\/\/www.satt.fr\/?p=1818"},"modified":"2017-11-13T16:57:46","modified_gmt":"2017-11-13T15:57:46","slug":"le-reseau-sattle-cvt-aviesan-et-bpifrance-lancent-un-appel-a-manifestation-dinteret-sur-les-dispositifs-medicaux","status":"publish","type":"post","link":"https:\/\/www.satt.fr\/en\/le-reseau-sattle-cvt-aviesan-et-bpifrance-lancent-un-appel-a-manifestation-dinteret-sur-les-dispositifs-medicaux\/","title":{"rendered":"Le R\u00e9seau SATT,le CVT Aviesan et Bpifrance lancent un appel \u00e0 manifestation d\u2019int\u00e9r\u00eat sur les dispositifs m\u00e9dicaux"},"content":{"rendered":"<p><!--more--><\/p>\n<p><span style=\"line-height: 1.5em;\">Afin de stimuler et accompagner au mieux les projets innovants et d\u2019acc\u00e9l\u00e9rer le transfert de technologies qui contribueront au progr\u00e8s m\u00e9dical, le CVT Aviesan et ses membres, Bpifrance et les Soci\u00e9t\u00e9s d\u2019Acc\u00e9l\u00e9ration du Transfert de Technologies s\u2019associent pour cr\u00e9er un appel \u00e0 manifestation d\u2019int\u00e9r\u00eat commun d\u00e9di\u00e9 aux <\/span><b style=\"line-height: 1.5em;\">dispositifs m\u00e9dicaux innovants des secteurs suivants (hors cancers et pathologies neurod\u00e9g\u00e9n\u00e9ratives)\u00a0: dermatologie, maladies cardiovasculaires, endocrinologie, foie et voie biliaire, poumons, tube digestif, uro-n\u00e9phrologie, os et articulations, nutrition et m\u00e9tabolisme.<\/b><\/p>\n<p>Pour faire \u00e9merger des synergies nouvelles, ces partenaires souhaitent associer la cartographie de projets \u00e0 l\u2019expression de besoins industriels et cliniques. C&#8217;est pourquoi l&#8217;initiative se d\u00e9roule en deux temps :<\/p>\n<p>\u00a0 \u00a0 \u00a0 \u00a0 \u00a0 \u00a0 \u00a0 1- <b>\u00e0 partir du 1er juillet 2015 et pour faire remonter des projets, un appel d\u00e9di\u00e9 aux \u00e9quipes acad\u00e9miques et aux industriels,<\/b><\/p>\n<p>\u00a0 \u00a0 \u00a0 \u00a0 \u00a0 \u00a0 \u00a0 2- au cours du troisi\u00e8me trimestre 2015 et pour faire remonter des besoins, un appel d\u00e9di\u00e9 aux \u00e9quipes cliniques et aux industriels.<\/p>\n<p><i style=\"line-height: 1.5em;\">Si vous \u00eates une \u00e9quipe acad\u00e9mique ou industrielle et souhaitez soumettre un projet de dispositif m\u00e9dical, rendez-vous sur <\/i><a style=\"line-height: 1.5em;\" href=\"https:\/\/DM-PROJETS-satt-bpifrance.aviesan.fr\"><i>https:\/\/DM-PROJETS-satt-bpifrance.aviesan.fr<\/i><\/a><i style=\"line-height: 1.5em;\"> (ouvert du 1<sup>er<\/sup> juillet 2015 au 26 octobre 2015 minuit).<\/i><\/p>\n<p><span style=\"color: #0000ff;\"><i>\u00a0<a href=\"https:\/\/www.satt.fr\/wp-content\/uploads\/2015\/07\/AMI-Projets-DM2015.pdf\"><span style=\"color: #0000ff;\">T\u00e9l\u00e9charger l&#8217;AMI<\/span><\/a><\/i><\/span><\/p>\n<p><a href=\"https:\/\/www.satt.fr\/wp-content\/uploads\/2015\/07\/AMI-Projets-DM2015_trame.pdf\">T\u00e9l\u00e9charger la trame de pr\u00e9paration pour la saisie sur le site \u00a0<\/a><\/p>\n<p><span style=\"color: #0000ff;\"><a href=\"https:\/\/www.satt.fr\/wp-content\/uploads\/2015\/07\/annonce-AMI-Projet-2015.pdf\"><span style=\"color: #0000ff;\">T\u00e9l\u00e9charger le document de pr\u00e9sentation<\/span><\/a><\/span><\/p>\n<p><i>Pour toute question, votre contact\u00a0: Peggy Baudouin-Cornu (<\/i><a href=\"mailto:Peggy.baudouin@aviesan.fr\"><i>Peggy.baudouin@aviesan.fr<\/i><\/a><i> \u2013 tel\u00a0: 01 69 08 92 40)<\/i><\/p>\n","protected":false},"excerpt":{"rendered":"","protected":false},"author":4,"featured_media":5863,"comment_status":"closed","ping_status":"open","sticky":false,"template":"","format":"standard","meta":{"_acf_changed":false,"footnotes":""},"categories":[536],"tags":[],"class_list":["post-1818","post","type-post","status-publish","format-standard","has-post-thumbnail","hentry","category-actualite"],"acf":[],"yoast_head":"<!-- This site is optimized with the Yoast SEO plugin v27.4 - https:\/\/yoast.com\/product\/yoast-seo-wordpress\/ -->\n<title>Le R\u00e9seau SATT,le CVT Aviesan et Bpifrance lancent un appel \u00e0 manifestation d\u2019int\u00e9r\u00eat sur les dispositifs m\u00e9dicaux - R\u00e9seau SATT<\/title>\n<meta name=\"robots\" content=\"index, follow, max-snippet:-1, max-image-preview:large, max-video-preview:-1\" \/>\n<link rel=\"canonical\" href=\"https:\/\/www.satt.fr\/le-reseau-sattle-cvt-aviesan-et-bpifrance-lancent-un-appel-a-manifestation-dinteret-sur-les-dispositifs-medicaux\/\" \/>\n<meta name=\"twitter:label1\" content=\"Written by\" \/>\n\t<meta name=\"twitter:data1\" content=\"redacteur SATT\" \/>\n\t<meta name=\"twitter:label2\" content=\"Est. reading time\" \/>\n\t<meta name=\"twitter:data2\" content=\"1 minute\" \/>\n<script type=\"application\/ld+json\" class=\"yoast-schema-graph\">{\"@context\":\"https:\\\/\\\/schema.org\",\"@graph\":[{\"@type\":\"Article\",\"@id\":\"https:\\\/\\\/www.satt.fr\\\/le-reseau-sattle-cvt-aviesan-et-bpifrance-lancent-un-appel-a-manifestation-dinteret-sur-les-dispositifs-medicaux\\\/#article\",\"isPartOf\":{\"@id\":\"https:\\\/\\\/www.satt.fr\\\/le-reseau-sattle-cvt-aviesan-et-bpifrance-lancent-un-appel-a-manifestation-dinteret-sur-les-dispositifs-medicaux\\\/\"},\"author\":{\"name\":\"redacteur SATT\",\"@id\":\"https:\\\/\\\/www.satt.fr\\\/en\\\/#\\\/schema\\\/person\\\/a6836c00a1284a8188e1a05deb2a5e5c\"},\"headline\":\"Le R\u00e9seau SATT,le CVT Aviesan et Bpifrance lancent un appel \u00e0 manifestation d\u2019int\u00e9r\u00eat sur les dispositifs m\u00e9dicaux\",\"datePublished\":\"2015-07-03T13:33:02+00:00\",\"dateModified\":\"2017-11-13T15:57:46+00:00\",\"mainEntityOfPage\":{\"@id\":\"https:\\\/\\\/www.satt.fr\\\/le-reseau-sattle-cvt-aviesan-et-bpifrance-lancent-un-appel-a-manifestation-dinteret-sur-les-dispositifs-medicaux\\\/\"},\"wordCount\":266,\"image\":{\"@id\":\"https:\\\/\\\/www.satt.fr\\\/le-reseau-sattle-cvt-aviesan-et-bpifrance-lancent-un-appel-a-manifestation-dinteret-sur-les-dispositifs-medicaux\\\/#primaryimage\"},\"thumbnailUrl\":\"https:\\\/\\\/www.satt.fr\\\/wp-content\\\/uploads\\\/2017\\\/11\\\/AVIESAN-ami.png\",\"articleSection\":[\"Actualit\u00e9\"],\"inLanguage\":\"en-US\"},{\"@type\":\"WebPage\",\"@id\":\"https:\\\/\\\/www.satt.fr\\\/le-reseau-sattle-cvt-aviesan-et-bpifrance-lancent-un-appel-a-manifestation-dinteret-sur-les-dispositifs-medicaux\\\/\",\"url\":\"https:\\\/\\\/www.satt.fr\\\/le-reseau-sattle-cvt-aviesan-et-bpifrance-lancent-un-appel-a-manifestation-dinteret-sur-les-dispositifs-medicaux\\\/\",\"name\":\"Le R\u00e9seau SATT,le CVT Aviesan et Bpifrance lancent un appel \u00e0 manifestation d\u2019int\u00e9r\u00eat sur les dispositifs m\u00e9dicaux - R\u00e9seau SATT\",\"isPartOf\":{\"@id\":\"https:\\\/\\\/www.satt.fr\\\/en\\\/#website\"},\"primaryImageOfPage\":{\"@id\":\"https:\\\/\\\/www.satt.fr\\\/le-reseau-sattle-cvt-aviesan-et-bpifrance-lancent-un-appel-a-manifestation-dinteret-sur-les-dispositifs-medicaux\\\/#primaryimage\"},\"image\":{\"@id\":\"https:\\\/\\\/www.satt.fr\\\/le-reseau-sattle-cvt-aviesan-et-bpifrance-lancent-un-appel-a-manifestation-dinteret-sur-les-dispositifs-medicaux\\\/#primaryimage\"},\"thumbnailUrl\":\"https:\\\/\\\/www.satt.fr\\\/wp-content\\\/uploads\\\/2017\\\/11\\\/AVIESAN-ami.png\",\"datePublished\":\"2015-07-03T13:33:02+00:00\",\"dateModified\":\"2017-11-13T15:57:46+00:00\",\"author\":{\"@id\":\"https:\\\/\\\/www.satt.fr\\\/en\\\/#\\\/schema\\\/person\\\/a6836c00a1284a8188e1a05deb2a5e5c\"},\"breadcrumb\":{\"@id\":\"https:\\\/\\\/www.satt.fr\\\/le-reseau-sattle-cvt-aviesan-et-bpifrance-lancent-un-appel-a-manifestation-dinteret-sur-les-dispositifs-medicaux\\\/#breadcrumb\"},\"inLanguage\":\"en-US\",\"potentialAction\":[{\"@type\":\"ReadAction\",\"target\":[\"https:\\\/\\\/www.satt.fr\\\/le-reseau-sattle-cvt-aviesan-et-bpifrance-lancent-un-appel-a-manifestation-dinteret-sur-les-dispositifs-medicaux\\\/\"]}]},{\"@type\":\"ImageObject\",\"inLanguage\":\"en-US\",\"@id\":\"https:\\\/\\\/www.satt.fr\\\/le-reseau-sattle-cvt-aviesan-et-bpifrance-lancent-un-appel-a-manifestation-dinteret-sur-les-dispositifs-medicaux\\\/#primaryimage\",\"url\":\"https:\\\/\\\/www.satt.fr\\\/wp-content\\\/uploads\\\/2017\\\/11\\\/AVIESAN-ami.png\",\"contentUrl\":\"https:\\\/\\\/www.satt.fr\\\/wp-content\\\/uploads\\\/2017\\\/11\\\/AVIESAN-ami.png\",\"width\":\"405\",\"height\":\"150\"},{\"@type\":\"BreadcrumbList\",\"@id\":\"https:\\\/\\\/www.satt.fr\\\/le-reseau-sattle-cvt-aviesan-et-bpifrance-lancent-un-appel-a-manifestation-dinteret-sur-les-dispositifs-medicaux\\\/#breadcrumb\",\"itemListElement\":[{\"@type\":\"ListItem\",\"position\":1,\"name\":\"Accueil\",\"item\":\"https:\\\/\\\/www.satt.fr\\\/en\\\/\"},{\"@type\":\"ListItem\",\"position\":2,\"name\":\"Le R\u00e9seau SATT,le CVT Aviesan et Bpifrance lancent un appel \u00e0 manifestation d\u2019int\u00e9r\u00eat sur les dispositifs m\u00e9dicaux\"}]},{\"@type\":\"WebSite\",\"@id\":\"https:\\\/\\\/www.satt.fr\\\/en\\\/#website\",\"url\":\"https:\\\/\\\/www.satt.fr\\\/en\\\/\",\"name\":\"R\u00e9seau SATT\",\"description\":\"Les Soci\u00e9t\u00e9s d&#039;Acc\u00e9l\u00e9ration du Transfert de Technologies\",\"potentialAction\":[{\"@type\":\"SearchAction\",\"target\":{\"@type\":\"EntryPoint\",\"urlTemplate\":\"https:\\\/\\\/www.satt.fr\\\/en\\\/?s={search_term_string}\"},\"query-input\":{\"@type\":\"PropertyValueSpecification\",\"valueRequired\":true,\"valueName\":\"search_term_string\"}}],\"inLanguage\":\"en-US\"},{\"@type\":\"Person\",\"@id\":\"https:\\\/\\\/www.satt.fr\\\/en\\\/#\\\/schema\\\/person\\\/a6836c00a1284a8188e1a05deb2a5e5c\",\"name\":\"redacteur SATT\",\"url\":\"https:\\\/\\\/www.satt.fr\\\/en\\\/author\\\/redacteur\\\/\"}]}<\/script>\n<!-- \/ Yoast SEO plugin. -->","yoast_head_json":{"title":"Le R\u00e9seau SATT,le CVT Aviesan et Bpifrance lancent un appel \u00e0 manifestation d\u2019int\u00e9r\u00eat sur les dispositifs m\u00e9dicaux - R\u00e9seau SATT","robots":{"index":"index","follow":"follow","max-snippet":"max-snippet:-1","max-image-preview":"max-image-preview:large","max-video-preview":"max-video-preview:-1"},"canonical":"https:\/\/www.satt.fr\/le-reseau-sattle-cvt-aviesan-et-bpifrance-lancent-un-appel-a-manifestation-dinteret-sur-les-dispositifs-medicaux\/","twitter_misc":{"Written by":"redacteur SATT","Est. reading time":"1 minute"},"schema":{"@context":"https:\/\/schema.org","@graph":[{"@type":"Article","@id":"https:\/\/www.satt.fr\/le-reseau-sattle-cvt-aviesan-et-bpifrance-lancent-un-appel-a-manifestation-dinteret-sur-les-dispositifs-medicaux\/#article","isPartOf":{"@id":"https:\/\/www.satt.fr\/le-reseau-sattle-cvt-aviesan-et-bpifrance-lancent-un-appel-a-manifestation-dinteret-sur-les-dispositifs-medicaux\/"},"author":{"name":"redacteur SATT","@id":"https:\/\/www.satt.fr\/en\/#\/schema\/person\/a6836c00a1284a8188e1a05deb2a5e5c"},"headline":"Le R\u00e9seau SATT,le CVT Aviesan et Bpifrance lancent un appel \u00e0 manifestation d\u2019int\u00e9r\u00eat sur les dispositifs m\u00e9dicaux","datePublished":"2015-07-03T13:33:02+00:00","dateModified":"2017-11-13T15:57:46+00:00","mainEntityOfPage":{"@id":"https:\/\/www.satt.fr\/le-reseau-sattle-cvt-aviesan-et-bpifrance-lancent-un-appel-a-manifestation-dinteret-sur-les-dispositifs-medicaux\/"},"wordCount":266,"image":{"@id":"https:\/\/www.satt.fr\/le-reseau-sattle-cvt-aviesan-et-bpifrance-lancent-un-appel-a-manifestation-dinteret-sur-les-dispositifs-medicaux\/#primaryimage"},"thumbnailUrl":"https:\/\/www.satt.fr\/wp-content\/uploads\/2017\/11\/AVIESAN-ami.png","articleSection":["Actualit\u00e9"],"inLanguage":"en-US"},{"@type":"WebPage","@id":"https:\/\/www.satt.fr\/le-reseau-sattle-cvt-aviesan-et-bpifrance-lancent-un-appel-a-manifestation-dinteret-sur-les-dispositifs-medicaux\/","url":"https:\/\/www.satt.fr\/le-reseau-sattle-cvt-aviesan-et-bpifrance-lancent-un-appel-a-manifestation-dinteret-sur-les-dispositifs-medicaux\/","name":"Le R\u00e9seau SATT,le CVT Aviesan et Bpifrance lancent un appel \u00e0 manifestation d\u2019int\u00e9r\u00eat sur les dispositifs m\u00e9dicaux - R\u00e9seau SATT","isPartOf":{"@id":"https:\/\/www.satt.fr\/en\/#website"},"primaryImageOfPage":{"@id":"https:\/\/www.satt.fr\/le-reseau-sattle-cvt-aviesan-et-bpifrance-lancent-un-appel-a-manifestation-dinteret-sur-les-dispositifs-medicaux\/#primaryimage"},"image":{"@id":"https:\/\/www.satt.fr\/le-reseau-sattle-cvt-aviesan-et-bpifrance-lancent-un-appel-a-manifestation-dinteret-sur-les-dispositifs-medicaux\/#primaryimage"},"thumbnailUrl":"https:\/\/www.satt.fr\/wp-content\/uploads\/2017\/11\/AVIESAN-ami.png","datePublished":"2015-07-03T13:33:02+00:00","dateModified":"2017-11-13T15:57:46+00:00","author":{"@id":"https:\/\/www.satt.fr\/en\/#\/schema\/person\/a6836c00a1284a8188e1a05deb2a5e5c"},"breadcrumb":{"@id":"https:\/\/www.satt.fr\/le-reseau-sattle-cvt-aviesan-et-bpifrance-lancent-un-appel-a-manifestation-dinteret-sur-les-dispositifs-medicaux\/#breadcrumb"},"inLanguage":"en-US","potentialAction":[{"@type":"ReadAction","target":["https:\/\/www.satt.fr\/le-reseau-sattle-cvt-aviesan-et-bpifrance-lancent-un-appel-a-manifestation-dinteret-sur-les-dispositifs-medicaux\/"]}]},{"@type":"ImageObject","inLanguage":"en-US","@id":"https:\/\/www.satt.fr\/le-reseau-sattle-cvt-aviesan-et-bpifrance-lancent-un-appel-a-manifestation-dinteret-sur-les-dispositifs-medicaux\/#primaryimage","url":"https:\/\/www.satt.fr\/wp-content\/uploads\/2017\/11\/AVIESAN-ami.png","contentUrl":"https:\/\/www.satt.fr\/wp-content\/uploads\/2017\/11\/AVIESAN-ami.png","width":"405","height":"150"},{"@type":"BreadcrumbList","@id":"https:\/\/www.satt.fr\/le-reseau-sattle-cvt-aviesan-et-bpifrance-lancent-un-appel-a-manifestation-dinteret-sur-les-dispositifs-medicaux\/#breadcrumb","itemListElement":[{"@type":"ListItem","position":1,"name":"Accueil","item":"https:\/\/www.satt.fr\/en\/"},{"@type":"ListItem","position":2,"name":"Le R\u00e9seau SATT,le CVT Aviesan et Bpifrance lancent un appel \u00e0 manifestation d\u2019int\u00e9r\u00eat sur les dispositifs m\u00e9dicaux"}]},{"@type":"WebSite","@id":"https:\/\/www.satt.fr\/en\/#website","url":"https:\/\/www.satt.fr\/en\/","name":"R\u00e9seau SATT","description":"Les Soci\u00e9t\u00e9s d&#039;Acc\u00e9l\u00e9ration du Transfert de Technologies","potentialAction":[{"@type":"SearchAction","target":{"@type":"EntryPoint","urlTemplate":"https:\/\/www.satt.fr\/en\/?s={search_term_string}"},"query-input":{"@type":"PropertyValueSpecification","valueRequired":true,"valueName":"search_term_string"}}],"inLanguage":"en-US"},{"@type":"Person","@id":"https:\/\/www.satt.fr\/en\/#\/schema\/person\/a6836c00a1284a8188e1a05deb2a5e5c","name":"redacteur SATT","url":"https:\/\/www.satt.fr\/en\/author\/redacteur\/"}]}},"_links":{"self":[{"href":"https:\/\/www.satt.fr\/en\/wp-json\/wp\/v2\/posts\/1818","targetHints":{"allow":["GET"]}}],"collection":[{"href":"https:\/\/www.satt.fr\/en\/wp-json\/wp\/v2\/posts"}],"about":[{"href":"https:\/\/www.satt.fr\/en\/wp-json\/wp\/v2\/types\/post"}],"author":[{"embeddable":true,"href":"https:\/\/www.satt.fr\/en\/wp-json\/wp\/v2\/users\/4"}],"replies":[{"embeddable":true,"href":"https:\/\/www.satt.fr\/en\/wp-json\/wp\/v2\/comments?post=1818"}],"version-history":[{"count":1,"href":"https:\/\/www.satt.fr\/en\/wp-json\/wp\/v2\/posts\/1818\/revisions"}],"predecessor-version":[{"id":4767,"href":"https:\/\/www.satt.fr\/en\/wp-json\/wp\/v2\/posts\/1818\/revisions\/4767"}],"wp:featuredmedia":[{"embeddable":true,"href":"https:\/\/www.satt.fr\/en\/wp-json\/wp\/v2\/media\/5863"}],"wp:attachment":[{"href":"https:\/\/www.satt.fr\/en\/wp-json\/wp\/v2\/media?parent=1818"}],"wp:term":[{"taxonomy":"category","embeddable":true,"href":"https:\/\/www.satt.fr\/en\/wp-json\/wp\/v2\/categories?post=1818"},{"taxonomy":"post_tag","embeddable":true,"href":"https:\/\/www.satt.fr\/en\/wp-json\/wp\/v2\/tags?post=1818"}],"curies":[{"name":"wp","href":"https:\/\/api.w.org\/{rel}","templated":true}]}}