{"id":18998,"date":"2020-04-20T09:55:07","date_gmt":"2020-04-20T07:55:07","guid":{"rendered":"https:\/\/www.satt.fr\/le-consortium-pousslys-dont-pulsalys-est-chef-de-file-est-laureat-de-lappel-a-projets-satt-incubateurs-accelerateurs\/"},"modified":"2020-04-20T09:55:07","modified_gmt":"2020-04-20T07:55:07","slug":"le-consortium-pousslys-dont-pulsalys-est-chef-de-file-est-laureat-de-lappel-a-projets-satt-incubateurs-accelerateurs","status":"publish","type":"post","link":"https:\/\/www.satt.fr\/en\/le-consortium-pousslys-dont-pulsalys-est-chef-de-file-est-laureat-de-lappel-a-projets-satt-incubateurs-accelerateurs\/","title":{"rendered":"Le consortium Pouss@LYS, dont PULSALYS est chef de file, est laur\u00e9at de l\u2019Appel \u00e0 Projets \u00ab SATT \u2013 Incubateurs \u2013 Acc\u00e9l\u00e9rateurs \u00bb"},"content":{"rendered":"<p><span data-cke-copybin-start=\"1\">\u200b<\/span><strong>Le consortium Pouss@LYS f\u00eate sa premi\u00e8re ann\u00e9e d\u2019existence, avec un bilan qui d\u00e9montre le dynamisme de Lyon \u2013 Saint Etienne en mati\u00e8re de cr\u00e9ation de startups Deep Tech et High Tech. Cette dynamique est renforc\u00e9e par la reconnaissance des actions du consortium qui fait partie des laur\u00e9ats de la 1\u00e8re vague de l\u2019appel \u00e0 projets SIA lanc\u00e9 par l\u2019Etat dans le cadre du plan Deep Tech visant \u00e0 faire \u00e9merger plus de startups en lien avec les laboratoires de recherche du site, et \u00e0 faire cro\u00eetre ces startups d\u00e9veloppant des innovations scientifiques de pointe. <\/strong><\/p>\n<p><span style=\"color: #ff6600;\"><strong>Le bilan tr\u00e8s positif du consortium Pouss@LYS<\/strong><\/span><\/p>\n<p>Cr\u00e9\u00e9 il y a un peu plus d\u2019un an sous l\u2019impulsion de PULSALYS, son chef de file, et autour d\u2019un bureau renforc\u00e9 compos\u00e9 aujourd\u2019hui de 6 membres (1Kubator, Hub612, Beelys, InsaValor, EM Lyon), le consortium Pouss@LYS f\u00e9d\u00e8re une cinquantaine d\u2019acteurs de l\u2019\u00e9cosyst\u00e8me unis autour d\u2019un objectif commun\u00a0: faciliter le lancement et la croissance des jeunes pousses High Tech et Deep Tech sur notre territoire.<\/p>\n<p>Autour du Challenge Startup, le c\u0153ur du consortium pr\u00e9sid\u00e9 par Patrick Bertrand, se jouent \u00e0 la fois le bapt\u00eame du feu des futures startups (les Y-Pouss), qui se pr\u00e9sentent pour la 1\u00e8re fois devant l\u2019\u00e9cosyst\u00e8me de l\u2019innovation, et la <strong>labellisation French Tech Seed<\/strong> des startups plus matures, destin\u00e9es \u00e0 amplifier leur premi\u00e8re lev\u00e9e de fonds en amor\u00e7age gr\u00e2ce au fonds d\u00e9di\u00e9 op\u00e9r\u00e9 par Bpifrance.<\/p>\n<p>Depuis 1 an, le consortium st\u00e9phano-lyonnais, singulier par son ampleur, s\u2019est aussi d\u00e9marqu\u00e9 par ses r\u00e9sultats\u00a0: 25 startups High Tech et Deep Tech ont \u00e9t\u00e9 labellis\u00e9es French Tech Seed, dont 40% dans le domaine de la sant\u00e9 (Biotech \/ MedTech \/ e-sant\u00e9), 40 % dans le domaine du num\u00e9rique et des services aux entreprises, et 20% dans les secteurs FoodTech et Industrie. 16 startups Y-Pouss\u00a0pr\u00e9sent\u00e9es en 2019 sont aujourd\u2019hui en cours de d\u00e9veloppement pour \u00eatre pr\u00eates \u00e0 b\u00e9n\u00e9ficier de la labellisation French Tech Seed. La rel\u00e8ve est assur\u00e9e pour 2020.<\/p>\n<p><span style=\"color: #ff6600;\"><strong>Le coup de pouce de l\u2019appel \u00e0 projets SIA pour renforcer les startups Deep Tech<\/strong><\/span><\/p>\n<p>La Deep Tech fait partie des ambitions prioritaires de l\u2019Etat Fran\u00e7ais, qui, par l\u2019interm\u00e9diaire de l\u2019op\u00e9rateur Bpifrance, souhaite faire de la France un pays d\u2019innovations de rupture, port\u00e9es par des startups ambitieuses.<\/p>\n<p><a href=\"https:\/\/www.gouvernement.fr\/sites\/default\/files\/contenu\/piece-jointe\/2020\/02\/200220-_communique_de_presse_sia_1ere_vague_vf.pdf\" target=\"_blank\" rel=\"noopener\" data-cke-saved-href=\"https:\/\/www.gouvernement.fr\/sites\/default\/files\/contenu\/piece-jointe\/2020\/02\/200220-_communique_de_presse_sia_1ere_vague_vf.pdf\">L\u2019Appel \u00e0 Projets SIA \u00ab\u00a0SATT \u2013 Incubateurs \u2013 Acc\u00e9l\u00e9rateurs\u00a0\u00bb<\/a>, lanc\u00e9 mi-2019 dans le cadre du <strong>plan Deep Tech<\/strong> a pour objectif de booster la cr\u00e9ation de startups 100% Deep Tech sur le territoire, par une coordination renforc\u00e9e des acteurs. A la clef, des moyens \u00e0 la mesure de ses ambitions.<\/p>\n<p>La candidature port\u00e9e par PULSALYS au nom du consortium, s\u00e9lectionn\u00e9e en ce d\u00e9but 2020 d\u00e8s la 1\u00e8re vague de l\u2019AAP, pr\u00e9sente une s\u00e9rie d\u2019actions et de programmes qui viennent renforcer l\u2019arsenal existant et amplifier la dynamique amorc\u00e9e par la constitution du consortium Pouss@LYS.<\/p>\n<p>3 axes ont \u00e9t\u00e9 retenus dans le cadre du programme Pouss@LYS pour soutenir le plan Deep Tech port\u00e9 par Bpifrance sur le territoire de Lyon \u2013 Saint Etienne\u00a0:<\/p>\n<ul>\n<li><strong>Inciter \u00e0 la cr\u00e9ation d\u2019entreprises Deep Tech<\/strong> par le renforcement des actions existantes et la cr\u00e9ation de nouvelles actions de sensibilisation d\u00e9di\u00e9es aux chercheurs acad\u00e9miques (Lyon Startup cat\u00e9gorie Deep Tech port\u00e9 par Beelys, Startup Week-end Deep Tech par InsaValor\u2026), avec des actions particuli\u00e8res destin\u00e9s aux jeunes chercheurs ou aux chercheuses,<\/li>\n<li><strong>Soutenir la construction et la croissance de ces startups<\/strong>, en leur ouvrant l\u2019acc\u00e8s aux offres d\u2019incubation et d\u2019acc\u00e9l\u00e9ration des membres et partenaires du consortium, afin que les jeunes Y-Pouss atteignent plus vite et dans les meilleures conditions le label French Tech Seed,<\/li>\n<li><strong>Acc\u00e9l\u00e9rer les startups Deep Tech labellis\u00e9es French Tech Seed<\/strong>, pour soutenir leur lancement \u00e0 l\u2019issue de leur lev\u00e9e de fonds en amor\u00e7age, notamment par la pr\u00e9-industrialisation de leur produit, ou en \u00e9toffant leur \u00e9quipe gr\u00e2ce \u00e0 une offre de services RH mutualis\u00e9e\u2026<\/li>\n<\/ul>\n<p><em>\u00ab\u00a0Notre objectif\u00a0est d\u2019intensifier la cr\u00e9ation, le d\u00e9veloppement et la croissance d\u2019entreprises Deep Tech, en constituant un panel d\u2019offres d\u2019accompagnement collectif ou individuel, en incubation ou en acc\u00e9l\u00e9ration, afin de leur offrir les meilleures conditions pour s\u00e9curiser leur lancement \u00bb <\/em>pr\u00e9cise Sophie Jullian, Pr\u00e9sidente de PULSALYS.<\/p>\n<p><strong><span style=\"color: #ff6600;\">Faire de la Deep Tech un moteur de la French Tech<\/span><\/strong><\/p>\n<p>Avec ses actions renforc\u00e9es, le dispositif, financ\u00e9 \u00e0 50% par le Programme Investissement d\u2019Avenir PIA 3, vise \u00e0 cr\u00e9er plus de startups Deep Tech, mais aussi \u00e0 obtenir des startups plus muscl\u00e9es, et au d\u00e9veloppement plus rapide gr\u00e2ce \u00e0 la mutualisation des forces de l\u2019\u00e9cosyst\u00e8me.<\/p>\n<p>Une volont\u00e9 qui s\u2019inscrit au c\u0153ur de la dynamique port\u00e9e par la French Tech, soutenue au niveau local par French Tech One Lyon \u2013 St Etienne, d\u00e9j\u00e0 largement engag\u00e9e dans le d\u00e9ploiement et la transformation des startups en scale-up sur Lyon et Saint Etienne. La Deep Tech, en apportant sur le march\u00e9 les innovations scientifiques de pointe issues de sa recherche, a un r\u00f4le majeur \u00e0 jouer dans la comp\u00e9titivit\u00e9 de la France port\u00e9e par la French Tech.<\/p>\n<p><span data-cke-copybin-end=\"1\">\u200b<\/span><\/p>\n","protected":false},"excerpt":{"rendered":"<p>Le consortium Pouss@LYS f\u00eate sa premi\u00e8re ann\u00e9e d\u2019existence, avec un bilan qui d\u00e9montre le dynamisme de Lyon \u2013 Saint Etienne en mati\u00e8re de cr\u00e9ation de startups Deep Tech et High Tech. Cette dynamique est renforc\u00e9e par la reconnaissance des actions du consortium qui fait partie des laur\u00e9ats de la 1\u00e8re vague de l\u2019appel \u00e0 projets SIA lanc\u00e9 par l\u2019Etat dans le cadre du plan Deep Tech visant \u00e0 faire \u00e9merger plus de startups en lien avec les laboratoires de recherche du site, et \u00e0 faire cro\u00eetre ces startups d\u00e9veloppant des innovations scientifiques de pointe. <\/p>\n","protected":false},"author":24,"featured_media":18985,"comment_status":"closed","ping_status":"closed","sticky":false,"template":"","format":"standard","meta":{"_acf_changed":false,"footnotes":""},"categories":[567,568,604],"tags":[],"class_list":["post-18998","post","type-post","status-publish","format-standard","has-post-thumbnail","hentry","category-news-en","category-successstories-en","category-startup-en"],"acf":[],"yoast_head":"<!-- This site is optimized with the Yoast SEO plugin v27.4 - https:\/\/yoast.com\/product\/yoast-seo-wordpress\/ -->\n<title>Le consortium Pouss@LYS, dont PULSALYS est chef de file, est laur\u00e9at de l\u2019Appel \u00e0 Projets \u00ab SATT \u2013 Incubateurs \u2013 Acc\u00e9l\u00e9rateurs \u00bb - R\u00e9seau SATT<\/title>\n<meta name=\"robots\" content=\"index, follow, max-snippet:-1, max-image-preview:large, max-video-preview:-1\" \/>\n<link rel=\"canonical\" href=\"https:\/\/www.satt.fr\/en\/le-consortium-pousslys-dont-pulsalys-est-chef-de-file-est-laureat-de-lappel-a-projets-satt-incubateurs-accelerateurs\/\" \/>\n<meta name=\"twitter:label1\" content=\"Written by\" \/>\n\t<meta name=\"twitter:data1\" content=\"Sylvain DUC\" \/>\n\t<meta name=\"twitter:label2\" content=\"Est. reading time\" \/>\n\t<meta name=\"twitter:data2\" content=\"4 minutes\" \/>\n<script type=\"application\/ld+json\" class=\"yoast-schema-graph\">{\"@context\":\"https:\\\/\\\/schema.org\",\"@graph\":[{\"@type\":\"Article\",\"@id\":\"https:\\\/\\\/www.satt.fr\\\/en\\\/le-consortium-pousslys-dont-pulsalys-est-chef-de-file-est-laureat-de-lappel-a-projets-satt-incubateurs-accelerateurs\\\/#article\",\"isPartOf\":{\"@id\":\"https:\\\/\\\/www.satt.fr\\\/en\\\/le-consortium-pousslys-dont-pulsalys-est-chef-de-file-est-laureat-de-lappel-a-projets-satt-incubateurs-accelerateurs\\\/\"},\"author\":{\"name\":\"Sylvain DUC\",\"@id\":\"https:\\\/\\\/www.satt.fr\\\/en\\\/#\\\/schema\\\/person\\\/d6cfecbabebe684202068d45b736deca\"},\"headline\":\"Le consortium Pouss@LYS, dont PULSALYS est chef de file, est laur\u00e9at de l\u2019Appel \u00e0 Projets \u00ab SATT \u2013 Incubateurs \u2013 Acc\u00e9l\u00e9rateurs \u00bb\",\"datePublished\":\"2020-04-20T07:55:07+00:00\",\"mainEntityOfPage\":{\"@id\":\"https:\\\/\\\/www.satt.fr\\\/en\\\/le-consortium-pousslys-dont-pulsalys-est-chef-de-file-est-laureat-de-lappel-a-projets-satt-incubateurs-accelerateurs\\\/\"},\"wordCount\":919,\"image\":{\"@id\":\"https:\\\/\\\/www.satt.fr\\\/en\\\/le-consortium-pousslys-dont-pulsalys-est-chef-de-file-est-laureat-de-lappel-a-projets-satt-incubateurs-accelerateurs\\\/#primaryimage\"},\"thumbnailUrl\":\"https:\\\/\\\/www.satt.fr\\\/wp-content\\\/uploads\\\/2020\\\/04\\\/POUS.png\",\"articleSection\":[\"News\",\"Success Stories\",\"Start-up\"],\"inLanguage\":\"en-US\"},{\"@type\":\"WebPage\",\"@id\":\"https:\\\/\\\/www.satt.fr\\\/en\\\/le-consortium-pousslys-dont-pulsalys-est-chef-de-file-est-laureat-de-lappel-a-projets-satt-incubateurs-accelerateurs\\\/\",\"url\":\"https:\\\/\\\/www.satt.fr\\\/en\\\/le-consortium-pousslys-dont-pulsalys-est-chef-de-file-est-laureat-de-lappel-a-projets-satt-incubateurs-accelerateurs\\\/\",\"name\":\"Le consortium Pouss@LYS, dont PULSALYS est chef de file, est laur\u00e9at de l\u2019Appel \u00e0 Projets \u00ab SATT \u2013 Incubateurs \u2013 Acc\u00e9l\u00e9rateurs \u00bb - R\u00e9seau SATT\",\"isPartOf\":{\"@id\":\"https:\\\/\\\/www.satt.fr\\\/en\\\/#website\"},\"primaryImageOfPage\":{\"@id\":\"https:\\\/\\\/www.satt.fr\\\/en\\\/le-consortium-pousslys-dont-pulsalys-est-chef-de-file-est-laureat-de-lappel-a-projets-satt-incubateurs-accelerateurs\\\/#primaryimage\"},\"image\":{\"@id\":\"https:\\\/\\\/www.satt.fr\\\/en\\\/le-consortium-pousslys-dont-pulsalys-est-chef-de-file-est-laureat-de-lappel-a-projets-satt-incubateurs-accelerateurs\\\/#primaryimage\"},\"thumbnailUrl\":\"https:\\\/\\\/www.satt.fr\\\/wp-content\\\/uploads\\\/2020\\\/04\\\/POUS.png\",\"datePublished\":\"2020-04-20T07:55:07+00:00\",\"author\":{\"@id\":\"https:\\\/\\\/www.satt.fr\\\/en\\\/#\\\/schema\\\/person\\\/d6cfecbabebe684202068d45b736deca\"},\"breadcrumb\":{\"@id\":\"https:\\\/\\\/www.satt.fr\\\/en\\\/le-consortium-pousslys-dont-pulsalys-est-chef-de-file-est-laureat-de-lappel-a-projets-satt-incubateurs-accelerateurs\\\/#breadcrumb\"},\"inLanguage\":\"en-US\",\"potentialAction\":[{\"@type\":\"ReadAction\",\"target\":[\"https:\\\/\\\/www.satt.fr\\\/en\\\/le-consortium-pousslys-dont-pulsalys-est-chef-de-file-est-laureat-de-lappel-a-projets-satt-incubateurs-accelerateurs\\\/\"]}]},{\"@type\":\"ImageObject\",\"inLanguage\":\"en-US\",\"@id\":\"https:\\\/\\\/www.satt.fr\\\/en\\\/le-consortium-pousslys-dont-pulsalys-est-chef-de-file-est-laureat-de-lappel-a-projets-satt-incubateurs-accelerateurs\\\/#primaryimage\",\"url\":\"https:\\\/\\\/www.satt.fr\\\/wp-content\\\/uploads\\\/2020\\\/04\\\/POUS.png\",\"contentUrl\":\"https:\\\/\\\/www.satt.fr\\\/wp-content\\\/uploads\\\/2020\\\/04\\\/POUS.png\",\"width\":1275,\"height\":711},{\"@type\":\"BreadcrumbList\",\"@id\":\"https:\\\/\\\/www.satt.fr\\\/en\\\/le-consortium-pousslys-dont-pulsalys-est-chef-de-file-est-laureat-de-lappel-a-projets-satt-incubateurs-accelerateurs\\\/#breadcrumb\",\"itemListElement\":[{\"@type\":\"ListItem\",\"position\":1,\"name\":\"Accueil\",\"item\":\"https:\\\/\\\/www.satt.fr\\\/en\\\/\"},{\"@type\":\"ListItem\",\"position\":2,\"name\":\"Le consortium Pouss@LYS, dont PULSALYS est chef de file, est laur\u00e9at de l\u2019Appel \u00e0 Projets \u00ab SATT \u2013 Incubateurs \u2013 Acc\u00e9l\u00e9rateurs \u00bb\"}]},{\"@type\":\"WebSite\",\"@id\":\"https:\\\/\\\/www.satt.fr\\\/en\\\/#website\",\"url\":\"https:\\\/\\\/www.satt.fr\\\/en\\\/\",\"name\":\"R\u00e9seau SATT\",\"description\":\"Les Soci\u00e9t\u00e9s d&#039;Acc\u00e9l\u00e9ration du Transfert de Technologies\",\"potentialAction\":[{\"@type\":\"SearchAction\",\"target\":{\"@type\":\"EntryPoint\",\"urlTemplate\":\"https:\\\/\\\/www.satt.fr\\\/en\\\/?s={search_term_string}\"},\"query-input\":{\"@type\":\"PropertyValueSpecification\",\"valueRequired\":true,\"valueName\":\"search_term_string\"}}],\"inLanguage\":\"en-US\"},{\"@type\":\"Person\",\"@id\":\"https:\\\/\\\/www.satt.fr\\\/en\\\/#\\\/schema\\\/person\\\/d6cfecbabebe684202068d45b736deca\",\"name\":\"Sylvain DUC\",\"url\":\"https:\\\/\\\/www.satt.fr\\\/en\\\/author\\\/sylvain\\\/\"}]}<\/script>\n<!-- \/ Yoast SEO plugin. -->","yoast_head_json":{"title":"Le consortium Pouss@LYS, dont PULSALYS est chef de file, est laur\u00e9at de l\u2019Appel \u00e0 Projets \u00ab SATT \u2013 Incubateurs \u2013 Acc\u00e9l\u00e9rateurs \u00bb - R\u00e9seau SATT","robots":{"index":"index","follow":"follow","max-snippet":"max-snippet:-1","max-image-preview":"max-image-preview:large","max-video-preview":"max-video-preview:-1"},"canonical":"https:\/\/www.satt.fr\/en\/le-consortium-pousslys-dont-pulsalys-est-chef-de-file-est-laureat-de-lappel-a-projets-satt-incubateurs-accelerateurs\/","twitter_misc":{"Written by":"Sylvain DUC","Est. reading time":"4 minutes"},"schema":{"@context":"https:\/\/schema.org","@graph":[{"@type":"Article","@id":"https:\/\/www.satt.fr\/en\/le-consortium-pousslys-dont-pulsalys-est-chef-de-file-est-laureat-de-lappel-a-projets-satt-incubateurs-accelerateurs\/#article","isPartOf":{"@id":"https:\/\/www.satt.fr\/en\/le-consortium-pousslys-dont-pulsalys-est-chef-de-file-est-laureat-de-lappel-a-projets-satt-incubateurs-accelerateurs\/"},"author":{"name":"Sylvain DUC","@id":"https:\/\/www.satt.fr\/en\/#\/schema\/person\/d6cfecbabebe684202068d45b736deca"},"headline":"Le consortium Pouss@LYS, dont PULSALYS est chef de file, est laur\u00e9at de l\u2019Appel \u00e0 Projets \u00ab SATT \u2013 Incubateurs \u2013 Acc\u00e9l\u00e9rateurs \u00bb","datePublished":"2020-04-20T07:55:07+00:00","mainEntityOfPage":{"@id":"https:\/\/www.satt.fr\/en\/le-consortium-pousslys-dont-pulsalys-est-chef-de-file-est-laureat-de-lappel-a-projets-satt-incubateurs-accelerateurs\/"},"wordCount":919,"image":{"@id":"https:\/\/www.satt.fr\/en\/le-consortium-pousslys-dont-pulsalys-est-chef-de-file-est-laureat-de-lappel-a-projets-satt-incubateurs-accelerateurs\/#primaryimage"},"thumbnailUrl":"https:\/\/www.satt.fr\/wp-content\/uploads\/2020\/04\/POUS.png","articleSection":["News","Success Stories","Start-up"],"inLanguage":"en-US"},{"@type":"WebPage","@id":"https:\/\/www.satt.fr\/en\/le-consortium-pousslys-dont-pulsalys-est-chef-de-file-est-laureat-de-lappel-a-projets-satt-incubateurs-accelerateurs\/","url":"https:\/\/www.satt.fr\/en\/le-consortium-pousslys-dont-pulsalys-est-chef-de-file-est-laureat-de-lappel-a-projets-satt-incubateurs-accelerateurs\/","name":"Le consortium Pouss@LYS, dont PULSALYS est chef de file, est laur\u00e9at de l\u2019Appel \u00e0 Projets \u00ab SATT \u2013 Incubateurs \u2013 Acc\u00e9l\u00e9rateurs \u00bb - R\u00e9seau SATT","isPartOf":{"@id":"https:\/\/www.satt.fr\/en\/#website"},"primaryImageOfPage":{"@id":"https:\/\/www.satt.fr\/en\/le-consortium-pousslys-dont-pulsalys-est-chef-de-file-est-laureat-de-lappel-a-projets-satt-incubateurs-accelerateurs\/#primaryimage"},"image":{"@id":"https:\/\/www.satt.fr\/en\/le-consortium-pousslys-dont-pulsalys-est-chef-de-file-est-laureat-de-lappel-a-projets-satt-incubateurs-accelerateurs\/#primaryimage"},"thumbnailUrl":"https:\/\/www.satt.fr\/wp-content\/uploads\/2020\/04\/POUS.png","datePublished":"2020-04-20T07:55:07+00:00","author":{"@id":"https:\/\/www.satt.fr\/en\/#\/schema\/person\/d6cfecbabebe684202068d45b736deca"},"breadcrumb":{"@id":"https:\/\/www.satt.fr\/en\/le-consortium-pousslys-dont-pulsalys-est-chef-de-file-est-laureat-de-lappel-a-projets-satt-incubateurs-accelerateurs\/#breadcrumb"},"inLanguage":"en-US","potentialAction":[{"@type":"ReadAction","target":["https:\/\/www.satt.fr\/en\/le-consortium-pousslys-dont-pulsalys-est-chef-de-file-est-laureat-de-lappel-a-projets-satt-incubateurs-accelerateurs\/"]}]},{"@type":"ImageObject","inLanguage":"en-US","@id":"https:\/\/www.satt.fr\/en\/le-consortium-pousslys-dont-pulsalys-est-chef-de-file-est-laureat-de-lappel-a-projets-satt-incubateurs-accelerateurs\/#primaryimage","url":"https:\/\/www.satt.fr\/wp-content\/uploads\/2020\/04\/POUS.png","contentUrl":"https:\/\/www.satt.fr\/wp-content\/uploads\/2020\/04\/POUS.png","width":1275,"height":711},{"@type":"BreadcrumbList","@id":"https:\/\/www.satt.fr\/en\/le-consortium-pousslys-dont-pulsalys-est-chef-de-file-est-laureat-de-lappel-a-projets-satt-incubateurs-accelerateurs\/#breadcrumb","itemListElement":[{"@type":"ListItem","position":1,"name":"Accueil","item":"https:\/\/www.satt.fr\/en\/"},{"@type":"ListItem","position":2,"name":"Le consortium Pouss@LYS, dont PULSALYS est chef de file, est laur\u00e9at de l\u2019Appel \u00e0 Projets \u00ab SATT \u2013 Incubateurs \u2013 Acc\u00e9l\u00e9rateurs \u00bb"}]},{"@type":"WebSite","@id":"https:\/\/www.satt.fr\/en\/#website","url":"https:\/\/www.satt.fr\/en\/","name":"R\u00e9seau SATT","description":"Les Soci\u00e9t\u00e9s d&#039;Acc\u00e9l\u00e9ration du Transfert de Technologies","potentialAction":[{"@type":"SearchAction","target":{"@type":"EntryPoint","urlTemplate":"https:\/\/www.satt.fr\/en\/?s={search_term_string}"},"query-input":{"@type":"PropertyValueSpecification","valueRequired":true,"valueName":"search_term_string"}}],"inLanguage":"en-US"},{"@type":"Person","@id":"https:\/\/www.satt.fr\/en\/#\/schema\/person\/d6cfecbabebe684202068d45b736deca","name":"Sylvain DUC","url":"https:\/\/www.satt.fr\/en\/author\/sylvain\/"}]}},"_links":{"self":[{"href":"https:\/\/www.satt.fr\/en\/wp-json\/wp\/v2\/posts\/18998","targetHints":{"allow":["GET"]}}],"collection":[{"href":"https:\/\/www.satt.fr\/en\/wp-json\/wp\/v2\/posts"}],"about":[{"href":"https:\/\/www.satt.fr\/en\/wp-json\/wp\/v2\/types\/post"}],"author":[{"embeddable":true,"href":"https:\/\/www.satt.fr\/en\/wp-json\/wp\/v2\/users\/24"}],"replies":[{"embeddable":true,"href":"https:\/\/www.satt.fr\/en\/wp-json\/wp\/v2\/comments?post=18998"}],"version-history":[{"count":0,"href":"https:\/\/www.satt.fr\/en\/wp-json\/wp\/v2\/posts\/18998\/revisions"}],"wp:featuredmedia":[{"embeddable":true,"href":"https:\/\/www.satt.fr\/en\/wp-json\/wp\/v2\/media\/18985"}],"wp:attachment":[{"href":"https:\/\/www.satt.fr\/en\/wp-json\/wp\/v2\/media?parent=18998"}],"wp:term":[{"taxonomy":"category","embeddable":true,"href":"https:\/\/www.satt.fr\/en\/wp-json\/wp\/v2\/categories?post=18998"},{"taxonomy":"post_tag","embeddable":true,"href":"https:\/\/www.satt.fr\/en\/wp-json\/wp\/v2\/tags?post=18998"}],"curies":[{"name":"wp","href":"https:\/\/api.w.org\/{rel}","templated":true}]}}