{"id":19183,"date":"2020-05-13T09:13:45","date_gmt":"2020-05-13T07:13:45","guid":{"rendered":"https:\/\/www.satt.fr\/lapplication-max-by-medae-boostee-par-pulsalys-soutient-les-professionnels-de-sante-dans-la-gestion-de-crise-du-covid-19\/"},"modified":"2020-05-13T09:35:57","modified_gmt":"2020-05-13T07:35:57","slug":"lapplication-max-by-medae-boostee-par-pulsalys-soutient-les-professionnels-de-sante-dans-la-gestion-de-crise-du-covid-19","status":"publish","type":"post","link":"https:\/\/www.satt.fr\/en\/lapplication-max-by-medae-boostee-par-pulsalys-soutient-les-professionnels-de-sante-dans-la-gestion-de-crise-du-covid-19\/","title":{"rendered":"L&#8217;application MAX by MEDAE, boost\u00e9e par PULSALYS, soutient les professionnels de sant\u00e9 dans la gestion de crise du COVID-19"},"content":{"rendered":"<p><strong>En situation de crise et de stress, chacun d\u2019entre nous peut oublier jusqu\u2019\u00e0 50% de son savoir-faire habituel, pourtant d\u00e9cisif dans ce contexte \u00e0 cause des \u00ab biais cognitif \u00bb. Dans les cas d\u2019urgence m\u00e9dicale, ce biais peut avoir des cons\u00e9quences graves. L\u2019application mobile intelligente MAX (Medical Assistant eXpert) by MEDAE, soutenue par PULSALYS, est une aide cognitive destin\u00e9e \u00e0 soutenir en temps r\u00e9el tous les professionnels de terrain confront\u00e9s \u00e0 des situations complexes. Dans le cadre de la crise actuelle, l&#8217;application a \u00e9t\u00e9 mise \u00e0 disposition des professionnels de sant\u00e9 pour la gestion et le suivi des patients atteints de COVID-19. Diff\u00e9rents CHU de Bourgogne et du Rh\u00f4ne utilisent aujourd&#8217;hui l&#8217;application MAX by MEDAE dans leur prise en charge du COVID-19. <\/strong><\/p>\n<p><span style=\"color: #ff6600;\"><strong>L\u2019application d\u2019aides cognitives en milieu m\u00e9dical<\/strong><\/span><\/p>\n<p>Parti du constat qu\u2019au moins 70% d\u2019\u00e9v\u00e9nements ind\u00e9sirables graves en sant\u00e9 sont attribuables \u00e0 des erreurs humaines, Jean-Christophe Cejka, CEO de MEDAE, a imagin\u00e9 et con\u00e7u une aide cognitive digitale sous forme d\u2019application mobile qui facilite la gestion de situations de crise pour <strong>v\u00e9rifier la bonne application des proc\u00e9dures en temps r\u00e9el.<\/strong> Cette application, co-pilote des professionnels de terrain, a pour ambition de <strong>diminuer les erreurs<\/strong>, m\u00e9dicales notamment, mais aussi d\u2019<strong>am\u00e9liorer la prise en charge des patients<\/strong> gr\u00e2ce au recueil des informations directement au coeur du soin, afin de permettre leur analyse et l\u2019<strong>am\u00e9lioration des proc\u00e9dures<\/strong>. Alliant ergonomie et interactivit\u00e9, l\u2019application constitue aussi un outil de formation initiale et d\u2019entrainement en simulation sant\u00e9 pour former tout au long de l\u2019ann\u00e9e les personnels m\u00e9dicaux ou non (l\u2019application MAX est utilis\u00e9e par le SDMIS sapeurs-pompiers du d\u00e9partement du Rh\u00f4ne et de la m\u00e9tropole de Lyon).<\/p>\n<p>MAX, s\u2019adapte \u00e0 la hauteur de chaque savoir-faire m\u00e9tier\u00a0:<\/p>\n<ul>\n<li>Co-pilote, MAX allie savoir-faire humain et nouvelles technologies pour accroitre la performance de tous les professionnels accomplissant des t\u00e2ches \u00e0 forts impacts.<\/li>\n<li>Co-\u00e9diteur, MAX int\u00e8gre la diversit\u00e9 de savoir-faire m\u00e9tiers gr\u00e2ce \u00e0 la fonctionnalit\u00e9 d\u2019\u00e9diteur disponible sur le portail Web MAX, qui permet de mod\u00e9liser et de personnaliser chaque aide cognitive en fonction de ses enjeux professionnels\u00a0\u00bb<\/li>\n<li>Co-\u00e9quipier, MAX capitalise sur le savoir-faire avec un expert en poche, \u00e9volutif, multim\u00e9dia et polyglotte.<\/li>\n<\/ul>\n<p><span style=\"color: #ff6600;\"><strong>Les proc\u00e9dures m\u00e9tiers MAX COVID-19 se d\u00e9ploient dans les CHU de Bourgogne et du Rh\u00f4ne<\/strong><\/span><\/p>\n<div class=\"text-media-text-zone\">\n<p>L\u2019application MAX s\u2019inscrit aujourd\u2019hui dans le dispositif de formations du Centre de simulation port\u00e9 par le CHU Dijon Bourgogne et l\u2019Universit\u00e9 (USEEM), en partenariat avec le Centre d\u2019Enseignement des Soins d\u2019Urgence (CESU 21) qui adapte et renforce son action face \u00e0 la crise sanitaire pour prendre en charge les patients infect\u00e9s par le Covid-19. Aux c\u00f4t\u00e9s de tutoriels vid\u00e9o et d\u2019autres protocoles norm\u00e9s, l\u2019application MAX fournit des proc\u00e9dures m\u00e9tier telles que : le transfert de patient, l\u2019anesth\u00e9sie et la r\u00e9animation du patient infect\u00e9, les m\u00e9andres du diagnostic de type : \u00ab est-ce que je suis, ou un proche est-il malade ? \u00bb, mais \u00e9galement les soins palliatifs. Les possibilit\u00e9s sont infinies puisque l\u2019outil d\u2019\u00e9dition de MAX permet de transformer tout protocole papier en aide cognitive digitale \u00e0 l\u2019ergonomie \u00e9prouv\u00e9e.<\/p>\n<p>Le docteur <strong>S\u00e9bastien Mirek<\/strong>, m\u00e9decin anesth\u00e9siste-r\u00e9animateur au CHU Dijon Bourgogne, formateur en simulation en sant\u00e9 explique : \u00ab Vous n\u2019\u00eates pas seuls, voil\u00e0 le message vers les acteurs de sant\u00e9 car ces outils sont importants \u00e0 la fois pour les prot\u00e9ger, appliquer les bonnes proc\u00e9dures et g\u00e9rer toute la communication entre soignants \u00bb. Il confirme l\u2019int\u00e9r\u00eat innovant de l\u2019application : <em>\u00ab En offline, MAX nous permet de travailler le facteur humain et d\u2019am\u00e9liorer nos proc\u00e9dures en temps r\u00e9el sur une base d\u2019aides cognitives valid\u00e9es sur un plan scientifique \u00bb.<\/em><\/p>\n<p>Tout comme Jean-Christophe Cejka, m\u00e9decin anesth\u00e9siste-r\u00e9animateur aux Hospices Civils de Lyon (HCL) qui l\u2019utilise au bloc op\u00e9ratoire, <strong>Guillaume Berlier<\/strong>, infirmier-anesth\u00e9siste au Centre Hospitalier Pierre Oudot de Bourgoin-Jallieu t\u00e9moigne de l\u2019utilit\u00e9 de cet outil e-sant\u00e9 : <em>\u00ab Gr\u00e2ce \u00e0 MAX, nous avons \u00e9vit\u00e9 une erreur d\u2019habillage d\u00fb \u00e0 un tablier d\u00e9faillant et un oubli de curarisation [\u2026] d\u2019un patient Covid-19 sur une chirurgie urgente \u00bb.<\/em><\/p>\n<\/div>\n<p>&nbsp;<\/p>\n","protected":false},"excerpt":{"rendered":"<p>En situation de crise et de stress, chacun d\u2019entre nous peut oublier jusqu\u2019\u00e0 50% de son savoir-faire habituel, pourtant d\u00e9cisif dans ce contexte \u00e0 cause des \u00ab biais cognitif \u00bb. Dans les cas d\u2019urgence m\u00e9dicale, ce biais peut avoir des cons\u00e9quences graves. L\u2019application mobile intelligente MAX (Medical Assistant eXpert) by MEDAE, soutenue par PULSALYS, est une aide cognitive destin\u00e9e \u00e0 soutenir en temps r\u00e9el tous les professionnels de terrain confront\u00e9s \u00e0 des situations complexes. Dans le cadre de la crise actuelle, l&#8217;application a \u00e9t\u00e9 mise \u00e0 disposition des professionnels de sant\u00e9 pour la gestion et le suivi des patients atteints de COVID-19. Diff\u00e9rents CHU de Bourgogne et du Rh\u00f4ne utilisent aujourd&#8217;hui l&#8217;application MAX by MEDAE dans leur prise en charge du COVID-19. <\/p>\n","protected":false},"author":24,"featured_media":19185,"comment_status":"closed","ping_status":"closed","sticky":false,"template":"","format":"standard","meta":{"_acf_changed":false,"footnotes":""},"categories":[567,568,604],"tags":[],"class_list":["post-19183","post","type-post","status-publish","format-standard","has-post-thumbnail","hentry","category-news-en","category-successstories-en","category-startup-en"],"acf":[],"yoast_head":"<!-- This site is optimized with the Yoast SEO plugin v27.4 - https:\/\/yoast.com\/product\/yoast-seo-wordpress\/ -->\n<title>L&#039;application MAX by MEDAE, boost\u00e9e par PULSALYS, soutient les professionnels de sant\u00e9 dans la gestion de crise du COVID-19 - R\u00e9seau SATT<\/title>\n<meta name=\"robots\" content=\"index, follow, max-snippet:-1, max-image-preview:large, max-video-preview:-1\" \/>\n<link rel=\"canonical\" href=\"https:\/\/www.satt.fr\/en\/lapplication-max-by-medae-boostee-par-pulsalys-soutient-les-professionnels-de-sante-dans-la-gestion-de-crise-du-covid-19\/\" \/>\n<meta name=\"twitter:label1\" content=\"Written by\" \/>\n\t<meta name=\"twitter:data1\" content=\"Sylvain DUC\" \/>\n\t<meta name=\"twitter:label2\" content=\"Est. reading time\" \/>\n\t<meta name=\"twitter:data2\" content=\"4 minutes\" \/>\n<script type=\"application\/ld+json\" class=\"yoast-schema-graph\">{\"@context\":\"https:\\\/\\\/schema.org\",\"@graph\":[{\"@type\":\"Article\",\"@id\":\"https:\\\/\\\/www.satt.fr\\\/en\\\/lapplication-max-by-medae-boostee-par-pulsalys-soutient-les-professionnels-de-sante-dans-la-gestion-de-crise-du-covid-19\\\/#article\",\"isPartOf\":{\"@id\":\"https:\\\/\\\/www.satt.fr\\\/en\\\/lapplication-max-by-medae-boostee-par-pulsalys-soutient-les-professionnels-de-sante-dans-la-gestion-de-crise-du-covid-19\\\/\"},\"author\":{\"name\":\"Sylvain DUC\",\"@id\":\"https:\\\/\\\/www.satt.fr\\\/en\\\/#\\\/schema\\\/person\\\/d6cfecbabebe684202068d45b736deca\"},\"headline\":\"L&#8217;application MAX by MEDAE, boost\u00e9e par PULSALYS, soutient les professionnels de sant\u00e9 dans la gestion de crise du COVID-19\",\"datePublished\":\"2020-05-13T07:13:45+00:00\",\"dateModified\":\"2020-05-13T07:35:57+00:00\",\"mainEntityOfPage\":{\"@id\":\"https:\\\/\\\/www.satt.fr\\\/en\\\/lapplication-max-by-medae-boostee-par-pulsalys-soutient-les-professionnels-de-sante-dans-la-gestion-de-crise-du-covid-19\\\/\"},\"wordCount\":750,\"image\":{\"@id\":\"https:\\\/\\\/www.satt.fr\\\/en\\\/lapplication-max-by-medae-boostee-par-pulsalys-soutient-les-professionnels-de-sante-dans-la-gestion-de-crise-du-covid-19\\\/#primaryimage\"},\"thumbnailUrl\":\"https:\\\/\\\/www.satt.fr\\\/wp-content\\\/uploads\\\/2020\\\/05\\\/madea.jpg\",\"articleSection\":[\"News\",\"Success Stories\",\"Start-up\"],\"inLanguage\":\"en-US\"},{\"@type\":\"WebPage\",\"@id\":\"https:\\\/\\\/www.satt.fr\\\/en\\\/lapplication-max-by-medae-boostee-par-pulsalys-soutient-les-professionnels-de-sante-dans-la-gestion-de-crise-du-covid-19\\\/\",\"url\":\"https:\\\/\\\/www.satt.fr\\\/en\\\/lapplication-max-by-medae-boostee-par-pulsalys-soutient-les-professionnels-de-sante-dans-la-gestion-de-crise-du-covid-19\\\/\",\"name\":\"L'application MAX by MEDAE, boost\u00e9e par PULSALYS, soutient les professionnels de sant\u00e9 dans la gestion de crise du COVID-19 - R\u00e9seau SATT\",\"isPartOf\":{\"@id\":\"https:\\\/\\\/www.satt.fr\\\/en\\\/#website\"},\"primaryImageOfPage\":{\"@id\":\"https:\\\/\\\/www.satt.fr\\\/en\\\/lapplication-max-by-medae-boostee-par-pulsalys-soutient-les-professionnels-de-sante-dans-la-gestion-de-crise-du-covid-19\\\/#primaryimage\"},\"image\":{\"@id\":\"https:\\\/\\\/www.satt.fr\\\/en\\\/lapplication-max-by-medae-boostee-par-pulsalys-soutient-les-professionnels-de-sante-dans-la-gestion-de-crise-du-covid-19\\\/#primaryimage\"},\"thumbnailUrl\":\"https:\\\/\\\/www.satt.fr\\\/wp-content\\\/uploads\\\/2020\\\/05\\\/madea.jpg\",\"datePublished\":\"2020-05-13T07:13:45+00:00\",\"dateModified\":\"2020-05-13T07:35:57+00:00\",\"author\":{\"@id\":\"https:\\\/\\\/www.satt.fr\\\/en\\\/#\\\/schema\\\/person\\\/d6cfecbabebe684202068d45b736deca\"},\"breadcrumb\":{\"@id\":\"https:\\\/\\\/www.satt.fr\\\/en\\\/lapplication-max-by-medae-boostee-par-pulsalys-soutient-les-professionnels-de-sante-dans-la-gestion-de-crise-du-covid-19\\\/#breadcrumb\"},\"inLanguage\":\"en-US\",\"potentialAction\":[{\"@type\":\"ReadAction\",\"target\":[\"https:\\\/\\\/www.satt.fr\\\/en\\\/lapplication-max-by-medae-boostee-par-pulsalys-soutient-les-professionnels-de-sante-dans-la-gestion-de-crise-du-covid-19\\\/\"]}]},{\"@type\":\"ImageObject\",\"inLanguage\":\"en-US\",\"@id\":\"https:\\\/\\\/www.satt.fr\\\/en\\\/lapplication-max-by-medae-boostee-par-pulsalys-soutient-les-professionnels-de-sante-dans-la-gestion-de-crise-du-covid-19\\\/#primaryimage\",\"url\":\"https:\\\/\\\/www.satt.fr\\\/wp-content\\\/uploads\\\/2020\\\/05\\\/madea.jpg\",\"contentUrl\":\"https:\\\/\\\/www.satt.fr\\\/wp-content\\\/uploads\\\/2020\\\/05\\\/madea.jpg\",\"width\":3200,\"height\":1785},{\"@type\":\"BreadcrumbList\",\"@id\":\"https:\\\/\\\/www.satt.fr\\\/en\\\/lapplication-max-by-medae-boostee-par-pulsalys-soutient-les-professionnels-de-sante-dans-la-gestion-de-crise-du-covid-19\\\/#breadcrumb\",\"itemListElement\":[{\"@type\":\"ListItem\",\"position\":1,\"name\":\"Accueil\",\"item\":\"https:\\\/\\\/www.satt.fr\\\/en\\\/\"},{\"@type\":\"ListItem\",\"position\":2,\"name\":\"L&#8217;application MAX by MEDAE, boost\u00e9e par PULSALYS, soutient les professionnels de sant\u00e9 dans la gestion de crise du COVID-19\"}]},{\"@type\":\"WebSite\",\"@id\":\"https:\\\/\\\/www.satt.fr\\\/en\\\/#website\",\"url\":\"https:\\\/\\\/www.satt.fr\\\/en\\\/\",\"name\":\"R\u00e9seau SATT\",\"description\":\"Les Soci\u00e9t\u00e9s d&#039;Acc\u00e9l\u00e9ration du Transfert de Technologies\",\"potentialAction\":[{\"@type\":\"SearchAction\",\"target\":{\"@type\":\"EntryPoint\",\"urlTemplate\":\"https:\\\/\\\/www.satt.fr\\\/en\\\/?s={search_term_string}\"},\"query-input\":{\"@type\":\"PropertyValueSpecification\",\"valueRequired\":true,\"valueName\":\"search_term_string\"}}],\"inLanguage\":\"en-US\"},{\"@type\":\"Person\",\"@id\":\"https:\\\/\\\/www.satt.fr\\\/en\\\/#\\\/schema\\\/person\\\/d6cfecbabebe684202068d45b736deca\",\"name\":\"Sylvain DUC\",\"url\":\"https:\\\/\\\/www.satt.fr\\\/en\\\/author\\\/sylvain\\\/\"}]}<\/script>\n<!-- \/ Yoast SEO plugin. -->","yoast_head_json":{"title":"L'application MAX by MEDAE, boost\u00e9e par PULSALYS, soutient les professionnels de sant\u00e9 dans la gestion de crise du COVID-19 - R\u00e9seau SATT","robots":{"index":"index","follow":"follow","max-snippet":"max-snippet:-1","max-image-preview":"max-image-preview:large","max-video-preview":"max-video-preview:-1"},"canonical":"https:\/\/www.satt.fr\/en\/lapplication-max-by-medae-boostee-par-pulsalys-soutient-les-professionnels-de-sante-dans-la-gestion-de-crise-du-covid-19\/","twitter_misc":{"Written by":"Sylvain DUC","Est. reading time":"4 minutes"},"schema":{"@context":"https:\/\/schema.org","@graph":[{"@type":"Article","@id":"https:\/\/www.satt.fr\/en\/lapplication-max-by-medae-boostee-par-pulsalys-soutient-les-professionnels-de-sante-dans-la-gestion-de-crise-du-covid-19\/#article","isPartOf":{"@id":"https:\/\/www.satt.fr\/en\/lapplication-max-by-medae-boostee-par-pulsalys-soutient-les-professionnels-de-sante-dans-la-gestion-de-crise-du-covid-19\/"},"author":{"name":"Sylvain DUC","@id":"https:\/\/www.satt.fr\/en\/#\/schema\/person\/d6cfecbabebe684202068d45b736deca"},"headline":"L&#8217;application MAX by MEDAE, boost\u00e9e par PULSALYS, soutient les professionnels de sant\u00e9 dans la gestion de crise du COVID-19","datePublished":"2020-05-13T07:13:45+00:00","dateModified":"2020-05-13T07:35:57+00:00","mainEntityOfPage":{"@id":"https:\/\/www.satt.fr\/en\/lapplication-max-by-medae-boostee-par-pulsalys-soutient-les-professionnels-de-sante-dans-la-gestion-de-crise-du-covid-19\/"},"wordCount":750,"image":{"@id":"https:\/\/www.satt.fr\/en\/lapplication-max-by-medae-boostee-par-pulsalys-soutient-les-professionnels-de-sante-dans-la-gestion-de-crise-du-covid-19\/#primaryimage"},"thumbnailUrl":"https:\/\/www.satt.fr\/wp-content\/uploads\/2020\/05\/madea.jpg","articleSection":["News","Success Stories","Start-up"],"inLanguage":"en-US"},{"@type":"WebPage","@id":"https:\/\/www.satt.fr\/en\/lapplication-max-by-medae-boostee-par-pulsalys-soutient-les-professionnels-de-sante-dans-la-gestion-de-crise-du-covid-19\/","url":"https:\/\/www.satt.fr\/en\/lapplication-max-by-medae-boostee-par-pulsalys-soutient-les-professionnels-de-sante-dans-la-gestion-de-crise-du-covid-19\/","name":"L'application MAX by MEDAE, boost\u00e9e par PULSALYS, soutient les professionnels de sant\u00e9 dans la gestion de crise du COVID-19 - R\u00e9seau SATT","isPartOf":{"@id":"https:\/\/www.satt.fr\/en\/#website"},"primaryImageOfPage":{"@id":"https:\/\/www.satt.fr\/en\/lapplication-max-by-medae-boostee-par-pulsalys-soutient-les-professionnels-de-sante-dans-la-gestion-de-crise-du-covid-19\/#primaryimage"},"image":{"@id":"https:\/\/www.satt.fr\/en\/lapplication-max-by-medae-boostee-par-pulsalys-soutient-les-professionnels-de-sante-dans-la-gestion-de-crise-du-covid-19\/#primaryimage"},"thumbnailUrl":"https:\/\/www.satt.fr\/wp-content\/uploads\/2020\/05\/madea.jpg","datePublished":"2020-05-13T07:13:45+00:00","dateModified":"2020-05-13T07:35:57+00:00","author":{"@id":"https:\/\/www.satt.fr\/en\/#\/schema\/person\/d6cfecbabebe684202068d45b736deca"},"breadcrumb":{"@id":"https:\/\/www.satt.fr\/en\/lapplication-max-by-medae-boostee-par-pulsalys-soutient-les-professionnels-de-sante-dans-la-gestion-de-crise-du-covid-19\/#breadcrumb"},"inLanguage":"en-US","potentialAction":[{"@type":"ReadAction","target":["https:\/\/www.satt.fr\/en\/lapplication-max-by-medae-boostee-par-pulsalys-soutient-les-professionnels-de-sante-dans-la-gestion-de-crise-du-covid-19\/"]}]},{"@type":"ImageObject","inLanguage":"en-US","@id":"https:\/\/www.satt.fr\/en\/lapplication-max-by-medae-boostee-par-pulsalys-soutient-les-professionnels-de-sante-dans-la-gestion-de-crise-du-covid-19\/#primaryimage","url":"https:\/\/www.satt.fr\/wp-content\/uploads\/2020\/05\/madea.jpg","contentUrl":"https:\/\/www.satt.fr\/wp-content\/uploads\/2020\/05\/madea.jpg","width":3200,"height":1785},{"@type":"BreadcrumbList","@id":"https:\/\/www.satt.fr\/en\/lapplication-max-by-medae-boostee-par-pulsalys-soutient-les-professionnels-de-sante-dans-la-gestion-de-crise-du-covid-19\/#breadcrumb","itemListElement":[{"@type":"ListItem","position":1,"name":"Accueil","item":"https:\/\/www.satt.fr\/en\/"},{"@type":"ListItem","position":2,"name":"L&#8217;application MAX by MEDAE, boost\u00e9e par PULSALYS, soutient les professionnels de sant\u00e9 dans la gestion de crise du COVID-19"}]},{"@type":"WebSite","@id":"https:\/\/www.satt.fr\/en\/#website","url":"https:\/\/www.satt.fr\/en\/","name":"R\u00e9seau SATT","description":"Les Soci\u00e9t\u00e9s d&#039;Acc\u00e9l\u00e9ration du Transfert de Technologies","potentialAction":[{"@type":"SearchAction","target":{"@type":"EntryPoint","urlTemplate":"https:\/\/www.satt.fr\/en\/?s={search_term_string}"},"query-input":{"@type":"PropertyValueSpecification","valueRequired":true,"valueName":"search_term_string"}}],"inLanguage":"en-US"},{"@type":"Person","@id":"https:\/\/www.satt.fr\/en\/#\/schema\/person\/d6cfecbabebe684202068d45b736deca","name":"Sylvain DUC","url":"https:\/\/www.satt.fr\/en\/author\/sylvain\/"}]}},"_links":{"self":[{"href":"https:\/\/www.satt.fr\/en\/wp-json\/wp\/v2\/posts\/19183","targetHints":{"allow":["GET"]}}],"collection":[{"href":"https:\/\/www.satt.fr\/en\/wp-json\/wp\/v2\/posts"}],"about":[{"href":"https:\/\/www.satt.fr\/en\/wp-json\/wp\/v2\/types\/post"}],"author":[{"embeddable":true,"href":"https:\/\/www.satt.fr\/en\/wp-json\/wp\/v2\/users\/24"}],"replies":[{"embeddable":true,"href":"https:\/\/www.satt.fr\/en\/wp-json\/wp\/v2\/comments?post=19183"}],"version-history":[{"count":1,"href":"https:\/\/www.satt.fr\/en\/wp-json\/wp\/v2\/posts\/19183\/revisions"}],"predecessor-version":[{"id":19186,"href":"https:\/\/www.satt.fr\/en\/wp-json\/wp\/v2\/posts\/19183\/revisions\/19186"}],"wp:featuredmedia":[{"embeddable":true,"href":"https:\/\/www.satt.fr\/en\/wp-json\/wp\/v2\/media\/19185"}],"wp:attachment":[{"href":"https:\/\/www.satt.fr\/en\/wp-json\/wp\/v2\/media?parent=19183"}],"wp:term":[{"taxonomy":"category","embeddable":true,"href":"https:\/\/www.satt.fr\/en\/wp-json\/wp\/v2\/categories?post=19183"},{"taxonomy":"post_tag","embeddable":true,"href":"https:\/\/www.satt.fr\/en\/wp-json\/wp\/v2\/tags?post=19183"}],"curies":[{"name":"wp","href":"https:\/\/api.w.org\/{rel}","templated":true}]}}