{"id":19193,"date":"2020-05-13T09:55:55","date_gmt":"2020-05-13T07:55:55","guid":{"rendered":"https:\/\/www.satt.fr\/les-projets-lion-et-orion-au-service-de-levaluation-et-du-traitement-des-troubles-olfactifs-engendres-par-le-covid-19\/"},"modified":"2020-05-13T13:58:39","modified_gmt":"2020-05-13T11:58:39","slug":"les-projets-lion-et-orion-au-service-de-levaluation-et-du-traitement-des-troubles-olfactifs-engendres-par-le-covid-19","status":"publish","type":"post","link":"https:\/\/www.satt.fr\/en\/les-projets-lion-et-orion-au-service-de-levaluation-et-du-traitement-des-troubles-olfactifs-engendres-par-le-covid-19\/","title":{"rendered":"Les projets LION et ORION, soutenus par PULSALYS, au service de l&#8217;\u00e9valuation et du traitement des troubles olfactifs engendr\u00e9s par le Covid-19"},"content":{"rendered":"<p><strong>Les projets LION et ORION, soutenus par PULSALYS et par l&#8217;Universit\u00e9 de Lyon via l&#8217;IDEXLYON, contribuent \u00e0 \u00e9valuer et traiter les troubles olfactifs et gustatifs engendr\u00e9s par l&#8217;\u00e9pid\u00e9mie de Covid-19 et participeront \u00e0 en limiter les cons\u00e9quences m\u00e9dico-psychologiques et sociales.<\/strong><\/p>\n<p><span style=\"color: #ff6600;\"><strong>Anosmie et agueusie li\u00e9es au Covid-19<\/strong><\/span><\/p>\n<p>Dans le contexte actuel de crise du COVID-19, des ORL et infectiologues fran\u00e7ais ont diffus\u00e9 le 20 mars dernier une information essentielle sur la survenue de nouveaux sympt\u00f4mes : ils ont constat\u00e9 <a href=\"https:\/\/www.sforl.org\/wp-content\/uploads\/2020\/03\/Alerte-anosmie-COVID-19.pdf\" target=\"_blank\" rel=\"noopener\" data-cke-saved-href=\"https:\/\/www.sforl.org\/wp-content\/uploads\/2020\/03\/Alerte-anosmie-COVID-19.pdf\">\u00ab la survenue d\u2019anosmies brutales (perte de l&#8217;odorat), souvent associ\u00e9es \u00e0 une agueusie (perte du go\u00fbt) mais sans obstruction nasale, chez des patients suspects ou confirm\u00e9s COVID-19 \u00bb<\/a>. A la suite de cela, la perte de l\u2019odorat (et du go\u00fbt) a \u00e9t\u00e9 ajout\u00e9e \u00e0 la <a href=\"https:\/\/maladiecoronavirus.fr\/se-tester\" target=\"_blank\" rel=\"noopener\" data-cke-saved-href=\"https:\/\/maladiecoronavirus.fr\/se-tester\">liste des sympt\u00f4mes de la maladie<\/a>. La survenue brutale de ces troubles olfactifs est un sympt\u00f4me qui semble donc caract\u00e9ristique d\u2019une infection COVID-19 d\u00e9butante. Actuellement, les donn\u00e9es de la recherche ne nous permettent pas encore d\u2019expliquer comment le virus alt\u00e8re le syst\u00e8me olfactif.<\/p>\n<p><strong><span style=\"color: #ff6600;\">Les projets Lion et Orion<\/span><\/strong><\/p>\n<p>Le risque de s\u00e9quelles olfactives d\u00e9passe habituellement les 60% dans les anosmies d\u2019origine virale ou infectieuse. Si le Covid-19 suit cette r\u00e8gle, le nombre de personnes pr\u00e9sentant un d\u00e9ficit olfactif \u00e0 terme sera consid\u00e9rable et n\u00e9cessitera une prise en charge (r\u00e9habilitation olfactive, prise en charge psychologique). En effet, l\u2019anosmie-agueusie est un facteur de d\u00e9pression, de perte d\u2019app\u00e9tit et de d\u00e9socialisation qui peut, \u00e0 l\u2019\u00e9chelle de cette pand\u00e9mie, avoir des cons\u00e9quences m\u00e9dico-psychologiques et sociales significatives. De plus, les patients actuellement d\u00e9j\u00e0 nombreux, posent tr\u00e8s rapidement la question de la r\u00e9cup\u00e9ration de leur odorat et de leur go\u00fbt.<\/p>\n<p>Le <strong>projet LION<\/strong>, d\u00e9velopp\u00e9 au <strong>Centre de Recherche en Neuroscience de Lyon (CRNL : UCBL, UJM, INSERM, CNRS) et soutenu par PULSALYS et l&#8217;Universit\u00e9 de Lyon via l&#8217;IDEXLYON, <\/strong>int\u00e8gre une technologie\u00a0permettant une \u00e9valuation olfactive et un suivi des performances olfactives\u00a0facilit\u00e9. Gr\u00e2ce \u00e0 un suivi m\u00e9dical connect\u00e9, le patient r\u00e9alise de mani\u00e8re autonome et \u00e0 distance son \u00e9valuation olfactive r\u00e9guli\u00e8re. Cette technologie est parfaitement adapt\u00e9e dans un contexte de confinement sanitaire. PULSALYS a <a href=\"https:\/\/www.pulsalys.fr\/article\/arrivee-de-arnaud-fournel-developpeur-pour-le-projet-lion\" target=\"_blank\" rel=\"noopener\" data-cke-saved-href=\"https:\/\/www.pulsalys.fr\/article\/arrivee-de-arnaud-fournel-developpeur-pour-le-projet-lion\">embauch\u00e9 Arnaud Fournel <\/a>qui d\u00e9veloppe depuis plusieurs mois un premier produit en testant de nouveaux supports pour les stimuli odorants en \u00e9laborant la connexion num\u00e9rique entre les stimuli et un ordinateur ou une tablette.<\/p>\n<p>Le <strong>projet ORION<\/strong>, d\u00e9velopp\u00e9 en parall\u00e8le au <strong>CRNL <\/strong>avec le concours de PULSALYS, est planifi\u00e9 depuis plusieurs mois pour \u00e9largir les champs d&#8217;application de la technologie d\u00e9velopp\u00e9e par LION. ORION propose d&#8217;utiliser la technologie olfactive connect\u00e9e pour permettre une rem\u00e9diation olfactive et cognitive sur le long-terme chez les sujets anosmiques, notamment ceux li\u00e9s au Covid-19, et les personnes \u00e2g\u00e9es. Compte tenu de leur susceptibilit\u00e9 au Covid-19, ces populations cibles sont particuli\u00e8rement pertinentes dans le contexte de l&#8217;\u00e9pid\u00e9mie actuelle. Enfin, gr\u00e2ce \u00e0 sa simplicit\u00e9 de mise en \u0153uvre, cette m\u00e9thodologie connect\u00e9e pourra \u00e9galement \u00eatre facilement et rapidement transf\u00e9r\u00e9e dans l&#8217;ensemble du territoire fran\u00e7ais touch\u00e9.<\/p>\n<p>Ces deux projets sont men\u00e9s en collaboration avec des h\u00f4pitaux de la r\u00e9gion Auvergne-Rh\u00f4ne-Alpes, notamment l\u2019H\u00f4pital Nord-Ouest de Villefranche-sur-Sa\u00f4ne et l\u2019Infirmerie Protestant de Caluire. <strong>Les projets LION et ORION contribueront \u00e0 \u00e9valuer et traiter les troubles olfactifs et gustatifs engendr\u00e9s par l&#8217;\u00e9pid\u00e9mie de Covid-19 et participeront \u00e0 en limiter les cons\u00e9quences m\u00e9dico-psychologiques et sociales.<\/strong><\/p>\n<p><strong><span style=\"color: #ff6600;\">Participez \u00e0 l&#8217;\u00e9tude sur les pertes olfactives et gustatives durant cette crise sanitaire<\/span><\/strong><\/p>\n<p>Les \u00e9quipes travaillant sur les projets LION et ORION ont cr\u00e9\u00e9 un <a href=\"https:\/\/project.crnl.fr\/odorat-info\/\" target=\"_blank\" rel=\"noopener\" data-cke-saved-href=\"https:\/\/project.crnl.fr\/odorat-info\/\">site internet destin\u00e9 aux personnes qui ont perdu l\u2019odorat et qui veulent en savoir plus sur ce sens.<\/a><\/p>\n<p>Si vous-m\u00eame pensez \u00eatre concern\u00e9(e) par le Coronavirus et la perte d\u2019odorat, et si vous souhaitez aider \u00e0 mieux comprendre ce ph\u00e9nom\u00e8ne, n\u2019h\u00e9sitez pas \u00e0 r\u00e9pondre au questionnaire con\u00e7u par l&#8217;\u00e9quipe Neuropop du CRNL. Ce questionnaire a pour objectif de mieux comprendre les interactions entre qualit\u00e9 de vie et troubles de l\u2019odorat et du go\u00fbt dans la population fran\u00e7aise, notamment en lien avec l&#8217;\u00e9pid\u00e9mie COVID-19. Vos r\u00e9ponses sont une aide pr\u00e9cieuse pour mieux comprendre les possibles modifications sensorielles associ\u00e9es \u00e0 la maladie, ainsi que leurs cons\u00e9quences sur la vie quotidienne. <a href=\"https:\/\/form.crnl.fr\/index.php\/146862?newtest=Y&amp;lang=fr\" target=\"_blank\" rel=\"noopener\" data-cke-saved-href=\"https:\/\/form.crnl.fr\/index.php\/146862?newtest=Y&amp;lang=fr\"><strong>Cliquez sur ce lien pour participer au questionnaire.<\/strong><\/a><\/p>\n<p>L&#8217;\u00e9quipe Neuropop du CRNL participe \u00e9galement \u00e0 une initiative internationale qui vise \u00e0 vous aider \u00e0 suivre votre odorat depuis chez vous en sentant des produits que vous pouvez trouver dans vos placards. <a href=\"https:\/\/smelltracker.org\/fr\" target=\"_blank\" rel=\"noopener\" data-cke-saved-href=\"https:\/\/smelltracker.org\/fr\">Cliquez ici pour participer \u00e0 cette enqu\u00eate internationale.<\/a><\/p>\n","protected":false},"excerpt":{"rendered":"<p>Les projets LION et ORION, soutenus par PULSALYS et par l&#8217;Universit\u00e9 de Lyon via l&#8217;IDEXLYON, contribuent \u00e0 \u00e9valuer et traiter les troubles olfactifs et gustatifs engendr\u00e9s par l&#8217;\u00e9pid\u00e9mie de Covid-19 et participeront \u00e0 en limiter les cons\u00e9quences m\u00e9dico-psychologiques et sociales. Le projet LION, d\u00e9velopp\u00e9 au CRNL et soutenu par PULSALYS et l&#8217;Universit\u00e9 de Lyon via l&#8217;IDEXLYON, int\u00e8gre une technologie permettant une \u00e9valuation olfactive et un suivi des performances olfactives facilit\u00e9. Gr\u00e2ce \u00e0 un suivi m\u00e9dical connect\u00e9, le patient r\u00e9alise de mani\u00e8re autonome et \u00e0 distance son \u00e9valuation olfactive r\u00e9guli\u00e8re. Cette technologie est parfaitement adapt\u00e9e dans un contexte de confinement sanitaire. PULSALYS a embauch\u00e9 Arnaud Fournel qui d\u00e9veloppe depuis plusieurs mois un premier produit en testant de nouveaux supports pour les stimuli odorants en \u00e9laborant la connexion num\u00e9rique entre les stimuli et un ordinateur ou une tablette.<\/p>\n","protected":false},"author":24,"featured_media":19195,"comment_status":"closed","ping_status":"closed","sticky":false,"template":"","format":"standard","meta":{"_acf_changed":false,"footnotes":""},"categories":[567],"tags":[],"class_list":["post-19193","post","type-post","status-publish","format-standard","has-post-thumbnail","hentry","category-news-en"],"acf":[],"yoast_head":"<!-- This site is optimized with the Yoast SEO plugin v27.4 - https:\/\/yoast.com\/product\/yoast-seo-wordpress\/ -->\n<title>Les projets LION et ORION, soutenus par PULSALYS, au service de l&#039;\u00e9valuation et du traitement des troubles olfactifs engendr\u00e9s par le Covid-19 - R\u00e9seau SATT<\/title>\n<meta name=\"robots\" content=\"index, follow, max-snippet:-1, max-image-preview:large, max-video-preview:-1\" \/>\n<link rel=\"canonical\" href=\"https:\/\/www.satt.fr\/en\/les-projets-lion-et-orion-au-service-de-levaluation-et-du-traitement-des-troubles-olfactifs-engendres-par-le-covid-19\/\" \/>\n<meta name=\"twitter:label1\" content=\"Written by\" \/>\n\t<meta name=\"twitter:data1\" content=\"Sylvain DUC\" \/>\n\t<meta name=\"twitter:label2\" content=\"Est. reading time\" \/>\n\t<meta name=\"twitter:data2\" content=\"4 minutes\" \/>\n<script type=\"application\/ld+json\" class=\"yoast-schema-graph\">{\"@context\":\"https:\\\/\\\/schema.org\",\"@graph\":[{\"@type\":\"Article\",\"@id\":\"https:\\\/\\\/www.satt.fr\\\/en\\\/les-projets-lion-et-orion-au-service-de-levaluation-et-du-traitement-des-troubles-olfactifs-engendres-par-le-covid-19\\\/#article\",\"isPartOf\":{\"@id\":\"https:\\\/\\\/www.satt.fr\\\/en\\\/les-projets-lion-et-orion-au-service-de-levaluation-et-du-traitement-des-troubles-olfactifs-engendres-par-le-covid-19\\\/\"},\"author\":{\"name\":\"Sylvain DUC\",\"@id\":\"https:\\\/\\\/www.satt.fr\\\/en\\\/#\\\/schema\\\/person\\\/d6cfecbabebe684202068d45b736deca\"},\"headline\":\"Les projets LION et ORION, soutenus par PULSALYS, au service de l&#8217;\u00e9valuation et du traitement des troubles olfactifs engendr\u00e9s par le Covid-19\",\"datePublished\":\"2020-05-13T07:55:55+00:00\",\"dateModified\":\"2020-05-13T11:58:39+00:00\",\"mainEntityOfPage\":{\"@id\":\"https:\\\/\\\/www.satt.fr\\\/en\\\/les-projets-lion-et-orion-au-service-de-levaluation-et-du-traitement-des-troubles-olfactifs-engendres-par-le-covid-19\\\/\"},\"wordCount\":832,\"image\":{\"@id\":\"https:\\\/\\\/www.satt.fr\\\/en\\\/les-projets-lion-et-orion-au-service-de-levaluation-et-du-traitement-des-troubles-olfactifs-engendres-par-le-covid-19\\\/#primaryimage\"},\"thumbnailUrl\":\"https:\\\/\\\/www.satt.fr\\\/wp-content\\\/uploads\\\/2020\\\/05\\\/PU.jpg\",\"articleSection\":[\"News\"],\"inLanguage\":\"en-US\"},{\"@type\":\"WebPage\",\"@id\":\"https:\\\/\\\/www.satt.fr\\\/en\\\/les-projets-lion-et-orion-au-service-de-levaluation-et-du-traitement-des-troubles-olfactifs-engendres-par-le-covid-19\\\/\",\"url\":\"https:\\\/\\\/www.satt.fr\\\/en\\\/les-projets-lion-et-orion-au-service-de-levaluation-et-du-traitement-des-troubles-olfactifs-engendres-par-le-covid-19\\\/\",\"name\":\"Les projets LION et ORION, soutenus par PULSALYS, au service de l'\u00e9valuation et du traitement des troubles olfactifs engendr\u00e9s par le Covid-19 - R\u00e9seau SATT\",\"isPartOf\":{\"@id\":\"https:\\\/\\\/www.satt.fr\\\/en\\\/#website\"},\"primaryImageOfPage\":{\"@id\":\"https:\\\/\\\/www.satt.fr\\\/en\\\/les-projets-lion-et-orion-au-service-de-levaluation-et-du-traitement-des-troubles-olfactifs-engendres-par-le-covid-19\\\/#primaryimage\"},\"image\":{\"@id\":\"https:\\\/\\\/www.satt.fr\\\/en\\\/les-projets-lion-et-orion-au-service-de-levaluation-et-du-traitement-des-troubles-olfactifs-engendres-par-le-covid-19\\\/#primaryimage\"},\"thumbnailUrl\":\"https:\\\/\\\/www.satt.fr\\\/wp-content\\\/uploads\\\/2020\\\/05\\\/PU.jpg\",\"datePublished\":\"2020-05-13T07:55:55+00:00\",\"dateModified\":\"2020-05-13T11:58:39+00:00\",\"author\":{\"@id\":\"https:\\\/\\\/www.satt.fr\\\/en\\\/#\\\/schema\\\/person\\\/d6cfecbabebe684202068d45b736deca\"},\"breadcrumb\":{\"@id\":\"https:\\\/\\\/www.satt.fr\\\/en\\\/les-projets-lion-et-orion-au-service-de-levaluation-et-du-traitement-des-troubles-olfactifs-engendres-par-le-covid-19\\\/#breadcrumb\"},\"inLanguage\":\"en-US\",\"potentialAction\":[{\"@type\":\"ReadAction\",\"target\":[\"https:\\\/\\\/www.satt.fr\\\/en\\\/les-projets-lion-et-orion-au-service-de-levaluation-et-du-traitement-des-troubles-olfactifs-engendres-par-le-covid-19\\\/\"]}]},{\"@type\":\"ImageObject\",\"inLanguage\":\"en-US\",\"@id\":\"https:\\\/\\\/www.satt.fr\\\/en\\\/les-projets-lion-et-orion-au-service-de-levaluation-et-du-traitement-des-troubles-olfactifs-engendres-par-le-covid-19\\\/#primaryimage\",\"url\":\"https:\\\/\\\/www.satt.fr\\\/wp-content\\\/uploads\\\/2020\\\/05\\\/PU.jpg\",\"contentUrl\":\"https:\\\/\\\/www.satt.fr\\\/wp-content\\\/uploads\\\/2020\\\/05\\\/PU.jpg\",\"width\":3200,\"height\":1785},{\"@type\":\"BreadcrumbList\",\"@id\":\"https:\\\/\\\/www.satt.fr\\\/en\\\/les-projets-lion-et-orion-au-service-de-levaluation-et-du-traitement-des-troubles-olfactifs-engendres-par-le-covid-19\\\/#breadcrumb\",\"itemListElement\":[{\"@type\":\"ListItem\",\"position\":1,\"name\":\"Accueil\",\"item\":\"https:\\\/\\\/www.satt.fr\\\/en\\\/\"},{\"@type\":\"ListItem\",\"position\":2,\"name\":\"Les projets LION et ORION, soutenus par PULSALYS, au service de l&#8217;\u00e9valuation et du traitement des troubles olfactifs engendr\u00e9s par le Covid-19\"}]},{\"@type\":\"WebSite\",\"@id\":\"https:\\\/\\\/www.satt.fr\\\/en\\\/#website\",\"url\":\"https:\\\/\\\/www.satt.fr\\\/en\\\/\",\"name\":\"R\u00e9seau SATT\",\"description\":\"Les Soci\u00e9t\u00e9s d&#039;Acc\u00e9l\u00e9ration du Transfert de Technologies\",\"potentialAction\":[{\"@type\":\"SearchAction\",\"target\":{\"@type\":\"EntryPoint\",\"urlTemplate\":\"https:\\\/\\\/www.satt.fr\\\/en\\\/?s={search_term_string}\"},\"query-input\":{\"@type\":\"PropertyValueSpecification\",\"valueRequired\":true,\"valueName\":\"search_term_string\"}}],\"inLanguage\":\"en-US\"},{\"@type\":\"Person\",\"@id\":\"https:\\\/\\\/www.satt.fr\\\/en\\\/#\\\/schema\\\/person\\\/d6cfecbabebe684202068d45b736deca\",\"name\":\"Sylvain DUC\",\"url\":\"https:\\\/\\\/www.satt.fr\\\/en\\\/author\\\/sylvain\\\/\"}]}<\/script>\n<!-- \/ Yoast SEO plugin. -->","yoast_head_json":{"title":"Les projets LION et ORION, soutenus par PULSALYS, au service de l'\u00e9valuation et du traitement des troubles olfactifs engendr\u00e9s par le Covid-19 - R\u00e9seau SATT","robots":{"index":"index","follow":"follow","max-snippet":"max-snippet:-1","max-image-preview":"max-image-preview:large","max-video-preview":"max-video-preview:-1"},"canonical":"https:\/\/www.satt.fr\/en\/les-projets-lion-et-orion-au-service-de-levaluation-et-du-traitement-des-troubles-olfactifs-engendres-par-le-covid-19\/","twitter_misc":{"Written by":"Sylvain DUC","Est. reading time":"4 minutes"},"schema":{"@context":"https:\/\/schema.org","@graph":[{"@type":"Article","@id":"https:\/\/www.satt.fr\/en\/les-projets-lion-et-orion-au-service-de-levaluation-et-du-traitement-des-troubles-olfactifs-engendres-par-le-covid-19\/#article","isPartOf":{"@id":"https:\/\/www.satt.fr\/en\/les-projets-lion-et-orion-au-service-de-levaluation-et-du-traitement-des-troubles-olfactifs-engendres-par-le-covid-19\/"},"author":{"name":"Sylvain DUC","@id":"https:\/\/www.satt.fr\/en\/#\/schema\/person\/d6cfecbabebe684202068d45b736deca"},"headline":"Les projets LION et ORION, soutenus par PULSALYS, au service de l&#8217;\u00e9valuation et du traitement des troubles olfactifs engendr\u00e9s par le Covid-19","datePublished":"2020-05-13T07:55:55+00:00","dateModified":"2020-05-13T11:58:39+00:00","mainEntityOfPage":{"@id":"https:\/\/www.satt.fr\/en\/les-projets-lion-et-orion-au-service-de-levaluation-et-du-traitement-des-troubles-olfactifs-engendres-par-le-covid-19\/"},"wordCount":832,"image":{"@id":"https:\/\/www.satt.fr\/en\/les-projets-lion-et-orion-au-service-de-levaluation-et-du-traitement-des-troubles-olfactifs-engendres-par-le-covid-19\/#primaryimage"},"thumbnailUrl":"https:\/\/www.satt.fr\/wp-content\/uploads\/2020\/05\/PU.jpg","articleSection":["News"],"inLanguage":"en-US"},{"@type":"WebPage","@id":"https:\/\/www.satt.fr\/en\/les-projets-lion-et-orion-au-service-de-levaluation-et-du-traitement-des-troubles-olfactifs-engendres-par-le-covid-19\/","url":"https:\/\/www.satt.fr\/en\/les-projets-lion-et-orion-au-service-de-levaluation-et-du-traitement-des-troubles-olfactifs-engendres-par-le-covid-19\/","name":"Les projets LION et ORION, soutenus par PULSALYS, au service de l'\u00e9valuation et du traitement des troubles olfactifs engendr\u00e9s par le Covid-19 - R\u00e9seau SATT","isPartOf":{"@id":"https:\/\/www.satt.fr\/en\/#website"},"primaryImageOfPage":{"@id":"https:\/\/www.satt.fr\/en\/les-projets-lion-et-orion-au-service-de-levaluation-et-du-traitement-des-troubles-olfactifs-engendres-par-le-covid-19\/#primaryimage"},"image":{"@id":"https:\/\/www.satt.fr\/en\/les-projets-lion-et-orion-au-service-de-levaluation-et-du-traitement-des-troubles-olfactifs-engendres-par-le-covid-19\/#primaryimage"},"thumbnailUrl":"https:\/\/www.satt.fr\/wp-content\/uploads\/2020\/05\/PU.jpg","datePublished":"2020-05-13T07:55:55+00:00","dateModified":"2020-05-13T11:58:39+00:00","author":{"@id":"https:\/\/www.satt.fr\/en\/#\/schema\/person\/d6cfecbabebe684202068d45b736deca"},"breadcrumb":{"@id":"https:\/\/www.satt.fr\/en\/les-projets-lion-et-orion-au-service-de-levaluation-et-du-traitement-des-troubles-olfactifs-engendres-par-le-covid-19\/#breadcrumb"},"inLanguage":"en-US","potentialAction":[{"@type":"ReadAction","target":["https:\/\/www.satt.fr\/en\/les-projets-lion-et-orion-au-service-de-levaluation-et-du-traitement-des-troubles-olfactifs-engendres-par-le-covid-19\/"]}]},{"@type":"ImageObject","inLanguage":"en-US","@id":"https:\/\/www.satt.fr\/en\/les-projets-lion-et-orion-au-service-de-levaluation-et-du-traitement-des-troubles-olfactifs-engendres-par-le-covid-19\/#primaryimage","url":"https:\/\/www.satt.fr\/wp-content\/uploads\/2020\/05\/PU.jpg","contentUrl":"https:\/\/www.satt.fr\/wp-content\/uploads\/2020\/05\/PU.jpg","width":3200,"height":1785},{"@type":"BreadcrumbList","@id":"https:\/\/www.satt.fr\/en\/les-projets-lion-et-orion-au-service-de-levaluation-et-du-traitement-des-troubles-olfactifs-engendres-par-le-covid-19\/#breadcrumb","itemListElement":[{"@type":"ListItem","position":1,"name":"Accueil","item":"https:\/\/www.satt.fr\/en\/"},{"@type":"ListItem","position":2,"name":"Les projets LION et ORION, soutenus par PULSALYS, au service de l&#8217;\u00e9valuation et du traitement des troubles olfactifs engendr\u00e9s par le Covid-19"}]},{"@type":"WebSite","@id":"https:\/\/www.satt.fr\/en\/#website","url":"https:\/\/www.satt.fr\/en\/","name":"R\u00e9seau SATT","description":"Les Soci\u00e9t\u00e9s d&#039;Acc\u00e9l\u00e9ration du Transfert de Technologies","potentialAction":[{"@type":"SearchAction","target":{"@type":"EntryPoint","urlTemplate":"https:\/\/www.satt.fr\/en\/?s={search_term_string}"},"query-input":{"@type":"PropertyValueSpecification","valueRequired":true,"valueName":"search_term_string"}}],"inLanguage":"en-US"},{"@type":"Person","@id":"https:\/\/www.satt.fr\/en\/#\/schema\/person\/d6cfecbabebe684202068d45b736deca","name":"Sylvain DUC","url":"https:\/\/www.satt.fr\/en\/author\/sylvain\/"}]}},"_links":{"self":[{"href":"https:\/\/www.satt.fr\/en\/wp-json\/wp\/v2\/posts\/19193","targetHints":{"allow":["GET"]}}],"collection":[{"href":"https:\/\/www.satt.fr\/en\/wp-json\/wp\/v2\/posts"}],"about":[{"href":"https:\/\/www.satt.fr\/en\/wp-json\/wp\/v2\/types\/post"}],"author":[{"embeddable":true,"href":"https:\/\/www.satt.fr\/en\/wp-json\/wp\/v2\/users\/24"}],"replies":[{"embeddable":true,"href":"https:\/\/www.satt.fr\/en\/wp-json\/wp\/v2\/comments?post=19193"}],"version-history":[{"count":1,"href":"https:\/\/www.satt.fr\/en\/wp-json\/wp\/v2\/posts\/19193\/revisions"}],"predecessor-version":[{"id":19196,"href":"https:\/\/www.satt.fr\/en\/wp-json\/wp\/v2\/posts\/19193\/revisions\/19196"}],"wp:featuredmedia":[{"embeddable":true,"href":"https:\/\/www.satt.fr\/en\/wp-json\/wp\/v2\/media\/19195"}],"wp:attachment":[{"href":"https:\/\/www.satt.fr\/en\/wp-json\/wp\/v2\/media?parent=19193"}],"wp:term":[{"taxonomy":"category","embeddable":true,"href":"https:\/\/www.satt.fr\/en\/wp-json\/wp\/v2\/categories?post=19193"},{"taxonomy":"post_tag","embeddable":true,"href":"https:\/\/www.satt.fr\/en\/wp-json\/wp\/v2\/tags?post=19193"}],"curies":[{"name":"wp","href":"https:\/\/api.w.org\/{rel}","templated":true}]}}