{"id":19342,"date":"2020-05-18T09:57:16","date_gmt":"2020-05-18T07:57:16","guid":{"rendered":"https:\/\/www.satt.fr\/lapplication-daides-cognitives-max-by-medae-boostee-par-pulsalys-facilite-la-gestion-de-crise-en-milieu-professionnel\/"},"modified":"2020-05-18T09:57:16","modified_gmt":"2020-05-18T07:57:16","slug":"lapplication-daides-cognitives-max-by-medae-boostee-par-pulsalys-facilite-la-gestion-de-crise-en-milieu-professionnel","status":"publish","type":"post","link":"https:\/\/www.satt.fr\/en\/lapplication-daides-cognitives-max-by-medae-boostee-par-pulsalys-facilite-la-gestion-de-crise-en-milieu-professionnel\/","title":{"rendered":"L&#8217;application d\u2019aides cognitives MAX by MEDAE, boost\u00e9e par PULSALYS, facilite la gestion de crise en milieu professionnel"},"content":{"rendered":"<p><strong>L\u2019application intelligente d\u2019assistance cognitive MAX by MEDAE a pour vocation d\u2019appuyer en temps r\u00e9el tous les professionnels de terrain confront\u00e9s \u00e0 des situations complexes, d\u2019urgence ou de crise. L\u2019efficacit\u00e9 des outils MAX by MEDAE a \u00e9t\u00e9 d\u00e9montr\u00e9e en particulier dans les domaines les plus stressants de la sant\u00e9. En situation de gestion de crise ou de stress, chacun d\u2019entre nous peut oublier jusqu\u2019\u00e0 50% de son savoir-faire habituel, pourtant d\u00e9cisif dans ce contexte. En cause, les \u00ab biais cognitifs \u00bb, qui sont une distorsion dans le traitement\u00a0<a title=\"Cognition\" href=\"https:\/\/fr.wikipedia.org\/wiki\/Cognition\" target=\"_blank\" rel=\"noopener\" data-cke-saved-href=\"https:\/\/fr.wikipedia.org\/wiki\/Cognition\">cognitif<\/a>\u00a0d&#8217;une information provoquant la d\u00e9viation de la pens\u00e9e logique et rationnelle. Ces erreurs sont g\u00e9n\u00e9ralement inconscientes et propres \u00e0 l\u2019esprit humain. A fortiori, ces biais existent en situation d\u2019urgence m\u00e9dicale et peuvent avoir des cons\u00e9quences graves. Dans le cadre de la crise li\u00e9e au Coronavirus, l&#8217;application d\u2019aide cognitive MAX by MEDAE a mis \u00e0 disposition des professionnels de sant\u00e9 des aides cognitives Covid-19 sur smartphone et tablettes imm\u00e9diatement op\u00e9rationnelles. Les proc\u00e9dures m\u00e9tiers MAX Covid-19 se sont d\u00e9ploy\u00e9es dans certains CHU de Bourgogne et du Rh\u00f4ne.<\/strong><\/p>\n<p><span style=\"color: #ff6600;\"><strong>L\u2019application d\u2019aides cognitives en milieu m\u00e9dical<\/strong><\/span><\/p>\n<p>N\u00e9e de la pratique personnelle de Jean-Christophe Cejka, m\u00e9decin anesth\u00e9siste-r\u00e9animateur aux Hospices Civils de Lyon (HCL) et formateur en simulation m\u00e9dicale, l\u2019application MAX by MEDAE am\u00e9liore \u00e0 la fois l\u2019efficacit\u00e9 de la prise en charge m\u00e9dicale et le travail d\u2019\u00e9quipe des soignants. <strong><em>\u00ab La prise en charge inad\u00e9quate dans les domaines de la sant\u00e9 est une cause d\u2019accidentologie \u00e9vitable importante \u00bb<\/em><\/strong> confie Jean-Christophe Cejka, CEO de MEDAE. <em><strong>\u00ab Plusieurs milliers de ces cas seraient \u00e9vitables chaque ann\u00e9e \u00e0 l\u2019h\u00f4pital, ce qui repr\u00e9senterait, selon l\u2019OMS*, une \u00e9conomie potentielle de 200 millions d\u2019euros par an pour la soci\u00e9t\u00e9 \u00bb<\/strong>. \u00ab\u00a0L\u2019erreur humaine semble \u00eatre la 3\u00e8me cause de mortalit\u00e9 dans les pays occidentaux \u00bb<\/em> [2] poursuit-il.<\/p>\n<p>Parti du constat qu\u2019au moins 70% d\u2019\u00e9v\u00e9nements ind\u00e9sirables graves en sant\u00e9 sont attribuables \u00e0 des erreurs humaines, il a imagin\u00e9 et con\u00e7u une aide cognitive digitale sous forme d\u2019application mobile qui facilite la gestion de situations de crise pour <strong>v\u00e9rifier la bonne application des proc\u00e9dures en temps r\u00e9el.<\/strong> Cette application, co-pilote des professionnels de terrain, a pour ambition de <strong>diminuer les erreurs<\/strong>, m\u00e9dicales notamment, mais aussi d\u2019<strong>am\u00e9liorer la prise en charge des patients<\/strong> gr\u00e2ce au recueil des informations directement au coeur du soin, afin de permettre leur analyse et l\u2019<strong>am\u00e9lioration des proc\u00e9dures<\/strong>. Alliant ergonomie et interactivit\u00e9, l\u2019application constitue aussi un outil de formation initiale et d\u2019entrainement en simulation sant\u00e9 pour former tout au long de l\u2019ann\u00e9e les personnels m\u00e9dicaux ou non (l\u2019application MAX est utilis\u00e9e par le SDMIS sapeurs-pompiers du d\u00e9partement du Rh\u00f4ne et de la m\u00e9tropole de Lyon).<\/p>\n<p><strong>Dans le cadre de la crise actuelle, l&#8217;application a \u00e9t\u00e9 mise \u00e0 disposition des professionnels de sant\u00e9 pour la gestion et le suivi des patients atteints de COVID-19. Diff\u00e9rents CHU de Bourgogne et du Rh\u00f4ne utilisent aujourd&#8217;hui l&#8217;application MAX by MEDAE dans leur prise en charge du COVID-19.<\/strong><\/p>\n<p><span style=\"color: #ff6600;\"><strong>MAX by MEDAE s&#8217;adapte \u00e0 tous<\/strong><\/span><\/p>\n<p><em>\u00ab\u00a0En a\u00e9ronautique, on a invent\u00e9 la checklist et c\u2019est devenu l\u2019un des milieux professionnels les plus s\u00fbrs au monde\u00a0\u00bb\u00a0observe Jean-Christophe Cejka. \u00ab\u00a0Il n\u2019y a pas de raison pour que l\u2019on n\u2019arrive pas \u00e0 d\u00e9cliner les protocoles de soins sous forme d\u2019aides cognitives, \u00e0 la faveur des patients\u2026 et des soignants\u00a0!\u00a0Un anesth\u00e9siste am\u00e9ricain avait d\u00e9j\u00e0 introduit dans les ann\u00e9es 90 de tels protocoles papier au bloc, mais la diff\u00e9rence est qu\u2019aujourd\u2019hui on a les outils num\u00e9riques adapt\u00e9s pour une mise en place globale et personnalis\u00e9e\u00a0\u00bb<\/em>\u00a0indique-t-il. <strong>Dor\u00e9navant, les barri\u00e8res de langue n\u2019existent plus et MAX peut \u00eatre utilis\u00e9 dans n\u2019importe quelle langue.<\/strong><\/p>\n<p>MAX, s\u2019adapte \u00e0 la hauteur de chaque savoir-faire m\u00e9tier\u00a0:<\/p>\n<ul>\n<li>Co-pilote, MAX allie savoir-faire humain et nouvelles technologies pour accroitre la performance de tous les professionnels accomplissant des t\u00e2ches \u00e0 forts impacts.<\/li>\n<li>Co-\u00e9diteur, MAX int\u00e8gre la diversit\u00e9 de savoir-faire m\u00e9tiers gr\u00e2ce \u00e0 la fonctionnalit\u00e9 d\u2019\u00e9diteur disponible sur le portail Web MAX, qui permet de mod\u00e9liser et de personnaliser chaque aide cognitive en fonction de ses enjeux professionnels<\/li>\n<li>Co-\u00e9quipier, MAX capitalise sur le savoir-faire avec un expert en poche, \u00e9volutif, multim\u00e9dia et polyglotte.<\/li>\n<\/ul>\n<p><strong><span style=\"color: #ff6600;\">Des \u00e9tudes cliniques \u00e0 l\u2019appui<\/span><\/strong><\/p>\n<p>Test\u00e9 aupr\u00e8s des \u00e9tudiants en m\u00e9decine dans le cadre d\u2019une premi\u00e8re \u00e9tude clinique r\u00e9alis\u00e9e au Centre Lyonnais d\u2019Enseignement par la Simulation Sant\u00e9 (CLESS : UCBL, HCL)\u00a0[1] partenaire de MEDAE, le premier prototype de la solution a permis d\u2019am\u00e9liorer de fa\u00e7on importante la gestion des situations m\u00e9dicales d\u2019urgence, notamment gr\u00e2ce \u00e0 une plus grande s\u00e9r\u00e9nit\u00e9 des utilisateurs. Les r\u00e9sultats prometteurs de cette \u00e9tude ont fait l\u2019objet d\u2019une publication scientifique dans le journal d\u2019anesth\u00e9sie de r\u00e9f\u00e9rence (British Journal of Anaesthesia [2]), dans laquelle sont formellement d\u00e9montr\u00e9es la plus-value technique et l\u2019am\u00e9lioration de la coordination de l\u2019\u00e9quipe lors des interventions m\u00e9dicales d\u2019urgence. <em>\u00ab L\u2019utilisation de notre aide cognitive permet de r\u00e9duire de 60% les erreurs et les oublis lorsque l\u2019on compare \u00e0 une gestion de la crise sans aide cognitive, et surtou<strong>t d\u2019am\u00e9liorer les capacit\u00e9s \u00e0 g\u00e9rer la crise (facteur humain) \u00bb<\/strong><\/em> rapporte Jean-Christophe Cejka.<\/p>\n<p>Une deuxi\u00e8me \u00e9tude clinique\u00a0a \u00e9t\u00e9 men\u00e9e sur des cas d\u2019arr\u00eat cardiaque aupr\u00e8s d\u2019internes exp\u00e9riment\u00e9s et de m\u00e9decins, \u00e9galement publi\u00e9e dans le BJA. Les r\u00e9sultats ont \u00e9t\u00e9 compar\u00e9s aux proc\u00e9dures \u00ab papier \u00bb. Les performances techniques et non techniques de l\u2019\u00e9quipe ont \u00e9t\u00e9 renseign\u00e9es. Les erreurs ont \u00e9t\u00e9 diminu\u00e9es de 70% avec, l\u00e0 encore une am\u00e9lioration nette du facteur humain. Une 3\u00e8me publication dans le journal de r\u00e9f\u00e9rence en sant\u00e9 militaire Military Medicine a d\u00e9montr\u00e9 que m\u00eame chez des personnels aussi entrain\u00e9s que peuvent l\u2019\u00eatre les soignants des forces sp\u00e9ciales, l\u2019utilisation d\u2019une aide cognitive MAX d\u00e9di\u00e9e diminue les erreurs humaines et am\u00e9liore la gestion de la crise.<\/p>\n<p><span style=\"color: #ff6600;\"><strong>Une ambition forte soutenue par PULSALYS<\/strong><\/span><\/p>\n<p>MEDAE est entr\u00e9e en incubation chez PULSALYS en novembre 2015 et le projet MAX a fait l\u2019objet d\u2019un financement de 140 K\u20ac d\u00e9di\u00e9 au d\u00e9veloppement d\u2019une premi\u00e8re solution commercialisable, pour aider la structuration et le lancement de la soci\u00e9t\u00e9. Au-del\u00e0 du d\u00e9veloppement technologique, l\u2019apport de PULSALYS a port\u00e9 sur un soutien global int\u00e9grant la strat\u00e9gie d\u2019acc\u00e8s au march\u00e9, les aspects r\u00e9glementaires, juridiques et financiers, la formalisation du business plan et le renforcement de l\u2019\u00e9quipe. L\u2019objectif a \u00e9t\u00e9 de faire \u00e9clore une startup robuste, dot\u00e9e d\u2019un premier produit novateur lui assurant un avantage concurrentiel r\u00e9el sur le march\u00e9. L\u2019entreprise a officiellement \u00e9t\u00e9 cr\u00e9\u00e9e le 2 novembre 2018.<\/p>\n<p><span style=\"color: #ff6600;\"><strong>De belles perspectives pour accompagner la transformation digitale des professionnels de sant\u00e9<\/strong><\/span><\/p>\n<p>MEDAE a pour objectif de laisser l\u2019humain et son savoir-faire au c\u0153ur de l\u2019action tout en diminuant les erreurs, les accidents et les co\u00fbts associ\u00e9s. Positionn\u00e9e prioritairement sur le secteur de la sant\u00e9, MEDAE a re\u00e7u le <strong>prix 2018 de la Soci\u00e9t\u00e9 Fran\u00e7aise d\u2019Anesth\u00e9sie R\u00e9animation<\/strong> dans la cat\u00e9gorie m\u00e9decine d\u2019urgence. L\u2019entreprise a sign\u00e9 en 2018 un premier contrat avec l\u2019Association Nationale de Formation Hospitali\u00e8re (ANFH) r\u00e9gion Bourgogne. MEDAE se lance sur le march\u00e9 europ\u00e9en des professionnels de sant\u00e9\u00a0et de la gestion de crise, et envisage sa certification comme Dispositif M\u00e9dical. MAX pourra prendre place au c\u0153ur des sp\u00e9cialit\u00e9s m\u00e9dicales \u00e0 risque, et gr\u00e2ce au recueil d\u2019informations dans une base de donn\u00e9es s\u00e9curis\u00e9es, \u00e9voluera en un outil intelligent proposant de l\u2019aide en temps r\u00e9el aux professionnels lors de la prise en charge des patients. Enfin, au travers notamment de partenariats dans les milieux de l\u2019arm\u00e9e et de l\u2019industrie, l\u2019ambition de MEDAE est d\u2019\u00e9largir ses march\u00e9s d\u2019application pour faire de MAX l\u2019outil de r\u00e9f\u00e9rence\u00a0pour accompagner la transformation digitale des professionnels de sant\u00e9 et plus globalement pour soutenir tous les professionnels assumant des t\u00e2ches complexes \u00e0 forts impacts vers de meilleures performances.<\/p>\n<p><em>\u00ab Notre force est de proposer des aides cognitives professionnelles personnalisables, cela nous permet d&#8217;\u00eatre r\u00e9actif pour aider les soignants en temps r\u00e9el dans la prise en charge du Covid-19 aujourd\u2019hui. Dans un avenir proche, ces outils de gestion de crise comme MAX vont s\u2019afficher de plus en plus comme des leviers op\u00e9rationnels pour gagner en r\u00e9activit\u00e9 \u00bb<\/em> conclut Jean-Christophe Cejka.<\/p>\n","protected":false},"excerpt":{"rendered":"<p>L\u2019application intelligente d\u2019assistance cognitive MAX by MEDAE a pour vocation d\u2019appuyer en temps r\u00e9el tous les professionnels de terrain confront\u00e9s \u00e0 des situations complexes, d\u2019urgence ou de crise. L\u2019efficacit\u00e9 des outils MAX by MEDAE a \u00e9t\u00e9 d\u00e9montr\u00e9e en particulier dans les domaines les plus stressants de la sant\u00e9. Dans le cadre de la crise li\u00e9e au Coronavirus, l&#8217;application d\u2019aide cognitive MAX by MEDAE a mis \u00e0 disposition des professionnels de sant\u00e9 des aides cognitives Covid-19 sur smartphone et tablettes imm\u00e9diatement op\u00e9rationnelles. Les proc\u00e9dures m\u00e9tiers MAX Covid-19 se sont d\u00e9ploy\u00e9es dans certains CHU de Bourgogne et du Rh\u00f4ne.<\/p>\n","protected":false},"author":24,"featured_media":19249,"comment_status":"closed","ping_status":"closed","sticky":false,"template":"","format":"standard","meta":{"_acf_changed":false,"footnotes":""},"categories":[567,568,604],"tags":[],"class_list":["post-19342","post","type-post","status-publish","format-standard","has-post-thumbnail","hentry","category-news-en","category-successstories-en","category-startup-en"],"acf":[],"yoast_head":"<!-- This site is optimized with the Yoast SEO plugin v27.4 - https:\/\/yoast.com\/product\/yoast-seo-wordpress\/ -->\n<title>L&#039;application d\u2019aides cognitives MAX by MEDAE, boost\u00e9e par PULSALYS, facilite la gestion de crise en milieu professionnel - R\u00e9seau SATT<\/title>\n<meta name=\"robots\" content=\"index, follow, max-snippet:-1, max-image-preview:large, max-video-preview:-1\" \/>\n<link rel=\"canonical\" href=\"https:\/\/www.satt.fr\/en\/lapplication-daides-cognitives-max-by-medae-boostee-par-pulsalys-facilite-la-gestion-de-crise-en-milieu-professionnel\/\" \/>\n<meta name=\"twitter:label1\" content=\"Written by\" \/>\n\t<meta name=\"twitter:data1\" content=\"Sylvain DUC\" \/>\n\t<meta name=\"twitter:label2\" content=\"Est. reading time\" \/>\n\t<meta name=\"twitter:data2\" content=\"8 minutes\" \/>\n<script type=\"application\/ld+json\" class=\"yoast-schema-graph\">{\"@context\":\"https:\\\/\\\/schema.org\",\"@graph\":[{\"@type\":\"Article\",\"@id\":\"https:\\\/\\\/www.satt.fr\\\/en\\\/lapplication-daides-cognitives-max-by-medae-boostee-par-pulsalys-facilite-la-gestion-de-crise-en-milieu-professionnel\\\/#article\",\"isPartOf\":{\"@id\":\"https:\\\/\\\/www.satt.fr\\\/en\\\/lapplication-daides-cognitives-max-by-medae-boostee-par-pulsalys-facilite-la-gestion-de-crise-en-milieu-professionnel\\\/\"},\"author\":{\"name\":\"Sylvain DUC\",\"@id\":\"https:\\\/\\\/www.satt.fr\\\/en\\\/#\\\/schema\\\/person\\\/d6cfecbabebe684202068d45b736deca\"},\"headline\":\"L&#8217;application d\u2019aides cognitives MAX by MEDAE, boost\u00e9e par PULSALYS, facilite la gestion de crise en milieu professionnel\",\"datePublished\":\"2020-05-18T07:57:16+00:00\",\"mainEntityOfPage\":{\"@id\":\"https:\\\/\\\/www.satt.fr\\\/en\\\/lapplication-daides-cognitives-max-by-medae-boostee-par-pulsalys-facilite-la-gestion-de-crise-en-milieu-professionnel\\\/\"},\"wordCount\":1529,\"image\":{\"@id\":\"https:\\\/\\\/www.satt.fr\\\/en\\\/lapplication-daides-cognitives-max-by-medae-boostee-par-pulsalys-facilite-la-gestion-de-crise-en-milieu-professionnel\\\/#primaryimage\"},\"thumbnailUrl\":\"https:\\\/\\\/www.satt.fr\\\/wp-content\\\/uploads\\\/2020\\\/05\\\/Max-Medae-Reseau-SATT.jpg\",\"articleSection\":[\"News\",\"Success Stories\",\"Start-up\"],\"inLanguage\":\"en-US\"},{\"@type\":\"WebPage\",\"@id\":\"https:\\\/\\\/www.satt.fr\\\/en\\\/lapplication-daides-cognitives-max-by-medae-boostee-par-pulsalys-facilite-la-gestion-de-crise-en-milieu-professionnel\\\/\",\"url\":\"https:\\\/\\\/www.satt.fr\\\/en\\\/lapplication-daides-cognitives-max-by-medae-boostee-par-pulsalys-facilite-la-gestion-de-crise-en-milieu-professionnel\\\/\",\"name\":\"L'application d\u2019aides cognitives MAX by MEDAE, boost\u00e9e par PULSALYS, facilite la gestion de crise en milieu professionnel - R\u00e9seau SATT\",\"isPartOf\":{\"@id\":\"https:\\\/\\\/www.satt.fr\\\/en\\\/#website\"},\"primaryImageOfPage\":{\"@id\":\"https:\\\/\\\/www.satt.fr\\\/en\\\/lapplication-daides-cognitives-max-by-medae-boostee-par-pulsalys-facilite-la-gestion-de-crise-en-milieu-professionnel\\\/#primaryimage\"},\"image\":{\"@id\":\"https:\\\/\\\/www.satt.fr\\\/en\\\/lapplication-daides-cognitives-max-by-medae-boostee-par-pulsalys-facilite-la-gestion-de-crise-en-milieu-professionnel\\\/#primaryimage\"},\"thumbnailUrl\":\"https:\\\/\\\/www.satt.fr\\\/wp-content\\\/uploads\\\/2020\\\/05\\\/Max-Medae-Reseau-SATT.jpg\",\"datePublished\":\"2020-05-18T07:57:16+00:00\",\"author\":{\"@id\":\"https:\\\/\\\/www.satt.fr\\\/en\\\/#\\\/schema\\\/person\\\/d6cfecbabebe684202068d45b736deca\"},\"breadcrumb\":{\"@id\":\"https:\\\/\\\/www.satt.fr\\\/en\\\/lapplication-daides-cognitives-max-by-medae-boostee-par-pulsalys-facilite-la-gestion-de-crise-en-milieu-professionnel\\\/#breadcrumb\"},\"inLanguage\":\"en-US\",\"potentialAction\":[{\"@type\":\"ReadAction\",\"target\":[\"https:\\\/\\\/www.satt.fr\\\/en\\\/lapplication-daides-cognitives-max-by-medae-boostee-par-pulsalys-facilite-la-gestion-de-crise-en-milieu-professionnel\\\/\"]}]},{\"@type\":\"ImageObject\",\"inLanguage\":\"en-US\",\"@id\":\"https:\\\/\\\/www.satt.fr\\\/en\\\/lapplication-daides-cognitives-max-by-medae-boostee-par-pulsalys-facilite-la-gestion-de-crise-en-milieu-professionnel\\\/#primaryimage\",\"url\":\"https:\\\/\\\/www.satt.fr\\\/wp-content\\\/uploads\\\/2020\\\/05\\\/Max-Medae-Reseau-SATT.jpg\",\"contentUrl\":\"https:\\\/\\\/www.satt.fr\\\/wp-content\\\/uploads\\\/2020\\\/05\\\/Max-Medae-Reseau-SATT.jpg\",\"width\":3200,\"height\":1784},{\"@type\":\"BreadcrumbList\",\"@id\":\"https:\\\/\\\/www.satt.fr\\\/en\\\/lapplication-daides-cognitives-max-by-medae-boostee-par-pulsalys-facilite-la-gestion-de-crise-en-milieu-professionnel\\\/#breadcrumb\",\"itemListElement\":[{\"@type\":\"ListItem\",\"position\":1,\"name\":\"Accueil\",\"item\":\"https:\\\/\\\/www.satt.fr\\\/en\\\/\"},{\"@type\":\"ListItem\",\"position\":2,\"name\":\"L&#8217;application d\u2019aides cognitives MAX by MEDAE, boost\u00e9e par PULSALYS, facilite la gestion de crise en milieu professionnel\"}]},{\"@type\":\"WebSite\",\"@id\":\"https:\\\/\\\/www.satt.fr\\\/en\\\/#website\",\"url\":\"https:\\\/\\\/www.satt.fr\\\/en\\\/\",\"name\":\"R\u00e9seau SATT\",\"description\":\"Les Soci\u00e9t\u00e9s d&#039;Acc\u00e9l\u00e9ration du Transfert de Technologies\",\"potentialAction\":[{\"@type\":\"SearchAction\",\"target\":{\"@type\":\"EntryPoint\",\"urlTemplate\":\"https:\\\/\\\/www.satt.fr\\\/en\\\/?s={search_term_string}\"},\"query-input\":{\"@type\":\"PropertyValueSpecification\",\"valueRequired\":true,\"valueName\":\"search_term_string\"}}],\"inLanguage\":\"en-US\"},{\"@type\":\"Person\",\"@id\":\"https:\\\/\\\/www.satt.fr\\\/en\\\/#\\\/schema\\\/person\\\/d6cfecbabebe684202068d45b736deca\",\"name\":\"Sylvain DUC\",\"url\":\"https:\\\/\\\/www.satt.fr\\\/en\\\/author\\\/sylvain\\\/\"}]}<\/script>\n<!-- \/ Yoast SEO plugin. -->","yoast_head_json":{"title":"L'application d\u2019aides cognitives MAX by MEDAE, boost\u00e9e par PULSALYS, facilite la gestion de crise en milieu professionnel - R\u00e9seau SATT","robots":{"index":"index","follow":"follow","max-snippet":"max-snippet:-1","max-image-preview":"max-image-preview:large","max-video-preview":"max-video-preview:-1"},"canonical":"https:\/\/www.satt.fr\/en\/lapplication-daides-cognitives-max-by-medae-boostee-par-pulsalys-facilite-la-gestion-de-crise-en-milieu-professionnel\/","twitter_misc":{"Written by":"Sylvain DUC","Est. reading time":"8 minutes"},"schema":{"@context":"https:\/\/schema.org","@graph":[{"@type":"Article","@id":"https:\/\/www.satt.fr\/en\/lapplication-daides-cognitives-max-by-medae-boostee-par-pulsalys-facilite-la-gestion-de-crise-en-milieu-professionnel\/#article","isPartOf":{"@id":"https:\/\/www.satt.fr\/en\/lapplication-daides-cognitives-max-by-medae-boostee-par-pulsalys-facilite-la-gestion-de-crise-en-milieu-professionnel\/"},"author":{"name":"Sylvain DUC","@id":"https:\/\/www.satt.fr\/en\/#\/schema\/person\/d6cfecbabebe684202068d45b736deca"},"headline":"L&#8217;application d\u2019aides cognitives MAX by MEDAE, boost\u00e9e par PULSALYS, facilite la gestion de crise en milieu professionnel","datePublished":"2020-05-18T07:57:16+00:00","mainEntityOfPage":{"@id":"https:\/\/www.satt.fr\/en\/lapplication-daides-cognitives-max-by-medae-boostee-par-pulsalys-facilite-la-gestion-de-crise-en-milieu-professionnel\/"},"wordCount":1529,"image":{"@id":"https:\/\/www.satt.fr\/en\/lapplication-daides-cognitives-max-by-medae-boostee-par-pulsalys-facilite-la-gestion-de-crise-en-milieu-professionnel\/#primaryimage"},"thumbnailUrl":"https:\/\/www.satt.fr\/wp-content\/uploads\/2020\/05\/Max-Medae-Reseau-SATT.jpg","articleSection":["News","Success Stories","Start-up"],"inLanguage":"en-US"},{"@type":"WebPage","@id":"https:\/\/www.satt.fr\/en\/lapplication-daides-cognitives-max-by-medae-boostee-par-pulsalys-facilite-la-gestion-de-crise-en-milieu-professionnel\/","url":"https:\/\/www.satt.fr\/en\/lapplication-daides-cognitives-max-by-medae-boostee-par-pulsalys-facilite-la-gestion-de-crise-en-milieu-professionnel\/","name":"L'application d\u2019aides cognitives MAX by MEDAE, boost\u00e9e par PULSALYS, facilite la gestion de crise en milieu professionnel - R\u00e9seau SATT","isPartOf":{"@id":"https:\/\/www.satt.fr\/en\/#website"},"primaryImageOfPage":{"@id":"https:\/\/www.satt.fr\/en\/lapplication-daides-cognitives-max-by-medae-boostee-par-pulsalys-facilite-la-gestion-de-crise-en-milieu-professionnel\/#primaryimage"},"image":{"@id":"https:\/\/www.satt.fr\/en\/lapplication-daides-cognitives-max-by-medae-boostee-par-pulsalys-facilite-la-gestion-de-crise-en-milieu-professionnel\/#primaryimage"},"thumbnailUrl":"https:\/\/www.satt.fr\/wp-content\/uploads\/2020\/05\/Max-Medae-Reseau-SATT.jpg","datePublished":"2020-05-18T07:57:16+00:00","author":{"@id":"https:\/\/www.satt.fr\/en\/#\/schema\/person\/d6cfecbabebe684202068d45b736deca"},"breadcrumb":{"@id":"https:\/\/www.satt.fr\/en\/lapplication-daides-cognitives-max-by-medae-boostee-par-pulsalys-facilite-la-gestion-de-crise-en-milieu-professionnel\/#breadcrumb"},"inLanguage":"en-US","potentialAction":[{"@type":"ReadAction","target":["https:\/\/www.satt.fr\/en\/lapplication-daides-cognitives-max-by-medae-boostee-par-pulsalys-facilite-la-gestion-de-crise-en-milieu-professionnel\/"]}]},{"@type":"ImageObject","inLanguage":"en-US","@id":"https:\/\/www.satt.fr\/en\/lapplication-daides-cognitives-max-by-medae-boostee-par-pulsalys-facilite-la-gestion-de-crise-en-milieu-professionnel\/#primaryimage","url":"https:\/\/www.satt.fr\/wp-content\/uploads\/2020\/05\/Max-Medae-Reseau-SATT.jpg","contentUrl":"https:\/\/www.satt.fr\/wp-content\/uploads\/2020\/05\/Max-Medae-Reseau-SATT.jpg","width":3200,"height":1784},{"@type":"BreadcrumbList","@id":"https:\/\/www.satt.fr\/en\/lapplication-daides-cognitives-max-by-medae-boostee-par-pulsalys-facilite-la-gestion-de-crise-en-milieu-professionnel\/#breadcrumb","itemListElement":[{"@type":"ListItem","position":1,"name":"Accueil","item":"https:\/\/www.satt.fr\/en\/"},{"@type":"ListItem","position":2,"name":"L&#8217;application d\u2019aides cognitives MAX by MEDAE, boost\u00e9e par PULSALYS, facilite la gestion de crise en milieu professionnel"}]},{"@type":"WebSite","@id":"https:\/\/www.satt.fr\/en\/#website","url":"https:\/\/www.satt.fr\/en\/","name":"R\u00e9seau SATT","description":"Les Soci\u00e9t\u00e9s d&#039;Acc\u00e9l\u00e9ration du Transfert de Technologies","potentialAction":[{"@type":"SearchAction","target":{"@type":"EntryPoint","urlTemplate":"https:\/\/www.satt.fr\/en\/?s={search_term_string}"},"query-input":{"@type":"PropertyValueSpecification","valueRequired":true,"valueName":"search_term_string"}}],"inLanguage":"en-US"},{"@type":"Person","@id":"https:\/\/www.satt.fr\/en\/#\/schema\/person\/d6cfecbabebe684202068d45b736deca","name":"Sylvain DUC","url":"https:\/\/www.satt.fr\/en\/author\/sylvain\/"}]}},"_links":{"self":[{"href":"https:\/\/www.satt.fr\/en\/wp-json\/wp\/v2\/posts\/19342","targetHints":{"allow":["GET"]}}],"collection":[{"href":"https:\/\/www.satt.fr\/en\/wp-json\/wp\/v2\/posts"}],"about":[{"href":"https:\/\/www.satt.fr\/en\/wp-json\/wp\/v2\/types\/post"}],"author":[{"embeddable":true,"href":"https:\/\/www.satt.fr\/en\/wp-json\/wp\/v2\/users\/24"}],"replies":[{"embeddable":true,"href":"https:\/\/www.satt.fr\/en\/wp-json\/wp\/v2\/comments?post=19342"}],"version-history":[{"count":0,"href":"https:\/\/www.satt.fr\/en\/wp-json\/wp\/v2\/posts\/19342\/revisions"}],"wp:featuredmedia":[{"embeddable":true,"href":"https:\/\/www.satt.fr\/en\/wp-json\/wp\/v2\/media\/19249"}],"wp:attachment":[{"href":"https:\/\/www.satt.fr\/en\/wp-json\/wp\/v2\/media?parent=19342"}],"wp:term":[{"taxonomy":"category","embeddable":true,"href":"https:\/\/www.satt.fr\/en\/wp-json\/wp\/v2\/categories?post=19342"},{"taxonomy":"post_tag","embeddable":true,"href":"https:\/\/www.satt.fr\/en\/wp-json\/wp\/v2\/tags?post=19342"}],"curies":[{"name":"wp","href":"https:\/\/api.w.org\/{rel}","templated":true}]}}