{"id":19595,"date":"2020-06-05T10:30:52","date_gmt":"2020-06-05T08:30:52","guid":{"rendered":"https:\/\/www.satt.fr\/covid-initiatives\/"},"modified":"2020-06-17T15:24:31","modified_gmt":"2020-06-17T13:24:31","slug":"covid-initiatives","status":"publish","type":"post","link":"https:\/\/www.satt.fr\/en\/covid-initiatives\/","title":{"rendered":"COVID-19 : Retrouvez les initiatives des startups et projets soutenus par les membres du R\u00e9seau SATT"},"content":{"rendered":"<div id=\"pl-19595\"  class=\"panel-layout\" ><div id=\"pg-19595-0\"  class=\"panel-grid panel-no-style\" ><div id=\"pgc-19595-0-0\"  class=\"panel-grid-cell\" ><div id=\"panel-19595-0-0-0\" class=\"so-panel widget widget_text panel-first-child panel-last-child\" data-index=\"0\" >\t\t\t<div class=\"textwidget\"><p><strong>Diagnostic, analyse, traitement, vie en confinement&#8230; Un grand nombre de startups et projets soutenus par les membres du R\u00e9seau SATT sont mobilis\u00e9s contre le COVID-19, dans l&#8217;optique d&#8217;apporter des solutions concr\u00e8tes et rapides pour sortir de la crise.\u00a0Nous les remercions pour leur l\u2019engagement et vous proposons ci-dessous une liste non exhaustive des d&#8217;initiatives qui proviennent de tout le territoire.<\/strong><\/p>\n<\/div>\n\t\t<\/div><\/div><\/div><div id=\"pg-19595-1\"  class=\"panel-grid panel-no-style\" ><div id=\"pgc-19595-1-0\"  class=\"panel-grid-cell\" ><div id=\"panel-19595-1-0-0\" class=\"so-panel widget widget_text panel-first-child panel-last-child\" data-index=\"1\" >\t\t\t<div class=\"textwidget\"><p><strong>Aidodys<\/strong> <em>(PULSALYS)\u00a0<a href=\"https:\/\/www.aidodys.com\/\">www.aidodys.com<\/a><\/em><\/p>\n<p>Aidodys s\u2019engage en offrant \u00e0 tous les utilisateurs sa plateforme d\u2019aide \u00e0 la lecture. Ils proposent des abonnements gratuits pendant toute la p\u00e9riode de confinement afin d&#8217;aider les \u00e9l\u00e8ves \u00e0 besoins \u00e9ducatifs particuliers, les enseignants et les professionnels de sant\u00e9.<\/p>\n<\/div>\n\t\t<\/div><\/div><div id=\"pgc-19595-1-1\"  class=\"panel-grid-cell\" ><div id=\"panel-19595-1-1-0\" class=\"so-panel widget widget_media_image panel-first-child panel-last-child\" data-index=\"2\" ><img loading=\"lazy\" decoding=\"async\" width=\"150\" height=\"43\" src=\"https:\/\/www.satt.fr\/wp-content\/uploads\/2020\/06\/Logo-Aidodys-2019-quadri-150x43.jpg\" class=\"image wp-image-19474  attachment-thumbnail size-thumbnail\" alt=\"\" style=\"max-width: 100%; height: auto;\" srcset=\"https:\/\/www.satt.fr\/wp-content\/uploads\/2020\/06\/Logo-Aidodys-2019-quadri-150x43.jpg 150w, https:\/\/www.satt.fr\/wp-content\/uploads\/2020\/06\/Logo-Aidodys-2019-quadri-300x86.jpg 300w, https:\/\/www.satt.fr\/wp-content\/uploads\/2020\/06\/Logo-Aidodys-2019-quadri-768x221.jpg 768w, https:\/\/www.satt.fr\/wp-content\/uploads\/2020\/06\/Logo-Aidodys-2019-quadri-1024x295.jpg 1024w, https:\/\/www.satt.fr\/wp-content\/uploads\/2020\/06\/Logo-Aidodys-2019-quadri-500x144.jpg 500w, https:\/\/www.satt.fr\/wp-content\/uploads\/2020\/06\/Logo-Aidodys-2019-quadri-1140x331.jpg 1140w, https:\/\/www.satt.fr\/wp-content\/uploads\/2020\/06\/Logo-Aidodys-2019-quadri-600x173.jpg 600w, https:\/\/www.satt.fr\/wp-content\/uploads\/2020\/06\/Logo-Aidodys-2019-quadri-200x58.jpg 200w, https:\/\/www.satt.fr\/wp-content\/uploads\/2020\/06\/Logo-Aidodys-2019-quadri.jpg 1150w\" sizes=\"auto, (max-width: 150px) 100vw, 150px\" \/><\/div><\/div><\/div><div id=\"pg-19595-2\"  class=\"panel-grid panel-no-style\" ><div id=\"pgc-19595-2-0\"  class=\"panel-grid-cell\" ><div id=\"panel-19595-2-0-0\" class=\"so-panel widget widget_text panel-first-child panel-last-child\" data-index=\"3\" >\t\t\t<div class=\"textwidget\"><p><strong>Aiova<\/strong> <em>(Linksium)\u00a0<a href=\"https:\/\/www.linksium.fr\/projet\/vaccyvet\/\">www.linksium.fr\/projet\/vaccyvet\/<\/a><\/em><\/p>\n<p>Sp\u00e9cialis\u00e9e sur la cr\u00e9ation d&#8217;une nouvelle g\u00e9n\u00e9ration de vaccins pour lutter contre des maladies infectieuses \u00e9mergentes non ou insuffisamment trait\u00e9es (sida, grippes), matur\u00e9e, incub\u00e9e et cofond\u00e9e par Linksium en octobre 2019, AIOVA est une startup qui d\u2019une part se mobilise contre le COVID-19 et, d\u2019autre part, vient de publier des nouveaux r\u00e9sultats suite \u00e0 une \u00e9tude pr\u00e9clinique. L&#8217;approche immunitaire n&#8217;est pas fond\u00e9e que sur les anticorps mais \u00e9galement sur l&#8217;activation des lymphocytes T.<\/p>\n<\/div>\n\t\t<\/div><\/div><div id=\"pgc-19595-2-1\"  class=\"panel-grid-cell\" ><div id=\"panel-19595-2-1-0\" class=\"so-panel widget widget_media_image panel-first-child panel-last-child\" data-index=\"4\" ><img loading=\"lazy\" decoding=\"async\" width=\"150\" height=\"57\" src=\"https:\/\/www.satt.fr\/wp-content\/uploads\/2020\/06\/Aiova-Print-1-150x57.jpg\" class=\"image wp-image-19484  attachment-thumbnail size-thumbnail\" alt=\"\" style=\"max-width: 100%; height: auto;\" srcset=\"https:\/\/www.satt.fr\/wp-content\/uploads\/2020\/06\/Aiova-Print-1-150x57.jpg 150w, https:\/\/www.satt.fr\/wp-content\/uploads\/2020\/06\/Aiova-Print-1-300x114.jpg 300w, https:\/\/www.satt.fr\/wp-content\/uploads\/2020\/06\/Aiova-Print-1-500x190.jpg 500w, https:\/\/www.satt.fr\/wp-content\/uploads\/2020\/06\/Aiova-Print-1-600x228.jpg 600w, https:\/\/www.satt.fr\/wp-content\/uploads\/2020\/06\/Aiova-Print-1-200x76.jpg 200w, https:\/\/www.satt.fr\/wp-content\/uploads\/2020\/06\/Aiova-Print-1.jpg 710w\" sizes=\"auto, (max-width: 150px) 100vw, 150px\" \/><\/div><\/div><\/div><div id=\"pg-19595-3\"  class=\"panel-grid panel-no-style\" ><div id=\"pgc-19595-3-0\"  class=\"panel-grid-cell\" ><div id=\"panel-19595-3-0-0\" class=\"so-panel widget widget_text panel-first-child panel-last-child\" data-index=\"5\" >\t\t\t<div class=\"textwidget\"><p><strong>APTEEUS<\/strong> <em>(SATT Nord)\u00a0<a href=\"https:\/\/apteeus.fr\/\">apteeus.fr<\/a><\/em><\/p>\n<p>Dans le cadre de la lutte contre le COVID-19 et de la mise en place de la TASK FORCE avec des \u00e9quipes de l&#8217;Institut Pasteur de Lille, la soci\u00e9t\u00e9 APTEEUS a mis \u00e0 disposition sa chimioth\u00e8que de 1800 mol\u00e9cules.<\/p>\n<\/div>\n\t\t<\/div><\/div><div id=\"pgc-19595-3-1\"  class=\"panel-grid-cell\" ><div id=\"panel-19595-3-1-0\" class=\"so-panel widget widget_media_image panel-first-child panel-last-child\" data-index=\"6\" ><img loading=\"lazy\" decoding=\"async\" width=\"150\" height=\"29\" src=\"https:\/\/www.satt.fr\/wp-content\/uploads\/2020\/06\/apteeus-150x29.jpg\" class=\"image wp-image-19588  attachment-thumbnail size-thumbnail\" alt=\"\" style=\"max-width: 100%; height: auto;\" srcset=\"https:\/\/www.satt.fr\/wp-content\/uploads\/2020\/06\/apteeus-150x29.jpg 150w, https:\/\/www.satt.fr\/wp-content\/uploads\/2020\/06\/apteeus-300x57.jpg 300w, https:\/\/www.satt.fr\/wp-content\/uploads\/2020\/06\/apteeus-500x95.jpg 500w, https:\/\/www.satt.fr\/wp-content\/uploads\/2020\/06\/apteeus-200x38.jpg 200w, https:\/\/www.satt.fr\/wp-content\/uploads\/2020\/06\/apteeus.jpg 552w\" sizes=\"auto, (max-width: 150px) 100vw, 150px\" \/><\/div><\/div><\/div><div id=\"pg-19595-4\"  class=\"panel-grid panel-no-style\" ><div id=\"pgc-19595-4-0\"  class=\"panel-grid-cell\" ><div id=\"panel-19595-4-0-0\" class=\"so-panel widget widget_text panel-first-child panel-last-child\" data-index=\"7\" >\t\t\t<div class=\"textwidget\"><p><strong>BIOPHYTIS<\/strong> <em>(SATT Lutech)\u00a0<a href=\"https:\/\/www.biophytis.com\/\">www.biophytis.com<\/a><\/em><\/p>\n<p>Biophytis d\u00e9veloppe des candidats m\u00e9dicaments permettant de ralentir les processus d\u00e9g\u00e9n\u00e9ratifs et d\u2019am\u00e9liorer les capacit\u00e9s fonctionnelles chez les patients atteints de maladies li\u00e9es \u00e0 l\u2019\u00e2ge. L\u2019un de ses candidats m\u00e9dicaments, Sarconeos (BIO101) actuellement en d\u00e9veloppement clinique de phase 2b pour le traitement des fonctions musculaires de malades atteints de Sarcop\u00e9nie, une maladie neuromusculaire, fait aujourd\u2019hui l\u2019objet d\u2019un nouvel essai clinique pour tester sa potentielle efficacit\u00e9 sur le Syndrome de D\u00e9tresse Respiratoire Aig\u00fce (SDRA) associ\u00e9e au COVID-19. L\u2019objectif serait de traiter l\u2019insuffisance respiratoire aig\u00fce des malades hospitalis\u00e9s et de limiter le recours aux respirateurs.\u00a0 Install\u00e9e sur le campus de l\u2019Universit\u00e9 Pierre et Marie Curie &#8211; Institut de Biologie Paris Seine (IBPS), BIOPHYTIS s\u2019appuie sur des collaborations de recherche de premier plan dont la SATT Lutech a n\u00e9goci\u00e9 les droits d\u2019exploitation pour Sorbonne Universit\u00e9.<\/p>\n<\/div>\n\t\t<\/div><\/div><div id=\"pgc-19595-4-1\"  class=\"panel-grid-cell\" ><div id=\"panel-19595-4-1-0\" class=\"so-panel widget widget_media_image panel-first-child panel-last-child\" data-index=\"8\" ><img loading=\"lazy\" decoding=\"async\" width=\"150\" height=\"64\" src=\"https:\/\/www.satt.fr\/wp-content\/uploads\/2020\/06\/logo-canva-281135500626-150x64.png\" class=\"image wp-image-19488  attachment-thumbnail size-thumbnail\" alt=\"\" style=\"max-width: 100%; height: auto;\" srcset=\"https:\/\/www.satt.fr\/wp-content\/uploads\/2020\/06\/logo-canva-281135500626-150x64.png 150w, https:\/\/www.satt.fr\/wp-content\/uploads\/2020\/06\/logo-canva-281135500626-300x127.png 300w, https:\/\/www.satt.fr\/wp-content\/uploads\/2020\/06\/logo-canva-281135500626-500x212.png 500w, https:\/\/www.satt.fr\/wp-content\/uploads\/2020\/06\/logo-canva-281135500626-600x255.png 600w, https:\/\/www.satt.fr\/wp-content\/uploads\/2020\/06\/logo-canva-281135500626-200x85.png 200w, https:\/\/www.satt.fr\/wp-content\/uploads\/2020\/06\/logo-canva-281135500626.png 716w\" sizes=\"auto, (max-width: 150px) 100vw, 150px\" \/><\/div><\/div><\/div><div id=\"pg-19595-5\"  class=\"panel-grid panel-no-style\" ><div id=\"pgc-19595-5-0\"  class=\"panel-grid-cell\" ><div id=\"panel-19595-5-0-0\" class=\"so-panel widget widget_text panel-first-child panel-last-child\" data-index=\"9\" >\t\t\t<div class=\"textwidget\"><p><strong>C4Diagnostics<\/strong> <em>(SATT Sud-Est)\u00a0<a href=\"https:\/\/www.c4diagnostics.com\/\">www.c4diagnostics.com<\/a><\/em><\/p>\n<p>Bas\u00e9e \u00e0 Marseille, le c\u0153ur de m\u00e9tier de C4Diagnotics, soci\u00e9t\u00e9 fran\u00e7aise de biotechnologie, est de concevoir, d\u00e9velopper et commercialiser des tests de diagnostic in vitro innovants dans le domaine des maladies infectieuses. Face au Covid-19, C4Diagnostics a lanc\u00e9 C4Services, une activit\u00e9 de produits et services pour diagnostiquer le virus chez l\u2019homme et dans l\u2019environnement. Nous proposons un kit diagnostic point-of-care, fruit d\u2019une collaboration avec l\u2019Institut Pasteur, Bertin Technologies et Enalees, pour le d\u00e9pistage chez l\u2019homme. Pour le d\u00e9pistage du virus dans l\u2019environnement, nous avons d\u00e9velopp\u00e9 un service complet, du pr\u00e9l\u00e8vement de surface jusqu\u2019au rendu des r\u00e9sultats d\u2019analyse PCR. Dans le contexte de de\u0301confinement actuel, nous r\u00e9pondons aux sollicitations re\u00e7ues de la part d\u2019entreprises prive\u0301es et d\u2019institutions publiques soucieuses de de\u0301contaminer correctement leurs locaux et e\u0301quipements pour r\u00e9-accueillir dans de bonnes conditions leurs salarie\u0301s et leurs usagers.<\/p>\n<\/div>\n\t\t<\/div><\/div><div id=\"pgc-19595-5-1\"  class=\"panel-grid-cell\" ><div id=\"panel-19595-5-1-0\" class=\"so-panel widget widget_media_image panel-first-child panel-last-child\" data-index=\"10\" ><img loading=\"lazy\" decoding=\"async\" width=\"110\" height=\"105\" src=\"https:\/\/www.satt.fr\/wp-content\/uploads\/2020\/06\/c4diagnostics-800px-logo-150x143.png\" class=\"image wp-image-19492  attachment-110x105 size-110x105\" alt=\"\" style=\"max-width: 100%; height: auto;\" srcset=\"https:\/\/www.satt.fr\/wp-content\/uploads\/2020\/06\/c4diagnostics-800px-logo-150x143.png 150w, https:\/\/www.satt.fr\/wp-content\/uploads\/2020\/06\/c4diagnostics-800px-logo-300x287.png 300w, https:\/\/www.satt.fr\/wp-content\/uploads\/2020\/06\/c4diagnostics-800px-logo-768x734.png 768w, https:\/\/www.satt.fr\/wp-content\/uploads\/2020\/06\/c4diagnostics-800px-logo-500x478.png 500w, https:\/\/www.satt.fr\/wp-content\/uploads\/2020\/06\/c4diagnostics-800px-logo-600x574.png 600w, https:\/\/www.satt.fr\/wp-content\/uploads\/2020\/06\/c4diagnostics-800px-logo-105x100.png 105w, https:\/\/www.satt.fr\/wp-content\/uploads\/2020\/06\/c4diagnostics-800px-logo.png 800w\" sizes=\"auto, (max-width: 110px) 100vw, 110px\" \/><\/div><\/div><\/div><div id=\"pg-19595-6\"  class=\"panel-grid panel-no-style\" ><div id=\"pgc-19595-6-0\"  class=\"panel-grid-cell\" ><div id=\"panel-19595-6-0-0\" class=\"so-panel widget widget_text panel-first-child panel-last-child\" data-index=\"11\" >\t\t\t<div class=\"textwidget\"><p><strong>Cell &amp; soft<\/strong> <em>(Linksium)\u00a0<a href=\"https:\/\/www.linksium.fr\/projet\/cellandsoft\/\">www.linksium.fr\/projet\/cellandsoft\/<\/a><\/em><\/p>\n<p>Matur\u00e9e, incub\u00e9e et co-fond\u00e9e en Octobre 2018 par Linksium, la startup Cell &amp; Soft produit et met gratuitement \u00e0 la disposition de la communaut\u00e9 scientifique ses matrices innovantes, \u00ab ses matelas souples \u00bb. Ces derni\u00e8res miment l\u2019environnement m\u00e9canique des poumons de mani\u00e8re extr\u00eamement pertinente et peuvent apporter un grand plus en virologie. Production de Mecachips 5kPa en p6 et P96 termin\u00e9es. Un article r\u00e9cent dans Biotech Finance.<\/p>\n<\/div>\n\t\t<\/div><\/div><div id=\"pgc-19595-6-1\"  class=\"panel-grid-cell\" ><div id=\"panel-19595-6-1-0\" class=\"so-panel widget widget_media_image panel-first-child panel-last-child\" data-index=\"12\" ><img loading=\"lazy\" decoding=\"async\" width=\"150\" height=\"49\" src=\"https:\/\/www.satt.fr\/wp-content\/uploads\/2020\/06\/telechargement-150x49.png\" class=\"image wp-image-19498  attachment-thumbnail size-thumbnail\" alt=\"\" style=\"max-width: 100%; height: auto;\" srcset=\"https:\/\/www.satt.fr\/wp-content\/uploads\/2020\/06\/telechargement-150x49.png 150w, https:\/\/www.satt.fr\/wp-content\/uploads\/2020\/06\/telechargement-300x99.png 300w, https:\/\/www.satt.fr\/wp-content\/uploads\/2020\/06\/telechargement-200x66.png 200w, https:\/\/www.satt.fr\/wp-content\/uploads\/2020\/06\/telechargement.png 391w\" sizes=\"auto, (max-width: 150px) 100vw, 150px\" \/><\/div><\/div><\/div><div id=\"pg-19595-7\"  class=\"panel-grid panel-no-style\" ><div id=\"pgc-19595-7-0\"  class=\"panel-grid-cell\" ><div id=\"panel-19595-7-0-0\" class=\"so-panel widget widget_text panel-first-child panel-last-child\" data-index=\"13\" >\t\t\t<div class=\"textwidget\"><p><strong>Easy Life Science<\/strong> <em>(Erganeo)\u00a0<a href=\"http:\/\/www.elice.fr\/\">www.elice.fr<\/a><\/em><\/p>\n<p>Easy Life Science cr\u00e9\u00e9e en 2009, est une filiale de Quattrocento, company builder parisien, sp\u00e9cialiste des \u00e9quipements pour les sciences du vivant. La soci\u00e9t\u00e9 est issue des travaux de recherche du laboratoire d\u2019Electrochimie Mol\u00e9culaire de l\u2019Universit\u00e9 de Paris, elle est par ailleurs soutenue par la SATT Erganeo. Easy Life Science a mis au point le test dans ses locaux et l\u2019a valid\u00e9 avec le laboratoire de microbiologie de Garches dans le cadre du RHU RECORDS. Le test est dans l\u2019attente d\u2019une validation de ses performances pour le CNR de Pasteur. Les 5 prototypes sont mis \u00e0 disposition des autorit\u00e9s publiques int\u00e9ress\u00e9es pour une campagne de tests (jusqu\u2019au mois de Juin en fonction de la demande).<\/p>\n<\/div>\n\t\t<\/div><\/div><div id=\"pgc-19595-7-1\"  class=\"panel-grid-cell\" ><div id=\"panel-19595-7-1-0\" class=\"so-panel widget widget_media_image panel-first-child panel-last-child\" data-index=\"14\" ><img loading=\"lazy\" decoding=\"async\" width=\"120\" height=\"70\" src=\"https:\/\/www.satt.fr\/wp-content\/uploads\/2020\/06\/clq-150x87.png\" class=\"image wp-image-19504  attachment-120x70 size-120x70\" alt=\"\" style=\"max-width: 100%; height: auto;\" srcset=\"https:\/\/www.satt.fr\/wp-content\/uploads\/2020\/06\/clq-150x87.png 150w, https:\/\/www.satt.fr\/wp-content\/uploads\/2020\/06\/clq-172x100.png 172w, https:\/\/www.satt.fr\/wp-content\/uploads\/2020\/06\/clq.png 285w\" sizes=\"auto, (max-width: 120px) 100vw, 120px\" \/><\/div><\/div><\/div><div id=\"pg-19595-8\"  class=\"panel-grid panel-no-style\" ><div id=\"pgc-19595-8-0\"  class=\"panel-grid-cell\" ><div id=\"panel-19595-8-0-0\" class=\"so-panel widget widget_text panel-first-child panel-last-child\" data-index=\"15\" >\t\t\t<div class=\"textwidget\"><p><strong>EverCleanHand<\/strong> <em>(Linksium)\u00a0<a href=\"http:\/\/www.evercleanhand.com\/\">www.evercleanhand.com<\/a><\/em><\/p>\n<p>Incub\u00e9e et cofond\u00e9e en D\u00e9cembre 2016 par Linksium, la start-up grenobloise EverCleanHand combat la transmission du Covid en installant des bornes de d\u00e9sinfection des mains sans contact notamment \u00e0 la station SNCF de la Part-Dieu \u00e0 Lyon.<\/p>\n<\/div>\n\t\t<\/div><\/div><div id=\"pgc-19595-8-1\"  class=\"panel-grid-cell\" ><div id=\"panel-19595-8-1-0\" class=\"so-panel widget widget_media_image panel-first-child panel-last-child\" data-index=\"16\" ><img loading=\"lazy\" decoding=\"async\" width=\"150\" height=\"36\" src=\"https:\/\/www.satt.fr\/wp-content\/uploads\/2020\/06\/Logo-EverCleanHand-150x36.jpg\" class=\"image wp-image-19506  attachment-thumbnail size-thumbnail\" alt=\"\" style=\"max-width: 100%; height: auto;\" srcset=\"https:\/\/www.satt.fr\/wp-content\/uploads\/2020\/06\/Logo-EverCleanHand-150x36.jpg 150w, https:\/\/www.satt.fr\/wp-content\/uploads\/2020\/06\/Logo-EverCleanHand-300x73.jpg 300w, https:\/\/www.satt.fr\/wp-content\/uploads\/2020\/06\/Logo-EverCleanHand-768x186.jpg 768w, https:\/\/www.satt.fr\/wp-content\/uploads\/2020\/06\/Logo-EverCleanHand-1024x248.jpg 1024w, https:\/\/www.satt.fr\/wp-content\/uploads\/2020\/06\/Logo-EverCleanHand-500x121.jpg 500w, https:\/\/www.satt.fr\/wp-content\/uploads\/2020\/06\/Logo-EverCleanHand-600x145.jpg 600w, https:\/\/www.satt.fr\/wp-content\/uploads\/2020\/06\/Logo-EverCleanHand-200x48.jpg 200w\" sizes=\"auto, (max-width: 150px) 100vw, 150px\" \/><\/div><\/div><\/div><div id=\"pg-19595-9\"  class=\"panel-grid panel-no-style\" ><div id=\"pgc-19595-9-0\"  class=\"panel-grid-cell\" ><div id=\"panel-19595-9-0-0\" class=\"so-panel widget widget_text panel-first-child panel-last-child\" data-index=\"17\" >\t\t\t<div class=\"textwidget\"><p><strong>E-ZYVEC<\/strong> <em>(SATT Nord)\u00a0<a href=\"https:\/\/www.e-zyvec.com\/\">www.e-zyvec.com<\/a><\/em><\/p>\n<p>Prestations pour des groupes pharmaceutiques dans le cadre du Covid-19. Le service de clonage ultra-performant et rapide de e-Zyvec est \u00e0 disposition de tous ceux qui pourraient en avoir besoin pour produire des antig\u00e8nes, des anticorps, des enzymes voire des vecteurs \u00e0 pseudo-virus. En r\u00e9ponse \u00e0 l\u2019urgence exceptionnelle, l\u2019\u00e9quipe se mobilise et r\u00e9alise, en trois fois moins de temps qu\u2019habituellement, plusieurs s\u00e9ries de vecteurs \u00e0 destination de clients mettant au point des test s\u00e9rologiques.<\/p>\n<\/div>\n\t\t<\/div><\/div><div id=\"pgc-19595-9-1\"  class=\"panel-grid-cell\" ><div id=\"panel-19595-9-1-0\" class=\"so-panel widget widget_media_image panel-first-child panel-last-child\" data-index=\"18\" ><img loading=\"lazy\" decoding=\"async\" width=\"150\" height=\"44\" src=\"https:\/\/www.satt.fr\/wp-content\/uploads\/2020\/06\/Gcx-lBc5_400x400-150x44.jpg\" class=\"image wp-image-19592  attachment-thumbnail size-thumbnail\" alt=\"\" style=\"max-width: 100%; height: auto;\" srcset=\"https:\/\/www.satt.fr\/wp-content\/uploads\/2020\/06\/Gcx-lBc5_400x400-150x44.jpg 150w, https:\/\/www.satt.fr\/wp-content\/uploads\/2020\/06\/Gcx-lBc5_400x400-300x89.jpg 300w, https:\/\/www.satt.fr\/wp-content\/uploads\/2020\/06\/Gcx-lBc5_400x400-200x59.jpg 200w, https:\/\/www.satt.fr\/wp-content\/uploads\/2020\/06\/Gcx-lBc5_400x400.jpg 352w\" sizes=\"auto, (max-width: 150px) 100vw, 150px\" \/><\/div><\/div><\/div><div id=\"pg-19595-10\"  class=\"panel-grid panel-no-style\" ><div id=\"pgc-19595-10-0\"  class=\"panel-grid-cell\" ><div id=\"panel-19595-10-0-0\" class=\"so-panel widget widget_text panel-first-child panel-last-child\" data-index=\"19\" >\t\t\t<div class=\"textwidget\"><p><strong>Gliss\u00a0<\/strong><em>(SATT Paris-Saclay)\u00a0<a href=\"https:\/\/satt-paris-saclay.fr\/vitrine-technologique\/gliss\/\">satt-paris-saclay.fr\/vitrine-technologique\/gliss\/<\/a><\/em><\/p>\n<p>Le projet GLISS a \u00e9t\u00e9 d\u00e9velopp\u00e9 avec l\u2019ENS Paris-Saclay et le CNRS, avec l&#8217;objectif de d\u00e9velopper un traitement de surface des biopuces permettant de les rendre plus s\u00e9lectives (\u00e9limination des interactions non sp\u00e9cifiques) et plus sensibles (optimisation des interactions sp\u00e9cifiques) en milieux complexes. La SATT Paris-Saclay a r\u00e9alis\u00e9 un investissement de 555 k\u20ac sur cette technologie, et une start-up est en cours de cr\u00e9ation afin de valoriser et d\u00e9mocratiser cette innovation de rupture sur le march\u00e9 des biocapteurs. GLISS propose d&#8217;appliquer sa technologie pour des tests de diagnostics du virus et des tests s\u00e9rologiques rapides et sensibles.<\/p>\n<\/div>\n\t\t<\/div><\/div><div id=\"pgc-19595-10-1\"  class=\"panel-grid-cell\" ><div id=\"panel-19595-10-1-0\" class=\"so-panel widget widget_media_image panel-first-child panel-last-child\" data-index=\"20\" ><img loading=\"lazy\" decoding=\"async\" width=\"150\" height=\"44\" src=\"https:\/\/www.satt.fr\/wp-content\/uploads\/2020\/06\/Gliss-150x44.png\" class=\"image wp-image-19510  attachment-thumbnail size-thumbnail\" alt=\"\" style=\"max-width: 100%; height: auto;\" srcset=\"https:\/\/www.satt.fr\/wp-content\/uploads\/2020\/06\/Gliss-150x44.png 150w, https:\/\/www.satt.fr\/wp-content\/uploads\/2020\/06\/Gliss-300x87.png 300w, https:\/\/www.satt.fr\/wp-content\/uploads\/2020\/06\/Gliss-200x58.png 200w, https:\/\/www.satt.fr\/wp-content\/uploads\/2020\/06\/Gliss-465x140.png 465w, https:\/\/www.satt.fr\/wp-content\/uploads\/2020\/06\/Gliss.png 481w\" sizes=\"auto, (max-width: 150px) 100vw, 150px\" \/><\/div><\/div><\/div><div id=\"pg-19595-11\"  class=\"panel-grid panel-no-style\" ><div id=\"pgc-19595-11-0\"  class=\"panel-grid-cell\" ><div id=\"panel-19595-11-0-0\" class=\"so-panel widget widget_text panel-first-child panel-last-child\" data-index=\"21\" >\t\t\t<div class=\"textwidget\"><p><strong>Global Stim <\/strong><em>(SATT Sud-Est)\u00a0<a href=\"https:\/\/exostim.com\/\">exostim.com<\/a><\/em><\/p>\n<p>Au croisement des derniers progr\u00e8s scientifiques en neurosciences et cognition, ExoStim est la solution de stimulation cognitive 3.0. Innovante et d\u00e9mat\u00e9rialis\u00e9e, ExoStim est la solution e-sant\u00e9 d\u2019accompagnement personnalis\u00e9 \u00e0 la prise en charge cognitive, utilisable \u00e0 distance, seul ou \u00e0 plusieurs, id\u00e9al pour la continuit\u00e9 des soins en p\u00e9riode de pand\u00e9mie de Covid-19 et de distanciation sociale. ExoStim est la seule solution num\u00e9rique de prise en charge cognitive r\u00e9f\u00e9renc\u00e9e par VIVA Lab, plateforme innovation de l\u2019Assurance Retraite. La mise en place des e-ateliers ExoStim permet de r\u00e9aliser \u00e0 distance des ateliers collectifs ou individuels, qui existaient d\u00e9j\u00e0 en pr\u00e9sentiel avant la crise Covid-19. L\u2019acc\u00e8s aux e-ateliers ExoStim est gratuit, il n\u00e9cessite simplement de disposer d\u2019un smartphone, d&#8217;une tablette ou d&#8217;un ordinateur. Les e-ateliers sont dirig\u00e9s par un professionnel param\u00e9dical \u00e0 distance ce qui permet de maintenir un lien humain sans contact direct, ni d\u00e9placement. ExoStim favorise le d\u00e9pistage, l&#8217;entretien, la pr\u00e9vention et la stimulation cognitive \u00e0 distance. Ces e-ateliers aident le syst\u00e8me de sant\u00e9 \u00e0 limiter les risques li\u00e9s \u00e0 l\u2019isolement des personnes fragiles (\u00e0 domicile ou en \u00e9tablissement), \u00e0 la fermeture des ateliers collectifs et \u00e0 la p\u00e9nurie des personnels d\u00e9di\u00e9s, lors de p\u00e9riode de confinement. Les e-ateliers ExoStim permettent \u00e9galement de continuer \u00e0 r\u00e9pondre aux attentes de pr\u00e9vention et d\u2019accompagnement cognitif qui ont possiblement augment\u00e9 avec le confinement.<\/p>\n<\/div>\n\t\t<\/div><\/div><div id=\"pgc-19595-11-1\"  class=\"panel-grid-cell\" ><div id=\"panel-19595-11-1-0\" class=\"so-panel widget widget_media_image panel-first-child panel-last-child\" data-index=\"22\" ><img loading=\"lazy\" decoding=\"async\" width=\"150\" height=\"53\" src=\"https:\/\/www.satt.fr\/wp-content\/uploads\/2020\/06\/LogoExoStim13939_10299-150x53.png\" class=\"image wp-image-19514  attachment-thumbnail size-thumbnail\" alt=\"\" style=\"max-width: 100%; height: auto;\" srcset=\"https:\/\/www.satt.fr\/wp-content\/uploads\/2020\/06\/LogoExoStim13939_10299-150x53.png 150w, https:\/\/www.satt.fr\/wp-content\/uploads\/2020\/06\/LogoExoStim13939_10299-300x107.png 300w, https:\/\/www.satt.fr\/wp-content\/uploads\/2020\/06\/LogoExoStim13939_10299-500x178.png 500w, https:\/\/www.satt.fr\/wp-content\/uploads\/2020\/06\/LogoExoStim13939_10299-200x71.png 200w, https:\/\/www.satt.fr\/wp-content\/uploads\/2020\/06\/LogoExoStim13939_10299.png 564w\" sizes=\"auto, (max-width: 150px) 100vw, 150px\" \/><\/div><\/div><\/div><div id=\"pg-19595-12\"  class=\"panel-grid panel-no-style\" ><div id=\"pgc-19595-12-0\"  class=\"panel-grid-cell\" ><div id=\"panel-19595-12-0-0\" class=\"so-panel widget widget_text panel-first-child panel-last-child\" data-index=\"23\" >\t\t\t<div class=\"textwidget\"><p><strong>Hublex\u00a0<\/strong><em>(SATT Paris-Saclay)\u00a0<a href=\"https:\/\/www.hublex.fr\/\">www.hublex.fr<\/a><\/em><\/p>\n<p>Hublex con\u00e7oit des solutions robotiques d\u2019assistance \u00e0 la marche et au d\u00e9placement de charge afin d\u2019am\u00e9liorer la s\u00e9curit\u00e9 et la performance des d\u00e9placements pi\u00e9tons en entreprise. Les gyropodes professionnels Hublex s\u2019adaptent aux sp\u00e9cificit\u00e9s de diff\u00e9rents m\u00e9tiers de la s\u00e9curit\u00e9, la maintenance, la logistique et le management. Le projet a \u00e9t\u00e9 d\u00e9velopp\u00e9e par l\u2019Universit\u00e9 Paris-Saclay. La SATT Paris-Saclay a r\u00e9alis\u00e9 un investissement de 414 k\u20ac sur cette technologie. Pour lutter contre le COVID-19, la start-up propose des visi\u00e8res de protection professionnelles adapt\u00e9es aux diff\u00e9rents m\u00e9tiers : d\u00e9sinfectables et r\u00e9utilisables pour permettre \u00e0 tous de travailler dans de bonnes conditions de s\u00e9curit\u00e9.<\/p>\n<\/div>\n\t\t<\/div><\/div><div id=\"pgc-19595-12-1\"  class=\"panel-grid-cell\" ><div id=\"panel-19595-12-1-0\" class=\"so-panel widget widget_media_image panel-first-child panel-last-child\" data-index=\"24\" ><img loading=\"lazy\" decoding=\"async\" width=\"150\" height=\"55\" src=\"https:\/\/www.satt.fr\/wp-content\/uploads\/2020\/06\/Hublex-Logo-150x55.png\" class=\"image wp-image-19518  attachment-thumbnail size-thumbnail\" alt=\"\" style=\"max-width: 100%; height: auto;\" srcset=\"https:\/\/www.satt.fr\/wp-content\/uploads\/2020\/06\/Hublex-Logo-150x55.png 150w, https:\/\/www.satt.fr\/wp-content\/uploads\/2020\/06\/Hublex-Logo-300x110.png 300w, https:\/\/www.satt.fr\/wp-content\/uploads\/2020\/06\/Hublex-Logo-768x281.png 768w, https:\/\/www.satt.fr\/wp-content\/uploads\/2020\/06\/Hublex-Logo-1024x375.png 1024w, https:\/\/www.satt.fr\/wp-content\/uploads\/2020\/06\/Hublex-Logo-500x183.png 500w, https:\/\/www.satt.fr\/wp-content\/uploads\/2020\/06\/Hublex-Logo-600x220.png 600w, https:\/\/www.satt.fr\/wp-content\/uploads\/2020\/06\/Hublex-Logo-200x73.png 200w\" sizes=\"auto, (max-width: 150px) 100vw, 150px\" \/><\/div><\/div><\/div><div id=\"pg-19595-13\"  class=\"panel-grid panel-no-style\" ><div id=\"pgc-19595-13-0\"  class=\"panel-grid-cell\" ><div id=\"panel-19595-13-0-0\" class=\"so-panel widget widget_text panel-first-child panel-last-child\" data-index=\"25\" >\t\t\t<div class=\"textwidget\"><p><strong>KeeeX<\/strong><em> (SATT Sud-Est)\u00a0<a href=\"https:\/\/keeex.me\/fr\/\">keeex.me<\/a><\/em><\/p>\n<p>KeeeX, start-up sp\u00e9cialis\u00e9e dans la confiance num\u00e9rique, offre depuis le d\u00e9but de la crise deux de ses applications aux entreprises impact\u00e9es. La premi\u00e8re, KaaaS, est une application web permettant d&#8217;un simple glissser-d\u00e9poser de prot\u00e9ger, signer et horodater tout type de fichiers num\u00e9riques (contrats, attestations, dipl\u00f4mes, cahiers de laboratoire, PI). La seconde, Photo Proof Pro, est une application mobile de photos et vid\u00e9os probantes et permet par exemple d&#8217;effectuer des audits \u00e0 distance, des \u00e9tats des lieux ou de disposer de documents de transport num\u00e9ris\u00e9s. Nous sommes ravis que cette initiative ait pu aider des entreprises dans leurs d\u00e9marches de d\u00e9mat\u00e9rialisation et t\u00e9l\u00e9travail.<\/p>\n<\/div>\n\t\t<\/div><\/div><div id=\"pgc-19595-13-1\"  class=\"panel-grid-cell\" ><div id=\"panel-19595-13-1-0\" class=\"so-panel widget widget_media_image panel-first-child panel-last-child\" data-index=\"26\" ><img loading=\"lazy\" decoding=\"async\" width=\"150\" height=\"71\" src=\"https:\/\/www.satt.fr\/wp-content\/uploads\/2020\/06\/KeeeX_logo_baseline_201905_kx_xiteg-bigag-150x71.jpg\" class=\"image wp-image-19522  attachment-thumbnail size-thumbnail\" alt=\"\" style=\"max-width: 100%; height: auto;\" srcset=\"https:\/\/www.satt.fr\/wp-content\/uploads\/2020\/06\/KeeeX_logo_baseline_201905_kx_xiteg-bigag-150x71.jpg 150w, https:\/\/www.satt.fr\/wp-content\/uploads\/2020\/06\/KeeeX_logo_baseline_201905_kx_xiteg-bigag-300x141.jpg 300w, https:\/\/www.satt.fr\/wp-content\/uploads\/2020\/06\/KeeeX_logo_baseline_201905_kx_xiteg-bigag-768x362.jpg 768w, https:\/\/www.satt.fr\/wp-content\/uploads\/2020\/06\/KeeeX_logo_baseline_201905_kx_xiteg-bigag-1024x483.jpg 1024w, https:\/\/www.satt.fr\/wp-content\/uploads\/2020\/06\/KeeeX_logo_baseline_201905_kx_xiteg-bigag-500x236.jpg 500w, https:\/\/www.satt.fr\/wp-content\/uploads\/2020\/06\/KeeeX_logo_baseline_201905_kx_xiteg-bigag-600x283.jpg 600w, https:\/\/www.satt.fr\/wp-content\/uploads\/2020\/06\/KeeeX_logo_baseline_201905_kx_xiteg-bigag-200x94.jpg 200w\" sizes=\"auto, (max-width: 150px) 100vw, 150px\" \/><\/div><\/div><\/div><div id=\"pg-19595-14\"  class=\"panel-grid panel-no-style\" ><div id=\"pgc-19595-14-0\"  class=\"panel-grid-cell\" ><div id=\"panel-19595-14-0-0\" class=\"so-panel widget widget_text panel-first-child panel-last-child\" data-index=\"27\" >\t\t\t<div class=\"textwidget\"><p><strong>Kheoos<\/strong><em> (Linksium)\u00a0<a href=\"https:\/\/kheoos.com\/fr\/\">kheoos.com<\/a><\/em><\/p>\n<p>Kheoos lance une operation pour red\u00e9marrer les lignes de production apr\u00e8s le #Covid19 \u00e0 destination des les industriels qui font face \u00e0 de nombreuses d\u00e9faillances sur les pi\u00e8ces de maintenance. Kheoos rend le pi\u00e8ce de maintenance dormantes disponibles imm\u00e9diatement et localement. Kheoos et son pool d\u2019industriels europ\u00e9ens lancent l\u2019op\u00e9ration #Restoreprod et vous offrent pi\u00e8ces de rechange lors de la reprise de votre activit\u00e9.<\/p>\n<\/div>\n\t\t<\/div><\/div><div id=\"pgc-19595-14-1\"  class=\"panel-grid-cell\" ><div id=\"panel-19595-14-1-0\" class=\"so-panel widget widget_media_image panel-first-child panel-last-child\" data-index=\"28\" ><img loading=\"lazy\" decoding=\"async\" width=\"150\" height=\"45\" src=\"https:\/\/www.satt.fr\/wp-content\/uploads\/2020\/06\/D66rwhzXsAUMbO7-150x45.png\" class=\"image wp-image-19526  attachment-thumbnail size-thumbnail\" alt=\"\" style=\"max-width: 100%; height: auto;\" srcset=\"https:\/\/www.satt.fr\/wp-content\/uploads\/2020\/06\/D66rwhzXsAUMbO7-150x45.png 150w, https:\/\/www.satt.fr\/wp-content\/uploads\/2020\/06\/D66rwhzXsAUMbO7-300x91.png 300w, https:\/\/www.satt.fr\/wp-content\/uploads\/2020\/06\/D66rwhzXsAUMbO7-768x232.png 768w, https:\/\/www.satt.fr\/wp-content\/uploads\/2020\/06\/D66rwhzXsAUMbO7-500x151.png 500w, https:\/\/www.satt.fr\/wp-content\/uploads\/2020\/06\/D66rwhzXsAUMbO7-600x182.png 600w, https:\/\/www.satt.fr\/wp-content\/uploads\/2020\/06\/D66rwhzXsAUMbO7-200x61.png 200w, https:\/\/www.satt.fr\/wp-content\/uploads\/2020\/06\/D66rwhzXsAUMbO7.png 813w\" sizes=\"auto, (max-width: 150px) 100vw, 150px\" \/><\/div><\/div><\/div><div id=\"pg-19595-15\"  class=\"panel-grid panel-no-style\" ><div id=\"pgc-19595-15-0\"  class=\"panel-grid-cell\" ><div id=\"panel-19595-15-0-0\" class=\"so-panel widget widget_text panel-first-child panel-last-child\" data-index=\"29\" >\t\t\t<div class=\"textwidget\"><p><strong>Les projets LION et ORION\u00a0<\/strong><em>(PULSALYS)\u00a0<a href=\"https:\/\/www.pulsalys.fr\/article\/les-projets-lion-et-orion-au-service-de-levaluation-et-du-traitement-des-troubles-olfactifs\">www.pulsalys.fr\/projets-lion-et-orion<\/a><\/em><\/p>\n<p>La perte de l\u2019odorat est un des sympt\u00f4mes du Covid-19. Le projet LION, d\u00e9velopp\u00e9 au CRNL (UCBL, UJM, INSERM, CNRS) et soutenu par PULSALYS, int\u00e8gre une technologie permettant une \u00e9valuation et un suivi facilit\u00e9 des performances olfactives. Gr\u00e2ce \u00e0 un suivi m\u00e9dical connect\u00e9, le patient r\u00e9alise son \u00e9valuation olfactive r\u00e9guli\u00e8re de mani\u00e8re autonome et \u00e0 distance, technologie parfaitement adapt\u00e9e dans un contexte de confinement sanitaire. Le projet ORION propose d&#8217;utiliser cette technologie connect\u00e9e pour permettre une rem\u00e9diation olfactive et cognitive sur le long-terme chez les sujets anosmiques, notamment ceux li\u00e9s au Covid-19, et les personnes \u00e2g\u00e9es. Ces deux projets sont men\u00e9s en collaboration avec des h\u00f4pitaux de la r\u00e9gion Auvergne-Rh\u00f4ne-Alpes, notamment l\u2019H\u00f4pital Nord-Ouest de Villefranche-sur-Sa\u00f4ne et l\u2019Infirmerie Protestant de Caluire. Les projets LION et ORION contribueront \u00e0 \u00e9valuer et traiter les troubles olfactifs et gustatifs engendr\u00e9s par l&#8217;\u00e9pid\u00e9mie de Covid-19 et participeront \u00e0 en limiter les cons\u00e9quences m\u00e9dico-psychologiques et sociales.<\/p>\n<\/div>\n\t\t<\/div><\/div><div id=\"pgc-19595-15-1\"  class=\"panel-grid-cell\" ><div id=\"panel-19595-15-1-0\" class=\"so-panel widget widget_media_image panel-first-child panel-last-child\" data-index=\"30\" ><img loading=\"lazy\" decoding=\"async\" width=\"150\" height=\"109\" src=\"https:\/\/www.satt.fr\/wp-content\/uploads\/2020\/06\/Projet-Lion-150x109.png\" class=\"image wp-image-19530  attachment-thumbnail size-thumbnail\" alt=\"\" style=\"max-width: 100%; height: auto;\" srcset=\"https:\/\/www.satt.fr\/wp-content\/uploads\/2020\/06\/Projet-Lion-150x109.png 150w, https:\/\/www.satt.fr\/wp-content\/uploads\/2020\/06\/Projet-Lion-300x218.png 300w, https:\/\/www.satt.fr\/wp-content\/uploads\/2020\/06\/Projet-Lion-500x364.png 500w, https:\/\/www.satt.fr\/wp-content\/uploads\/2020\/06\/Projet-Lion-600x436.png 600w, https:\/\/www.satt.fr\/wp-content\/uploads\/2020\/06\/Projet-Lion-138x100.png 138w, https:\/\/www.satt.fr\/wp-content\/uploads\/2020\/06\/Projet-Lion.png 762w\" sizes=\"auto, (max-width: 150px) 100vw, 150px\" \/><\/div><\/div><\/div><div id=\"pg-19595-16\"  class=\"panel-grid panel-no-style\" ><div id=\"pgc-19595-16-0\"  class=\"panel-grid-cell\" ><div id=\"panel-19595-16-0-0\" class=\"so-panel widget widget_text panel-first-child panel-last-child\" data-index=\"31\" >\t\t\t<div class=\"textwidget\"><p><strong>Lumedix\u00a0<\/strong><em>(SATT Paris-Saclay)\u00a0<a href=\"https:\/\/lumedix.com\/\">lumedix.com<\/a><\/em><\/p>\n<p>Lumedix d\u00e9veloppe une technologie, issue de l\u2019Ecole polytechnique, le CNRS et l\u2019Inserm, permettant d\u2019augmenter la sensibilit\u00e9 de tests de diagnostic in vitro d\u2019un facteur 100 \u00e0 1000. Son objectif est de d\u00e9velopper des nanoparticules luminescentes pour des immunoessais ultra-sensibles. La SATT Paris-Saclay a investi + de 500K\u20ac dans cette innovation. En 2018, la start-up a \u00e9t\u00e9 cr\u00e9\u00e9e afin de commercialiser sa technologie et de produire des tests rapides (Point-of-Care) avec des sensibilit\u00e9s analytiques \u00e9quivalentes \u00e0 des tests r\u00e9alis\u00e9s dans des laboratoires d\u2019analyse. Pour lutter contre le COVID-19, Lumedix d\u00e9veloppe des tests rapides de diagnostic du virus, directement dans des pr\u00e9l\u00e8vements nasopharyng\u00e9s et des tests s\u00e9rologiques \u00e0 la recherche d\u2019anticorps sp\u00e9cifiques du virus \u00e0 partir d\u2019\u00e9chantillon sanguin.<\/p>\n<\/div>\n\t\t<\/div><\/div><div id=\"pgc-19595-16-1\"  class=\"panel-grid-cell\" ><div id=\"panel-19595-16-1-0\" class=\"so-panel widget widget_media_image panel-first-child panel-last-child\" data-index=\"32\" ><img loading=\"lazy\" decoding=\"async\" width=\"150\" height=\"58\" src=\"https:\/\/www.satt.fr\/wp-content\/uploads\/2020\/06\/Lumedix-150x58.png\" class=\"image wp-image-19534  attachment-thumbnail size-thumbnail\" alt=\"\" style=\"max-width: 100%; height: auto;\" srcset=\"https:\/\/www.satt.fr\/wp-content\/uploads\/2020\/06\/Lumedix-150x58.png 150w, https:\/\/www.satt.fr\/wp-content\/uploads\/2020\/06\/Lumedix-300x116.png 300w, https:\/\/www.satt.fr\/wp-content\/uploads\/2020\/06\/Lumedix-768x298.png 768w, https:\/\/www.satt.fr\/wp-content\/uploads\/2020\/06\/Lumedix-1024x397.png 1024w, https:\/\/www.satt.fr\/wp-content\/uploads\/2020\/06\/Lumedix-500x194.png 500w, https:\/\/www.satt.fr\/wp-content\/uploads\/2020\/06\/Lumedix-600x233.png 600w, https:\/\/www.satt.fr\/wp-content\/uploads\/2020\/06\/Lumedix-200x78.png 200w, https:\/\/www.satt.fr\/wp-content\/uploads\/2020\/06\/Lumedix.png 1194w\" sizes=\"auto, (max-width: 150px) 100vw, 150px\" \/><\/div><\/div><\/div><div id=\"pg-19595-17\"  class=\"panel-grid panel-no-style\" ><div id=\"pgc-19595-17-0\"  class=\"panel-grid-cell\" ><div id=\"panel-19595-17-0-0\" class=\"so-panel widget widget_text panel-first-child panel-last-child\" data-index=\"33\" >\t\t\t<div class=\"textwidget\"><p><strong>Medae\u00a0<\/strong><em>(PULSALYS)\u00a0<a href=\"https:\/\/www.pulsalys.fr\/article\/lapplication-max-medae-soutient-les-professionnels-de-sante-dans-la-gestion-covid19\">www.pulsalys.fr\/max-medae<\/a><\/em><\/p>\n<p>En situation de crise et de stress, chacun d\u2019entre nous peut oublier jusqu\u2019\u00e0 50% de son savoir-faire habituel, pourtant d\u00e9cisif dans ce contexte \u00e0 cause des \u00ab biais cognitif \u00bb. Dans les cas d\u2019urgence m\u00e9dicale, ce biais peut avoir des cons\u00e9quences graves. L\u2019application mobile intelligente MAX (Medical Assistant eXpert) by MEDAE, soutenue par PULSALYS, est une aide cognitive destin\u00e9e \u00e0 soutenir en temps r\u00e9el tous les professionnels de terrain confront\u00e9s \u00e0 des situations complexes. Dans le cadre de la crise actuelle, l&#8217;application a \u00e9t\u00e9 mise \u00e0 disposition des professionnels de sant\u00e9 pour la gestion et le suivi des patients atteints de COVID-19. Diff\u00e9rents CHU de Bourgogne et du Rh\u00f4ne utilisent aujourd&#8217;hui l&#8217;application MAX by MEDAE dans leur prise en charge du COVID-19.<\/p>\n<\/div>\n\t\t<\/div><\/div><div id=\"pgc-19595-17-1\"  class=\"panel-grid-cell\" ><div id=\"panel-19595-17-1-0\" class=\"so-panel widget widget_media_image panel-first-child panel-last-child\" data-index=\"34\" ><img loading=\"lazy\" decoding=\"async\" width=\"89\" height=\"150\" src=\"https:\/\/www.satt.fr\/wp-content\/uploads\/2020\/06\/Logo-MAX-MEDAE-fond-blanc-carre-89x150.jpg\" class=\"image wp-image-19538  attachment-thumbnail size-thumbnail\" alt=\"\" style=\"max-width: 100%; height: auto;\" srcset=\"https:\/\/www.satt.fr\/wp-content\/uploads\/2020\/06\/Logo-MAX-MEDAE-fond-blanc-carre-89x150.jpg 89w, https:\/\/www.satt.fr\/wp-content\/uploads\/2020\/06\/Logo-MAX-MEDAE-fond-blanc-carre-179x300.jpg 179w, https:\/\/www.satt.fr\/wp-content\/uploads\/2020\/06\/Logo-MAX-MEDAE-fond-blanc-carre-300x503.jpg 300w, https:\/\/www.satt.fr\/wp-content\/uploads\/2020\/06\/Logo-MAX-MEDAE-fond-blanc-carre-60x100.jpg 60w, https:\/\/www.satt.fr\/wp-content\/uploads\/2020\/06\/Logo-MAX-MEDAE-fond-blanc-carre.jpg 331w\" sizes=\"auto, (max-width: 89px) 100vw, 89px\" \/><\/div><\/div><\/div><div id=\"pg-19595-18\"  class=\"panel-grid panel-no-style\" ><div id=\"pgc-19595-18-0\"  class=\"panel-grid-cell\" ><div id=\"panel-19595-18-0-0\" class=\"so-panel widget widget_text panel-first-child panel-last-child\" data-index=\"35\" >\t\t\t<div class=\"textwidget\"><p><strong>Mexbrain <\/strong><em>(PULSALYS)\u00a0<a href=\"https:\/\/mexbrain.com\/\">mexbrain.com<\/a><\/em><\/p>\n<p>La soci\u00e9t\u00e9 MexBrain a d\u00e9pos\u00e9 un nouveau brevet pour le traitement de la septic\u00e9mie par captation s\u00e9lective des m\u00e9taux au moyen d\u2019un dispositif de dialyse associ\u00e9 \u00e0 un fluide collo\u00efdal. Cette nouvelle voie th\u00e9rapeutique est porteuse d\u2019espoir pour les patients atteints de cas graves de COVID-19. Pour ces patients, un emballement immunitaire est souvent observ\u00e9 et le nouveau dispositif m\u00e9dical pourrait juguler cet emballement et limiter les dommages faits aux organes augmentant ainsi les chances de survie des patients.<\/p>\n<\/div>\n\t\t<\/div><\/div><div id=\"pgc-19595-18-1\"  class=\"panel-grid-cell\" ><div id=\"panel-19595-18-1-0\" class=\"so-panel widget widget_media_image panel-first-child panel-last-child\" data-index=\"36\" ><img loading=\"lazy\" decoding=\"async\" width=\"150\" height=\"42\" src=\"https:\/\/www.satt.fr\/wp-content\/uploads\/2020\/06\/Logo-MEXBRAIN-150x42.png\" class=\"image wp-image-19540  attachment-thumbnail size-thumbnail\" alt=\"\" style=\"max-width: 100%; height: auto;\" srcset=\"https:\/\/www.satt.fr\/wp-content\/uploads\/2020\/06\/Logo-MEXBRAIN-150x42.png 150w, https:\/\/www.satt.fr\/wp-content\/uploads\/2020\/06\/Logo-MEXBRAIN-300x84.png 300w, https:\/\/www.satt.fr\/wp-content\/uploads\/2020\/06\/Logo-MEXBRAIN-768x215.png 768w, https:\/\/www.satt.fr\/wp-content\/uploads\/2020\/06\/Logo-MEXBRAIN-500x140.png 500w, https:\/\/www.satt.fr\/wp-content\/uploads\/2020\/06\/Logo-MEXBRAIN-600x168.png 600w, https:\/\/www.satt.fr\/wp-content\/uploads\/2020\/06\/Logo-MEXBRAIN-200x56.png 200w, https:\/\/www.satt.fr\/wp-content\/uploads\/2020\/06\/Logo-MEXBRAIN.png 773w\" sizes=\"auto, (max-width: 150px) 100vw, 150px\" \/><\/div><\/div><\/div><div id=\"pg-19595-19\"  class=\"panel-grid panel-no-style\" ><div id=\"pgc-19595-19-0\"  class=\"panel-grid-cell\" ><div id=\"panel-19595-19-0-0\" class=\"so-panel widget widget_text panel-first-child panel-last-child\" data-index=\"37\" >\t\t\t<div class=\"textwidget\"><p><strong>Morph\u00e9e + <\/strong><em>(SATT Paris-Saclay)\u00a0<a href=\"https:\/\/www.morphee.eu.com\/\">www.morphee.eu.com<\/a><\/em><\/p>\n<p>Morph\u00e9e + d\u00e9veloppe un syst\u00e8me de monitoring de l\u2019activit\u00e9 des personnes gr\u00e2ce \u00e0 un micro radar install\u00e9 dans la chambre. Ce syst\u00e8me sans contact permet de mesurer plusieurs param\u00e8tres des personnes : la d\u00e9tection de chute, le relev\u00e9 de la moyenne du rythme cardiorespiratoire, la d\u00e9tection de pr\u00e9sence, l\u2019actim\u00e9trie. Cette technologie a \u00e9t\u00e9 d\u00e9velopp\u00e9e avec l\u2019ONERA, dont l\u2019objectif \u00e9tait d\u2019adapter le radar \u00e0 l\u2019actim\u00e9trie des personnes. La SATT Paris-Saclay a r\u00e9alis\u00e9 un investissement de 383 k\u20ac dans cette innovation. Pour lutter contre le COVID-19, la soci\u00e9t\u00e9 Morph\u00e9e + propose de monitorer sans contact et \u00e0 distance la fr\u00e9quence pulmonaire et cardiaque des patients.<\/p>\n<\/div>\n\t\t<\/div><\/div><div id=\"pgc-19595-19-1\"  class=\"panel-grid-cell\" ><div id=\"panel-19595-19-1-0\" class=\"so-panel widget widget_media_image panel-first-child panel-last-child\" data-index=\"38\" ><img loading=\"lazy\" decoding=\"async\" width=\"150\" height=\"116\" src=\"https:\/\/www.satt.fr\/wp-content\/uploads\/2020\/06\/MORPHEE-150x116.png\" class=\"image wp-image-19542  attachment-thumbnail size-thumbnail\" alt=\"\" style=\"max-width: 100%; height: auto;\" srcset=\"https:\/\/www.satt.fr\/wp-content\/uploads\/2020\/06\/MORPHEE-150x116.png 150w, https:\/\/www.satt.fr\/wp-content\/uploads\/2020\/06\/MORPHEE-300x231.png 300w, https:\/\/www.satt.fr\/wp-content\/uploads\/2020\/06\/MORPHEE-130x100.png 130w, https:\/\/www.satt.fr\/wp-content\/uploads\/2020\/06\/MORPHEE.png 389w\" sizes=\"auto, (max-width: 150px) 100vw, 150px\" \/><\/div><\/div><\/div><div id=\"pg-19595-20\"  class=\"panel-grid panel-no-style\" ><div id=\"pgc-19595-20-0\"  class=\"panel-grid-cell\" ><div id=\"panel-19595-20-0-0\" class=\"so-panel widget widget_text panel-first-child panel-last-child\" data-index=\"39\" >\t\t\t<div class=\"textwidget\"><p><strong>Mus\u00e9opic <\/strong><em>(PULSALYS)\u00a0<a href=\"http:\/\/www.museopic.com\/\">www.museopic.com<\/a><\/em><\/p>\n<p>L\u2019application mobile de Mus\u00e9opic permet au public de continuer de profiter du mus\u00e9e de Bourgoin-Jallieu \u00e0 distance.<\/p>\n<\/div>\n\t\t<\/div><\/div><div id=\"pgc-19595-20-1\"  class=\"panel-grid-cell\" ><div id=\"panel-19595-20-1-0\" class=\"so-panel widget widget_media_image panel-first-child panel-last-child\" data-index=\"40\" ><img loading=\"lazy\" decoding=\"async\" width=\"100\" height=\"100\" src=\"https:\/\/www.satt.fr\/wp-content\/uploads\/2020\/06\/logo-museopic-100x100.png\" class=\"image wp-image-19544  attachment-100x100 size-100x100\" alt=\"\" style=\"max-width: 100%; height: auto;\" srcset=\"https:\/\/www.satt.fr\/wp-content\/uploads\/2020\/06\/logo-museopic-100x100.png 100w, https:\/\/www.satt.fr\/wp-content\/uploads\/2020\/06\/logo-museopic-150x150.png 150w, https:\/\/www.satt.fr\/wp-content\/uploads\/2020\/06\/logo-museopic-300x299.png 300w, https:\/\/www.satt.fr\/wp-content\/uploads\/2020\/06\/logo-museopic-500x499.png 500w, https:\/\/www.satt.fr\/wp-content\/uploads\/2020\/06\/logo-museopic-600x598.png 600w, https:\/\/www.satt.fr\/wp-content\/uploads\/2020\/06\/logo-museopic.png 744w\" sizes=\"auto, (max-width: 100px) 100vw, 100px\" \/><\/div><\/div><\/div><div id=\"pg-19595-21\"  class=\"panel-grid panel-no-style\" ><div id=\"pgc-19595-21-0\"  class=\"panel-grid-cell\" ><div id=\"panel-19595-21-0-0\" class=\"so-panel widget widget_text panel-first-child panel-last-child\" data-index=\"41\" >\t\t\t<div class=\"textwidget\"><p><strong>NeoVirTech SAS<\/strong><em> (Toulouse Tech Transfer)\u00a0<a href=\"https:\/\/neovirtech.com\/\">neovirtech.com<\/a><\/em><\/p>\n<p>NeoVirTech propose un service de criblage d&#8217;activit\u00e9s antivirales sur une collection de virus impliqu\u00e9s en sant\u00e9 humanine, animale et biod\u00e9fense. Pour lutter contre la pand\u00e9mie, nous avons en place au laboratoire une plateforme de test de processus de desinfection contre des virus respiratoires ainsi que des mim\u00e9tiques SRAS-CoV2 jusqu&#8217;aux tests finaux sur le Covid19. Nous developpons actuellement des mod\u00e8les de peau humaine vivante contamin\u00e9e en surface avec des virus pour tester les capacit\u00e9s de desinfection de diff\u00e9rentes solutions (gel hydroalcolique, lingette, spray et rayonnement).<\/p>\n<\/div>\n\t\t<\/div><\/div><div id=\"pgc-19595-21-1\"  class=\"panel-grid-cell\" ><div id=\"panel-19595-21-1-0\" class=\"so-panel widget widget_media_image panel-first-child panel-last-child\" data-index=\"42\" ><img loading=\"lazy\" decoding=\"async\" width=\"150\" height=\"67\" src=\"https:\/\/www.satt.fr\/wp-content\/uploads\/2020\/06\/arton1113-150x67.png\" class=\"image wp-image-19546  attachment-thumbnail size-thumbnail\" alt=\"\" style=\"max-width: 100%; height: auto;\" srcset=\"https:\/\/www.satt.fr\/wp-content\/uploads\/2020\/06\/arton1113-150x67.png 150w, https:\/\/www.satt.fr\/wp-content\/uploads\/2020\/06\/arton1113-300x134.png 300w, https:\/\/www.satt.fr\/wp-content\/uploads\/2020\/06\/arton1113-500x223.png 500w, https:\/\/www.satt.fr\/wp-content\/uploads\/2020\/06\/arton1113-600x268.png 600w, https:\/\/www.satt.fr\/wp-content\/uploads\/2020\/06\/arton1113-200x89.png 200w, https:\/\/www.satt.fr\/wp-content\/uploads\/2020\/06\/arton1113.png 695w\" sizes=\"auto, (max-width: 150px) 100vw, 150px\" \/><\/div><\/div><\/div><div id=\"pg-19595-22\"  class=\"panel-grid panel-no-style\" ><div id=\"pgc-19595-22-0\"  class=\"panel-grid-cell\" ><div id=\"panel-19595-22-0-0\" class=\"so-panel widget widget_text panel-first-child panel-last-child\" data-index=\"43\" >\t\t\t<div class=\"textwidget\"><p><strong>Sant\u00e9NET<\/strong> <em>(PULSALYS<\/em><em>)\u00a0<a href=\"https:\/\/sante-net.fr\/\">sante-net.fr<\/a><\/em><\/p>\n<p>Sant\u00e9 Net a souhait\u00e9 mettre son savoir-faire de t\u00e9l\u00e9 suivi du patient \u00e0 la maison au service de la lutte contre le Coronavirus. Ils ach\u00e8vent en ce moment une application d\u2019auto-\u00e9valuation, bas\u00e9e sur le savoir-faire \u00ab\u00a0MIA Healthcare\u00a0\u00bb, qui permet au patient d\u00e9j\u00e0 d\u00e9pist\u00e9 de suivre l\u2019\u00e9volution des sympt\u00f4mes du COVID-19. L\u2019application aidera le patient \u00e0 mesurer son r\u00e9tablissement au quotidien. Les informations fournies par les utilisateurs, une fois rendues anonymes, se r\u00e9v\u00e8leront indispensables pour mener une \u00e9tude clinique s\u00e9rieuse.<\/p>\n<\/div>\n\t\t<\/div><\/div><div id=\"pgc-19595-22-1\"  class=\"panel-grid-cell\" ><div id=\"panel-19595-22-1-0\" class=\"so-panel widget widget_media_image panel-first-child panel-last-child\" data-index=\"44\" ><img loading=\"lazy\" decoding=\"async\" width=\"150\" height=\"33\" src=\"https:\/\/www.satt.fr\/wp-content\/uploads\/2020\/06\/COMMUNIQUE-DE-PRESSE_MIA_CONFORT_NOV_2018-150x33.jpg\" class=\"image wp-image-19548  attachment-thumbnail size-thumbnail\" alt=\"\" style=\"max-width: 100%; height: auto;\" srcset=\"https:\/\/www.satt.fr\/wp-content\/uploads\/2020\/06\/COMMUNIQUE-DE-PRESSE_MIA_CONFORT_NOV_2018-150x33.jpg 150w, https:\/\/www.satt.fr\/wp-content\/uploads\/2020\/06\/COMMUNIQUE-DE-PRESSE_MIA_CONFORT_NOV_2018-300x66.jpg 300w, https:\/\/www.satt.fr\/wp-content\/uploads\/2020\/06\/COMMUNIQUE-DE-PRESSE_MIA_CONFORT_NOV_2018-500x110.jpg 500w, https:\/\/www.satt.fr\/wp-content\/uploads\/2020\/06\/COMMUNIQUE-DE-PRESSE_MIA_CONFORT_NOV_2018-600x132.jpg 600w, https:\/\/www.satt.fr\/wp-content\/uploads\/2020\/06\/COMMUNIQUE-DE-PRESSE_MIA_CONFORT_NOV_2018-200x44.jpg 200w, https:\/\/www.satt.fr\/wp-content\/uploads\/2020\/06\/COMMUNIQUE-DE-PRESSE_MIA_CONFORT_NOV_2018.jpg 758w\" sizes=\"auto, (max-width: 150px) 100vw, 150px\" \/><\/div><\/div><\/div><div id=\"pg-19595-23\"  class=\"panel-grid panel-no-style\" ><div id=\"pgc-19595-23-0\"  class=\"panel-grid-cell\" ><div id=\"panel-19595-23-0-0\" class=\"so-panel widget widget_text panel-first-child panel-last-child\" data-index=\"45\" >\t\t\t<div class=\"textwidget\"><p><strong>SEQONE<\/strong> <em>(AxLR<\/em><em>)\u00a0<a href=\"https:\/\/seq.one\">seq.one<\/a><\/em><\/p>\n<p>L\u2019entreprise de bio-informatique montpelli\u00e9raine SeqOne\u200b (10 salari\u00e9s) lance une solution visant \u00e0 augmenter les capacit\u00e9s de d\u00e9pistage du Covid-19. Elle consiste \u00e0 associer une nouvelle g\u00e9n\u00e9ration de s\u00e9quen\u00e7age et une technique de multiplexage (regroupement sur un seul support de plusieurs signaux). L\u2019objectif de SeqOne est double : franchir la barre des 100 000 tests de d\u00e9pistage par jour fix\u00e9e par le gouvernement fran\u00e7ais et accro\u00eetre leur qualit\u00e9 en mesurant la charge virale. \u00ab Elle pourrait permettre ainsi un suivi e\u0301pide\u0301miologique national, enjeu majeur pour la gestion de la crise a\u0300 court terme, du de\u0301confinement et des phases qui suivront a\u0300 plus long terme \u00bb, indique SeqOne. D\u00e9j\u00e0 valid\u00e9e sur le plan technique, la solution de SeqOne doit d\u00e9sormais entrer en phase d\u2019industrialisation. Une \u00e9tape \u00e0 laquelle SeqOne travaille en partenariat avec des laboratoires et avec le soutien de l\u2019acc\u00e9l\u00e9rateur d\u2019innovations montpelli\u00e9rain Satt AxLR. SeqOne s\u2019est \u00e9galement associ\u00e9e avec la soci\u00e9t\u00e9 fran\u00e7aise sp\u00e9cialis\u00e9e en h\u00e9bergement web et solutions de cloud computing OVHcloud (59) pour le traitement des donn\u00e9es.<\/p>\n<\/div>\n\t\t<\/div><\/div><div id=\"pgc-19595-23-1\"  class=\"panel-grid-cell\" ><div id=\"panel-19595-23-1-0\" class=\"so-panel widget widget_media_image panel-first-child panel-last-child\" data-index=\"46\" ><img loading=\"lazy\" decoding=\"async\" width=\"150\" height=\"47\" src=\"https:\/\/www.satt.fr\/wp-content\/uploads\/2020\/06\/seqone-logo-blk-150x47.png\" class=\"image wp-image-19550  attachment-thumbnail size-thumbnail\" alt=\"\" style=\"max-width: 100%; height: auto;\" srcset=\"https:\/\/www.satt.fr\/wp-content\/uploads\/2020\/06\/seqone-logo-blk-150x47.png 150w, https:\/\/www.satt.fr\/wp-content\/uploads\/2020\/06\/seqone-logo-blk-300x94.png 300w, https:\/\/www.satt.fr\/wp-content\/uploads\/2020\/06\/seqone-logo-blk-768x241.png 768w, https:\/\/www.satt.fr\/wp-content\/uploads\/2020\/06\/seqone-logo-blk-500x157.png 500w, https:\/\/www.satt.fr\/wp-content\/uploads\/2020\/06\/seqone-logo-blk-600x188.png 600w, https:\/\/www.satt.fr\/wp-content\/uploads\/2020\/06\/seqone-logo-blk-200x63.png 200w, https:\/\/www.satt.fr\/wp-content\/uploads\/2020\/06\/seqone-logo-blk.png 1018w\" sizes=\"auto, (max-width: 150px) 100vw, 150px\" \/><\/div><\/div><\/div><div id=\"pg-19595-24\"  class=\"panel-grid panel-no-style\" ><div id=\"pgc-19595-24-0\"  class=\"panel-grid-cell\" ><div id=\"panel-19595-24-0-0\" class=\"so-panel widget widget_text panel-first-child panel-last-child\" data-index=\"47\" >\t\t\t<div class=\"textwidget\"><p><strong>Signia Therapeutics<\/strong> <em>(PULSALYS<\/em><em>)\u00a0<a href=\"https:\/\/www.pulsalys.fr\/article\/signia-therapeutics-et-le-laboratoire-virpath-au-coeur-de-la-lutte-contre-le-covid-19\">www.pulsalys.fr\/signia-therapeutics<\/a><\/em><\/p>\n<p>Issue d\u2019un programme de recherche de 10 ans men\u00e9 par le Dr. Manuel Rosa-Calatrava et son \u00e9quipe au sein du Laboratoire de Virologie et Pathologie Humaine rattach\u00e9 au CIRI (UCBL, ENS Lyon, Inserm et CNRS) et boost\u00e9e par PULSALYS, la startup Signia Therapeutics propose une technologie de rupture qui permet de repositionner des m\u00e9dicaments d\u00e9j\u00e0 sur le march\u00e9 ou des mol\u00e9cules ayant franchi des \u00e9tapes cliniques avanc\u00e9es sans mise sur le march\u00e9, pour de nouvelles indications th\u00e9rapeutiques et traitements contre les maladies infectieuses. Cette strat\u00e9gie pourrait s\u2019av\u00e9rer payante dans la lutte contre le COVID-19 et le projet de recherche du laboratoire propos\u00e9 en partenariat avec Signia Therapeutics a \u00e9t\u00e9 s\u00e9lectionn\u00e9 et financ\u00e9 par le consortium REACTing, coordonn\u00e9 par l\u2019Inserm, le CNRS et l\u2019Institut M\u00e9rieux (M\u00e9rieux research grant).<\/p>\n<\/div>\n\t\t<\/div><\/div><div id=\"pgc-19595-24-1\"  class=\"panel-grid-cell\" ><div id=\"panel-19595-24-1-0\" class=\"so-panel widget widget_media_image panel-first-child panel-last-child\" data-index=\"48\" ><img loading=\"lazy\" decoding=\"async\" width=\"150\" height=\"72\" src=\"https:\/\/www.satt.fr\/wp-content\/uploads\/2020\/06\/1483352158-150x72.png\" class=\"image wp-image-19552  attachment-thumbnail size-thumbnail\" alt=\"\" style=\"max-width: 100%; height: auto;\" srcset=\"https:\/\/www.satt.fr\/wp-content\/uploads\/2020\/06\/1483352158-150x72.png 150w, https:\/\/www.satt.fr\/wp-content\/uploads\/2020\/06\/1483352158-300x144.png 300w, https:\/\/www.satt.fr\/wp-content\/uploads\/2020\/06\/1483352158-768x369.png 768w, https:\/\/www.satt.fr\/wp-content\/uploads\/2020\/06\/1483352158-1024x492.png 1024w, https:\/\/www.satt.fr\/wp-content\/uploads\/2020\/06\/1483352158-500x240.png 500w, https:\/\/www.satt.fr\/wp-content\/uploads\/2020\/06\/1483352158-600x288.png 600w, https:\/\/www.satt.fr\/wp-content\/uploads\/2020\/06\/1483352158-200x96.png 200w, https:\/\/www.satt.fr\/wp-content\/uploads\/2020\/06\/1483352158.png 1476w\" sizes=\"auto, (max-width: 150px) 100vw, 150px\" \/><\/div><\/div><\/div><div id=\"pg-19595-25\"  class=\"panel-grid panel-no-style\" ><div id=\"pgc-19595-25-0\"  class=\"panel-grid-cell\" ><div id=\"panel-19595-25-0-0\" class=\"so-panel widget widget_text panel-first-child panel-last-child\" data-index=\"49\" >\t\t\t<div class=\"textwidget\"><p><strong>SPARTHA<\/strong> <em>(Conectus<\/em><em>)\u00a0<a href=\"https:\/\/sparthamedical.eu\/\">sparthamedical.eu<\/a><\/em><\/p>\n<p>Le virus de COVID-19 est capable de r\u00e9sider sur des surfaces pendant plusieurs jours. Spartha Medical d\u00e9veloppe un spray et un hydrogel \u00e0 base de biopolym\u00e8res qui permettra de rev\u00eatir toute surface et de bloquer la propagation du virus, notamment dans les zones sensibles telles que les centres de soins.<\/p>\n<\/div>\n\t\t<\/div><\/div><div id=\"pgc-19595-25-1\"  class=\"panel-grid-cell\" ><div id=\"panel-19595-25-1-0\" class=\"so-panel widget widget_media_image panel-first-child panel-last-child\" data-index=\"50\" ><img loading=\"lazy\" decoding=\"async\" width=\"150\" height=\"57\" src=\"https:\/\/www.satt.fr\/wp-content\/uploads\/2020\/06\/Spartha-Logo-HORIZONAL-fond-transparent-150x57.png\" class=\"image wp-image-19554  attachment-thumbnail size-thumbnail\" alt=\"\" style=\"max-width: 100%; height: auto;\" srcset=\"https:\/\/www.satt.fr\/wp-content\/uploads\/2020\/06\/Spartha-Logo-HORIZONAL-fond-transparent-150x57.png 150w, https:\/\/www.satt.fr\/wp-content\/uploads\/2020\/06\/Spartha-Logo-HORIZONAL-fond-transparent-300x113.png 300w, https:\/\/www.satt.fr\/wp-content\/uploads\/2020\/06\/Spartha-Logo-HORIZONAL-fond-transparent-768x289.png 768w, https:\/\/www.satt.fr\/wp-content\/uploads\/2020\/06\/Spartha-Logo-HORIZONAL-fond-transparent-1024x386.png 1024w, https:\/\/www.satt.fr\/wp-content\/uploads\/2020\/06\/Spartha-Logo-HORIZONAL-fond-transparent-500x188.png 500w, https:\/\/www.satt.fr\/wp-content\/uploads\/2020\/06\/Spartha-Logo-HORIZONAL-fond-transparent-600x226.png 600w, https:\/\/www.satt.fr\/wp-content\/uploads\/2020\/06\/Spartha-Logo-HORIZONAL-fond-transparent-200x75.png 200w, https:\/\/www.satt.fr\/wp-content\/uploads\/2020\/06\/Spartha-Logo-HORIZONAL-fond-transparent.png 1592w\" sizes=\"auto, (max-width: 150px) 100vw, 150px\" \/><\/div><\/div><\/div><div id=\"pg-19595-26\"  class=\"panel-grid panel-no-style\" ><div id=\"pgc-19595-26-0\"  class=\"panel-grid-cell\" ><div id=\"panel-19595-26-0-0\" class=\"so-panel widget widget_text panel-first-child panel-last-child\" data-index=\"51\" >\t\t\t<div class=\"textwidget\"><p><strong>Therapanacea<\/strong> <em>(SATT Paris-Saclay<\/em><em>)\u00a0<a href=\"https:\/\/sites.google.com\/therapanacea.eu\/index\/home\">sites.google.com\/therapanacea.eu<\/a><\/em><\/p>\n<p>TheraPanacea d\u00e9veloppe des solutions logicielles exploitant l\u2019intelligence artificielle pour r\u00e9volutionner la prise en charge du cancer (pronostic et traitement). La technologie comporte des algorithmes d\u2019analyse d\u2019images pour une annotation automatique et pr\u00e9cise des scans et un meilleur positionnement prenant en compte les tissus mous. Le projet a \u00e9t\u00e9 d\u00e9velopp\u00e9e par le Centre de Vision Num\u00e9rique de l\u2019Ecole CentraleSup\u00e9lec. La SATT Paris-Saclay a r\u00e9alis\u00e9 un investissement de 700 k\u20ac sur cette technologie. Pour lutter contre le COVID-19, la soci\u00e9t\u00e9 TheraPanacea a adapt\u00e9 ses algorithmes pour faire l\u2019analyse d\u2019images des poumons des patients touch\u00e9s par le virus. Ce travail men\u00e9 avec l\u2019AP-HP, l\u2019Institut Gustave Roussy, General Electric et CentraleSup\u00e9lec, permettra de cr\u00e9\u00e9er une base de 10.000 scanners pour permettre de diagnostiquer et de pronostiquer la gravit\u00e9 de l\u2019infection.<\/p>\n<\/div>\n\t\t<\/div><\/div><div id=\"pgc-19595-26-1\"  class=\"panel-grid-cell\" ><div id=\"panel-19595-26-1-0\" class=\"so-panel widget widget_media_image panel-first-child panel-last-child\" data-index=\"52\" ><img loading=\"lazy\" decoding=\"async\" width=\"150\" height=\"44\" src=\"https:\/\/www.satt.fr\/wp-content\/uploads\/2020\/06\/Therapanacea-Logo-150x44.png\" class=\"image wp-image-19556  attachment-thumbnail size-thumbnail\" alt=\"\" style=\"max-width: 100%; height: auto;\" srcset=\"https:\/\/www.satt.fr\/wp-content\/uploads\/2020\/06\/Therapanacea-Logo-150x44.png 150w, https:\/\/www.satt.fr\/wp-content\/uploads\/2020\/06\/Therapanacea-Logo-300x88.png 300w, https:\/\/www.satt.fr\/wp-content\/uploads\/2020\/06\/Therapanacea-Logo-768x224.png 768w, https:\/\/www.satt.fr\/wp-content\/uploads\/2020\/06\/Therapanacea-Logo-1024x299.png 1024w, https:\/\/www.satt.fr\/wp-content\/uploads\/2020\/06\/Therapanacea-Logo-500x146.png 500w, https:\/\/www.satt.fr\/wp-content\/uploads\/2020\/06\/Therapanacea-Logo-600x175.png 600w, https:\/\/www.satt.fr\/wp-content\/uploads\/2020\/06\/Therapanacea-Logo-200x58.png 200w\" sizes=\"auto, (max-width: 150px) 100vw, 150px\" \/><\/div><\/div><\/div><div id=\"pg-19595-27\"  class=\"panel-grid panel-no-style\" ><div id=\"pgc-19595-27-0\"  class=\"panel-grid-cell\" ><div id=\"panel-19595-27-0-0\" class=\"so-panel widget widget_text panel-first-child panel-last-child\" data-index=\"53\" >\t\t\t<div class=\"textwidget\"><p><strong>Xenothera<\/strong> <em>(Ouest Valorisation<\/em><em>)\u00a0<a href=\"https:\/\/www.xenothera.com\/\">www.xenothera.com<\/a><\/em><\/p>\n<p>Depuis sa cr\u00e9ation en 2014, la soci\u00e9t\u00e9 XENOTHERA travaille sur des traitements contre les coronavirus. Fin mars, cette biotech nantaise, sp\u00e9cialis\u00e9e dans le d\u00e9veloppement d&#8217;anticorps polyclonaux &#8220;humanis\u00e9s&#8221;, a lanc\u00e9 un appel aux dons afin de pouvoir proposer plus rapidement un traitement aux malades du COVID-19. En plus des soutiens financiers qu\u2019elle a re\u00e7us, notamment de Bpifrance, de la r\u00e9gion Pays de la Loire et de Nantes M\u00e9tropole, elle a conclu des partenariats avec des soci\u00e9t\u00e9s pharmaceutiques, lui permettant de produire un premier lot de son traitement XAV-19 , en vue d\u2019une \u00e9valuation clinique \u00e0 br\u00e8ve \u00e9ch\u00e9ance. XENOTHERA est en attente de l\u2019autorisation (en cours) de l\u2019ANSM (Agence Nationale de S\u00e9curit\u00e9 du M\u00e9dicament) pour mener des essais cliniques sur une dizaine de patients au CHU de Nantes en juillet, puis \u00e0 plus grande \u00e9chelle dans plusieurs \u00e9tablissements fran\u00e7ais d\u00e8s le mois de septembre.<\/p>\n<\/div>\n\t\t<\/div><\/div><div id=\"pgc-19595-27-1\"  class=\"panel-grid-cell\" ><div id=\"panel-19595-27-1-0\" class=\"so-panel widget widget_media_image panel-first-child panel-last-child\" data-index=\"54\" ><img loading=\"lazy\" decoding=\"async\" width=\"150\" height=\"69\" src=\"https:\/\/www.satt.fr\/wp-content\/uploads\/2020\/06\/Xenothera-150x69.jpg\" class=\"image wp-image-19677  attachment-thumbnail size-thumbnail\" alt=\"\" style=\"max-width: 100%; height: auto;\" srcset=\"https:\/\/www.satt.fr\/wp-content\/uploads\/2020\/06\/Xenothera-150x69.jpg 150w, https:\/\/www.satt.fr\/wp-content\/uploads\/2020\/06\/Xenothera-300x138.jpg 300w, https:\/\/www.satt.fr\/wp-content\/uploads\/2020\/06\/Xenothera-768x354.jpg 768w, https:\/\/www.satt.fr\/wp-content\/uploads\/2020\/06\/Xenothera-500x231.jpg 500w, https:\/\/www.satt.fr\/wp-content\/uploads\/2020\/06\/Xenothera-600x277.jpg 600w, https:\/\/www.satt.fr\/wp-content\/uploads\/2020\/06\/Xenothera-200x92.jpg 200w, https:\/\/www.satt.fr\/wp-content\/uploads\/2020\/06\/Xenothera.jpg 936w\" sizes=\"auto, (max-width: 150px) 100vw, 150px\" \/><\/div><\/div><\/div><\/div>","protected":false},"excerpt":{"rendered":"<p>Diagnostic, analyse, traitement, vie en confinement&#8230; Un grand nombre de startups et projets soutenus par les membres du R\u00e9seau SATT sont mobilis\u00e9s contre le COVID-19, dans l&#8217;optique d&#8217;apporter des solutions concr\u00e8tes et rapides pour sortir de la crise.\u00a0Nous les remercions pour leur l\u2019engagement et vous proposons ci-dessous une liste non exhaustive des d&#8217;initiatives qui proviennent [&hellip;]<\/p>\n","protected":false},"author":2,"featured_media":19581,"comment_status":"closed","ping_status":"closed","sticky":false,"template":"","format":"standard","meta":{"_acf_changed":false,"footnotes":""},"categories":[562,567],"tags":[],"class_list":["post-19595","post","type-post","status-publish","format-standard","has-post-thumbnail","hentry","category-satt-network","category-news-en"],"acf":[],"yoast_head":"<!-- This site is optimized with the Yoast SEO plugin v27.4 - https:\/\/yoast.com\/product\/yoast-seo-wordpress\/ -->\n<title>COVID-19 : Retrouvez les initiatives des startups et projets soutenus par les membres du R\u00e9seau SATT - R\u00e9seau SATT<\/title>\n<meta name=\"robots\" content=\"index, follow, max-snippet:-1, max-image-preview:large, max-video-preview:-1\" \/>\n<link rel=\"canonical\" href=\"https:\/\/www.satt.fr\/en\/covid-initiatives\/\" \/>\n<meta name=\"twitter:label1\" content=\"Written by\" \/>\n\t<meta name=\"twitter:data1\" content=\"admin\" \/>\n\t<meta name=\"twitter:label2\" content=\"Est. reading time\" \/>\n\t<meta name=\"twitter:data2\" content=\"18 minutes\" \/>\n<script type=\"application\/ld+json\" class=\"yoast-schema-graph\">{\"@context\":\"https:\\\/\\\/schema.org\",\"@graph\":[{\"@type\":\"Article\",\"@id\":\"https:\\\/\\\/www.satt.fr\\\/en\\\/covid-initiatives\\\/#article\",\"isPartOf\":{\"@id\":\"https:\\\/\\\/www.satt.fr\\\/en\\\/covid-initiatives\\\/\"},\"author\":{\"name\":\"admin\",\"@id\":\"https:\\\/\\\/www.satt.fr\\\/en\\\/#\\\/schema\\\/person\\\/6f20a7d0bc03146f6e34a9f08d941fec\"},\"headline\":\"COVID-19 : Retrouvez les initiatives des startups et projets soutenus par les membres du R\u00e9seau SATT\",\"datePublished\":\"2020-06-05T08:30:52+00:00\",\"dateModified\":\"2020-06-17T13:24:31+00:00\",\"mainEntityOfPage\":{\"@id\":\"https:\\\/\\\/www.satt.fr\\\/en\\\/covid-initiatives\\\/\"},\"wordCount\":3529,\"image\":{\"@id\":\"https:\\\/\\\/www.satt.fr\\\/en\\\/covid-initiatives\\\/#primaryimage\"},\"thumbnailUrl\":\"https:\\\/\\\/www.satt.fr\\\/wp-content\\\/uploads\\\/2020\\\/06\\\/COMCOVID2.jpg\",\"articleSection\":[\"SATT Network\",\"News\"],\"inLanguage\":\"en-US\"},{\"@type\":\"WebPage\",\"@id\":\"https:\\\/\\\/www.satt.fr\\\/en\\\/covid-initiatives\\\/\",\"url\":\"https:\\\/\\\/www.satt.fr\\\/en\\\/covid-initiatives\\\/\",\"name\":\"COVID-19 : Retrouvez les initiatives des startups et projets soutenus par les membres du R\u00e9seau SATT - R\u00e9seau SATT\",\"isPartOf\":{\"@id\":\"https:\\\/\\\/www.satt.fr\\\/en\\\/#website\"},\"primaryImageOfPage\":{\"@id\":\"https:\\\/\\\/www.satt.fr\\\/en\\\/covid-initiatives\\\/#primaryimage\"},\"image\":{\"@id\":\"https:\\\/\\\/www.satt.fr\\\/en\\\/covid-initiatives\\\/#primaryimage\"},\"thumbnailUrl\":\"https:\\\/\\\/www.satt.fr\\\/wp-content\\\/uploads\\\/2020\\\/06\\\/COMCOVID2.jpg\",\"datePublished\":\"2020-06-05T08:30:52+00:00\",\"dateModified\":\"2020-06-17T13:24:31+00:00\",\"author\":{\"@id\":\"https:\\\/\\\/www.satt.fr\\\/en\\\/#\\\/schema\\\/person\\\/6f20a7d0bc03146f6e34a9f08d941fec\"},\"breadcrumb\":{\"@id\":\"https:\\\/\\\/www.satt.fr\\\/en\\\/covid-initiatives\\\/#breadcrumb\"},\"inLanguage\":\"en-US\",\"potentialAction\":[{\"@type\":\"ReadAction\",\"target\":[\"https:\\\/\\\/www.satt.fr\\\/en\\\/covid-initiatives\\\/\"]}]},{\"@type\":\"ImageObject\",\"inLanguage\":\"en-US\",\"@id\":\"https:\\\/\\\/www.satt.fr\\\/en\\\/covid-initiatives\\\/#primaryimage\",\"url\":\"https:\\\/\\\/www.satt.fr\\\/wp-content\\\/uploads\\\/2020\\\/06\\\/COMCOVID2.jpg\",\"contentUrl\":\"https:\\\/\\\/www.satt.fr\\\/wp-content\\\/uploads\\\/2020\\\/06\\\/COMCOVID2.jpg\",\"width\":3200,\"height\":1785},{\"@type\":\"BreadcrumbList\",\"@id\":\"https:\\\/\\\/www.satt.fr\\\/en\\\/covid-initiatives\\\/#breadcrumb\",\"itemListElement\":[{\"@type\":\"ListItem\",\"position\":1,\"name\":\"Accueil\",\"item\":\"https:\\\/\\\/www.satt.fr\\\/en\\\/\"},{\"@type\":\"ListItem\",\"position\":2,\"name\":\"COVID-19 : Retrouvez les initiatives des startups et projets soutenus par les membres du R\u00e9seau SATT\"}]},{\"@type\":\"WebSite\",\"@id\":\"https:\\\/\\\/www.satt.fr\\\/en\\\/#website\",\"url\":\"https:\\\/\\\/www.satt.fr\\\/en\\\/\",\"name\":\"R\u00e9seau SATT\",\"description\":\"Les Soci\u00e9t\u00e9s d&#039;Acc\u00e9l\u00e9ration du Transfert de Technologies\",\"potentialAction\":[{\"@type\":\"SearchAction\",\"target\":{\"@type\":\"EntryPoint\",\"urlTemplate\":\"https:\\\/\\\/www.satt.fr\\\/en\\\/?s={search_term_string}\"},\"query-input\":{\"@type\":\"PropertyValueSpecification\",\"valueRequired\":true,\"valueName\":\"search_term_string\"}}],\"inLanguage\":\"en-US\"},{\"@type\":\"Person\",\"@id\":\"https:\\\/\\\/www.satt.fr\\\/en\\\/#\\\/schema\\\/person\\\/6f20a7d0bc03146f6e34a9f08d941fec\",\"name\":\"admin\",\"url\":\"https:\\\/\\\/www.satt.fr\\\/en\\\/author\\\/admin\\\/\"}]}<\/script>\n<!-- \/ Yoast SEO plugin. -->","yoast_head_json":{"title":"COVID-19 : Retrouvez les initiatives des startups et projets soutenus par les membres du R\u00e9seau SATT - R\u00e9seau SATT","robots":{"index":"index","follow":"follow","max-snippet":"max-snippet:-1","max-image-preview":"max-image-preview:large","max-video-preview":"max-video-preview:-1"},"canonical":"https:\/\/www.satt.fr\/en\/covid-initiatives\/","twitter_misc":{"Written by":"admin","Est. reading time":"18 minutes"},"schema":{"@context":"https:\/\/schema.org","@graph":[{"@type":"Article","@id":"https:\/\/www.satt.fr\/en\/covid-initiatives\/#article","isPartOf":{"@id":"https:\/\/www.satt.fr\/en\/covid-initiatives\/"},"author":{"name":"admin","@id":"https:\/\/www.satt.fr\/en\/#\/schema\/person\/6f20a7d0bc03146f6e34a9f08d941fec"},"headline":"COVID-19 : Retrouvez les initiatives des startups et projets soutenus par les membres du R\u00e9seau SATT","datePublished":"2020-06-05T08:30:52+00:00","dateModified":"2020-06-17T13:24:31+00:00","mainEntityOfPage":{"@id":"https:\/\/www.satt.fr\/en\/covid-initiatives\/"},"wordCount":3529,"image":{"@id":"https:\/\/www.satt.fr\/en\/covid-initiatives\/#primaryimage"},"thumbnailUrl":"https:\/\/www.satt.fr\/wp-content\/uploads\/2020\/06\/COMCOVID2.jpg","articleSection":["SATT Network","News"],"inLanguage":"en-US"},{"@type":"WebPage","@id":"https:\/\/www.satt.fr\/en\/covid-initiatives\/","url":"https:\/\/www.satt.fr\/en\/covid-initiatives\/","name":"COVID-19 : Retrouvez les initiatives des startups et projets soutenus par les membres du R\u00e9seau SATT - R\u00e9seau SATT","isPartOf":{"@id":"https:\/\/www.satt.fr\/en\/#website"},"primaryImageOfPage":{"@id":"https:\/\/www.satt.fr\/en\/covid-initiatives\/#primaryimage"},"image":{"@id":"https:\/\/www.satt.fr\/en\/covid-initiatives\/#primaryimage"},"thumbnailUrl":"https:\/\/www.satt.fr\/wp-content\/uploads\/2020\/06\/COMCOVID2.jpg","datePublished":"2020-06-05T08:30:52+00:00","dateModified":"2020-06-17T13:24:31+00:00","author":{"@id":"https:\/\/www.satt.fr\/en\/#\/schema\/person\/6f20a7d0bc03146f6e34a9f08d941fec"},"breadcrumb":{"@id":"https:\/\/www.satt.fr\/en\/covid-initiatives\/#breadcrumb"},"inLanguage":"en-US","potentialAction":[{"@type":"ReadAction","target":["https:\/\/www.satt.fr\/en\/covid-initiatives\/"]}]},{"@type":"ImageObject","inLanguage":"en-US","@id":"https:\/\/www.satt.fr\/en\/covid-initiatives\/#primaryimage","url":"https:\/\/www.satt.fr\/wp-content\/uploads\/2020\/06\/COMCOVID2.jpg","contentUrl":"https:\/\/www.satt.fr\/wp-content\/uploads\/2020\/06\/COMCOVID2.jpg","width":3200,"height":1785},{"@type":"BreadcrumbList","@id":"https:\/\/www.satt.fr\/en\/covid-initiatives\/#breadcrumb","itemListElement":[{"@type":"ListItem","position":1,"name":"Accueil","item":"https:\/\/www.satt.fr\/en\/"},{"@type":"ListItem","position":2,"name":"COVID-19 : Retrouvez les initiatives des startups et projets soutenus par les membres du R\u00e9seau SATT"}]},{"@type":"WebSite","@id":"https:\/\/www.satt.fr\/en\/#website","url":"https:\/\/www.satt.fr\/en\/","name":"R\u00e9seau SATT","description":"Les Soci\u00e9t\u00e9s d&#039;Acc\u00e9l\u00e9ration du Transfert de Technologies","potentialAction":[{"@type":"SearchAction","target":{"@type":"EntryPoint","urlTemplate":"https:\/\/www.satt.fr\/en\/?s={search_term_string}"},"query-input":{"@type":"PropertyValueSpecification","valueRequired":true,"valueName":"search_term_string"}}],"inLanguage":"en-US"},{"@type":"Person","@id":"https:\/\/www.satt.fr\/en\/#\/schema\/person\/6f20a7d0bc03146f6e34a9f08d941fec","name":"admin","url":"https:\/\/www.satt.fr\/en\/author\/admin\/"}]}},"_links":{"self":[{"href":"https:\/\/www.satt.fr\/en\/wp-json\/wp\/v2\/posts\/19595","targetHints":{"allow":["GET"]}}],"collection":[{"href":"https:\/\/www.satt.fr\/en\/wp-json\/wp\/v2\/posts"}],"about":[{"href":"https:\/\/www.satt.fr\/en\/wp-json\/wp\/v2\/types\/post"}],"author":[{"embeddable":true,"href":"https:\/\/www.satt.fr\/en\/wp-json\/wp\/v2\/users\/2"}],"replies":[{"embeddable":true,"href":"https:\/\/www.satt.fr\/en\/wp-json\/wp\/v2\/comments?post=19595"}],"version-history":[{"count":5,"href":"https:\/\/www.satt.fr\/en\/wp-json\/wp\/v2\/posts\/19595\/revisions"}],"predecessor-version":[{"id":19938,"href":"https:\/\/www.satt.fr\/en\/wp-json\/wp\/v2\/posts\/19595\/revisions\/19938"}],"wp:featuredmedia":[{"embeddable":true,"href":"https:\/\/www.satt.fr\/en\/wp-json\/wp\/v2\/media\/19581"}],"wp:attachment":[{"href":"https:\/\/www.satt.fr\/en\/wp-json\/wp\/v2\/media?parent=19595"}],"wp:term":[{"taxonomy":"category","embeddable":true,"href":"https:\/\/www.satt.fr\/en\/wp-json\/wp\/v2\/categories?post=19595"},{"taxonomy":"post_tag","embeddable":true,"href":"https:\/\/www.satt.fr\/en\/wp-json\/wp\/v2\/tags?post=19595"}],"curies":[{"name":"wp","href":"https:\/\/api.w.org\/{rel}","templated":true}]}}