{"id":1967,"date":"2015-09-16T17:24:01","date_gmt":"2015-09-16T15:24:01","guid":{"rendered":"http:\/\/www.satt.fr\/?p=1967"},"modified":"2017-11-13T16:59:00","modified_gmt":"2017-11-13T15:59:00","slug":"info-day-h2020-energie-les-opportunites-de-financement-de-vos-projets","status":"publish","type":"post","link":"https:\/\/www.satt.fr\/en\/info-day-h2020-energie-les-opportunites-de-financement-de-vos-projets\/","title":{"rendered":"Info Day H2020 Energie, les opportunit\u00e9s de financement de vos projets"},"content":{"rendered":"<h2>Cet \u00e9v\u00e8nement organis\u00e9 par le P\u00f4le de comp\u00e9titivit\u00e9 et PRIDES Capenergies, en partenariat avec la SATT Sud Est et EEN France M\u00e9diterran\u00e9e (ARII) aura lieu le vendredi 2 octobre 2015 de 14h a\u0300 18h a\u0300 la CEEI, Technop\u00f4le de l\u2019Environnement de l\u2019Arbois, Aix-en-Provence<\/h2>\n<p><!--more--><\/p>\n<p>Au cours de cette apr\u00e8s-midi vous seront pr\u00e9sent\u00e9es les opportunit\u00e9s de financements offertes par les appels a\u0300 projets europ\u00e9ens H2020 sur la p\u00e9riode 2016-2017. Les interventions porteront sur :<\/p>\n<ul>\n<li>Les objectifs europ\u00e9ens en mati\u00e8re d\u2019\u00e9nergie,<\/li>\n<li>L&#8217;analyse des r\u00e9sultats 2014-2015 et les conclusions\/bonnes pratiques,<\/li>\n<li>La pr\u00e9sentation des appels de la th\u00e9matique Energie pour la p\u00e9riode 2016-2017.<\/li>\n<\/ul>\n<h3>En savoir plus:<\/h3>\n<ul>\n<li><a title=\"Info Day H2020 Energie, les opportunit\u00e9s de financement de vos projets\" href=\"https:\/\/www.sattse.com\/2015\/09\/info-day-h2020\/\">D\u00e9couvrez l&#8217;article sur le site de la SATT Sud Est<\/a><\/li>\n<li><a title=\"programme Info Day H2020 Energies\" href=\"https:\/\/www.sattse.com\/wp-content\/uploads\/2015\/09\/Affiche_programme_Info-Day-H2020.pdf\">T\u00e9l\u00e9chargez le communiqu\u00e9 de presse <\/a><\/li>\n<\/ul>\n<p>&nbsp;<\/p>\n","protected":false},"excerpt":{"rendered":"<p>Cet \u00e9v\u00e8nement organis\u00e9 par le P\u00f4le de comp\u00e9titivit\u00e9 et PRIDES Capenergies, en partenariat avec la SATT Sud Est et EEN France M\u00e9diterran\u00e9e (ARII) aura lieu le vendredi 2 octobre 2015 de 14h a\u0300 18h a\u0300 la CEEI, Technop\u00f4le de l\u2019Environnement de l\u2019Arbois, Aix-en-Provence<\/p>\n","protected":false},"author":4,"featured_media":0,"comment_status":"closed","ping_status":"open","sticky":false,"template":"","format":"standard","meta":{"_acf_changed":false,"footnotes":""},"categories":[538],"tags":[365,29,46,64,75,218,220,362,363,364],"class_list":["post-1967","post","type-post","status-publish","format-standard","hentry","category-evenement","tag-enterprise-europe-network","tag-satt-sud-est","tag-evenement","tag-financement","tag-aix-en-provence","tag-capenergies","tag-energie","tag-arbois","tag-ceei","tag-een-france-mediterranee"],"acf":[],"yoast_head":"<!-- This site is optimized with the Yoast SEO plugin v27.4 - https:\/\/yoast.com\/product\/yoast-seo-wordpress\/ -->\n<title>Info Day H2020 Energie, les opportunit\u00e9s de financement de vos projets - R\u00e9seau SATT<\/title>\n<meta name=\"robots\" content=\"index, follow, max-snippet:-1, max-image-preview:large, max-video-preview:-1\" \/>\n<link rel=\"canonical\" href=\"https:\/\/www.satt.fr\/info-day-h2020-energie-les-opportunites-de-financement-de-vos-projets\/\" \/>\n<meta name=\"twitter:label1\" content=\"Written by\" \/>\n\t<meta name=\"twitter:data1\" content=\"redacteur SATT\" \/>\n\t<meta name=\"twitter:label2\" content=\"Est. reading time\" \/>\n\t<meta name=\"twitter:data2\" content=\"1 minute\" \/>\n<script type=\"application\/ld+json\" class=\"yoast-schema-graph\">{\"@context\":\"https:\\\/\\\/schema.org\",\"@graph\":[{\"@type\":\"Article\",\"@id\":\"https:\\\/\\\/www.satt.fr\\\/info-day-h2020-energie-les-opportunites-de-financement-de-vos-projets\\\/#article\",\"isPartOf\":{\"@id\":\"https:\\\/\\\/www.satt.fr\\\/info-day-h2020-energie-les-opportunites-de-financement-de-vos-projets\\\/\"},\"author\":{\"name\":\"redacteur SATT\",\"@id\":\"https:\\\/\\\/www.satt.fr\\\/en\\\/#\\\/schema\\\/person\\\/a6836c00a1284a8188e1a05deb2a5e5c\"},\"headline\":\"Info Day H2020 Energie, les opportunit\u00e9s de financement de vos projets\",\"datePublished\":\"2015-09-16T15:24:01+00:00\",\"dateModified\":\"2017-11-13T15:59:00+00:00\",\"mainEntityOfPage\":{\"@id\":\"https:\\\/\\\/www.satt.fr\\\/info-day-h2020-energie-les-opportunites-de-financement-de-vos-projets\\\/\"},\"wordCount\":153,\"keywords\":[\"enterprise europe network\",\"SATT Sud Est\",\"\u00e9v\u00e9nement\",\"financement\",\"aix-en-provence\",\"capenergies\",\"\u00e9nergie\",\"arbois\",\"ceei\",\"een france m\u00e9diterran\u00e9e\"],\"articleSection\":[\"Ev\u00e9nements\"],\"inLanguage\":\"en-US\"},{\"@type\":\"WebPage\",\"@id\":\"https:\\\/\\\/www.satt.fr\\\/info-day-h2020-energie-les-opportunites-de-financement-de-vos-projets\\\/\",\"url\":\"https:\\\/\\\/www.satt.fr\\\/info-day-h2020-energie-les-opportunites-de-financement-de-vos-projets\\\/\",\"name\":\"Info Day H2020 Energie, les opportunit\u00e9s de financement de vos projets - R\u00e9seau SATT\",\"isPartOf\":{\"@id\":\"https:\\\/\\\/www.satt.fr\\\/en\\\/#website\"},\"datePublished\":\"2015-09-16T15:24:01+00:00\",\"dateModified\":\"2017-11-13T15:59:00+00:00\",\"author\":{\"@id\":\"https:\\\/\\\/www.satt.fr\\\/en\\\/#\\\/schema\\\/person\\\/a6836c00a1284a8188e1a05deb2a5e5c\"},\"breadcrumb\":{\"@id\":\"https:\\\/\\\/www.satt.fr\\\/info-day-h2020-energie-les-opportunites-de-financement-de-vos-projets\\\/#breadcrumb\"},\"inLanguage\":\"en-US\",\"potentialAction\":[{\"@type\":\"ReadAction\",\"target\":[\"https:\\\/\\\/www.satt.fr\\\/info-day-h2020-energie-les-opportunites-de-financement-de-vos-projets\\\/\"]}]},{\"@type\":\"BreadcrumbList\",\"@id\":\"https:\\\/\\\/www.satt.fr\\\/info-day-h2020-energie-les-opportunites-de-financement-de-vos-projets\\\/#breadcrumb\",\"itemListElement\":[{\"@type\":\"ListItem\",\"position\":1,\"name\":\"Accueil\",\"item\":\"https:\\\/\\\/www.satt.fr\\\/en\\\/\"},{\"@type\":\"ListItem\",\"position\":2,\"name\":\"Info Day H2020 Energie, les opportunit\u00e9s de financement de vos projets\"}]},{\"@type\":\"WebSite\",\"@id\":\"https:\\\/\\\/www.satt.fr\\\/en\\\/#website\",\"url\":\"https:\\\/\\\/www.satt.fr\\\/en\\\/\",\"name\":\"R\u00e9seau SATT\",\"description\":\"Les Soci\u00e9t\u00e9s d&#039;Acc\u00e9l\u00e9ration du Transfert de Technologies\",\"potentialAction\":[{\"@type\":\"SearchAction\",\"target\":{\"@type\":\"EntryPoint\",\"urlTemplate\":\"https:\\\/\\\/www.satt.fr\\\/en\\\/?s={search_term_string}\"},\"query-input\":{\"@type\":\"PropertyValueSpecification\",\"valueRequired\":true,\"valueName\":\"search_term_string\"}}],\"inLanguage\":\"en-US\"},{\"@type\":\"Person\",\"@id\":\"https:\\\/\\\/www.satt.fr\\\/en\\\/#\\\/schema\\\/person\\\/a6836c00a1284a8188e1a05deb2a5e5c\",\"name\":\"redacteur SATT\",\"url\":\"https:\\\/\\\/www.satt.fr\\\/en\\\/author\\\/redacteur\\\/\"}]}<\/script>\n<!-- \/ Yoast SEO plugin. -->","yoast_head_json":{"title":"Info Day H2020 Energie, les opportunit\u00e9s de financement de vos projets - R\u00e9seau SATT","robots":{"index":"index","follow":"follow","max-snippet":"max-snippet:-1","max-image-preview":"max-image-preview:large","max-video-preview":"max-video-preview:-1"},"canonical":"https:\/\/www.satt.fr\/info-day-h2020-energie-les-opportunites-de-financement-de-vos-projets\/","twitter_misc":{"Written by":"redacteur SATT","Est. reading time":"1 minute"},"schema":{"@context":"https:\/\/schema.org","@graph":[{"@type":"Article","@id":"https:\/\/www.satt.fr\/info-day-h2020-energie-les-opportunites-de-financement-de-vos-projets\/#article","isPartOf":{"@id":"https:\/\/www.satt.fr\/info-day-h2020-energie-les-opportunites-de-financement-de-vos-projets\/"},"author":{"name":"redacteur SATT","@id":"https:\/\/www.satt.fr\/en\/#\/schema\/person\/a6836c00a1284a8188e1a05deb2a5e5c"},"headline":"Info Day H2020 Energie, les opportunit\u00e9s de financement de vos projets","datePublished":"2015-09-16T15:24:01+00:00","dateModified":"2017-11-13T15:59:00+00:00","mainEntityOfPage":{"@id":"https:\/\/www.satt.fr\/info-day-h2020-energie-les-opportunites-de-financement-de-vos-projets\/"},"wordCount":153,"keywords":["enterprise europe network","SATT Sud Est","\u00e9v\u00e9nement","financement","aix-en-provence","capenergies","\u00e9nergie","arbois","ceei","een france m\u00e9diterran\u00e9e"],"articleSection":["Ev\u00e9nements"],"inLanguage":"en-US"},{"@type":"WebPage","@id":"https:\/\/www.satt.fr\/info-day-h2020-energie-les-opportunites-de-financement-de-vos-projets\/","url":"https:\/\/www.satt.fr\/info-day-h2020-energie-les-opportunites-de-financement-de-vos-projets\/","name":"Info Day H2020 Energie, les opportunit\u00e9s de financement de vos projets - R\u00e9seau SATT","isPartOf":{"@id":"https:\/\/www.satt.fr\/en\/#website"},"datePublished":"2015-09-16T15:24:01+00:00","dateModified":"2017-11-13T15:59:00+00:00","author":{"@id":"https:\/\/www.satt.fr\/en\/#\/schema\/person\/a6836c00a1284a8188e1a05deb2a5e5c"},"breadcrumb":{"@id":"https:\/\/www.satt.fr\/info-day-h2020-energie-les-opportunites-de-financement-de-vos-projets\/#breadcrumb"},"inLanguage":"en-US","potentialAction":[{"@type":"ReadAction","target":["https:\/\/www.satt.fr\/info-day-h2020-energie-les-opportunites-de-financement-de-vos-projets\/"]}]},{"@type":"BreadcrumbList","@id":"https:\/\/www.satt.fr\/info-day-h2020-energie-les-opportunites-de-financement-de-vos-projets\/#breadcrumb","itemListElement":[{"@type":"ListItem","position":1,"name":"Accueil","item":"https:\/\/www.satt.fr\/en\/"},{"@type":"ListItem","position":2,"name":"Info Day H2020 Energie, les opportunit\u00e9s de financement de vos projets"}]},{"@type":"WebSite","@id":"https:\/\/www.satt.fr\/en\/#website","url":"https:\/\/www.satt.fr\/en\/","name":"R\u00e9seau SATT","description":"Les Soci\u00e9t\u00e9s d&#039;Acc\u00e9l\u00e9ration du Transfert de Technologies","potentialAction":[{"@type":"SearchAction","target":{"@type":"EntryPoint","urlTemplate":"https:\/\/www.satt.fr\/en\/?s={search_term_string}"},"query-input":{"@type":"PropertyValueSpecification","valueRequired":true,"valueName":"search_term_string"}}],"inLanguage":"en-US"},{"@type":"Person","@id":"https:\/\/www.satt.fr\/en\/#\/schema\/person\/a6836c00a1284a8188e1a05deb2a5e5c","name":"redacteur SATT","url":"https:\/\/www.satt.fr\/en\/author\/redacteur\/"}]}},"_links":{"self":[{"href":"https:\/\/www.satt.fr\/en\/wp-json\/wp\/v2\/posts\/1967","targetHints":{"allow":["GET"]}}],"collection":[{"href":"https:\/\/www.satt.fr\/en\/wp-json\/wp\/v2\/posts"}],"about":[{"href":"https:\/\/www.satt.fr\/en\/wp-json\/wp\/v2\/types\/post"}],"author":[{"embeddable":true,"href":"https:\/\/www.satt.fr\/en\/wp-json\/wp\/v2\/users\/4"}],"replies":[{"embeddable":true,"href":"https:\/\/www.satt.fr\/en\/wp-json\/wp\/v2\/comments?post=1967"}],"version-history":[{"count":1,"href":"https:\/\/www.satt.fr\/en\/wp-json\/wp\/v2\/posts\/1967\/revisions"}],"predecessor-version":[{"id":4749,"href":"https:\/\/www.satt.fr\/en\/wp-json\/wp\/v2\/posts\/1967\/revisions\/4749"}],"wp:attachment":[{"href":"https:\/\/www.satt.fr\/en\/wp-json\/wp\/v2\/media?parent=1967"}],"wp:term":[{"taxonomy":"category","embeddable":true,"href":"https:\/\/www.satt.fr\/en\/wp-json\/wp\/v2\/categories?post=1967"},{"taxonomy":"post_tag","embeddable":true,"href":"https:\/\/www.satt.fr\/en\/wp-json\/wp\/v2\/tags?post=1967"}],"curies":[{"name":"wp","href":"https:\/\/api.w.org\/{rel}","templated":true}]}}