{"id":19691,"date":"2020-06-04T15:19:50","date_gmt":"2020-06-04T13:19:50","guid":{"rendered":"https:\/\/www.satt.fr\/decouvrir-les-offres-entreprises-de-la-satt-paris-saclay-avec-sebastien-magnaval\/"},"modified":"2020-06-05T10:56:11","modified_gmt":"2020-06-05T08:56:11","slug":"decouvrir-les-offres-entreprises-de-la-satt-paris-saclay-avec-sebastien-magnaval","status":"publish","type":"post","link":"https:\/\/www.satt.fr\/en\/decouvrir-les-offres-entreprises-de-la-satt-paris-saclay-avec-sebastien-magnaval\/","title":{"rendered":"D\u00e9couvrir les offres Entreprises de la SATT Paris-Saclay, avec S\u00e9bastien Magnaval"},"content":{"rendered":"<p><strong>La SATT propose des offres de services d\u00e9di\u00e9es \u00e0 l\u2019accompagnement\u00a0des strat\u00e9gies industrielles d\u2019open innovation et de\u00a0scouting technologique. Elle s\u2019adresse aussi aux entreprises souhaitant b\u00e9n\u00e9ficier du mod\u00e8le \u00e9conomique du\u00a0transfert de technologies innovantes du Cluster Paris-Saclay. S\u00e9bastien Magnaval, Responsable du P\u00f4le Relation Entreprises-Laboratoires, tire un bilan de cette ann\u00e9e 2019 et nous en dit plus sur les perspectives \u00e0 venir !<\/strong><\/p>\n<blockquote>\n<p><em>\u00ab Aujourd\u2019hui, <strong>f<\/strong><\/em><strong><em>ortement reconnue pour sa capacit\u00e9 \u00e0 rapprocher entreprises et laboratoires<\/em><\/strong><em>, la SATT Paris-Saclay a renforc\u00e9, en 2019, sa pr\u00e9sence aupr\u00e8s des industriels. Avec pr\u00e8s de <\/em><strong><em>180 entreprises rencontr\u00e9es via <\/em><\/strong><em>des rendez-vous individuels, <strong>l\u2019organisation<\/strong><\/em> <strong><em>de TechMeetings<\/em><\/strong><em>, des salons professionnels, la qualification de leurs activit\u00e9s a <\/em><strong><em>progress\u00e9 de 50%<\/em><\/strong><em>. Cette connaissance est mise \u00e0 profit pour faciliter les collaborations entreprises-laboratoires et accompagner les industriels dans leurs activit\u00e9s d\u2019open innovation. Elle sert \u00e9galement nos projets de maturation, nos start-up dans la recherche de partenaires industriels. <strong>Cette strat\u00e9gie de mises en relation<\/strong><strong>\u00a0sur-mesure<\/strong>\u00a0sera men\u00e9e en plus forte synergie avec les acteurs du territoire en 2020.<\/em><em>\u00a0\u00bb,\u00a0<\/em>S\u00e9bastien Magnaval,\u00a0Responsable du P\u00f4le Relation Entreprises-Laboratoires, SATT Paris-Saclay<\/p>\n<\/blockquote>\n<p style=\"text-align: center;\"><a href=\"https:\/\/satt-paris-saclay.fr\/entreprises\/\" target=\"_blank\" rel=\"noopener\"><strong>D\u00e9couvrir les offres Entreprises SATT Paris-Saclay<\/strong><\/a><\/p>\n","protected":false},"excerpt":{"rendered":"<p>La SATT propose des offres de services d\u00e9di\u00e9es \u00e0 l\u2019accompagnement\u00a0des strat\u00e9gies industrielles d\u2019open innovation et de\u00a0scouting technologique. Elle s\u2019adresse aussi aux entreprises souhaitant b\u00e9n\u00e9ficier du mod\u00e8le \u00e9conomique du\u00a0transfert de technologies innovantes du Cluster Paris-Saclay. S\u00e9bastien Magnaval, Responsable du P\u00f4le Relation Entreprises-Laboratoires, tire un bilan de cette ann\u00e9e 2019 et nous en dit plus sur les [&hellip;]<\/p>\n","protected":false},"author":18,"featured_media":19711,"comment_status":"closed","ping_status":"closed","sticky":false,"template":"","format":"standard","meta":{"_acf_changed":false,"footnotes":""},"categories":[567,568],"tags":[],"class_list":["post-19691","post","type-post","status-publish","format-standard","has-post-thumbnail","hentry","category-news-en","category-successstories-en"],"acf":[],"yoast_head":"<!-- This site is optimized with the Yoast SEO plugin v27.4 - https:\/\/yoast.com\/product\/yoast-seo-wordpress\/ -->\n<title>D\u00e9couvrir les offres Entreprises de la SATT Paris-Saclay, avec S\u00e9bastien Magnaval - R\u00e9seau SATT<\/title>\n<meta name=\"description\" content=\"Vous souhaitez b\u00e9n\u00e9ficier, aussi, du mod\u00e8le \u00e9conomiquede transfert de technologies innovantes\u00a0du Cluster Paris-Saclay ? S\u00e9bastien Magnaval vous en parle !\" \/>\n<meta name=\"robots\" content=\"index, follow, max-snippet:-1, max-image-preview:large, max-video-preview:-1\" \/>\n<link rel=\"canonical\" href=\"https:\/\/www.satt.fr\/en\/decouvrir-les-offres-entreprises-de-la-satt-paris-saclay-avec-sebastien-magnaval\/\" \/>\n<meta name=\"twitter:label1\" content=\"Written by\" \/>\n\t<meta name=\"twitter:data1\" content=\"Lydwine heneault\" \/>\n\t<meta name=\"twitter:label2\" content=\"Est. reading time\" \/>\n\t<meta name=\"twitter:data2\" content=\"1 minute\" \/>\n<script type=\"application\/ld+json\" class=\"yoast-schema-graph\">{\"@context\":\"https:\\\/\\\/schema.org\",\"@graph\":[{\"@type\":\"Article\",\"@id\":\"https:\\\/\\\/www.satt.fr\\\/en\\\/decouvrir-les-offres-entreprises-de-la-satt-paris-saclay-avec-sebastien-magnaval\\\/#article\",\"isPartOf\":{\"@id\":\"https:\\\/\\\/www.satt.fr\\\/en\\\/decouvrir-les-offres-entreprises-de-la-satt-paris-saclay-avec-sebastien-magnaval\\\/\"},\"author\":{\"name\":\"Lydwine heneault\",\"@id\":\"https:\\\/\\\/www.satt.fr\\\/en\\\/#\\\/schema\\\/person\\\/6b4a6e71701d457ee52e95f35a468fd6\"},\"headline\":\"D\u00e9couvrir les offres Entreprises de la SATT Paris-Saclay, avec S\u00e9bastien Magnaval\",\"datePublished\":\"2020-06-04T13:19:50+00:00\",\"dateModified\":\"2020-06-05T08:56:11+00:00\",\"mainEntityOfPage\":{\"@id\":\"https:\\\/\\\/www.satt.fr\\\/en\\\/decouvrir-les-offres-entreprises-de-la-satt-paris-saclay-avec-sebastien-magnaval\\\/\"},\"wordCount\":210,\"image\":{\"@id\":\"https:\\\/\\\/www.satt.fr\\\/en\\\/decouvrir-les-offres-entreprises-de-la-satt-paris-saclay-avec-sebastien-magnaval\\\/#primaryimage\"},\"thumbnailUrl\":\"https:\\\/\\\/www.satt.fr\\\/wp-content\\\/uploads\\\/2020\\\/06\\\/Entreprises.jpg\",\"articleSection\":[\"News\",\"Success Stories\"],\"inLanguage\":\"en-US\"},{\"@type\":\"WebPage\",\"@id\":\"https:\\\/\\\/www.satt.fr\\\/en\\\/decouvrir-les-offres-entreprises-de-la-satt-paris-saclay-avec-sebastien-magnaval\\\/\",\"url\":\"https:\\\/\\\/www.satt.fr\\\/en\\\/decouvrir-les-offres-entreprises-de-la-satt-paris-saclay-avec-sebastien-magnaval\\\/\",\"name\":\"D\u00e9couvrir les offres Entreprises de la SATT Paris-Saclay, avec S\u00e9bastien Magnaval - R\u00e9seau SATT\",\"isPartOf\":{\"@id\":\"https:\\\/\\\/www.satt.fr\\\/en\\\/#website\"},\"primaryImageOfPage\":{\"@id\":\"https:\\\/\\\/www.satt.fr\\\/en\\\/decouvrir-les-offres-entreprises-de-la-satt-paris-saclay-avec-sebastien-magnaval\\\/#primaryimage\"},\"image\":{\"@id\":\"https:\\\/\\\/www.satt.fr\\\/en\\\/decouvrir-les-offres-entreprises-de-la-satt-paris-saclay-avec-sebastien-magnaval\\\/#primaryimage\"},\"thumbnailUrl\":\"https:\\\/\\\/www.satt.fr\\\/wp-content\\\/uploads\\\/2020\\\/06\\\/Entreprises.jpg\",\"datePublished\":\"2020-06-04T13:19:50+00:00\",\"dateModified\":\"2020-06-05T08:56:11+00:00\",\"author\":{\"@id\":\"https:\\\/\\\/www.satt.fr\\\/en\\\/#\\\/schema\\\/person\\\/6b4a6e71701d457ee52e95f35a468fd6\"},\"description\":\"Vous souhaitez b\u00e9n\u00e9ficier, aussi, du mod\u00e8le \u00e9conomiquede transfert de technologies innovantes\u00a0du Cluster Paris-Saclay ? S\u00e9bastien Magnaval vous en parle !\",\"breadcrumb\":{\"@id\":\"https:\\\/\\\/www.satt.fr\\\/en\\\/decouvrir-les-offres-entreprises-de-la-satt-paris-saclay-avec-sebastien-magnaval\\\/#breadcrumb\"},\"inLanguage\":\"en-US\",\"potentialAction\":[{\"@type\":\"ReadAction\",\"target\":[\"https:\\\/\\\/www.satt.fr\\\/en\\\/decouvrir-les-offres-entreprises-de-la-satt-paris-saclay-avec-sebastien-magnaval\\\/\"]}]},{\"@type\":\"ImageObject\",\"inLanguage\":\"en-US\",\"@id\":\"https:\\\/\\\/www.satt.fr\\\/en\\\/decouvrir-les-offres-entreprises-de-la-satt-paris-saclay-avec-sebastien-magnaval\\\/#primaryimage\",\"url\":\"https:\\\/\\\/www.satt.fr\\\/wp-content\\\/uploads\\\/2020\\\/06\\\/Entreprises.jpg\",\"contentUrl\":\"https:\\\/\\\/www.satt.fr\\\/wp-content\\\/uploads\\\/2020\\\/06\\\/Entreprises.jpg\",\"width\":6399,\"height\":3569},{\"@type\":\"BreadcrumbList\",\"@id\":\"https:\\\/\\\/www.satt.fr\\\/en\\\/decouvrir-les-offres-entreprises-de-la-satt-paris-saclay-avec-sebastien-magnaval\\\/#breadcrumb\",\"itemListElement\":[{\"@type\":\"ListItem\",\"position\":1,\"name\":\"Accueil\",\"item\":\"https:\\\/\\\/www.satt.fr\\\/en\\\/\"},{\"@type\":\"ListItem\",\"position\":2,\"name\":\"D\u00e9couvrir les offres Entreprises de la SATT Paris-Saclay, avec S\u00e9bastien Magnaval\"}]},{\"@type\":\"WebSite\",\"@id\":\"https:\\\/\\\/www.satt.fr\\\/en\\\/#website\",\"url\":\"https:\\\/\\\/www.satt.fr\\\/en\\\/\",\"name\":\"R\u00e9seau SATT\",\"description\":\"Les Soci\u00e9t\u00e9s d&#039;Acc\u00e9l\u00e9ration du Transfert de Technologies\",\"potentialAction\":[{\"@type\":\"SearchAction\",\"target\":{\"@type\":\"EntryPoint\",\"urlTemplate\":\"https:\\\/\\\/www.satt.fr\\\/en\\\/?s={search_term_string}\"},\"query-input\":{\"@type\":\"PropertyValueSpecification\",\"valueRequired\":true,\"valueName\":\"search_term_string\"}}],\"inLanguage\":\"en-US\"},{\"@type\":\"Person\",\"@id\":\"https:\\\/\\\/www.satt.fr\\\/en\\\/#\\\/schema\\\/person\\\/6b4a6e71701d457ee52e95f35a468fd6\",\"name\":\"Lydwine heneault\",\"url\":\"https:\\\/\\\/www.satt.fr\\\/en\\\/author\\\/lydwine\\\/\"}]}<\/script>\n<!-- \/ Yoast SEO plugin. -->","yoast_head_json":{"title":"D\u00e9couvrir les offres Entreprises de la SATT Paris-Saclay, avec S\u00e9bastien Magnaval - R\u00e9seau SATT","description":"Vous souhaitez b\u00e9n\u00e9ficier, aussi, du mod\u00e8le \u00e9conomiquede transfert de technologies innovantes\u00a0du Cluster Paris-Saclay ? S\u00e9bastien Magnaval vous en parle !","robots":{"index":"index","follow":"follow","max-snippet":"max-snippet:-1","max-image-preview":"max-image-preview:large","max-video-preview":"max-video-preview:-1"},"canonical":"https:\/\/www.satt.fr\/en\/decouvrir-les-offres-entreprises-de-la-satt-paris-saclay-avec-sebastien-magnaval\/","twitter_misc":{"Written by":"Lydwine heneault","Est. reading time":"1 minute"},"schema":{"@context":"https:\/\/schema.org","@graph":[{"@type":"Article","@id":"https:\/\/www.satt.fr\/en\/decouvrir-les-offres-entreprises-de-la-satt-paris-saclay-avec-sebastien-magnaval\/#article","isPartOf":{"@id":"https:\/\/www.satt.fr\/en\/decouvrir-les-offres-entreprises-de-la-satt-paris-saclay-avec-sebastien-magnaval\/"},"author":{"name":"Lydwine heneault","@id":"https:\/\/www.satt.fr\/en\/#\/schema\/person\/6b4a6e71701d457ee52e95f35a468fd6"},"headline":"D\u00e9couvrir les offres Entreprises de la SATT Paris-Saclay, avec S\u00e9bastien Magnaval","datePublished":"2020-06-04T13:19:50+00:00","dateModified":"2020-06-05T08:56:11+00:00","mainEntityOfPage":{"@id":"https:\/\/www.satt.fr\/en\/decouvrir-les-offres-entreprises-de-la-satt-paris-saclay-avec-sebastien-magnaval\/"},"wordCount":210,"image":{"@id":"https:\/\/www.satt.fr\/en\/decouvrir-les-offres-entreprises-de-la-satt-paris-saclay-avec-sebastien-magnaval\/#primaryimage"},"thumbnailUrl":"https:\/\/www.satt.fr\/wp-content\/uploads\/2020\/06\/Entreprises.jpg","articleSection":["News","Success Stories"],"inLanguage":"en-US"},{"@type":"WebPage","@id":"https:\/\/www.satt.fr\/en\/decouvrir-les-offres-entreprises-de-la-satt-paris-saclay-avec-sebastien-magnaval\/","url":"https:\/\/www.satt.fr\/en\/decouvrir-les-offres-entreprises-de-la-satt-paris-saclay-avec-sebastien-magnaval\/","name":"D\u00e9couvrir les offres Entreprises de la SATT Paris-Saclay, avec S\u00e9bastien Magnaval - R\u00e9seau SATT","isPartOf":{"@id":"https:\/\/www.satt.fr\/en\/#website"},"primaryImageOfPage":{"@id":"https:\/\/www.satt.fr\/en\/decouvrir-les-offres-entreprises-de-la-satt-paris-saclay-avec-sebastien-magnaval\/#primaryimage"},"image":{"@id":"https:\/\/www.satt.fr\/en\/decouvrir-les-offres-entreprises-de-la-satt-paris-saclay-avec-sebastien-magnaval\/#primaryimage"},"thumbnailUrl":"https:\/\/www.satt.fr\/wp-content\/uploads\/2020\/06\/Entreprises.jpg","datePublished":"2020-06-04T13:19:50+00:00","dateModified":"2020-06-05T08:56:11+00:00","author":{"@id":"https:\/\/www.satt.fr\/en\/#\/schema\/person\/6b4a6e71701d457ee52e95f35a468fd6"},"description":"Vous souhaitez b\u00e9n\u00e9ficier, aussi, du mod\u00e8le \u00e9conomiquede transfert de technologies innovantes\u00a0du Cluster Paris-Saclay ? S\u00e9bastien Magnaval vous en parle !","breadcrumb":{"@id":"https:\/\/www.satt.fr\/en\/decouvrir-les-offres-entreprises-de-la-satt-paris-saclay-avec-sebastien-magnaval\/#breadcrumb"},"inLanguage":"en-US","potentialAction":[{"@type":"ReadAction","target":["https:\/\/www.satt.fr\/en\/decouvrir-les-offres-entreprises-de-la-satt-paris-saclay-avec-sebastien-magnaval\/"]}]},{"@type":"ImageObject","inLanguage":"en-US","@id":"https:\/\/www.satt.fr\/en\/decouvrir-les-offres-entreprises-de-la-satt-paris-saclay-avec-sebastien-magnaval\/#primaryimage","url":"https:\/\/www.satt.fr\/wp-content\/uploads\/2020\/06\/Entreprises.jpg","contentUrl":"https:\/\/www.satt.fr\/wp-content\/uploads\/2020\/06\/Entreprises.jpg","width":6399,"height":3569},{"@type":"BreadcrumbList","@id":"https:\/\/www.satt.fr\/en\/decouvrir-les-offres-entreprises-de-la-satt-paris-saclay-avec-sebastien-magnaval\/#breadcrumb","itemListElement":[{"@type":"ListItem","position":1,"name":"Accueil","item":"https:\/\/www.satt.fr\/en\/"},{"@type":"ListItem","position":2,"name":"D\u00e9couvrir les offres Entreprises de la SATT Paris-Saclay, avec S\u00e9bastien Magnaval"}]},{"@type":"WebSite","@id":"https:\/\/www.satt.fr\/en\/#website","url":"https:\/\/www.satt.fr\/en\/","name":"R\u00e9seau SATT","description":"Les Soci\u00e9t\u00e9s d&#039;Acc\u00e9l\u00e9ration du Transfert de Technologies","potentialAction":[{"@type":"SearchAction","target":{"@type":"EntryPoint","urlTemplate":"https:\/\/www.satt.fr\/en\/?s={search_term_string}"},"query-input":{"@type":"PropertyValueSpecification","valueRequired":true,"valueName":"search_term_string"}}],"inLanguage":"en-US"},{"@type":"Person","@id":"https:\/\/www.satt.fr\/en\/#\/schema\/person\/6b4a6e71701d457ee52e95f35a468fd6","name":"Lydwine heneault","url":"https:\/\/www.satt.fr\/en\/author\/lydwine\/"}]}},"_links":{"self":[{"href":"https:\/\/www.satt.fr\/en\/wp-json\/wp\/v2\/posts\/19691","targetHints":{"allow":["GET"]}}],"collection":[{"href":"https:\/\/www.satt.fr\/en\/wp-json\/wp\/v2\/posts"}],"about":[{"href":"https:\/\/www.satt.fr\/en\/wp-json\/wp\/v2\/types\/post"}],"author":[{"embeddable":true,"href":"https:\/\/www.satt.fr\/en\/wp-json\/wp\/v2\/users\/18"}],"replies":[{"embeddable":true,"href":"https:\/\/www.satt.fr\/en\/wp-json\/wp\/v2\/comments?post=19691"}],"version-history":[{"count":1,"href":"https:\/\/www.satt.fr\/en\/wp-json\/wp\/v2\/posts\/19691\/revisions"}],"predecessor-version":[{"id":19714,"href":"https:\/\/www.satt.fr\/en\/wp-json\/wp\/v2\/posts\/19691\/revisions\/19714"}],"wp:featuredmedia":[{"embeddable":true,"href":"https:\/\/www.satt.fr\/en\/wp-json\/wp\/v2\/media\/19711"}],"wp:attachment":[{"href":"https:\/\/www.satt.fr\/en\/wp-json\/wp\/v2\/media?parent=19691"}],"wp:term":[{"taxonomy":"category","embeddable":true,"href":"https:\/\/www.satt.fr\/en\/wp-json\/wp\/v2\/categories?post=19691"},{"taxonomy":"post_tag","embeddable":true,"href":"https:\/\/www.satt.fr\/en\/wp-json\/wp\/v2\/tags?post=19691"}],"curies":[{"name":"wp","href":"https:\/\/api.w.org\/{rel}","templated":true}]}}