{"id":19941,"date":"2020-06-16T15:07:27","date_gmt":"2020-06-16T13:07:27","guid":{"rendered":"https:\/\/www.satt.fr\/moveo-et-erganeo-signent-un-partenariat-pour-la-reussite-des-start-up-de-la-mobilite\/"},"modified":"2020-06-16T15:07:27","modified_gmt":"2020-06-16T13:07:27","slug":"moveo-et-erganeo-signent-un-partenariat-pour-la-reussite-des-start-up-de-la-mobilite","status":"publish","type":"post","link":"https:\/\/www.satt.fr\/en\/moveo-et-erganeo-signent-un-partenariat-pour-la-reussite-des-start-up-de-la-mobilite\/","title":{"rendered":"Mov&#8217;eo et Erganeo signent un partenariat pour la r\u00e9ussite des start-up de la mobilit\u00e9"},"content":{"rendered":"<h2><b>Ce 16 juin 2020, Marc CHARLET, directeur g\u00e9n\u00e9ral du p\u00f4le de comp\u00e9titivit\u00e9 MOV\u2019EO et Suat TOPSU, pr\u00e9sident ex\u00e9cutif d\u2019ERGANEO, ont sign\u00e9 un contrat de partenariat privil\u00e9gi\u00e9 afin de favoriser la r\u00e9ussite des start-up de la mobilit\u00e9 initi\u00e9es par Erganeo.<\/b><\/h2>\n<p><b>Transformer une id\u00e9e disruptive en start-up DeepTech, puis soutenir sa r\u00e9ussite<\/b><\/p>\n<p>Dans le cadre de ses missions Erganeo a lanc\u00e9 le programme Start-up Factory qui consiste \u00e0 promouvoir, au sein de sa communaut\u00e9 de chercheurs, l\u2019esprit d\u2019innovation et de valorisation des travaux de recherche par la cr\u00e9ation de start-up. Ce programme a pour but d\u2019offrir un accompagnement sur-mesure technique, juridique et financier (jusqu\u2019\u00e0 400 K\u20ac) aux chercheurs porteurs de projets de recherche disruptifs et d\u00e9sireux de r\u00e9pondre aux besoins industriels et\/ou soci\u00e9taux. Erganeo a d\u2019ores et d\u00e9j\u00e0 contribu\u00e9 \u00e0 cr\u00e9er 18 start-ups et sur l\u2019ann\u00e9e 2020, au moins 8 nouvelles soci\u00e9t\u00e9s devraient voir le jour.<\/p>\n<p>Au-del\u00e0, les start-ups qui d\u00e9marrent leurs activit\u00e9s ont besoin d\u2019une insertion rapide et efficace dans leur \u00e9cosyst\u00e8me. Et Erganeo souhaite les meilleures conditions de r\u00e9ussite pour ses jeunes pousses. Les p\u00f4les de comp\u00e9titivit\u00e9 b\u00e9n\u00e9ficient de cette position strat\u00e9gique indispensable sur le march\u00e9 de l\u2019innovation et des start-ups. C\u2019est pr\u00e9cis\u00e9ment dans le but de capitaliser sur cette capacit\u00e9 de facilitation de d\u00e9veloppement des start-ups de la mobilit\u00e9 et leur int\u00e9gration sur le march\u00e9, qu\u2019Erganeo a propos\u00e9 \u00e0 Mov\u2019eo ce partenariat gagnant-gagnant.<\/p>\n<p><a class=\"file file--mime-application-pdf file--application-pdf\" href=\"https:\/\/www.erganeo.com\/sites\/default\/files\/inline-files\/2020-06_CP%20Partenariat%20Moveo.pdf\" target=\"_blank\" rel=\"noopener\" data-entity-type=\"file\" data-entity-uuid=\"a028b35f-f52b-4500-89f0-78707151f594\">Lire le communiqu\u00e9 de presse<\/a><\/p>\n","protected":false},"excerpt":{"rendered":"<p>Ce 16 juin 2020, Marc CHARLET, directeur g\u00e9n\u00e9ral du p\u00f4le de comp\u00e9titivit\u00e9 MOV\u2019EO et Suat TOPSU, pr\u00e9sident ex\u00e9cutif d\u2019ERGANEO, ont sign\u00e9 un contrat de partenariat privil\u00e9gi\u00e9 afin de favoriser la r\u00e9ussite des start-up de la mobilit\u00e9 initi\u00e9es par Erganeo. Transformer une id\u00e9e disruptive en start-up DeepTech, puis soutenir sa r\u00e9ussite Dans le cadre de ses [&hellip;]<\/p>\n","protected":false},"author":8,"featured_media":19924,"comment_status":"closed","ping_status":"closed","sticky":false,"template":"","format":"standard","meta":{"_acf_changed":false,"footnotes":""},"categories":[604],"tags":[],"class_list":["post-19941","post","type-post","status-publish","format-standard","has-post-thumbnail","hentry","category-startup-en"],"acf":[],"yoast_head":"<!-- This site is optimized with the Yoast SEO plugin v27.4 - https:\/\/yoast.com\/product\/yoast-seo-wordpress\/ -->\n<title>Mov&#039;eo et Erganeo signent un partenariat pour la r\u00e9ussite des start-up de la mobilit\u00e9 - R\u00e9seau SATT<\/title>\n<meta name=\"robots\" content=\"index, follow, max-snippet:-1, max-image-preview:large, max-video-preview:-1\" \/>\n<link rel=\"canonical\" href=\"https:\/\/www.satt.fr\/en\/moveo-et-erganeo-signent-un-partenariat-pour-la-reussite-des-start-up-de-la-mobilite\/\" \/>\n<meta name=\"twitter:label1\" content=\"Written by\" \/>\n\t<meta name=\"twitter:data1\" content=\"Caroline PONTIFICE\" \/>\n\t<meta name=\"twitter:label2\" content=\"Est. reading time\" \/>\n\t<meta name=\"twitter:data2\" content=\"1 minute\" \/>\n<script type=\"application\/ld+json\" class=\"yoast-schema-graph\">{\"@context\":\"https:\\\/\\\/schema.org\",\"@graph\":[{\"@type\":\"Article\",\"@id\":\"https:\\\/\\\/www.satt.fr\\\/en\\\/moveo-et-erganeo-signent-un-partenariat-pour-la-reussite-des-start-up-de-la-mobilite\\\/#article\",\"isPartOf\":{\"@id\":\"https:\\\/\\\/www.satt.fr\\\/en\\\/moveo-et-erganeo-signent-un-partenariat-pour-la-reussite-des-start-up-de-la-mobilite\\\/\"},\"author\":{\"name\":\"Caroline PONTIFICE\",\"@id\":\"https:\\\/\\\/www.satt.fr\\\/en\\\/#\\\/schema\\\/person\\\/64ee65998b5d45d20e9cfd11af51d410\"},\"headline\":\"Mov&#8217;eo et Erganeo signent un partenariat pour la r\u00e9ussite des start-up de la mobilit\u00e9\",\"datePublished\":\"2020-06-16T13:07:27+00:00\",\"mainEntityOfPage\":{\"@id\":\"https:\\\/\\\/www.satt.fr\\\/en\\\/moveo-et-erganeo-signent-un-partenariat-pour-la-reussite-des-start-up-de-la-mobilite\\\/\"},\"wordCount\":282,\"image\":{\"@id\":\"https:\\\/\\\/www.satt.fr\\\/en\\\/moveo-et-erganeo-signent-un-partenariat-pour-la-reussite-des-start-up-de-la-mobilite\\\/#primaryimage\"},\"thumbnailUrl\":\"https:\\\/\\\/www.satt.fr\\\/wp-content\\\/uploads\\\/2020\\\/06\\\/Erganeo.jpg\",\"articleSection\":[\"Start-up\"],\"inLanguage\":\"en-US\"},{\"@type\":\"WebPage\",\"@id\":\"https:\\\/\\\/www.satt.fr\\\/en\\\/moveo-et-erganeo-signent-un-partenariat-pour-la-reussite-des-start-up-de-la-mobilite\\\/\",\"url\":\"https:\\\/\\\/www.satt.fr\\\/en\\\/moveo-et-erganeo-signent-un-partenariat-pour-la-reussite-des-start-up-de-la-mobilite\\\/\",\"name\":\"Mov'eo et Erganeo signent un partenariat pour la r\u00e9ussite des start-up de la mobilit\u00e9 - R\u00e9seau SATT\",\"isPartOf\":{\"@id\":\"https:\\\/\\\/www.satt.fr\\\/en\\\/#website\"},\"primaryImageOfPage\":{\"@id\":\"https:\\\/\\\/www.satt.fr\\\/en\\\/moveo-et-erganeo-signent-un-partenariat-pour-la-reussite-des-start-up-de-la-mobilite\\\/#primaryimage\"},\"image\":{\"@id\":\"https:\\\/\\\/www.satt.fr\\\/en\\\/moveo-et-erganeo-signent-un-partenariat-pour-la-reussite-des-start-up-de-la-mobilite\\\/#primaryimage\"},\"thumbnailUrl\":\"https:\\\/\\\/www.satt.fr\\\/wp-content\\\/uploads\\\/2020\\\/06\\\/Erganeo.jpg\",\"datePublished\":\"2020-06-16T13:07:27+00:00\",\"author\":{\"@id\":\"https:\\\/\\\/www.satt.fr\\\/en\\\/#\\\/schema\\\/person\\\/64ee65998b5d45d20e9cfd11af51d410\"},\"breadcrumb\":{\"@id\":\"https:\\\/\\\/www.satt.fr\\\/en\\\/moveo-et-erganeo-signent-un-partenariat-pour-la-reussite-des-start-up-de-la-mobilite\\\/#breadcrumb\"},\"inLanguage\":\"en-US\",\"potentialAction\":[{\"@type\":\"ReadAction\",\"target\":[\"https:\\\/\\\/www.satt.fr\\\/en\\\/moveo-et-erganeo-signent-un-partenariat-pour-la-reussite-des-start-up-de-la-mobilite\\\/\"]}]},{\"@type\":\"ImageObject\",\"inLanguage\":\"en-US\",\"@id\":\"https:\\\/\\\/www.satt.fr\\\/en\\\/moveo-et-erganeo-signent-un-partenariat-pour-la-reussite-des-start-up-de-la-mobilite\\\/#primaryimage\",\"url\":\"https:\\\/\\\/www.satt.fr\\\/wp-content\\\/uploads\\\/2020\\\/06\\\/Erganeo.jpg\",\"contentUrl\":\"https:\\\/\\\/www.satt.fr\\\/wp-content\\\/uploads\\\/2020\\\/06\\\/Erganeo.jpg\",\"width\":3200,\"height\":1785},{\"@type\":\"BreadcrumbList\",\"@id\":\"https:\\\/\\\/www.satt.fr\\\/en\\\/moveo-et-erganeo-signent-un-partenariat-pour-la-reussite-des-start-up-de-la-mobilite\\\/#breadcrumb\",\"itemListElement\":[{\"@type\":\"ListItem\",\"position\":1,\"name\":\"Accueil\",\"item\":\"https:\\\/\\\/www.satt.fr\\\/en\\\/\"},{\"@type\":\"ListItem\",\"position\":2,\"name\":\"Mov&#8217;eo et Erganeo signent un partenariat pour la r\u00e9ussite des start-up de la mobilit\u00e9\"}]},{\"@type\":\"WebSite\",\"@id\":\"https:\\\/\\\/www.satt.fr\\\/en\\\/#website\",\"url\":\"https:\\\/\\\/www.satt.fr\\\/en\\\/\",\"name\":\"R\u00e9seau SATT\",\"description\":\"Les Soci\u00e9t\u00e9s d&#039;Acc\u00e9l\u00e9ration du Transfert de Technologies\",\"potentialAction\":[{\"@type\":\"SearchAction\",\"target\":{\"@type\":\"EntryPoint\",\"urlTemplate\":\"https:\\\/\\\/www.satt.fr\\\/en\\\/?s={search_term_string}\"},\"query-input\":{\"@type\":\"PropertyValueSpecification\",\"valueRequired\":true,\"valueName\":\"search_term_string\"}}],\"inLanguage\":\"en-US\"},{\"@type\":\"Person\",\"@id\":\"https:\\\/\\\/www.satt.fr\\\/en\\\/#\\\/schema\\\/person\\\/64ee65998b5d45d20e9cfd11af51d410\",\"name\":\"Caroline PONTIFICE\",\"url\":\"https:\\\/\\\/www.satt.fr\\\/en\\\/author\\\/caroline\\\/\"}]}<\/script>\n<!-- \/ Yoast SEO plugin. -->","yoast_head_json":{"title":"Mov'eo et Erganeo signent un partenariat pour la r\u00e9ussite des start-up de la mobilit\u00e9 - R\u00e9seau SATT","robots":{"index":"index","follow":"follow","max-snippet":"max-snippet:-1","max-image-preview":"max-image-preview:large","max-video-preview":"max-video-preview:-1"},"canonical":"https:\/\/www.satt.fr\/en\/moveo-et-erganeo-signent-un-partenariat-pour-la-reussite-des-start-up-de-la-mobilite\/","twitter_misc":{"Written by":"Caroline PONTIFICE","Est. reading time":"1 minute"},"schema":{"@context":"https:\/\/schema.org","@graph":[{"@type":"Article","@id":"https:\/\/www.satt.fr\/en\/moveo-et-erganeo-signent-un-partenariat-pour-la-reussite-des-start-up-de-la-mobilite\/#article","isPartOf":{"@id":"https:\/\/www.satt.fr\/en\/moveo-et-erganeo-signent-un-partenariat-pour-la-reussite-des-start-up-de-la-mobilite\/"},"author":{"name":"Caroline PONTIFICE","@id":"https:\/\/www.satt.fr\/en\/#\/schema\/person\/64ee65998b5d45d20e9cfd11af51d410"},"headline":"Mov&#8217;eo et Erganeo signent un partenariat pour la r\u00e9ussite des start-up de la mobilit\u00e9","datePublished":"2020-06-16T13:07:27+00:00","mainEntityOfPage":{"@id":"https:\/\/www.satt.fr\/en\/moveo-et-erganeo-signent-un-partenariat-pour-la-reussite-des-start-up-de-la-mobilite\/"},"wordCount":282,"image":{"@id":"https:\/\/www.satt.fr\/en\/moveo-et-erganeo-signent-un-partenariat-pour-la-reussite-des-start-up-de-la-mobilite\/#primaryimage"},"thumbnailUrl":"https:\/\/www.satt.fr\/wp-content\/uploads\/2020\/06\/Erganeo.jpg","articleSection":["Start-up"],"inLanguage":"en-US"},{"@type":"WebPage","@id":"https:\/\/www.satt.fr\/en\/moveo-et-erganeo-signent-un-partenariat-pour-la-reussite-des-start-up-de-la-mobilite\/","url":"https:\/\/www.satt.fr\/en\/moveo-et-erganeo-signent-un-partenariat-pour-la-reussite-des-start-up-de-la-mobilite\/","name":"Mov'eo et Erganeo signent un partenariat pour la r\u00e9ussite des start-up de la mobilit\u00e9 - R\u00e9seau SATT","isPartOf":{"@id":"https:\/\/www.satt.fr\/en\/#website"},"primaryImageOfPage":{"@id":"https:\/\/www.satt.fr\/en\/moveo-et-erganeo-signent-un-partenariat-pour-la-reussite-des-start-up-de-la-mobilite\/#primaryimage"},"image":{"@id":"https:\/\/www.satt.fr\/en\/moveo-et-erganeo-signent-un-partenariat-pour-la-reussite-des-start-up-de-la-mobilite\/#primaryimage"},"thumbnailUrl":"https:\/\/www.satt.fr\/wp-content\/uploads\/2020\/06\/Erganeo.jpg","datePublished":"2020-06-16T13:07:27+00:00","author":{"@id":"https:\/\/www.satt.fr\/en\/#\/schema\/person\/64ee65998b5d45d20e9cfd11af51d410"},"breadcrumb":{"@id":"https:\/\/www.satt.fr\/en\/moveo-et-erganeo-signent-un-partenariat-pour-la-reussite-des-start-up-de-la-mobilite\/#breadcrumb"},"inLanguage":"en-US","potentialAction":[{"@type":"ReadAction","target":["https:\/\/www.satt.fr\/en\/moveo-et-erganeo-signent-un-partenariat-pour-la-reussite-des-start-up-de-la-mobilite\/"]}]},{"@type":"ImageObject","inLanguage":"en-US","@id":"https:\/\/www.satt.fr\/en\/moveo-et-erganeo-signent-un-partenariat-pour-la-reussite-des-start-up-de-la-mobilite\/#primaryimage","url":"https:\/\/www.satt.fr\/wp-content\/uploads\/2020\/06\/Erganeo.jpg","contentUrl":"https:\/\/www.satt.fr\/wp-content\/uploads\/2020\/06\/Erganeo.jpg","width":3200,"height":1785},{"@type":"BreadcrumbList","@id":"https:\/\/www.satt.fr\/en\/moveo-et-erganeo-signent-un-partenariat-pour-la-reussite-des-start-up-de-la-mobilite\/#breadcrumb","itemListElement":[{"@type":"ListItem","position":1,"name":"Accueil","item":"https:\/\/www.satt.fr\/en\/"},{"@type":"ListItem","position":2,"name":"Mov&#8217;eo et Erganeo signent un partenariat pour la r\u00e9ussite des start-up de la mobilit\u00e9"}]},{"@type":"WebSite","@id":"https:\/\/www.satt.fr\/en\/#website","url":"https:\/\/www.satt.fr\/en\/","name":"R\u00e9seau SATT","description":"Les Soci\u00e9t\u00e9s d&#039;Acc\u00e9l\u00e9ration du Transfert de Technologies","potentialAction":[{"@type":"SearchAction","target":{"@type":"EntryPoint","urlTemplate":"https:\/\/www.satt.fr\/en\/?s={search_term_string}"},"query-input":{"@type":"PropertyValueSpecification","valueRequired":true,"valueName":"search_term_string"}}],"inLanguage":"en-US"},{"@type":"Person","@id":"https:\/\/www.satt.fr\/en\/#\/schema\/person\/64ee65998b5d45d20e9cfd11af51d410","name":"Caroline PONTIFICE","url":"https:\/\/www.satt.fr\/en\/author\/caroline\/"}]}},"_links":{"self":[{"href":"https:\/\/www.satt.fr\/en\/wp-json\/wp\/v2\/posts\/19941","targetHints":{"allow":["GET"]}}],"collection":[{"href":"https:\/\/www.satt.fr\/en\/wp-json\/wp\/v2\/posts"}],"about":[{"href":"https:\/\/www.satt.fr\/en\/wp-json\/wp\/v2\/types\/post"}],"author":[{"embeddable":true,"href":"https:\/\/www.satt.fr\/en\/wp-json\/wp\/v2\/users\/8"}],"replies":[{"embeddable":true,"href":"https:\/\/www.satt.fr\/en\/wp-json\/wp\/v2\/comments?post=19941"}],"version-history":[{"count":0,"href":"https:\/\/www.satt.fr\/en\/wp-json\/wp\/v2\/posts\/19941\/revisions"}],"wp:featuredmedia":[{"embeddable":true,"href":"https:\/\/www.satt.fr\/en\/wp-json\/wp\/v2\/media\/19924"}],"wp:attachment":[{"href":"https:\/\/www.satt.fr\/en\/wp-json\/wp\/v2\/media?parent=19941"}],"wp:term":[{"taxonomy":"category","embeddable":true,"href":"https:\/\/www.satt.fr\/en\/wp-json\/wp\/v2\/categories?post=19941"},{"taxonomy":"post_tag","embeddable":true,"href":"https:\/\/www.satt.fr\/en\/wp-json\/wp\/v2\/tags?post=19941"}],"curies":[{"name":"wp","href":"https:\/\/api.w.org\/{rel}","templated":true}]}}