{"id":20055,"date":"2020-06-25T11:03:02","date_gmt":"2020-06-25T09:03:02","guid":{"rendered":"https:\/\/www.satt.fr\/appel-a-manifestation-dinteret-greentech\/"},"modified":"2020-06-25T14:30:54","modified_gmt":"2020-06-25T12:30:54","slug":"appel-a-manifestation-dinteret-greentech","status":"publish","type":"post","link":"https:\/\/www.satt.fr\/en\/appel-a-manifestation-dinteret-greentech\/","title":{"rendered":"Erganeo : Appel \u00e0 Manifestation d&#8217;Int\u00e9r\u00eat GreenTech"},"content":{"rendered":"<h2>Cet AMI vise \u00e0 soutenir les projets de recherche innovants pouvant apporter des solutions dans le domaine des GreenTech : la deeptech au sevrice de l&#8217;environnement.<\/h2>\n<p>&nbsp;<\/p>\n<p><em><strong>Pourquoi ?<\/strong><\/em>\u00a0Soutenir la maturation des projets innovants<br \/>\n<em><strong>Pour qui ?<\/strong><\/em>\u00a0Les chercheurs porteurs de projets de recherche disruptifs et d\u00e9sireux de r\u00e9pondre aux besoins industriels et\/ou soci\u00e9taux via la g\u00e9n\u00e9ration d&#8217;actifs de propri\u00e9t\u00e9 intellectuelle<br \/>\n<em><strong>Quand ?\u00a0<\/strong><\/em>L\u2019appel est ouvert jusqu\u2019au 24\u00a0juillet\u00a02020<\/p>\n<p>&nbsp;<\/p>\n<ul>\n<li><strong>G\u00e9n\u00e9ration PI<\/strong>\u00a0&gt;\u00a0<a class=\"file file--mime-application-vnd-openxmlformats-officedocument-wordprocessingml-document file--x-office-document\" href=\"https:\/\/www.erganeo.com\/sites\/default\/files\/inline-files\/2020_06_Dossier%20Candidature%20AMI_Generation%20PI-Greentech.docx\" target=\"_blank\" rel=\"noopener\" data-entity-type=\"file\" data-entity-uuid=\"8113e298-1d11-4ccb-9d8d-3e381435ba82\">T\u00e9l\u00e9charger le dossier de candidature<\/a>\u00a0&#8211; contact : ami-pi@erganeo.com<\/li>\n<\/ul>\n","protected":false},"excerpt":{"rendered":"<p>Cet AMI vise \u00e0 soutenir les projets de recherche innovants pouvant apporter des solutions dans le domaine des GreenTech : la deeptech au sevrice de l&#8217;environnement. &nbsp; Pourquoi ?\u00a0Soutenir la maturation des projets innovants Pour qui ?\u00a0Les chercheurs porteurs de projets de recherche disruptifs et d\u00e9sireux de r\u00e9pondre aux besoins industriels et\/ou soci\u00e9taux via la [&hellip;]<\/p>\n","protected":false},"author":8,"featured_media":20062,"comment_status":"closed","ping_status":"closed","sticky":false,"template":"","format":"standard","meta":{"_acf_changed":false,"footnotes":""},"categories":[567],"tags":[],"class_list":["post-20055","post","type-post","status-publish","format-standard","has-post-thumbnail","hentry","category-news-en"],"acf":[],"yoast_head":"<!-- This site is optimized with the Yoast SEO plugin v27.4 - https:\/\/yoast.com\/product\/yoast-seo-wordpress\/ -->\n<title>Erganeo : Appel \u00e0 Manifestation d&#039;Int\u00e9r\u00eat GreenTech - R\u00e9seau SATT<\/title>\n<meta name=\"robots\" content=\"index, follow, max-snippet:-1, max-image-preview:large, max-video-preview:-1\" \/>\n<link rel=\"canonical\" href=\"https:\/\/www.satt.fr\/en\/appel-a-manifestation-dinteret-greentech\/\" \/>\n<meta name=\"twitter:label1\" content=\"Written by\" \/>\n\t<meta name=\"twitter:data1\" content=\"Caroline PONTIFICE\" \/>\n<script type=\"application\/ld+json\" class=\"yoast-schema-graph\">{\"@context\":\"https:\\\/\\\/schema.org\",\"@graph\":[{\"@type\":\"Article\",\"@id\":\"https:\\\/\\\/www.satt.fr\\\/en\\\/appel-a-manifestation-dinteret-greentech\\\/#article\",\"isPartOf\":{\"@id\":\"https:\\\/\\\/www.satt.fr\\\/en\\\/appel-a-manifestation-dinteret-greentech\\\/\"},\"author\":{\"name\":\"Caroline PONTIFICE\",\"@id\":\"https:\\\/\\\/www.satt.fr\\\/en\\\/#\\\/schema\\\/person\\\/64ee65998b5d45d20e9cfd11af51d410\"},\"headline\":\"Erganeo : Appel \u00e0 Manifestation d&#8217;Int\u00e9r\u00eat GreenTech\",\"datePublished\":\"2020-06-25T09:03:02+00:00\",\"dateModified\":\"2020-06-25T12:30:54+00:00\",\"mainEntityOfPage\":{\"@id\":\"https:\\\/\\\/www.satt.fr\\\/en\\\/appel-a-manifestation-dinteret-greentech\\\/\"},\"wordCount\":101,\"image\":{\"@id\":\"https:\\\/\\\/www.satt.fr\\\/en\\\/appel-a-manifestation-dinteret-greentech\\\/#primaryimage\"},\"thumbnailUrl\":\"https:\\\/\\\/www.satt.fr\\\/wp-content\\\/uploads\\\/2020\\\/06\\\/Erganeo.png\",\"articleSection\":[\"News\"],\"inLanguage\":\"en-US\"},{\"@type\":\"WebPage\",\"@id\":\"https:\\\/\\\/www.satt.fr\\\/en\\\/appel-a-manifestation-dinteret-greentech\\\/\",\"url\":\"https:\\\/\\\/www.satt.fr\\\/en\\\/appel-a-manifestation-dinteret-greentech\\\/\",\"name\":\"Erganeo : Appel \u00e0 Manifestation d'Int\u00e9r\u00eat GreenTech - R\u00e9seau SATT\",\"isPartOf\":{\"@id\":\"https:\\\/\\\/www.satt.fr\\\/en\\\/#website\"},\"primaryImageOfPage\":{\"@id\":\"https:\\\/\\\/www.satt.fr\\\/en\\\/appel-a-manifestation-dinteret-greentech\\\/#primaryimage\"},\"image\":{\"@id\":\"https:\\\/\\\/www.satt.fr\\\/en\\\/appel-a-manifestation-dinteret-greentech\\\/#primaryimage\"},\"thumbnailUrl\":\"https:\\\/\\\/www.satt.fr\\\/wp-content\\\/uploads\\\/2020\\\/06\\\/Erganeo.png\",\"datePublished\":\"2020-06-25T09:03:02+00:00\",\"dateModified\":\"2020-06-25T12:30:54+00:00\",\"author\":{\"@id\":\"https:\\\/\\\/www.satt.fr\\\/en\\\/#\\\/schema\\\/person\\\/64ee65998b5d45d20e9cfd11af51d410\"},\"breadcrumb\":{\"@id\":\"https:\\\/\\\/www.satt.fr\\\/en\\\/appel-a-manifestation-dinteret-greentech\\\/#breadcrumb\"},\"inLanguage\":\"en-US\",\"potentialAction\":[{\"@type\":\"ReadAction\",\"target\":[\"https:\\\/\\\/www.satt.fr\\\/en\\\/appel-a-manifestation-dinteret-greentech\\\/\"]}]},{\"@type\":\"ImageObject\",\"inLanguage\":\"en-US\",\"@id\":\"https:\\\/\\\/www.satt.fr\\\/en\\\/appel-a-manifestation-dinteret-greentech\\\/#primaryimage\",\"url\":\"https:\\\/\\\/www.satt.fr\\\/wp-content\\\/uploads\\\/2020\\\/06\\\/Erganeo.png\",\"contentUrl\":\"https:\\\/\\\/www.satt.fr\\\/wp-content\\\/uploads\\\/2020\\\/06\\\/Erganeo.png\",\"width\":1270,\"height\":706},{\"@type\":\"BreadcrumbList\",\"@id\":\"https:\\\/\\\/www.satt.fr\\\/en\\\/appel-a-manifestation-dinteret-greentech\\\/#breadcrumb\",\"itemListElement\":[{\"@type\":\"ListItem\",\"position\":1,\"name\":\"Accueil\",\"item\":\"https:\\\/\\\/www.satt.fr\\\/en\\\/\"},{\"@type\":\"ListItem\",\"position\":2,\"name\":\"Erganeo : Appel \u00e0 Manifestation d&#8217;Int\u00e9r\u00eat GreenTech\"}]},{\"@type\":\"WebSite\",\"@id\":\"https:\\\/\\\/www.satt.fr\\\/en\\\/#website\",\"url\":\"https:\\\/\\\/www.satt.fr\\\/en\\\/\",\"name\":\"R\u00e9seau SATT\",\"description\":\"Les Soci\u00e9t\u00e9s d&#039;Acc\u00e9l\u00e9ration du Transfert de Technologies\",\"potentialAction\":[{\"@type\":\"SearchAction\",\"target\":{\"@type\":\"EntryPoint\",\"urlTemplate\":\"https:\\\/\\\/www.satt.fr\\\/en\\\/?s={search_term_string}\"},\"query-input\":{\"@type\":\"PropertyValueSpecification\",\"valueRequired\":true,\"valueName\":\"search_term_string\"}}],\"inLanguage\":\"en-US\"},{\"@type\":\"Person\",\"@id\":\"https:\\\/\\\/www.satt.fr\\\/en\\\/#\\\/schema\\\/person\\\/64ee65998b5d45d20e9cfd11af51d410\",\"name\":\"Caroline PONTIFICE\",\"url\":\"https:\\\/\\\/www.satt.fr\\\/en\\\/author\\\/caroline\\\/\"}]}<\/script>\n<!-- \/ Yoast SEO plugin. -->","yoast_head_json":{"title":"Erganeo : Appel \u00e0 Manifestation d'Int\u00e9r\u00eat GreenTech - R\u00e9seau SATT","robots":{"index":"index","follow":"follow","max-snippet":"max-snippet:-1","max-image-preview":"max-image-preview:large","max-video-preview":"max-video-preview:-1"},"canonical":"https:\/\/www.satt.fr\/en\/appel-a-manifestation-dinteret-greentech\/","twitter_misc":{"Written by":"Caroline PONTIFICE"},"schema":{"@context":"https:\/\/schema.org","@graph":[{"@type":"Article","@id":"https:\/\/www.satt.fr\/en\/appel-a-manifestation-dinteret-greentech\/#article","isPartOf":{"@id":"https:\/\/www.satt.fr\/en\/appel-a-manifestation-dinteret-greentech\/"},"author":{"name":"Caroline PONTIFICE","@id":"https:\/\/www.satt.fr\/en\/#\/schema\/person\/64ee65998b5d45d20e9cfd11af51d410"},"headline":"Erganeo : Appel \u00e0 Manifestation d&#8217;Int\u00e9r\u00eat GreenTech","datePublished":"2020-06-25T09:03:02+00:00","dateModified":"2020-06-25T12:30:54+00:00","mainEntityOfPage":{"@id":"https:\/\/www.satt.fr\/en\/appel-a-manifestation-dinteret-greentech\/"},"wordCount":101,"image":{"@id":"https:\/\/www.satt.fr\/en\/appel-a-manifestation-dinteret-greentech\/#primaryimage"},"thumbnailUrl":"https:\/\/www.satt.fr\/wp-content\/uploads\/2020\/06\/Erganeo.png","articleSection":["News"],"inLanguage":"en-US"},{"@type":"WebPage","@id":"https:\/\/www.satt.fr\/en\/appel-a-manifestation-dinteret-greentech\/","url":"https:\/\/www.satt.fr\/en\/appel-a-manifestation-dinteret-greentech\/","name":"Erganeo : Appel \u00e0 Manifestation d'Int\u00e9r\u00eat GreenTech - R\u00e9seau SATT","isPartOf":{"@id":"https:\/\/www.satt.fr\/en\/#website"},"primaryImageOfPage":{"@id":"https:\/\/www.satt.fr\/en\/appel-a-manifestation-dinteret-greentech\/#primaryimage"},"image":{"@id":"https:\/\/www.satt.fr\/en\/appel-a-manifestation-dinteret-greentech\/#primaryimage"},"thumbnailUrl":"https:\/\/www.satt.fr\/wp-content\/uploads\/2020\/06\/Erganeo.png","datePublished":"2020-06-25T09:03:02+00:00","dateModified":"2020-06-25T12:30:54+00:00","author":{"@id":"https:\/\/www.satt.fr\/en\/#\/schema\/person\/64ee65998b5d45d20e9cfd11af51d410"},"breadcrumb":{"@id":"https:\/\/www.satt.fr\/en\/appel-a-manifestation-dinteret-greentech\/#breadcrumb"},"inLanguage":"en-US","potentialAction":[{"@type":"ReadAction","target":["https:\/\/www.satt.fr\/en\/appel-a-manifestation-dinteret-greentech\/"]}]},{"@type":"ImageObject","inLanguage":"en-US","@id":"https:\/\/www.satt.fr\/en\/appel-a-manifestation-dinteret-greentech\/#primaryimage","url":"https:\/\/www.satt.fr\/wp-content\/uploads\/2020\/06\/Erganeo.png","contentUrl":"https:\/\/www.satt.fr\/wp-content\/uploads\/2020\/06\/Erganeo.png","width":1270,"height":706},{"@type":"BreadcrumbList","@id":"https:\/\/www.satt.fr\/en\/appel-a-manifestation-dinteret-greentech\/#breadcrumb","itemListElement":[{"@type":"ListItem","position":1,"name":"Accueil","item":"https:\/\/www.satt.fr\/en\/"},{"@type":"ListItem","position":2,"name":"Erganeo : Appel \u00e0 Manifestation d&#8217;Int\u00e9r\u00eat GreenTech"}]},{"@type":"WebSite","@id":"https:\/\/www.satt.fr\/en\/#website","url":"https:\/\/www.satt.fr\/en\/","name":"R\u00e9seau SATT","description":"Les Soci\u00e9t\u00e9s d&#039;Acc\u00e9l\u00e9ration du Transfert de Technologies","potentialAction":[{"@type":"SearchAction","target":{"@type":"EntryPoint","urlTemplate":"https:\/\/www.satt.fr\/en\/?s={search_term_string}"},"query-input":{"@type":"PropertyValueSpecification","valueRequired":true,"valueName":"search_term_string"}}],"inLanguage":"en-US"},{"@type":"Person","@id":"https:\/\/www.satt.fr\/en\/#\/schema\/person\/64ee65998b5d45d20e9cfd11af51d410","name":"Caroline PONTIFICE","url":"https:\/\/www.satt.fr\/en\/author\/caroline\/"}]}},"_links":{"self":[{"href":"https:\/\/www.satt.fr\/en\/wp-json\/wp\/v2\/posts\/20055","targetHints":{"allow":["GET"]}}],"collection":[{"href":"https:\/\/www.satt.fr\/en\/wp-json\/wp\/v2\/posts"}],"about":[{"href":"https:\/\/www.satt.fr\/en\/wp-json\/wp\/v2\/types\/post"}],"author":[{"embeddable":true,"href":"https:\/\/www.satt.fr\/en\/wp-json\/wp\/v2\/users\/8"}],"replies":[{"embeddable":true,"href":"https:\/\/www.satt.fr\/en\/wp-json\/wp\/v2\/comments?post=20055"}],"version-history":[{"count":1,"href":"https:\/\/www.satt.fr\/en\/wp-json\/wp\/v2\/posts\/20055\/revisions"}],"predecessor-version":[{"id":20065,"href":"https:\/\/www.satt.fr\/en\/wp-json\/wp\/v2\/posts\/20055\/revisions\/20065"}],"wp:featuredmedia":[{"embeddable":true,"href":"https:\/\/www.satt.fr\/en\/wp-json\/wp\/v2\/media\/20062"}],"wp:attachment":[{"href":"https:\/\/www.satt.fr\/en\/wp-json\/wp\/v2\/media?parent=20055"}],"wp:term":[{"taxonomy":"category","embeddable":true,"href":"https:\/\/www.satt.fr\/en\/wp-json\/wp\/v2\/categories?post=20055"},{"taxonomy":"post_tag","embeddable":true,"href":"https:\/\/www.satt.fr\/en\/wp-json\/wp\/v2\/tags?post=20055"}],"curies":[{"name":"wp","href":"https:\/\/api.w.org\/{rel}","templated":true}]}}