{"id":20681,"date":"2020-07-21T10:43:12","date_gmt":"2020-07-21T08:43:12","guid":{"rendered":"https:\/\/www.satt.fr\/sayens-rapport-dactivite-2019-une-annee-impactante\/"},"modified":"2020-07-21T10:43:12","modified_gmt":"2020-07-21T08:43:12","slug":"sayens-rapport-dactivite-2019-une-annee-impactante","status":"publish","type":"post","link":"https:\/\/www.satt.fr\/en\/sayens-rapport-dactivite-2019-une-annee-impactante\/","title":{"rendered":"SAYENS : Rapport d&#8217;Activit\u00e9 2019, une ann\u00e9e impactante"},"content":{"rendered":"<p><strong>SAYENS, acc\u00e9l\u00e9rateur du transfert de technologies en Lorraine, Sud Champagne-Ardenne, Bourgogne-Franche-Comt\u00e9, publie son rapport d\u2019activit\u00e9 annuel. L\u2019occasion de retracer les succ\u00e8s et avanc\u00e9es qui ont rythm\u00e9s 2019, et de revenir sur le bilan d\u2019une p\u00e9riode triennale qui a conduit au renouvellement du soutien financier de l\u2019Etat.<\/strong><!--more--><\/p>\n<p><strong><span class=\"TexteMoyenNoirGras\"><span class=\"BoutonLien\">UN BILAN POSITIF ET UNE NOUVELLE STRAT\u00c9GIE \u2026<\/span><\/span><\/strong><\/p>\n<p>Dans le cadre de la parution de son rapport d\u2019activit\u00e9 2019, <a href=\"https:\/\/www.sayens.fr\/\" target=\"_blank\" rel=\"noopener\">SAYENS<\/a> annonce des r\u00e9sultats positifs et prometteurs qui ont su rassurer ses actionnaires. Ils d\u00e9montrent son efficacit\u00e9, son engagement quotidien pour soutenir et articuler les mondes de la recherche et de l\u2019entreprise autour de l\u2019innovation.<\/p>\n<p>En effet, SAYENS a d\u00e9tect\u00e9 650 projets d\u2019innovation et a investi 21 M\u20ac dans 108 de ces projets depuis sa cr\u00e9ation fin 2013. La soci\u00e9t\u00e9 a conclu 61 contrats de licence qui ont g\u00e9n\u00e9r\u00e9 2 M\u20ac de revenus. En mati\u00e8re de coop\u00e9rations R&amp;D, activit\u00e9 assur\u00e9e pour le compte de l\u2019<a href=\"https:\/\/www.u-bourgogne.fr\/\" target=\"_blank\" rel=\"noopener\">Universit\u00e9 de Bourgogne<\/a>\u00a0et\u00a0<a href=\"https:\/\/agrosupdijon.fr\/\" target=\"_blank\" rel=\"noopener\">AgroSup Dijon<\/a>, SAYENS enregistre un chiffre d\u2019affaires de 6 M\u20ac, en croissance constante qui t\u00e9moigne de la dynamique partenariale engag\u00e9e.<\/p>\n<p>Devenue \u00e9galement un acteur tremplin de l\u2019\u00e9cosyst\u00e8me deeptech, SAYENS a g\u00e9n\u00e9r\u00e9 la cr\u00e9ation de 22 start-up, dont 12 sont issues de projets de maturation. Pour SAYENS, l\u2019ann\u00e9e 2019 a par ailleurs \u00e9t\u00e9 marqu\u00e9e par l\u2019organisation et sa participation \u00e0 un ensemble d\u2019actions phares d\u00e9di\u00e9es au transfert de technologie et \u00e0 la cr\u00e9ation de start-up : l\u2019op\u00e9ration \u00ab\u00a0<a href=\"https:\/\/www.team-to-market.fr\/\" target=\"_blank\" rel=\"noopener\">Team-to-market<\/a>\u00a0\u00bb men\u00e9e en partenariat avec les SATT\u00a0<a href=\"https:\/\/www.conectus.fr\/\" target=\"_blank\" rel=\"noopener\">Conectus<\/a>, et\u00a0<a href=\"https:\/\/sattnord.fr\/\" target=\"_blank\" rel=\"noopener\">SATT Nord<\/a>\u00a0avec le soutien financier de la\u00a0<a href=\"https:\/\/www.grandest.fr\/\" target=\"_blank\" rel=\"noopener\">R\u00e9gion Grand Est<\/a>, pour d\u00e9tecter des entrepreneurs susceptibles de renforcer et d\u00e9velopper les start-up \u00ab matur\u00e9es \u00bb par les SATT ; le lancement du 1er hackathon de la Recherche Publique \u00ab Immersion Deeptech \u00bb en coop\u00e9ration \u00e9troite avec la\u00a0<a href=\"https:\/\/www.cnrs.fr\/centre-est\/\" target=\"_blank\" rel=\"noopener\">D\u00e9l\u00e9gation CNRS Centre Est<\/a>\u00a0; le Deeptech Tour de\u00a0<a href=\"https:\/\/www.bpifrance.fr\/\" target=\"_blank\" rel=\"noopener\">Bpifrance<\/a>\u00a0; l\u2019Odyss\u00e9e de l\u2019Innovation dans le cadre du partenariat avec la French Tech Lorraine \u2013\u00a0<a href=\"https:\/\/lorntech.eu\/\" target=\"_blank\" rel=\"noopener\">Lorn\u2019Tech<\/a>, visant \u00e0 stimuler le transfert de technologie et l\u2019\u00e9mergence de start-up deeptech en Lorraine ; et enfin, la r\u00e9compense de deux projets start-up d\u00e9tect\u00e9s et soutenus par SAYENS au concours i-PhD, cr\u00e9\u00e9 par le\u00a0<a href=\"https:\/\/www.enseignementsup-recherche.gouv.fr\/\" target=\"_blank\" rel=\"noopener\">Minist\u00e8re de l\u2019Enseignement Sup\u00e9rieur<\/a>, de la Recherche et de l\u2019Innovation, en partenariat avec Bpifrance. \u00ab Grand Prix \u00bb du concours, le\u00a0<strong>Projet SON<\/strong>\u00a0propose une solution pour am\u00e9liorer les proc\u00e9d\u00e9s catalytiques dans le cadre de la fabrication de produits chimiques en grande quantit\u00e9, et le\u00a0<strong>Projet ANIOPAC<\/strong>, \u00ab laur\u00e9at 2019 \u00bb, d\u00e9veloppe quant \u00e0 lui une mini-pile \u00e0 hydrog\u00e8ne pour r\u00e9volutionner le march\u00e9 des \u00ab portables \u00bb.<\/p>\n<p>Pour l\u2019avenir, SAYENS ambitionne d\u2019\u00eatre encore davantage en phase avec les enjeux et attentes de ses actionnaires, de ses partenaires, mais surtout, du march\u00e9. C\u2019est en ce sens que 2019 a \u00e9t\u00e9 marqu\u00e9e par la co-construction, avec ses actionnaires, d\u2019un plan strat\u00e9gique 2020-2022. Cette nouvelle strat\u00e9gie repose sur l\u2019\u00e9coute et l\u2019anticipation des besoins du march\u00e9, une organisation mais aussi des process orient\u00e9s march\u00e9 pour accro\u00eetre les r\u00e9ponses aux besoins d\u2019innovation des entreprises et cr\u00e9er des opportunit\u00e9s concr\u00e8tes pour les \u00e9quipes de recherche de ses actionnaires, de ses partenaires et de son territoire.<\/p>\n<p><span class=\"BoutonLien\"><b>LES CHIFFRES-CL\u00c9S\u00a0SAYENS<\/b><\/span><\/p>\n<ul>\n<li><strong>650 projets d\u2019innovation d\u00e9tect\u00e9s<\/strong>\u00a0et\u00a0<strong>21 M\u20ac<\/strong>\u00a0investis dans\u00a0<strong>108 de ces projets<\/strong><br \/>\nGr\u00e2ce \u00e0 un montant moyen d\u2019investissement de 200 k\u20ac, SAYENS s\u00e9curise la propri\u00e9t\u00e9 intellectuelle des inventions, finance et accompagne les projets d&#8217;innovation jusqu&#8217;\u00e0 leur adoption par les entreprises en supportant le risque technologique et financier de ces projets<\/li>\n<li><strong>61 contrats de licence sign\u00e9s<\/strong>\u00a0qui ont g\u00e9n\u00e9r\u00e9\u00a0<strong>2 M\u20ac de revenus<\/strong>. 70% de ces contrats ont \u00e9t\u00e9 sign\u00e9s avec des entreprises locales (Lorraine, Bourgogne et Franche-Comt\u00e9)<\/li>\n<li><strong>22 start-up cr\u00e9\u00e9es<\/strong>, dont 12 sont issues de projets de maturation<\/li>\n<li><strong>348 projets en portefeuille<\/strong><br \/>\nProjets ainsi r\u00e9partis : 28% en Sant\u00e9 et Dispositifs M\u00e9dicaux (SDM), 30% en Mat\u00e9riaux, Proc\u00e9d\u00e9s, Chimie (MPC), 23% en Technologies de l\u2019Information et de la Communication (TIC) et en Sciences Humaines et Sociales (SHS), 19% en Agrosciences, Ressources Naturelles et Environnement (ARNE)<\/li>\n<li>Un portefeuille propri\u00e9t\u00e9 intellectuelle qui s\u2019\u00e9l\u00e8ve \u00e0\u00a0<strong>390 actifs<\/strong>\u00a0(brevet, logiciel, marque\u2026)<\/li>\n<li><strong>6 M\u20ac de chiffre d\u2019affaires<\/strong>\u00a0pour l\u2019activit\u00e9 \u00ab R&amp;D Partenariats \u00bb, avec 200 collaborateurs (ing\u00e9nieurs, techniciens) et chercheurs impliqu\u00e9s au travers de 8 expertises m\u00e9tiers (Agro-Environnement, Agroalimentaire, Vigne et Vin, Sant\u00e9-Dispositifs M\u00e9dicaux et Bien-Etre, Mat\u00e9riaux et Technologies, Mod\u00e9lisation et Simulation Num\u00e9rique, TIC &amp; SHS, Bio-Industries)<\/li>\n<\/ul>\n<p>Pour en savoir plus, <strong><a href=\"https:\/\/www.sayens.fr\/fr\/actualit%C3%A9s\/rapport-dactivit%C3%A9-2019-une-ann%C3%A9e-impactante\" target=\"_blank\" rel=\"noopener\">d\u00e9couvrir l&#8217;int\u00e9gralit\u00e9 de l&#8217;article<\/a><\/strong><\/p>\n","protected":false},"excerpt":{"rendered":"<p>SAYENS, acc\u00e9l\u00e9rateur du transfert de technologies en Lorraine, Sud Champagne-Ardenne, Bourgogne-Franche-Comt\u00e9, publie son rapport d\u2019activit\u00e9 annuel. L\u2019occasion de retracer les succ\u00e8s et avanc\u00e9es qui ont rythm\u00e9s 2019, et de revenir sur le bilan d\u2019une p\u00e9riode triennale qui a conduit au renouvellement du soutien financier de l\u2019Etat.<\/p>\n","protected":false},"author":30,"featured_media":20595,"comment_status":"closed","ping_status":"closed","sticky":false,"template":"","format":"standard","meta":{"_acf_changed":false,"footnotes":""},"categories":[562,567],"tags":[],"class_list":["post-20681","post","type-post","status-publish","format-standard","has-post-thumbnail","hentry","category-satt-network","category-news-en"],"acf":[],"yoast_head":"<!-- This site is optimized with the Yoast SEO plugin v27.4 - https:\/\/yoast.com\/product\/yoast-seo-wordpress\/ -->\n<title>SAYENS : Rapport d&#039;Activit\u00e9 2019, une ann\u00e9e impactante - R\u00e9seau SATT<\/title>\n<meta name=\"robots\" content=\"index, follow, max-snippet:-1, max-image-preview:large, max-video-preview:-1\" \/>\n<link rel=\"canonical\" href=\"https:\/\/www.satt.fr\/en\/sayens-rapport-dactivite-2019-une-annee-impactante\/\" \/>\n<meta name=\"twitter:label1\" content=\"Written by\" \/>\n\t<meta name=\"twitter:data1\" content=\"St\u00e9phanie Calvet\" \/>\n\t<meta name=\"twitter:label2\" content=\"Est. reading time\" \/>\n\t<meta name=\"twitter:data2\" content=\"4 minutes\" \/>\n<script type=\"application\/ld+json\" class=\"yoast-schema-graph\">{\"@context\":\"https:\\\/\\\/schema.org\",\"@graph\":[{\"@type\":\"Article\",\"@id\":\"https:\\\/\\\/www.satt.fr\\\/en\\\/sayens-rapport-dactivite-2019-une-annee-impactante\\\/#article\",\"isPartOf\":{\"@id\":\"https:\\\/\\\/www.satt.fr\\\/en\\\/sayens-rapport-dactivite-2019-une-annee-impactante\\\/\"},\"author\":{\"name\":\"St\u00e9phanie Calvet\",\"@id\":\"https:\\\/\\\/www.satt.fr\\\/en\\\/#\\\/schema\\\/person\\\/eb6f799e92e2b92a73ec1247b347e0ff\"},\"headline\":\"SAYENS : Rapport d&#8217;Activit\u00e9 2019, une ann\u00e9e impactante\",\"datePublished\":\"2020-07-21T08:43:12+00:00\",\"mainEntityOfPage\":{\"@id\":\"https:\\\/\\\/www.satt.fr\\\/en\\\/sayens-rapport-dactivite-2019-une-annee-impactante\\\/\"},\"wordCount\":784,\"image\":{\"@id\":\"https:\\\/\\\/www.satt.fr\\\/en\\\/sayens-rapport-dactivite-2019-une-annee-impactante\\\/#primaryimage\"},\"thumbnailUrl\":\"https:\\\/\\\/www.satt.fr\\\/wp-content\\\/uploads\\\/2020\\\/07\\\/Visuel_reseau_satt_page_web-1.jpg\",\"articleSection\":[\"SATT Network\",\"News\"],\"inLanguage\":\"en-US\"},{\"@type\":\"WebPage\",\"@id\":\"https:\\\/\\\/www.satt.fr\\\/en\\\/sayens-rapport-dactivite-2019-une-annee-impactante\\\/\",\"url\":\"https:\\\/\\\/www.satt.fr\\\/en\\\/sayens-rapport-dactivite-2019-une-annee-impactante\\\/\",\"name\":\"SAYENS : Rapport d'Activit\u00e9 2019, une ann\u00e9e impactante - R\u00e9seau SATT\",\"isPartOf\":{\"@id\":\"https:\\\/\\\/www.satt.fr\\\/en\\\/#website\"},\"primaryImageOfPage\":{\"@id\":\"https:\\\/\\\/www.satt.fr\\\/en\\\/sayens-rapport-dactivite-2019-une-annee-impactante\\\/#primaryimage\"},\"image\":{\"@id\":\"https:\\\/\\\/www.satt.fr\\\/en\\\/sayens-rapport-dactivite-2019-une-annee-impactante\\\/#primaryimage\"},\"thumbnailUrl\":\"https:\\\/\\\/www.satt.fr\\\/wp-content\\\/uploads\\\/2020\\\/07\\\/Visuel_reseau_satt_page_web-1.jpg\",\"datePublished\":\"2020-07-21T08:43:12+00:00\",\"author\":{\"@id\":\"https:\\\/\\\/www.satt.fr\\\/en\\\/#\\\/schema\\\/person\\\/eb6f799e92e2b92a73ec1247b347e0ff\"},\"breadcrumb\":{\"@id\":\"https:\\\/\\\/www.satt.fr\\\/en\\\/sayens-rapport-dactivite-2019-une-annee-impactante\\\/#breadcrumb\"},\"inLanguage\":\"en-US\",\"potentialAction\":[{\"@type\":\"ReadAction\",\"target\":[\"https:\\\/\\\/www.satt.fr\\\/en\\\/sayens-rapport-dactivite-2019-une-annee-impactante\\\/\"]}]},{\"@type\":\"ImageObject\",\"inLanguage\":\"en-US\",\"@id\":\"https:\\\/\\\/www.satt.fr\\\/en\\\/sayens-rapport-dactivite-2019-une-annee-impactante\\\/#primaryimage\",\"url\":\"https:\\\/\\\/www.satt.fr\\\/wp-content\\\/uploads\\\/2020\\\/07\\\/Visuel_reseau_satt_page_web-1.jpg\",\"contentUrl\":\"https:\\\/\\\/www.satt.fr\\\/wp-content\\\/uploads\\\/2020\\\/07\\\/Visuel_reseau_satt_page_web-1.jpg\",\"width\":2466,\"height\":1366},{\"@type\":\"BreadcrumbList\",\"@id\":\"https:\\\/\\\/www.satt.fr\\\/en\\\/sayens-rapport-dactivite-2019-une-annee-impactante\\\/#breadcrumb\",\"itemListElement\":[{\"@type\":\"ListItem\",\"position\":1,\"name\":\"Accueil\",\"item\":\"https:\\\/\\\/www.satt.fr\\\/en\\\/\"},{\"@type\":\"ListItem\",\"position\":2,\"name\":\"SAYENS : Rapport d&#8217;Activit\u00e9 2019, une ann\u00e9e impactante\"}]},{\"@type\":\"WebSite\",\"@id\":\"https:\\\/\\\/www.satt.fr\\\/en\\\/#website\",\"url\":\"https:\\\/\\\/www.satt.fr\\\/en\\\/\",\"name\":\"R\u00e9seau SATT\",\"description\":\"Les Soci\u00e9t\u00e9s d&#039;Acc\u00e9l\u00e9ration du Transfert de Technologies\",\"potentialAction\":[{\"@type\":\"SearchAction\",\"target\":{\"@type\":\"EntryPoint\",\"urlTemplate\":\"https:\\\/\\\/www.satt.fr\\\/en\\\/?s={search_term_string}\"},\"query-input\":{\"@type\":\"PropertyValueSpecification\",\"valueRequired\":true,\"valueName\":\"search_term_string\"}}],\"inLanguage\":\"en-US\"},{\"@type\":\"Person\",\"@id\":\"https:\\\/\\\/www.satt.fr\\\/en\\\/#\\\/schema\\\/person\\\/eb6f799e92e2b92a73ec1247b347e0ff\",\"name\":\"St\u00e9phanie Calvet\",\"url\":\"https:\\\/\\\/www.satt.fr\\\/en\\\/author\\\/stephanie-calvet\\\/\"}]}<\/script>\n<!-- \/ Yoast SEO plugin. -->","yoast_head_json":{"title":"SAYENS : Rapport d'Activit\u00e9 2019, une ann\u00e9e impactante - R\u00e9seau SATT","robots":{"index":"index","follow":"follow","max-snippet":"max-snippet:-1","max-image-preview":"max-image-preview:large","max-video-preview":"max-video-preview:-1"},"canonical":"https:\/\/www.satt.fr\/en\/sayens-rapport-dactivite-2019-une-annee-impactante\/","twitter_misc":{"Written by":"St\u00e9phanie Calvet","Est. reading time":"4 minutes"},"schema":{"@context":"https:\/\/schema.org","@graph":[{"@type":"Article","@id":"https:\/\/www.satt.fr\/en\/sayens-rapport-dactivite-2019-une-annee-impactante\/#article","isPartOf":{"@id":"https:\/\/www.satt.fr\/en\/sayens-rapport-dactivite-2019-une-annee-impactante\/"},"author":{"name":"St\u00e9phanie Calvet","@id":"https:\/\/www.satt.fr\/en\/#\/schema\/person\/eb6f799e92e2b92a73ec1247b347e0ff"},"headline":"SAYENS : Rapport d&#8217;Activit\u00e9 2019, une ann\u00e9e impactante","datePublished":"2020-07-21T08:43:12+00:00","mainEntityOfPage":{"@id":"https:\/\/www.satt.fr\/en\/sayens-rapport-dactivite-2019-une-annee-impactante\/"},"wordCount":784,"image":{"@id":"https:\/\/www.satt.fr\/en\/sayens-rapport-dactivite-2019-une-annee-impactante\/#primaryimage"},"thumbnailUrl":"https:\/\/www.satt.fr\/wp-content\/uploads\/2020\/07\/Visuel_reseau_satt_page_web-1.jpg","articleSection":["SATT Network","News"],"inLanguage":"en-US"},{"@type":"WebPage","@id":"https:\/\/www.satt.fr\/en\/sayens-rapport-dactivite-2019-une-annee-impactante\/","url":"https:\/\/www.satt.fr\/en\/sayens-rapport-dactivite-2019-une-annee-impactante\/","name":"SAYENS : Rapport d'Activit\u00e9 2019, une ann\u00e9e impactante - R\u00e9seau SATT","isPartOf":{"@id":"https:\/\/www.satt.fr\/en\/#website"},"primaryImageOfPage":{"@id":"https:\/\/www.satt.fr\/en\/sayens-rapport-dactivite-2019-une-annee-impactante\/#primaryimage"},"image":{"@id":"https:\/\/www.satt.fr\/en\/sayens-rapport-dactivite-2019-une-annee-impactante\/#primaryimage"},"thumbnailUrl":"https:\/\/www.satt.fr\/wp-content\/uploads\/2020\/07\/Visuel_reseau_satt_page_web-1.jpg","datePublished":"2020-07-21T08:43:12+00:00","author":{"@id":"https:\/\/www.satt.fr\/en\/#\/schema\/person\/eb6f799e92e2b92a73ec1247b347e0ff"},"breadcrumb":{"@id":"https:\/\/www.satt.fr\/en\/sayens-rapport-dactivite-2019-une-annee-impactante\/#breadcrumb"},"inLanguage":"en-US","potentialAction":[{"@type":"ReadAction","target":["https:\/\/www.satt.fr\/en\/sayens-rapport-dactivite-2019-une-annee-impactante\/"]}]},{"@type":"ImageObject","inLanguage":"en-US","@id":"https:\/\/www.satt.fr\/en\/sayens-rapport-dactivite-2019-une-annee-impactante\/#primaryimage","url":"https:\/\/www.satt.fr\/wp-content\/uploads\/2020\/07\/Visuel_reseau_satt_page_web-1.jpg","contentUrl":"https:\/\/www.satt.fr\/wp-content\/uploads\/2020\/07\/Visuel_reseau_satt_page_web-1.jpg","width":2466,"height":1366},{"@type":"BreadcrumbList","@id":"https:\/\/www.satt.fr\/en\/sayens-rapport-dactivite-2019-une-annee-impactante\/#breadcrumb","itemListElement":[{"@type":"ListItem","position":1,"name":"Accueil","item":"https:\/\/www.satt.fr\/en\/"},{"@type":"ListItem","position":2,"name":"SAYENS : Rapport d&#8217;Activit\u00e9 2019, une ann\u00e9e impactante"}]},{"@type":"WebSite","@id":"https:\/\/www.satt.fr\/en\/#website","url":"https:\/\/www.satt.fr\/en\/","name":"R\u00e9seau SATT","description":"Les Soci\u00e9t\u00e9s d&#039;Acc\u00e9l\u00e9ration du Transfert de Technologies","potentialAction":[{"@type":"SearchAction","target":{"@type":"EntryPoint","urlTemplate":"https:\/\/www.satt.fr\/en\/?s={search_term_string}"},"query-input":{"@type":"PropertyValueSpecification","valueRequired":true,"valueName":"search_term_string"}}],"inLanguage":"en-US"},{"@type":"Person","@id":"https:\/\/www.satt.fr\/en\/#\/schema\/person\/eb6f799e92e2b92a73ec1247b347e0ff","name":"St\u00e9phanie Calvet","url":"https:\/\/www.satt.fr\/en\/author\/stephanie-calvet\/"}]}},"_links":{"self":[{"href":"https:\/\/www.satt.fr\/en\/wp-json\/wp\/v2\/posts\/20681","targetHints":{"allow":["GET"]}}],"collection":[{"href":"https:\/\/www.satt.fr\/en\/wp-json\/wp\/v2\/posts"}],"about":[{"href":"https:\/\/www.satt.fr\/en\/wp-json\/wp\/v2\/types\/post"}],"author":[{"embeddable":true,"href":"https:\/\/www.satt.fr\/en\/wp-json\/wp\/v2\/users\/30"}],"replies":[{"embeddable":true,"href":"https:\/\/www.satt.fr\/en\/wp-json\/wp\/v2\/comments?post=20681"}],"version-history":[{"count":0,"href":"https:\/\/www.satt.fr\/en\/wp-json\/wp\/v2\/posts\/20681\/revisions"}],"wp:featuredmedia":[{"embeddable":true,"href":"https:\/\/www.satt.fr\/en\/wp-json\/wp\/v2\/media\/20595"}],"wp:attachment":[{"href":"https:\/\/www.satt.fr\/en\/wp-json\/wp\/v2\/media?parent=20681"}],"wp:term":[{"taxonomy":"category","embeddable":true,"href":"https:\/\/www.satt.fr\/en\/wp-json\/wp\/v2\/categories?post=20681"},{"taxonomy":"post_tag","embeddable":true,"href":"https:\/\/www.satt.fr\/en\/wp-json\/wp\/v2\/tags?post=20681"}],"curies":[{"name":"wp","href":"https:\/\/api.w.org\/{rel}","templated":true}]}}