{"id":21644,"date":"2020-10-15T09:44:20","date_gmt":"2020-10-15T07:44:20","guid":{"rendered":"https:\/\/www.satt.fr\/la-start-up-optimab-recherche-son-futur-ceo\/"},"modified":"2020-10-15T14:54:09","modified_gmt":"2020-10-15T12:54:09","slug":"la-start-up-optimab-recherche-son-futur-ceo","status":"publish","type":"post","link":"https:\/\/www.satt.fr\/en\/la-start-up-optimab-recherche-son-futur-ceo\/","title":{"rendered":"SATT Paris-Saclay : La start-up Optimab recherche son futur CEO !"},"content":{"rendered":"<p><strong>Vous \u00eates int\u00e9ress\u00e9(e) par les technologies innovantes et par l\u2019aventure entrepreneuriale ? Vous \u00eates \u00e0 la recherche d\u2019un projet de cr\u00e9ation d\u2019entreprise \u00e0 fort potentiel ? La SATT Paris-Saclay recherche le futur fondateur de la start-up OPTIMAB qui permettra de valoriser un nouveau proc\u00e9d\u00e9 pour l\u2019ing\u00e9nierie et la caract\u00e9risation rapide des anticorps th\u00e9rapeutiques.<\/strong><\/p>\n<p><strong>Votre mission ?<\/strong>\u00a0Pr\u00e9parer la cr\u00e9ation et le plan de d\u00e9veloppement de la start-up : valider les applications et march\u00e9s, construire le mod\u00e8le \u00e9conomique, formaliser le business plan, d\u00e9finir la strat\u00e9gie financi\u00e8re, etc.<\/p>\n<p><a href=\"https:\/\/satt-paris-saclay.fr\/vitrine-technologique\/optimab\/\" target=\"_blank\" rel=\"noopener noreferrer\">OPTIMAB<\/a><\/p>\n<ul>\n<li>Utilisation de la technologie du Deep Mutational Scanning pour \u00e9tudier les interactions antig\u00e8ne \/ anticorps<\/li>\n<li>Proc\u00e9d\u00e9 optimis\u00e9 combinant criblage et s\u00e9quen\u00e7age \u00e0 haut d\u00e9bit permettant de r\u00e9duire drastiquement le temps de d\u00e9veloppement d\u2019un anticorps th\u00e9rapeutique<\/li>\n<\/ul>\n<p><a href=\"https:\/\/satt-paris-saclay.fr\/wp-content\/uploads\/2020\/10\/Fiche-recherche-CEO-OPTIMAB.pdf\">D\u00e9couvrez l&#8217;offre compl\u00e8te<\/a><\/p>\n","protected":false},"excerpt":{"rendered":"<p>Vous \u00eates int\u00e9ress\u00e9(e) par les technologies innovantes et par l\u2019aventure entrepreneuriale ? Vous \u00eates \u00e0 la recherche d\u2019un projet de cr\u00e9ation d\u2019entreprise \u00e0 fort potentiel ? La SATT Paris-Saclay recherche le futur fondateur de la start-up OPTIMAB qui permettra de valoriser un nouveau proc\u00e9d\u00e9 pour l\u2019ing\u00e9nierie et la caract\u00e9risation rapide des anticorps th\u00e9rapeutiques. Votre mission [&hellip;]<\/p>\n","protected":false},"author":39,"featured_media":21622,"comment_status":"closed","ping_status":"closed","sticky":false,"template":"","format":"standard","meta":{"_acf_changed":false,"footnotes":""},"categories":[604],"tags":[],"class_list":["post-21644","post","type-post","status-publish","format-standard","has-post-thumbnail","hentry","category-startup-en"],"acf":[],"yoast_head":"<!-- This site is optimized with the Yoast SEO plugin v27.4 - https:\/\/yoast.com\/product\/yoast-seo-wordpress\/ -->\n<title>SATT Paris-Saclay : La start-up Optimab recherche son futur CEO ! - R\u00e9seau SATT<\/title>\n<meta name=\"description\" content=\"La SATT Paris-Saclay recherche le futur fondateur de la start-up OPTIMAB pour valoriser un nouveau proc\u00e9d\u00e9 pour l\u2019ing\u00e9nierie et la caract\u00e9risation rapide des anticorps th\u00e9rapeutiques.\" \/>\n<meta name=\"robots\" content=\"index, follow, max-snippet:-1, max-image-preview:large, max-video-preview:-1\" \/>\n<link rel=\"canonical\" href=\"https:\/\/www.satt.fr\/en\/la-start-up-optimab-recherche-son-futur-ceo\/\" \/>\n<meta name=\"twitter:label1\" content=\"Written by\" \/>\n\t<meta name=\"twitter:data1\" content=\"melanie.trombik@satt-paris-saclay.fr\" \/>\n\t<meta name=\"twitter:label2\" content=\"Est. reading time\" \/>\n\t<meta name=\"twitter:data2\" content=\"1 minute\" \/>\n<script type=\"application\/ld+json\" class=\"yoast-schema-graph\">{\"@context\":\"https:\\\/\\\/schema.org\",\"@graph\":[{\"@type\":\"Article\",\"@id\":\"https:\\\/\\\/www.satt.fr\\\/en\\\/la-start-up-optimab-recherche-son-futur-ceo\\\/#article\",\"isPartOf\":{\"@id\":\"https:\\\/\\\/www.satt.fr\\\/en\\\/la-start-up-optimab-recherche-son-futur-ceo\\\/\"},\"author\":{\"name\":\"melanie.trombik@satt-paris-saclay.fr\",\"@id\":\"https:\\\/\\\/www.satt.fr\\\/en\\\/#\\\/schema\\\/person\\\/c8176fb0c5d825bf4c64b0e47e0cedee\"},\"headline\":\"SATT Paris-Saclay : La start-up Optimab recherche son futur CEO !\",\"datePublished\":\"2020-10-15T07:44:20+00:00\",\"dateModified\":\"2020-10-15T12:54:09+00:00\",\"mainEntityOfPage\":{\"@id\":\"https:\\\/\\\/www.satt.fr\\\/en\\\/la-start-up-optimab-recherche-son-futur-ceo\\\/\"},\"wordCount\":157,\"image\":{\"@id\":\"https:\\\/\\\/www.satt.fr\\\/en\\\/la-start-up-optimab-recherche-son-futur-ceo\\\/#primaryimage\"},\"thumbnailUrl\":\"https:\\\/\\\/www.satt.fr\\\/wp-content\\\/uploads\\\/2020\\\/10\\\/optimab.jpg\",\"articleSection\":[\"Start-up\"],\"inLanguage\":\"en-US\"},{\"@type\":\"WebPage\",\"@id\":\"https:\\\/\\\/www.satt.fr\\\/en\\\/la-start-up-optimab-recherche-son-futur-ceo\\\/\",\"url\":\"https:\\\/\\\/www.satt.fr\\\/en\\\/la-start-up-optimab-recherche-son-futur-ceo\\\/\",\"name\":\"SATT Paris-Saclay : La start-up Optimab recherche son futur CEO ! - R\u00e9seau SATT\",\"isPartOf\":{\"@id\":\"https:\\\/\\\/www.satt.fr\\\/en\\\/#website\"},\"primaryImageOfPage\":{\"@id\":\"https:\\\/\\\/www.satt.fr\\\/en\\\/la-start-up-optimab-recherche-son-futur-ceo\\\/#primaryimage\"},\"image\":{\"@id\":\"https:\\\/\\\/www.satt.fr\\\/en\\\/la-start-up-optimab-recherche-son-futur-ceo\\\/#primaryimage\"},\"thumbnailUrl\":\"https:\\\/\\\/www.satt.fr\\\/wp-content\\\/uploads\\\/2020\\\/10\\\/optimab.jpg\",\"datePublished\":\"2020-10-15T07:44:20+00:00\",\"dateModified\":\"2020-10-15T12:54:09+00:00\",\"author\":{\"@id\":\"https:\\\/\\\/www.satt.fr\\\/en\\\/#\\\/schema\\\/person\\\/c8176fb0c5d825bf4c64b0e47e0cedee\"},\"description\":\"La SATT Paris-Saclay recherche le futur fondateur de la start-up OPTIMAB pour valoriser un nouveau proc\u00e9d\u00e9 pour l\u2019ing\u00e9nierie et la caract\u00e9risation rapide des anticorps th\u00e9rapeutiques.\",\"breadcrumb\":{\"@id\":\"https:\\\/\\\/www.satt.fr\\\/en\\\/la-start-up-optimab-recherche-son-futur-ceo\\\/#breadcrumb\"},\"inLanguage\":\"en-US\",\"potentialAction\":[{\"@type\":\"ReadAction\",\"target\":[\"https:\\\/\\\/www.satt.fr\\\/en\\\/la-start-up-optimab-recherche-son-futur-ceo\\\/\"]}]},{\"@type\":\"ImageObject\",\"inLanguage\":\"en-US\",\"@id\":\"https:\\\/\\\/www.satt.fr\\\/en\\\/la-start-up-optimab-recherche-son-futur-ceo\\\/#primaryimage\",\"url\":\"https:\\\/\\\/www.satt.fr\\\/wp-content\\\/uploads\\\/2020\\\/10\\\/optimab.jpg\",\"contentUrl\":\"https:\\\/\\\/www.satt.fr\\\/wp-content\\\/uploads\\\/2020\\\/10\\\/optimab.jpg\",\"width\":947,\"height\":529},{\"@type\":\"BreadcrumbList\",\"@id\":\"https:\\\/\\\/www.satt.fr\\\/en\\\/la-start-up-optimab-recherche-son-futur-ceo\\\/#breadcrumb\",\"itemListElement\":[{\"@type\":\"ListItem\",\"position\":1,\"name\":\"Accueil\",\"item\":\"https:\\\/\\\/www.satt.fr\\\/en\\\/\"},{\"@type\":\"ListItem\",\"position\":2,\"name\":\"SATT Paris-Saclay : La start-up Optimab recherche son futur CEO !\"}]},{\"@type\":\"WebSite\",\"@id\":\"https:\\\/\\\/www.satt.fr\\\/en\\\/#website\",\"url\":\"https:\\\/\\\/www.satt.fr\\\/en\\\/\",\"name\":\"R\u00e9seau SATT\",\"description\":\"Les Soci\u00e9t\u00e9s d&#039;Acc\u00e9l\u00e9ration du Transfert de Technologies\",\"potentialAction\":[{\"@type\":\"SearchAction\",\"target\":{\"@type\":\"EntryPoint\",\"urlTemplate\":\"https:\\\/\\\/www.satt.fr\\\/en\\\/?s={search_term_string}\"},\"query-input\":{\"@type\":\"PropertyValueSpecification\",\"valueRequired\":true,\"valueName\":\"search_term_string\"}}],\"inLanguage\":\"en-US\"},{\"@type\":\"Person\",\"@id\":\"https:\\\/\\\/www.satt.fr\\\/en\\\/#\\\/schema\\\/person\\\/c8176fb0c5d825bf4c64b0e47e0cedee\",\"name\":\"melanie.trombik@satt-paris-saclay.fr\",\"url\":\"https:\\\/\\\/www.satt.fr\\\/en\\\/author\\\/melanie-trombiksatt-paris-saclay-fr\\\/\"}]}<\/script>\n<!-- \/ Yoast SEO plugin. -->","yoast_head_json":{"title":"SATT Paris-Saclay : La start-up Optimab recherche son futur CEO ! - R\u00e9seau SATT","description":"La SATT Paris-Saclay recherche le futur fondateur de la start-up OPTIMAB pour valoriser un nouveau proc\u00e9d\u00e9 pour l\u2019ing\u00e9nierie et la caract\u00e9risation rapide des anticorps th\u00e9rapeutiques.","robots":{"index":"index","follow":"follow","max-snippet":"max-snippet:-1","max-image-preview":"max-image-preview:large","max-video-preview":"max-video-preview:-1"},"canonical":"https:\/\/www.satt.fr\/en\/la-start-up-optimab-recherche-son-futur-ceo\/","twitter_misc":{"Written by":"melanie.trombik@satt-paris-saclay.fr","Est. reading time":"1 minute"},"schema":{"@context":"https:\/\/schema.org","@graph":[{"@type":"Article","@id":"https:\/\/www.satt.fr\/en\/la-start-up-optimab-recherche-son-futur-ceo\/#article","isPartOf":{"@id":"https:\/\/www.satt.fr\/en\/la-start-up-optimab-recherche-son-futur-ceo\/"},"author":{"name":"melanie.trombik@satt-paris-saclay.fr","@id":"https:\/\/www.satt.fr\/en\/#\/schema\/person\/c8176fb0c5d825bf4c64b0e47e0cedee"},"headline":"SATT Paris-Saclay : La start-up Optimab recherche son futur CEO !","datePublished":"2020-10-15T07:44:20+00:00","dateModified":"2020-10-15T12:54:09+00:00","mainEntityOfPage":{"@id":"https:\/\/www.satt.fr\/en\/la-start-up-optimab-recherche-son-futur-ceo\/"},"wordCount":157,"image":{"@id":"https:\/\/www.satt.fr\/en\/la-start-up-optimab-recherche-son-futur-ceo\/#primaryimage"},"thumbnailUrl":"https:\/\/www.satt.fr\/wp-content\/uploads\/2020\/10\/optimab.jpg","articleSection":["Start-up"],"inLanguage":"en-US"},{"@type":"WebPage","@id":"https:\/\/www.satt.fr\/en\/la-start-up-optimab-recherche-son-futur-ceo\/","url":"https:\/\/www.satt.fr\/en\/la-start-up-optimab-recherche-son-futur-ceo\/","name":"SATT Paris-Saclay : La start-up Optimab recherche son futur CEO ! - R\u00e9seau SATT","isPartOf":{"@id":"https:\/\/www.satt.fr\/en\/#website"},"primaryImageOfPage":{"@id":"https:\/\/www.satt.fr\/en\/la-start-up-optimab-recherche-son-futur-ceo\/#primaryimage"},"image":{"@id":"https:\/\/www.satt.fr\/en\/la-start-up-optimab-recherche-son-futur-ceo\/#primaryimage"},"thumbnailUrl":"https:\/\/www.satt.fr\/wp-content\/uploads\/2020\/10\/optimab.jpg","datePublished":"2020-10-15T07:44:20+00:00","dateModified":"2020-10-15T12:54:09+00:00","author":{"@id":"https:\/\/www.satt.fr\/en\/#\/schema\/person\/c8176fb0c5d825bf4c64b0e47e0cedee"},"description":"La SATT Paris-Saclay recherche le futur fondateur de la start-up OPTIMAB pour valoriser un nouveau proc\u00e9d\u00e9 pour l\u2019ing\u00e9nierie et la caract\u00e9risation rapide des anticorps th\u00e9rapeutiques.","breadcrumb":{"@id":"https:\/\/www.satt.fr\/en\/la-start-up-optimab-recherche-son-futur-ceo\/#breadcrumb"},"inLanguage":"en-US","potentialAction":[{"@type":"ReadAction","target":["https:\/\/www.satt.fr\/en\/la-start-up-optimab-recherche-son-futur-ceo\/"]}]},{"@type":"ImageObject","inLanguage":"en-US","@id":"https:\/\/www.satt.fr\/en\/la-start-up-optimab-recherche-son-futur-ceo\/#primaryimage","url":"https:\/\/www.satt.fr\/wp-content\/uploads\/2020\/10\/optimab.jpg","contentUrl":"https:\/\/www.satt.fr\/wp-content\/uploads\/2020\/10\/optimab.jpg","width":947,"height":529},{"@type":"BreadcrumbList","@id":"https:\/\/www.satt.fr\/en\/la-start-up-optimab-recherche-son-futur-ceo\/#breadcrumb","itemListElement":[{"@type":"ListItem","position":1,"name":"Accueil","item":"https:\/\/www.satt.fr\/en\/"},{"@type":"ListItem","position":2,"name":"SATT Paris-Saclay : La start-up Optimab recherche son futur CEO !"}]},{"@type":"WebSite","@id":"https:\/\/www.satt.fr\/en\/#website","url":"https:\/\/www.satt.fr\/en\/","name":"R\u00e9seau SATT","description":"Les Soci\u00e9t\u00e9s d&#039;Acc\u00e9l\u00e9ration du Transfert de Technologies","potentialAction":[{"@type":"SearchAction","target":{"@type":"EntryPoint","urlTemplate":"https:\/\/www.satt.fr\/en\/?s={search_term_string}"},"query-input":{"@type":"PropertyValueSpecification","valueRequired":true,"valueName":"search_term_string"}}],"inLanguage":"en-US"},{"@type":"Person","@id":"https:\/\/www.satt.fr\/en\/#\/schema\/person\/c8176fb0c5d825bf4c64b0e47e0cedee","name":"melanie.trombik@satt-paris-saclay.fr","url":"https:\/\/www.satt.fr\/en\/author\/melanie-trombiksatt-paris-saclay-fr\/"}]}},"_links":{"self":[{"href":"https:\/\/www.satt.fr\/en\/wp-json\/wp\/v2\/posts\/21644","targetHints":{"allow":["GET"]}}],"collection":[{"href":"https:\/\/www.satt.fr\/en\/wp-json\/wp\/v2\/posts"}],"about":[{"href":"https:\/\/www.satt.fr\/en\/wp-json\/wp\/v2\/types\/post"}],"author":[{"embeddable":true,"href":"https:\/\/www.satt.fr\/en\/wp-json\/wp\/v2\/users\/39"}],"replies":[{"embeddable":true,"href":"https:\/\/www.satt.fr\/en\/wp-json\/wp\/v2\/comments?post=21644"}],"version-history":[{"count":1,"href":"https:\/\/www.satt.fr\/en\/wp-json\/wp\/v2\/posts\/21644\/revisions"}],"predecessor-version":[{"id":21648,"href":"https:\/\/www.satt.fr\/en\/wp-json\/wp\/v2\/posts\/21644\/revisions\/21648"}],"wp:featuredmedia":[{"embeddable":true,"href":"https:\/\/www.satt.fr\/en\/wp-json\/wp\/v2\/media\/21622"}],"wp:attachment":[{"href":"https:\/\/www.satt.fr\/en\/wp-json\/wp\/v2\/media?parent=21644"}],"wp:term":[{"taxonomy":"category","embeddable":true,"href":"https:\/\/www.satt.fr\/en\/wp-json\/wp\/v2\/categories?post=21644"},{"taxonomy":"post_tag","embeddable":true,"href":"https:\/\/www.satt.fr\/en\/wp-json\/wp\/v2\/tags?post=21644"}],"curies":[{"name":"wp","href":"https:\/\/api.w.org\/{rel}","templated":true}]}}