{"id":22592,"date":"2020-11-25T09:56:56","date_gmt":"2020-11-25T08:56:56","guid":{"rendered":"https:\/\/www.satt.fr\/les-satt-sayens-conectus-et-satt-nord-lancent-un-appel-a-manifestation-dinteret-valoriser-la-recherche-pour-lindustrie-du-futur\/"},"modified":"2020-11-25T09:56:56","modified_gmt":"2020-11-25T08:56:56","slug":"les-satt-sayens-conectus-et-satt-nord-lancent-un-appel-a-manifestation-dinteret-valoriser-la-recherche-pour-lindustrie-du-futur","status":"publish","type":"post","link":"https:\/\/www.satt.fr\/en\/les-satt-sayens-conectus-et-satt-nord-lancent-un-appel-a-manifestation-dinteret-valoriser-la-recherche-pour-lindustrie-du-futur\/","title":{"rendered":"Les SATT SAYENS, CONECTUS et SATT NORD lancent un Appel \u00e0 Manifestation d\u2019Int\u00e9r\u00eat &#8220;Valoriser la recherche pour l&#8217;Industrie du Futur&#8221;"},"content":{"rendered":"<p><strong>Dans le contexte du changement climatique et du Plan de relance impuls\u00e9 suite \u00e0 la crise sanitaire li\u00e9e \u00e0 la COVID-19, l\u2019industrie est, et demeure, une priorit\u00e9 strat\u00e9gique du d\u00e9veloppement \u00e9conomique de la France et de l\u2019Europe.<\/strong><\/p>\n<p>Car l\u2019Industrie du Futur est au croisement de multiples enjeux technologiques, \u00e9conomiques et environnementaux (IOT, IA, mat\u00e9riaux nouveaux et intelligents, nouveaux process industriels et de production, d\u00e9carbonation, organisation du travail, mod\u00e8les \u00e9conomiques et relations clients- fournisseur, \u2026.), les <strong>SATT Conectus, SAYENS<\/strong> et <strong>SATT Nord<\/strong> s\u2019associent \u00e0 l\u2019<strong>IRT M2P<\/strong>, au <strong>P\u00f4le de comp\u00e9titivit\u00e9 Mat\u00e9ralia<\/strong> et au <strong>P\u00f4le V\u00e9hicule du Futur<\/strong> pour maximiser leurs capacit\u00e9s d\u2019expertises et d\u2019investissement dans un Appel \u00e0 Manifestation d\u2019Int\u00e9r\u00eat (A.M.I) \u00e0 destination des \u00e9quipes de recherche publique des r\u00e9gions <strong>Grand Est, Hauts-de-France, <\/strong>et <strong>Bourgogne-Franche-Comt<\/strong>\u00e9.<\/p>\n<p>Cet appel \u00e0 projet est ouvert \u00e0 tout chercheur, \u00e9quipe de recherche ou consortium de chercheurs, dont au moins un membre est attach\u00e9 \u00e0 un laboratoire ou \u00e0 un \u00e9tablissement public de recherche acad\u00e9mique des territoires cit\u00e9s.<\/p>\n<p>Les projets pr\u00e9sent\u00e9s devront apporter des solutions, r\u00e9sultats en r\u00e9ponse aux enjeux de modernisation de l\u2019outil de production fran\u00e7ais, digitalisation de l\u2019industrie, production personnalis\u00e9e, et de transformation des organisations.<\/p>\n<p>Pour en savoir plus rendez-vous sur le site web <a href=\"http:\/\/ami-industriedufutur.fr\" target=\"_blank\" rel=\"noopener\">ami-industriedufutur.fr<\/a>.<\/p>\n<p>T\u00e9l\u00e9chargez le formulaire de candidature puis renvoyez-le compl\u00e9t\u00e9 \u00e0 l\u2019adresse mail : <a href=\"mailto:contact@ ami-industriedufutur.fr\" target=\"_blank\" rel=\"noopener\">contact@ami-industriedufutur.fr<\/a> avant le 26 f\u00e9vrier 2021 \u00e0 minuit.<\/p>\n","protected":false},"excerpt":{"rendered":"<p>Dans le contexte du changement climatique et du Plan de relance impuls\u00e9 suite \u00e0 la crise sanitaire li\u00e9e \u00e0 la COVID-19, l\u2019industrie est, et demeure, une priorit\u00e9 strat\u00e9gique du d\u00e9veloppement \u00e9conomique de la France et de l\u2019Europe. Car l\u2019Industrie du Futur est au croisement de multiples enjeux technologiques, \u00e9conomiques et environnementaux (IOT, IA, mat\u00e9riaux nouveaux [&hellip;]<\/p>\n","protected":false},"author":30,"featured_media":22454,"comment_status":"closed","ping_status":"closed","sticky":false,"template":"","format":"standard","meta":{"_acf_changed":false,"footnotes":""},"categories":[560,567],"tags":[],"class_list":["post-22592","post","type-post","status-publish","format-standard","has-post-thumbnail","hentry","category-event-en","category-news-en"],"acf":[],"yoast_head":"<!-- This site is optimized with the Yoast SEO plugin v27.4 - https:\/\/yoast.com\/product\/yoast-seo-wordpress\/ -->\n<title>Les SATT SAYENS, CONECTUS et SATT NORD lancent un Appel \u00e0 Manifestation d\u2019Int\u00e9r\u00eat &quot;Valoriser la recherche pour l&#039;Industrie du Futur&quot; - R\u00e9seau SATT<\/title>\n<meta name=\"description\" content=\"Chercheurs, vous disposez de r\u00e9sultats \u00e0 potentiel de valorisation dans le domaine des industries du futur ? D\u00e9couvrez notre Appel \u00e0 Projet.\" \/>\n<meta name=\"robots\" content=\"index, follow, max-snippet:-1, max-image-preview:large, max-video-preview:-1\" \/>\n<link rel=\"canonical\" href=\"https:\/\/www.satt.fr\/en\/les-satt-sayens-conectus-et-satt-nord-lancent-un-appel-a-manifestation-dinteret-valoriser-la-recherche-pour-lindustrie-du-futur\/\" \/>\n<meta name=\"twitter:label1\" content=\"Written by\" \/>\n\t<meta name=\"twitter:data1\" content=\"St\u00e9phanie Calvet\" \/>\n\t<meta name=\"twitter:label2\" content=\"Est. reading time\" \/>\n\t<meta name=\"twitter:data2\" content=\"1 minute\" \/>\n<script type=\"application\/ld+json\" class=\"yoast-schema-graph\">{\"@context\":\"https:\\\/\\\/schema.org\",\"@graph\":[{\"@type\":\"Article\",\"@id\":\"https:\\\/\\\/www.satt.fr\\\/en\\\/les-satt-sayens-conectus-et-satt-nord-lancent-un-appel-a-manifestation-dinteret-valoriser-la-recherche-pour-lindustrie-du-futur\\\/#article\",\"isPartOf\":{\"@id\":\"https:\\\/\\\/www.satt.fr\\\/en\\\/les-satt-sayens-conectus-et-satt-nord-lancent-un-appel-a-manifestation-dinteret-valoriser-la-recherche-pour-lindustrie-du-futur\\\/\"},\"author\":{\"name\":\"St\u00e9phanie Calvet\",\"@id\":\"https:\\\/\\\/www.satt.fr\\\/en\\\/#\\\/schema\\\/person\\\/eb6f799e92e2b92a73ec1247b347e0ff\"},\"headline\":\"Les SATT SAYENS, CONECTUS et SATT NORD lancent un Appel \u00e0 Manifestation d\u2019Int\u00e9r\u00eat &#8220;Valoriser la recherche pour l&#8217;Industrie du Futur&#8221;\",\"datePublished\":\"2020-11-25T08:56:56+00:00\",\"mainEntityOfPage\":{\"@id\":\"https:\\\/\\\/www.satt.fr\\\/en\\\/les-satt-sayens-conectus-et-satt-nord-lancent-un-appel-a-manifestation-dinteret-valoriser-la-recherche-pour-lindustrie-du-futur\\\/\"},\"wordCount\":272,\"image\":{\"@id\":\"https:\\\/\\\/www.satt.fr\\\/en\\\/les-satt-sayens-conectus-et-satt-nord-lancent-un-appel-a-manifestation-dinteret-valoriser-la-recherche-pour-lindustrie-du-futur\\\/#primaryimage\"},\"thumbnailUrl\":\"https:\\\/\\\/www.satt.fr\\\/wp-content\\\/uploads\\\/2020\\\/11\\\/Article_AMI_1120_V1.jpg\",\"articleSection\":[\"Events\",\"News\"],\"inLanguage\":\"en-US\"},{\"@type\":\"WebPage\",\"@id\":\"https:\\\/\\\/www.satt.fr\\\/en\\\/les-satt-sayens-conectus-et-satt-nord-lancent-un-appel-a-manifestation-dinteret-valoriser-la-recherche-pour-lindustrie-du-futur\\\/\",\"url\":\"https:\\\/\\\/www.satt.fr\\\/en\\\/les-satt-sayens-conectus-et-satt-nord-lancent-un-appel-a-manifestation-dinteret-valoriser-la-recherche-pour-lindustrie-du-futur\\\/\",\"name\":\"Les SATT SAYENS, CONECTUS et SATT NORD lancent un Appel \u00e0 Manifestation d\u2019Int\u00e9r\u00eat \\\"Valoriser la recherche pour l'Industrie du Futur\\\" - R\u00e9seau SATT\",\"isPartOf\":{\"@id\":\"https:\\\/\\\/www.satt.fr\\\/en\\\/#website\"},\"primaryImageOfPage\":{\"@id\":\"https:\\\/\\\/www.satt.fr\\\/en\\\/les-satt-sayens-conectus-et-satt-nord-lancent-un-appel-a-manifestation-dinteret-valoriser-la-recherche-pour-lindustrie-du-futur\\\/#primaryimage\"},\"image\":{\"@id\":\"https:\\\/\\\/www.satt.fr\\\/en\\\/les-satt-sayens-conectus-et-satt-nord-lancent-un-appel-a-manifestation-dinteret-valoriser-la-recherche-pour-lindustrie-du-futur\\\/#primaryimage\"},\"thumbnailUrl\":\"https:\\\/\\\/www.satt.fr\\\/wp-content\\\/uploads\\\/2020\\\/11\\\/Article_AMI_1120_V1.jpg\",\"datePublished\":\"2020-11-25T08:56:56+00:00\",\"author\":{\"@id\":\"https:\\\/\\\/www.satt.fr\\\/en\\\/#\\\/schema\\\/person\\\/eb6f799e92e2b92a73ec1247b347e0ff\"},\"description\":\"Chercheurs, vous disposez de r\u00e9sultats \u00e0 potentiel de valorisation dans le domaine des industries du futur ? D\u00e9couvrez notre Appel \u00e0 Projet.\",\"breadcrumb\":{\"@id\":\"https:\\\/\\\/www.satt.fr\\\/en\\\/les-satt-sayens-conectus-et-satt-nord-lancent-un-appel-a-manifestation-dinteret-valoriser-la-recherche-pour-lindustrie-du-futur\\\/#breadcrumb\"},\"inLanguage\":\"en-US\",\"potentialAction\":[{\"@type\":\"ReadAction\",\"target\":[\"https:\\\/\\\/www.satt.fr\\\/en\\\/les-satt-sayens-conectus-et-satt-nord-lancent-un-appel-a-manifestation-dinteret-valoriser-la-recherche-pour-lindustrie-du-futur\\\/\"]}]},{\"@type\":\"ImageObject\",\"inLanguage\":\"en-US\",\"@id\":\"https:\\\/\\\/www.satt.fr\\\/en\\\/les-satt-sayens-conectus-et-satt-nord-lancent-un-appel-a-manifestation-dinteret-valoriser-la-recherche-pour-lindustrie-du-futur\\\/#primaryimage\",\"url\":\"https:\\\/\\\/www.satt.fr\\\/wp-content\\\/uploads\\\/2020\\\/11\\\/Article_AMI_1120_V1.jpg\",\"contentUrl\":\"https:\\\/\\\/www.satt.fr\\\/wp-content\\\/uploads\\\/2020\\\/11\\\/Article_AMI_1120_V1.jpg\",\"width\":2466,\"height\":1366},{\"@type\":\"BreadcrumbList\",\"@id\":\"https:\\\/\\\/www.satt.fr\\\/en\\\/les-satt-sayens-conectus-et-satt-nord-lancent-un-appel-a-manifestation-dinteret-valoriser-la-recherche-pour-lindustrie-du-futur\\\/#breadcrumb\",\"itemListElement\":[{\"@type\":\"ListItem\",\"position\":1,\"name\":\"Accueil\",\"item\":\"https:\\\/\\\/www.satt.fr\\\/en\\\/\"},{\"@type\":\"ListItem\",\"position\":2,\"name\":\"Les SATT SAYENS, CONECTUS et SATT NORD lancent un Appel \u00e0 Manifestation d\u2019Int\u00e9r\u00eat &#8220;Valoriser la recherche pour l&#8217;Industrie du Futur&#8221;\"}]},{\"@type\":\"WebSite\",\"@id\":\"https:\\\/\\\/www.satt.fr\\\/en\\\/#website\",\"url\":\"https:\\\/\\\/www.satt.fr\\\/en\\\/\",\"name\":\"R\u00e9seau SATT\",\"description\":\"Les Soci\u00e9t\u00e9s d&#039;Acc\u00e9l\u00e9ration du Transfert de Technologies\",\"potentialAction\":[{\"@type\":\"SearchAction\",\"target\":{\"@type\":\"EntryPoint\",\"urlTemplate\":\"https:\\\/\\\/www.satt.fr\\\/en\\\/?s={search_term_string}\"},\"query-input\":{\"@type\":\"PropertyValueSpecification\",\"valueRequired\":true,\"valueName\":\"search_term_string\"}}],\"inLanguage\":\"en-US\"},{\"@type\":\"Person\",\"@id\":\"https:\\\/\\\/www.satt.fr\\\/en\\\/#\\\/schema\\\/person\\\/eb6f799e92e2b92a73ec1247b347e0ff\",\"name\":\"St\u00e9phanie Calvet\",\"url\":\"https:\\\/\\\/www.satt.fr\\\/en\\\/author\\\/stephanie-calvet\\\/\"}]}<\/script>\n<!-- \/ Yoast SEO plugin. -->","yoast_head_json":{"title":"Les SATT SAYENS, CONECTUS et SATT NORD lancent un Appel \u00e0 Manifestation d\u2019Int\u00e9r\u00eat \"Valoriser la recherche pour l'Industrie du Futur\" - R\u00e9seau SATT","description":"Chercheurs, vous disposez de r\u00e9sultats \u00e0 potentiel de valorisation dans le domaine des industries du futur ? D\u00e9couvrez notre Appel \u00e0 Projet.","robots":{"index":"index","follow":"follow","max-snippet":"max-snippet:-1","max-image-preview":"max-image-preview:large","max-video-preview":"max-video-preview:-1"},"canonical":"https:\/\/www.satt.fr\/en\/les-satt-sayens-conectus-et-satt-nord-lancent-un-appel-a-manifestation-dinteret-valoriser-la-recherche-pour-lindustrie-du-futur\/","twitter_misc":{"Written by":"St\u00e9phanie Calvet","Est. reading time":"1 minute"},"schema":{"@context":"https:\/\/schema.org","@graph":[{"@type":"Article","@id":"https:\/\/www.satt.fr\/en\/les-satt-sayens-conectus-et-satt-nord-lancent-un-appel-a-manifestation-dinteret-valoriser-la-recherche-pour-lindustrie-du-futur\/#article","isPartOf":{"@id":"https:\/\/www.satt.fr\/en\/les-satt-sayens-conectus-et-satt-nord-lancent-un-appel-a-manifestation-dinteret-valoriser-la-recherche-pour-lindustrie-du-futur\/"},"author":{"name":"St\u00e9phanie Calvet","@id":"https:\/\/www.satt.fr\/en\/#\/schema\/person\/eb6f799e92e2b92a73ec1247b347e0ff"},"headline":"Les SATT SAYENS, CONECTUS et SATT NORD lancent un Appel \u00e0 Manifestation d\u2019Int\u00e9r\u00eat &#8220;Valoriser la recherche pour l&#8217;Industrie du Futur&#8221;","datePublished":"2020-11-25T08:56:56+00:00","mainEntityOfPage":{"@id":"https:\/\/www.satt.fr\/en\/les-satt-sayens-conectus-et-satt-nord-lancent-un-appel-a-manifestation-dinteret-valoriser-la-recherche-pour-lindustrie-du-futur\/"},"wordCount":272,"image":{"@id":"https:\/\/www.satt.fr\/en\/les-satt-sayens-conectus-et-satt-nord-lancent-un-appel-a-manifestation-dinteret-valoriser-la-recherche-pour-lindustrie-du-futur\/#primaryimage"},"thumbnailUrl":"https:\/\/www.satt.fr\/wp-content\/uploads\/2020\/11\/Article_AMI_1120_V1.jpg","articleSection":["Events","News"],"inLanguage":"en-US"},{"@type":"WebPage","@id":"https:\/\/www.satt.fr\/en\/les-satt-sayens-conectus-et-satt-nord-lancent-un-appel-a-manifestation-dinteret-valoriser-la-recherche-pour-lindustrie-du-futur\/","url":"https:\/\/www.satt.fr\/en\/les-satt-sayens-conectus-et-satt-nord-lancent-un-appel-a-manifestation-dinteret-valoriser-la-recherche-pour-lindustrie-du-futur\/","name":"Les SATT SAYENS, CONECTUS et SATT NORD lancent un Appel \u00e0 Manifestation d\u2019Int\u00e9r\u00eat \"Valoriser la recherche pour l'Industrie du Futur\" - R\u00e9seau SATT","isPartOf":{"@id":"https:\/\/www.satt.fr\/en\/#website"},"primaryImageOfPage":{"@id":"https:\/\/www.satt.fr\/en\/les-satt-sayens-conectus-et-satt-nord-lancent-un-appel-a-manifestation-dinteret-valoriser-la-recherche-pour-lindustrie-du-futur\/#primaryimage"},"image":{"@id":"https:\/\/www.satt.fr\/en\/les-satt-sayens-conectus-et-satt-nord-lancent-un-appel-a-manifestation-dinteret-valoriser-la-recherche-pour-lindustrie-du-futur\/#primaryimage"},"thumbnailUrl":"https:\/\/www.satt.fr\/wp-content\/uploads\/2020\/11\/Article_AMI_1120_V1.jpg","datePublished":"2020-11-25T08:56:56+00:00","author":{"@id":"https:\/\/www.satt.fr\/en\/#\/schema\/person\/eb6f799e92e2b92a73ec1247b347e0ff"},"description":"Chercheurs, vous disposez de r\u00e9sultats \u00e0 potentiel de valorisation dans le domaine des industries du futur ? D\u00e9couvrez notre Appel \u00e0 Projet.","breadcrumb":{"@id":"https:\/\/www.satt.fr\/en\/les-satt-sayens-conectus-et-satt-nord-lancent-un-appel-a-manifestation-dinteret-valoriser-la-recherche-pour-lindustrie-du-futur\/#breadcrumb"},"inLanguage":"en-US","potentialAction":[{"@type":"ReadAction","target":["https:\/\/www.satt.fr\/en\/les-satt-sayens-conectus-et-satt-nord-lancent-un-appel-a-manifestation-dinteret-valoriser-la-recherche-pour-lindustrie-du-futur\/"]}]},{"@type":"ImageObject","inLanguage":"en-US","@id":"https:\/\/www.satt.fr\/en\/les-satt-sayens-conectus-et-satt-nord-lancent-un-appel-a-manifestation-dinteret-valoriser-la-recherche-pour-lindustrie-du-futur\/#primaryimage","url":"https:\/\/www.satt.fr\/wp-content\/uploads\/2020\/11\/Article_AMI_1120_V1.jpg","contentUrl":"https:\/\/www.satt.fr\/wp-content\/uploads\/2020\/11\/Article_AMI_1120_V1.jpg","width":2466,"height":1366},{"@type":"BreadcrumbList","@id":"https:\/\/www.satt.fr\/en\/les-satt-sayens-conectus-et-satt-nord-lancent-un-appel-a-manifestation-dinteret-valoriser-la-recherche-pour-lindustrie-du-futur\/#breadcrumb","itemListElement":[{"@type":"ListItem","position":1,"name":"Accueil","item":"https:\/\/www.satt.fr\/en\/"},{"@type":"ListItem","position":2,"name":"Les SATT SAYENS, CONECTUS et SATT NORD lancent un Appel \u00e0 Manifestation d\u2019Int\u00e9r\u00eat &#8220;Valoriser la recherche pour l&#8217;Industrie du Futur&#8221;"}]},{"@type":"WebSite","@id":"https:\/\/www.satt.fr\/en\/#website","url":"https:\/\/www.satt.fr\/en\/","name":"R\u00e9seau SATT","description":"Les Soci\u00e9t\u00e9s d&#039;Acc\u00e9l\u00e9ration du Transfert de Technologies","potentialAction":[{"@type":"SearchAction","target":{"@type":"EntryPoint","urlTemplate":"https:\/\/www.satt.fr\/en\/?s={search_term_string}"},"query-input":{"@type":"PropertyValueSpecification","valueRequired":true,"valueName":"search_term_string"}}],"inLanguage":"en-US"},{"@type":"Person","@id":"https:\/\/www.satt.fr\/en\/#\/schema\/person\/eb6f799e92e2b92a73ec1247b347e0ff","name":"St\u00e9phanie Calvet","url":"https:\/\/www.satt.fr\/en\/author\/stephanie-calvet\/"}]}},"_links":{"self":[{"href":"https:\/\/www.satt.fr\/en\/wp-json\/wp\/v2\/posts\/22592","targetHints":{"allow":["GET"]}}],"collection":[{"href":"https:\/\/www.satt.fr\/en\/wp-json\/wp\/v2\/posts"}],"about":[{"href":"https:\/\/www.satt.fr\/en\/wp-json\/wp\/v2\/types\/post"}],"author":[{"embeddable":true,"href":"https:\/\/www.satt.fr\/en\/wp-json\/wp\/v2\/users\/30"}],"replies":[{"embeddable":true,"href":"https:\/\/www.satt.fr\/en\/wp-json\/wp\/v2\/comments?post=22592"}],"version-history":[{"count":0,"href":"https:\/\/www.satt.fr\/en\/wp-json\/wp\/v2\/posts\/22592\/revisions"}],"wp:featuredmedia":[{"embeddable":true,"href":"https:\/\/www.satt.fr\/en\/wp-json\/wp\/v2\/media\/22454"}],"wp:attachment":[{"href":"https:\/\/www.satt.fr\/en\/wp-json\/wp\/v2\/media?parent=22592"}],"wp:term":[{"taxonomy":"category","embeddable":true,"href":"https:\/\/www.satt.fr\/en\/wp-json\/wp\/v2\/categories?post=22592"},{"taxonomy":"post_tag","embeddable":true,"href":"https:\/\/www.satt.fr\/en\/wp-json\/wp\/v2\/tags?post=22592"}],"curies":[{"name":"wp","href":"https:\/\/api.w.org\/{rel}","templated":true}]}}