{"id":23307,"date":"2021-01-21T10:00:14","date_gmt":"2021-01-21T09:00:14","guid":{"rendered":"https:\/\/www.satt.fr\/befc\/"},"modified":"2021-01-21T11:46:47","modified_gmt":"2021-01-21T10:46:47","slug":"befc","status":"publish","type":"post","link":"https:\/\/www.satt.fr\/en\/befc\/","title":{"rendered":"La Success Story du mois : BEFC"},"content":{"rendered":"<div id=\"pl-23307\"  class=\"panel-layout\" ><div id=\"pg-23307-0\"  class=\"panel-grid panel-no-style\" ><div id=\"pgc-23307-0-0\"  class=\"panel-grid-cell\" ><div id=\"panel-23307-0-0-0\" class=\"so-panel widget widget_sow-editor panel-first-child panel-last-child\" data-index=\"0\" ><div\n\t\t\t\n\t\t\tclass=\"so-widget-sow-editor so-widget-sow-editor-base\"\n\t\t\t\n\t\t>\n<div class=\"siteorigin-widget-tinymce textwidget\">\n\t<p><span style=\"font-size: 14pt; color: #c90f4c;\">#Des piles \u00e0 biocarburants \u00e9cologiques \u00e0 base de papier<\/span><\/p>\n<\/div>\n<\/div><\/div><\/div><\/div><div id=\"pg-23307-1\"  class=\"panel-grid panel-no-style\" ><div id=\"pgc-23307-1-0\"  class=\"panel-grid-cell\" ><div id=\"panel-23307-1-0-0\" class=\"so-panel widget widget_media_image panel-first-child panel-last-child\" data-index=\"1\" ><img loading=\"lazy\" decoding=\"async\" width=\"200\" height=\"191\" src=\"https:\/\/www.satt.fr\/wp-content\/uploads\/2021\/01\/HfQemaBm-e1611308690992.jpg\" class=\"image wp-image-23142  attachment-240x230 size-240x230\" alt=\"\" style=\"max-width: 100%; height: auto;\" \/><\/div><\/div><div id=\"pgc-23307-1-1\"  class=\"panel-grid-cell\" ><div id=\"panel-23307-1-1-0\" class=\"so-panel widget widget_sow-editor panel-first-child panel-last-child\" data-index=\"2\" ><div\n\t\t\t\n\t\t\tclass=\"so-widget-sow-editor so-widget-sow-editor-base\"\n\t\t\t\n\t\t>\n<div class=\"siteorigin-widget-tinymce textwidget\">\n\t<p><strong>BEFC d\u00e9veloppe des cellules bioenzymatiques qui repr\u00e9sentent une alternative \u00e9cologique aux piles miniatures actuelles. Ces piles \u00e0 base de papier se fondent sur une technologie durable et \u00e9cologique pour produire de l\u2019\u00e9nergie basse tension.<\/strong><\/p>\n<p><strong>Comment produire de l\u2019\u00e9lectricit\u00e9\u00a0\u00e0 partir de papier ?<\/strong><\/p>\n<ul>\n<li>La technologie exploite des enzymes, des \u00e9lectrodes de carbone et la capillarit\u00e9 des papiers.<\/li>\n<li>D\u2019une part, l\u2019oxydation du glucose lib\u00e8re des \u00e9lectrons, d\u2019autre part la bio cathode va r\u00e9cup\u00e9rer les \u00e9lectrons afin de r\u00e9duire l\u2019oxyg\u00e8ne en eau. Ce mouvement d\u2019\u00e9lectrons va fournir un courant avec une tension stable de 0,8 volt.<\/li>\n<li>Les dispositifs peuvent \u00eatre activ\u00e9s \u00e0 partir d'un fluide quelconque, tel qu'une goutte d'eau du robinet ou de fluides biologiques.<\/li>\n<\/ul>\n<p><strong>Quelles applications ? <\/strong><\/p>\n<ul>\n<li>Dans la sant\u00e9, les tests de grossesse, les patchs des patients diab\u00e9tiques,\u2026<\/li>\n<li>Dans la logistique les emballages connect\u00e9s (IoT)...<\/li>\n<\/ul>\n<p>La premi\u00e8re ligne de production est pr\u00e9vue pour 2022, puis une mont\u00e9e en capacit\u00e9 en 2023.<\/p>\n<\/div>\n<\/div><\/div><\/div><\/div><div id=\"pg-23307-2\"  class=\"panel-grid panel-no-style\" ><div id=\"pgc-23307-2-0\"  class=\"panel-grid-cell\" ><div id=\"panel-23307-2-0-0\" class=\"so-panel widget widget_media_image panel-first-child panel-last-child\" data-index=\"3\" ><img loading=\"lazy\" decoding=\"async\" width=\"365\" height=\"365\" src=\"https:\/\/www.satt.fr\/wp-content\/uploads\/2021\/01\/JH.jpg\" class=\"image wp-image-23150  attachment-full size-full\" alt=\"\" style=\"max-width: 100%; height: auto;\" srcset=\"https:\/\/www.satt.fr\/wp-content\/uploads\/2021\/01\/JH.jpg 365w, https:\/\/www.satt.fr\/wp-content\/uploads\/2021\/01\/JH-150x150.jpg 150w, https:\/\/www.satt.fr\/wp-content\/uploads\/2021\/01\/JH-300x300.jpg 300w, https:\/\/www.satt.fr\/wp-content\/uploads\/2021\/01\/JH-100x100.jpg 100w\" sizes=\"auto, (max-width: 365px) 100vw, 365px\" \/><\/div><\/div><div id=\"pgc-23307-2-1\"  class=\"panel-grid-cell\" ><div id=\"panel-23307-2-1-0\" class=\"so-panel widget widget_sow-editor panel-first-child panel-last-child\" data-index=\"4\" ><div\n\t\t\t\n\t\t\tclass=\"so-widget-sow-editor so-widget-sow-editor-base\"\n\t\t\t\n\t\t>\n<div class=\"siteorigin-widget-tinymce textwidget\">\n\t<p>&nbsp;<\/p>\n<p>Jules HAMMOND<strong><br \/>\nCEO &amp;<br \/>\nCo-founder<\/strong><\/p>\n<\/div>\n<\/div><\/div><\/div><div id=\"pgc-23307-2-2\"  class=\"panel-grid-cell\" ><div id=\"panel-23307-2-2-0\" class=\"so-panel widget widget_media_image panel-first-child panel-last-child\" data-index=\"5\" ><img loading=\"lazy\" decoding=\"async\" width=\"300\" height=\"300\" src=\"https:\/\/www.satt.fr\/wp-content\/uploads\/2021\/01\/RDM-300x300.jpg\" class=\"image wp-image-23152  attachment-medium size-medium\" alt=\"\" style=\"max-width: 100%; height: auto;\" srcset=\"https:\/\/www.satt.fr\/wp-content\/uploads\/2021\/01\/RDM-300x300.jpg 300w, https:\/\/www.satt.fr\/wp-content\/uploads\/2021\/01\/RDM-150x150.jpg 150w, https:\/\/www.satt.fr\/wp-content\/uploads\/2021\/01\/RDM-100x100.jpg 100w, https:\/\/www.satt.fr\/wp-content\/uploads\/2021\/01\/RDM.jpg 365w\" sizes=\"auto, (max-width: 300px) 100vw, 300px\" \/><\/div><\/div><div id=\"pgc-23307-2-3\"  class=\"panel-grid-cell\" ><div id=\"panel-23307-2-3-0\" class=\"so-panel widget widget_sow-editor panel-first-child panel-last-child\" data-index=\"6\" ><div\n\t\t\t\n\t\t\tclass=\"so-widget-sow-editor so-widget-sow-editor-base\"\n\t\t\t\n\t\t>\n<div class=\"siteorigin-widget-tinymce textwidget\">\n\t<p>&nbsp;<\/p>\n<p>Rodolphe DURAND-MANICLAS<br \/>\n<strong>CBDO &amp;<br \/>\nCo-founder<\/strong><\/p>\n<\/div>\n<\/div><\/div><\/div><div id=\"pgc-23307-2-4\"  class=\"panel-grid-cell\" ><div id=\"panel-23307-2-4-0\" class=\"so-panel widget widget_media_image panel-first-child panel-last-child\" data-index=\"7\" ><img loading=\"lazy\" decoding=\"async\" width=\"300\" height=\"300\" src=\"https:\/\/www.satt.fr\/wp-content\/uploads\/2021\/01\/JFB-300x300.jpg\" class=\"image wp-image-23154  attachment-medium size-medium\" alt=\"\" style=\"max-width: 100%; height: auto;\" srcset=\"https:\/\/www.satt.fr\/wp-content\/uploads\/2021\/01\/JFB-300x300.jpg 300w, https:\/\/www.satt.fr\/wp-content\/uploads\/2021\/01\/JFB-150x150.jpg 150w, https:\/\/www.satt.fr\/wp-content\/uploads\/2021\/01\/JFB-100x100.jpg 100w, https:\/\/www.satt.fr\/wp-content\/uploads\/2021\/01\/JFB.jpg 365w\" sizes=\"auto, (max-width: 300px) 100vw, 300px\" \/><\/div><\/div><div id=\"pgc-23307-2-5\"  class=\"panel-grid-cell\" ><div id=\"panel-23307-2-5-0\" class=\"so-panel widget widget_sow-editor panel-first-child panel-last-child\" data-index=\"8\" ><div\n\t\t\t\n\t\t\tclass=\"so-widget-sow-editor so-widget-sow-editor-base\"\n\t\t\t\n\t\t>\n<div class=\"siteorigin-widget-tinymce textwidget\">\n\t<p>&nbsp;<\/p>\n<p style=\"text-align: left;\">Dr. Jean-Francis BLOCH<br \/>\n<strong>COO &amp;<br \/>\nCo-founder<\/strong><\/p>\n<\/div>\n<\/div><\/div><\/div><\/div><div id=\"pg-23307-3\"  class=\"panel-grid panel-no-style\" ><div id=\"pgc-23307-3-0\"  class=\"panel-grid-cell\" ><div id=\"panel-23307-3-0-0\" class=\"so-panel widget widget_sow-editor panel-first-child panel-last-child\" data-index=\"9\" ><div class=\"panel-widget-style panel-widget-style-for-23307-3-0-0\" ><div\n\t\t\t\n\t\t\tclass=\"so-widget-sow-editor so-widget-sow-editor-base\"\n\t\t\t\n\t\t>\n<div class=\"siteorigin-widget-tinymce textwidget\">\n\t<p><strong>Pour diminuer l\u2019impact \u00e9cologique des piles miniatures.<\/strong><\/p>\n<p>BeFC d\u00e9veloppe un syst\u00e8me de cellules \u00e0 biocarburants \u00e9cologiques ultra-minces, flexibles et miniatures \u00e0 base de papiers. La technologie utilise des catalyseurs biologiques, pour convertir des substrats naturels comme le glucose et l'oxyg\u00e8ne en \u00e9lectricit\u00e9. La startup ambitionne d\u2019avoir un impact \u00e9cologique massif et rapide.<\/p>\n<\/div>\n<\/div><\/div><\/div><\/div><div id=\"pgc-23307-3-1\"  class=\"panel-grid-cell\" ><div id=\"panel-23307-3-1-0\" class=\"so-panel widget widget_media_video panel-first-child panel-last-child\" data-index=\"10\" ><div style=\"width:100%;\" class=\"wp-video\"><video class=\"wp-video-shortcode\" id=\"video-23307-1\" preload=\"metadata\" controls=\"controls\"><source type=\"video\/youtube\" src=\"https:\/\/www.youtube.com\/watch?v=2r48_g-yO4c&#038;_=1\" \/><a href=\"https:\/\/www.youtube.com\/watch?v=2r48_g-yO4c\">https:\/\/www.youtube.com\/watch?v=2r48_g-yO4c<\/a><\/video><\/div><\/div><\/div><\/div><div id=\"pg-23307-4\"  class=\"panel-grid panel-no-style\" ><div id=\"pgc-23307-4-0\"  class=\"panel-grid-cell\" ><div id=\"panel-23307-4-0-0\" class=\"so-panel widget widget_sow-editor panel-first-child panel-last-child\" data-index=\"11\" ><div\n\t\t\t\n\t\t\tclass=\"so-widget-sow-editor so-widget-sow-editor-base\"\n\t\t\t\n\t\t>\n<div class=\"siteorigin-widget-tinymce textwidget\">\n\t<p>BeFC est une startup cr\u00e9\u00e9e en mai 2020 qui a b\u00e9n\u00e9fici\u00e9 de l\u2019ensemble de l\u2019\u00e9cosyst\u00e8me de Grenoble Alpes. Soutien de la premi\u00e8re heure, Linksium s\u2019est engag\u00e9 aux c\u00f4t\u00e9s de la startup par son accompagnement et comme co-fondateur. Les technologies sont issues des laboratoires DCM et 3SR (CNRS \/ UGA). Le projet est soutenu par le CNRS. BeFC est compos\u00e9e par une une \u00e9quipe interdisciplinaire de scientifiques et d\u2019ing\u00e9nieur qui cherche \u00e0 porter rapidement une technologie disruptive sur le march\u00e9.<\/p>\n<p><strong>L'AVENTURE BEFC ?<\/strong><\/p>\n<ul>\n<li><strong>20 ann\u00e9es de recherche avec 2 <\/strong>brevets initiaux.<\/li>\n<li><strong>Pr\u00e9-maturation \u00e0<\/strong> l\u2019Institut Carnot Polynat<\/li>\n<li><strong>Novembre 2018 :\u00a0<\/strong>Maturation avec <strong>le d\u00e9p\u00f4t d<\/strong><strong>e 4 brevets <\/strong><\/li>\n<li><strong>Novembre 2019 :\u00a0<\/strong>Incubation au sein de la \u00a0<a href=\"https:\/\/www.linksium.fr\/\">SATT Linksium<\/a><\/li>\n<li><strong>Mai 2020 :\u00a0<\/strong>Cr\u00e9ation de BEFC avec une prise de participation la \u00a0<a href=\"https:\/\/www.linksium.fr\/\">SATT Linksium<\/a><\/li>\n<li><strong>Juillet 2020 :<\/strong> 3 millions d'euros lev\u00e9s aupr\u00e8s de plusieurs investisseurs priv\u00e9s (Demeter, BNP Paribas d\u00e9veloppement et Supernova Invest)<\/li>\n<\/ul>\n<p><strong>LE PASSAGE A L\u2019\u00c9CHELLE ?<\/strong><\/p>\n<p>BeFC se fixe l\u2019objectif d\u2019atteindre une production de 80 000 unit\u00e9s par jour en 2022, ainsi que de lever les fonds de la s\u00e9rie A la m\u00eame ann\u00e9e.<\/p>\n<p>&nbsp;<\/p>\n<p><span style=\"font-size: 14pt; color: #c90f4c;\">Que peut-on attendre de son \u00e9cosyt\u00e8me ?<\/span><\/p>\n<\/div>\n<\/div><\/div><\/div><\/div><div id=\"pg-23307-5\"  class=\"panel-grid panel-no-style\" ><div id=\"pgc-23307-5-0\"  class=\"panel-grid-cell\" ><div id=\"panel-23307-5-0-0\" class=\"so-panel widget widget_sow-testimonials panel-first-child panel-last-child\" data-index=\"12\" ><div\n\t\t\t\n\t\t\tclass=\"so-widget-sow-testimonials so-widget-sow-testimonials-default-c829a459a33f-23307\"\n\t\t\t\n\t\t><div class=\"sow-testimonials\">\n\t\t\t\t\t<div class=\"sow-testimonial-wrapper sow-user-left sow-layout-side\">\n\t\t\t<div class=\"sow-testimonial\">\n\t\t\t\t\n\t\t\t\t<div class=\"sow-testimonial-user\">\n\t\t\t\t\t\t\t\t\t\t<div class=\"sow-image-wrapper sow-image-wrapper-shape-round\">\n\t\t\t\t\t\t\t\t\t\t\t\t<div class=\"sow-round-image-frame\" style=\"background-image: url( https:\/\/www.satt.fr\/wp-content\/uploads\/2021\/01\/JH.jpg );\"><\/div>\t\t\t\t\t\t\t\t\t\t\t<\/div>\n\t\t\t\t\t\n\t\t\t\t\t<div class=\"sow-text\">\n\t\t\t\t\t\t\t\t\t\t\t\t\t<span class=\"sow-testimonial-name\"><strong><\/strong><\/span>\n\t\t\t\t\t\t\t\t\t\t\t\t\t\t\t\t\t\t\t\t\t\t\t\t\t\t\t\t\t<\/div>\n\t\t\t\t<\/div>\n\n\t\t\t\t\t\t\t\t\t<div class=\"sow-testimonial-text\">\n\t\t\t\t\t\t<p><strong>Qu'est-ce que Linksium a apport\u00e9 \u00e0 BEFC ?<\/strong><\/p>\n<p><em>\u00ab Linksium a contribu\u00e9 \u00e0 constituer l'ensemble de l'\u00e9quipe acad\u00e9mique par le biais d'une s\u00e9rie d'ateliers afin qu'elle devienne plus orient\u00e9e business. Plus pr\u00e9cis\u00e9ment, nous avons \u00e9t\u00e9 encourag\u00e9s \u00e0 remettre en question et \u00e0 affiner constamment notre business mod\u00e8le, en mettant clairement l'accent sur la d\u00e9finition de nos propositions de valeur et sur la clarification des avantages concurrentiels sur le march\u00e9. De plus, Linksium nous a aid\u00e9s \u00e0 identifier les opportunit\u00e9s avec des mises en contact, de d\u00e9veloppement commercial et de marketing qui \u00e9taient importantes pour positionner BeFC dans le regard des investisseurs avant la lev\u00e9e de fonds.\u00a0\u00bb<\/em><\/p>\n<p><strong>Pourquoi apr\u00e8s avoir choisi Grenoble apr\u00e8s avoir mont\u00e9 deux startups en Angleterre ?<\/strong> <strong>Qu\u2019est-ce que l\u2019\u00e9cosyst\u00e8me Grenoble Alpes apporte particulier aux les startups deeptech ?<\/strong><\/p>\n<p><em>\u00ab\u00a0La cr\u00e9ation d'une entreprise \u00e0 Grenoble est due \u00e0 deux facteurs. Le premier est que je suis en fait n\u00e9 \u00e0 Grenoble, il s'agissait donc d'un simple retour aux sources par curiosit\u00e9. Le hasard a ensuite fait que j'ai rejoint le groupe du Dr Serge COSNIER, un leader dans le secteur des piles \u00e0 biocarburants, apr\u00e8s avoir termin\u00e9 mon doctorat en ing\u00e9nierie \u00e9lectronique sur les biocapteurs \u00e9lectrochimiques \u00e0 base de nanogaz. Le second facteur est que Grenoble a un riche pass\u00e9 de r\u00e9alisations scientifiques et est donc devenu un p\u00f4le de premier plan pour les secteurs de l'\u00e9lectronique et du num\u00e9rique. Situ\u00e9e entre deux a\u00e9roports internationaux (Lyon et Gen\u00e8ve), avec des liaisons ferroviaires directes vers les grandes villes fran\u00e7aises, Grenoble est tr\u00e8s pratique pour le d\u00e9veloppement des entreprises internationales (bien que sans les restrictions du COVID-19).<\/em><\/p>\n<p><em>Grenoble b\u00e9n\u00e9ficie \u00e9galement d'une infrastructure \u00e9volutive pour la mise en r\u00e9seau. Nous sommes heureux d'\u00eatre li\u00e9s \u00e0 un p\u00f4le d'innovation aussi puissant, Minalogic, qui nous offre un superbe r\u00e9seau mondial. La r\u00e9gion Auvergne-Rh\u00f4ne-Alpes a \u00e9galement \u00e9t\u00e9 d'un grand soutien pour notre d\u00e9marrage, et avec Invest in Grenoble Alpes et Grenoble Alpes, elle nous a aid\u00e9s \u00e0 nous faire conna\u00eetre, ce dont nous sommes tr\u00e8s reconnaissants.\u00a0\u00bb<\/em><\/p>\n<p><strong>Jules HAMMOND, CEO &amp; Co-founder<\/strong><\/p>\n\t\t\t\t\t<\/div>\n\t\t\t\t\t\t\t<\/div>\n\t\t<\/div>\n\t<\/div>\n<\/div><\/div><\/div><\/div><div id=\"pg-23307-6\"  class=\"panel-grid panel-no-style\" ><div id=\"pgc-23307-6-0\"  class=\"panel-grid-cell\" ><div id=\"panel-23307-6-0-0\" class=\"so-panel widget widget_sow-editor panel-first-child panel-last-child\" data-index=\"13\" ><div class=\"panel-widget-style panel-widget-style-for-23307-6-0-0\" ><div\n\t\t\t\n\t\t\tclass=\"so-widget-sow-editor so-widget-sow-editor-base\"\n\t\t\t\n\t\t>\n<div class=\"siteorigin-widget-tinymce textwidget\">\n\t<p><strong><img loading=\"lazy\" decoding=\"async\" class=\"alignright wp-image-23189\" src=\"https:\/\/www.satt.fr\/wp-content\/uploads\/2021\/01\/BeFC-Logo.jpg\" alt=\"\" width=\"250\" height=\"75\" srcset=\"https:\/\/www.satt.fr\/wp-content\/uploads\/2021\/01\/BeFC-Logo.jpg 366w, https:\/\/www.satt.fr\/wp-content\/uploads\/2021\/01\/BeFC-Logo-150x45.jpg 150w, https:\/\/www.satt.fr\/wp-content\/uploads\/2021\/01\/BeFC-Logo-300x90.jpg 300w, https:\/\/www.satt.fr\/wp-content\/uploads\/2021\/01\/BeFC-Logo-200x60.jpg 200w\" sizes=\"auto, (max-width: 250px) 100vw, 250px\" \/>CA BOUGE CHEZ BEFC !<\/strong><\/p>\n<ul>\n<li>Soutenue depuis sa cr\u00e9ation par la SATT Linksium.<\/li>\n<li>Laur\u00e9ate du concours international Leyton Sustainable Startup Challenge<\/li>\n<li>Laur\u00e9ate du Concours national d\u2019innovation i-Nov (Ademe)<\/li>\n<li>Laur\u00e9ate du Concours national d\u2019innovation i-Lab<\/li>\n<li>Laur\u00e9ate du MIT GSW challenge<\/li>\n<li>Distingu\u00e9e par Nature x MERCK comme \"startup \u00e0 suivre de 2020\"<\/li>\n<li>Laur\u00e9ate EDF pulse 2020<\/li>\n<li>CES 2020 Village francophone<\/li>\n<li>Une lev\u00e9e de fonds en juillet 2020 faisant fi du covid de 3 millions d\u2019euros<\/li>\n<li>Laur\u00e9ate du challenge national \"10000startups pour changer le monde\", par La Tribune<\/li>\n<li>CES 2021 Innovation Awards Honoree<\/li>\n<\/ul>\n<p style=\"text-align: center;\"><a href=\"https:\/\/befc.global\/\">befc.global<\/a>\u00a0 \u00a0 \u00a0<a href=\"https:\/\/twitter.com\/befc_global?lang=fr\">@BeFC_global<\/a>\u00a0 \u00a0 \u00a0<a href=\"https:\/\/www.linkedin.com\/company\/bioenzymaticfuelcells\/\">LinkedIn BeFC<\/a><\/p>\n<\/div>\n<\/div><\/div><\/div><\/div><\/div><\/div>","protected":false},"excerpt":{"rendered":"<p>#Des piles \u00e0 biocarburants \u00e9cologiques \u00e0 base de papier BEFC d\u00e9veloppe des cellules bioenzymatiques qui repr\u00e9sentent une alternative \u00e9cologique aux piles miniatures actuelles. Ces piles \u00e0 base de papier se fondent sur une technologie durable et \u00e9cologique pour produire de l\u2019\u00e9nergie basse tension. Comment produire de l\u2019\u00e9lectricit\u00e9\u00a0\u00e0 partir de papier ? La technologie exploite des [&hellip;]<\/p>\n","protected":false},"author":2,"featured_media":23240,"comment_status":"closed","ping_status":"closed","sticky":false,"template":"","format":"standard","meta":{"_acf_changed":false,"footnotes":""},"categories":[568],"tags":[],"class_list":["post-23307","post","type-post","status-publish","format-standard","has-post-thumbnail","hentry","category-successstories-en"],"acf":[],"yoast_head":"<!-- This site is optimized with the Yoast SEO plugin v27.4 - https:\/\/yoast.com\/product\/yoast-seo-wordpress\/ -->\n<title>La Success Story du mois : BEFC - R\u00e9seau SATT<\/title>\n<meta name=\"robots\" content=\"index, follow, max-snippet:-1, max-image-preview:large, max-video-preview:-1\" \/>\n<link rel=\"canonical\" href=\"https:\/\/www.satt.fr\/en\/befc\/\" \/>\n<meta name=\"twitter:label1\" content=\"Written by\" \/>\n\t<meta name=\"twitter:data1\" content=\"admin\" \/>\n\t<meta name=\"twitter:label2\" content=\"Est. reading time\" \/>\n\t<meta name=\"twitter:data2\" content=\"3 minutes\" \/>\n<script type=\"application\/ld+json\" class=\"yoast-schema-graph\">{\"@context\":\"https:\\\/\\\/schema.org\",\"@graph\":[{\"@type\":\"Article\",\"@id\":\"https:\\\/\\\/www.satt.fr\\\/en\\\/befc\\\/#article\",\"isPartOf\":{\"@id\":\"https:\\\/\\\/www.satt.fr\\\/en\\\/befc\\\/\"},\"author\":{\"name\":\"admin\",\"@id\":\"https:\\\/\\\/www.satt.fr\\\/en\\\/#\\\/schema\\\/person\\\/6f20a7d0bc03146f6e34a9f08d941fec\"},\"headline\":\"La Success Story du mois : BEFC\",\"datePublished\":\"2021-01-21T09:00:14+00:00\",\"dateModified\":\"2021-01-21T10:46:47+00:00\",\"mainEntityOfPage\":{\"@id\":\"https:\\\/\\\/www.satt.fr\\\/en\\\/befc\\\/\"},\"wordCount\":610,\"image\":{\"@id\":\"https:\\\/\\\/www.satt.fr\\\/en\\\/befc\\\/#primaryimage\"},\"thumbnailUrl\":\"https:\\\/\\\/www.satt.fr\\\/wp-content\\\/uploads\\\/2021\\\/01\\\/la-successstory-du-mois-3.png\",\"articleSection\":[\"Success Stories\"],\"inLanguage\":\"en-US\"},{\"@type\":\"WebPage\",\"@id\":\"https:\\\/\\\/www.satt.fr\\\/en\\\/befc\\\/\",\"url\":\"https:\\\/\\\/www.satt.fr\\\/en\\\/befc\\\/\",\"name\":\"La Success Story du mois : BEFC - R\u00e9seau SATT\",\"isPartOf\":{\"@id\":\"https:\\\/\\\/www.satt.fr\\\/en\\\/#website\"},\"primaryImageOfPage\":{\"@id\":\"https:\\\/\\\/www.satt.fr\\\/en\\\/befc\\\/#primaryimage\"},\"image\":{\"@id\":\"https:\\\/\\\/www.satt.fr\\\/en\\\/befc\\\/#primaryimage\"},\"thumbnailUrl\":\"https:\\\/\\\/www.satt.fr\\\/wp-content\\\/uploads\\\/2021\\\/01\\\/la-successstory-du-mois-3.png\",\"datePublished\":\"2021-01-21T09:00:14+00:00\",\"dateModified\":\"2021-01-21T10:46:47+00:00\",\"author\":{\"@id\":\"https:\\\/\\\/www.satt.fr\\\/en\\\/#\\\/schema\\\/person\\\/6f20a7d0bc03146f6e34a9f08d941fec\"},\"breadcrumb\":{\"@id\":\"https:\\\/\\\/www.satt.fr\\\/en\\\/befc\\\/#breadcrumb\"},\"inLanguage\":\"en-US\",\"potentialAction\":[{\"@type\":\"ReadAction\",\"target\":[\"https:\\\/\\\/www.satt.fr\\\/en\\\/befc\\\/\"]}]},{\"@type\":\"ImageObject\",\"inLanguage\":\"en-US\",\"@id\":\"https:\\\/\\\/www.satt.fr\\\/en\\\/befc\\\/#primaryimage\",\"url\":\"https:\\\/\\\/www.satt.fr\\\/wp-content\\\/uploads\\\/2021\\\/01\\\/la-successstory-du-mois-3.png\",\"contentUrl\":\"https:\\\/\\\/www.satt.fr\\\/wp-content\\\/uploads\\\/2021\\\/01\\\/la-successstory-du-mois-3.png\",\"width\":1500,\"height\":837},{\"@type\":\"BreadcrumbList\",\"@id\":\"https:\\\/\\\/www.satt.fr\\\/en\\\/befc\\\/#breadcrumb\",\"itemListElement\":[{\"@type\":\"ListItem\",\"position\":1,\"name\":\"Accueil\",\"item\":\"https:\\\/\\\/www.satt.fr\\\/en\\\/\"},{\"@type\":\"ListItem\",\"position\":2,\"name\":\"La Success Story du mois : BEFC\"}]},{\"@type\":\"WebSite\",\"@id\":\"https:\\\/\\\/www.satt.fr\\\/en\\\/#website\",\"url\":\"https:\\\/\\\/www.satt.fr\\\/en\\\/\",\"name\":\"R\u00e9seau SATT\",\"description\":\"Les Soci\u00e9t\u00e9s d&#039;Acc\u00e9l\u00e9ration du Transfert de Technologies\",\"potentialAction\":[{\"@type\":\"SearchAction\",\"target\":{\"@type\":\"EntryPoint\",\"urlTemplate\":\"https:\\\/\\\/www.satt.fr\\\/en\\\/?s={search_term_string}\"},\"query-input\":{\"@type\":\"PropertyValueSpecification\",\"valueRequired\":true,\"valueName\":\"search_term_string\"}}],\"inLanguage\":\"en-US\"},{\"@type\":\"Person\",\"@id\":\"https:\\\/\\\/www.satt.fr\\\/en\\\/#\\\/schema\\\/person\\\/6f20a7d0bc03146f6e34a9f08d941fec\",\"name\":\"admin\",\"url\":\"https:\\\/\\\/www.satt.fr\\\/en\\\/author\\\/admin\\\/\"}]}<\/script>\n<!-- \/ Yoast SEO plugin. -->","yoast_head_json":{"title":"La Success Story du mois : BEFC - R\u00e9seau SATT","robots":{"index":"index","follow":"follow","max-snippet":"max-snippet:-1","max-image-preview":"max-image-preview:large","max-video-preview":"max-video-preview:-1"},"canonical":"https:\/\/www.satt.fr\/en\/befc\/","twitter_misc":{"Written by":"admin","Est. reading time":"3 minutes"},"schema":{"@context":"https:\/\/schema.org","@graph":[{"@type":"Article","@id":"https:\/\/www.satt.fr\/en\/befc\/#article","isPartOf":{"@id":"https:\/\/www.satt.fr\/en\/befc\/"},"author":{"name":"admin","@id":"https:\/\/www.satt.fr\/en\/#\/schema\/person\/6f20a7d0bc03146f6e34a9f08d941fec"},"headline":"La Success Story du mois : BEFC","datePublished":"2021-01-21T09:00:14+00:00","dateModified":"2021-01-21T10:46:47+00:00","mainEntityOfPage":{"@id":"https:\/\/www.satt.fr\/en\/befc\/"},"wordCount":610,"image":{"@id":"https:\/\/www.satt.fr\/en\/befc\/#primaryimage"},"thumbnailUrl":"https:\/\/www.satt.fr\/wp-content\/uploads\/2021\/01\/la-successstory-du-mois-3.png","articleSection":["Success Stories"],"inLanguage":"en-US"},{"@type":"WebPage","@id":"https:\/\/www.satt.fr\/en\/befc\/","url":"https:\/\/www.satt.fr\/en\/befc\/","name":"La Success Story du mois : BEFC - R\u00e9seau SATT","isPartOf":{"@id":"https:\/\/www.satt.fr\/en\/#website"},"primaryImageOfPage":{"@id":"https:\/\/www.satt.fr\/en\/befc\/#primaryimage"},"image":{"@id":"https:\/\/www.satt.fr\/en\/befc\/#primaryimage"},"thumbnailUrl":"https:\/\/www.satt.fr\/wp-content\/uploads\/2021\/01\/la-successstory-du-mois-3.png","datePublished":"2021-01-21T09:00:14+00:00","dateModified":"2021-01-21T10:46:47+00:00","author":{"@id":"https:\/\/www.satt.fr\/en\/#\/schema\/person\/6f20a7d0bc03146f6e34a9f08d941fec"},"breadcrumb":{"@id":"https:\/\/www.satt.fr\/en\/befc\/#breadcrumb"},"inLanguage":"en-US","potentialAction":[{"@type":"ReadAction","target":["https:\/\/www.satt.fr\/en\/befc\/"]}]},{"@type":"ImageObject","inLanguage":"en-US","@id":"https:\/\/www.satt.fr\/en\/befc\/#primaryimage","url":"https:\/\/www.satt.fr\/wp-content\/uploads\/2021\/01\/la-successstory-du-mois-3.png","contentUrl":"https:\/\/www.satt.fr\/wp-content\/uploads\/2021\/01\/la-successstory-du-mois-3.png","width":1500,"height":837},{"@type":"BreadcrumbList","@id":"https:\/\/www.satt.fr\/en\/befc\/#breadcrumb","itemListElement":[{"@type":"ListItem","position":1,"name":"Accueil","item":"https:\/\/www.satt.fr\/en\/"},{"@type":"ListItem","position":2,"name":"La Success Story du mois : BEFC"}]},{"@type":"WebSite","@id":"https:\/\/www.satt.fr\/en\/#website","url":"https:\/\/www.satt.fr\/en\/","name":"R\u00e9seau SATT","description":"Les Soci\u00e9t\u00e9s d&#039;Acc\u00e9l\u00e9ration du Transfert de Technologies","potentialAction":[{"@type":"SearchAction","target":{"@type":"EntryPoint","urlTemplate":"https:\/\/www.satt.fr\/en\/?s={search_term_string}"},"query-input":{"@type":"PropertyValueSpecification","valueRequired":true,"valueName":"search_term_string"}}],"inLanguage":"en-US"},{"@type":"Person","@id":"https:\/\/www.satt.fr\/en\/#\/schema\/person\/6f20a7d0bc03146f6e34a9f08d941fec","name":"admin","url":"https:\/\/www.satt.fr\/en\/author\/admin\/"}]}},"_links":{"self":[{"href":"https:\/\/www.satt.fr\/en\/wp-json\/wp\/v2\/posts\/23307","targetHints":{"allow":["GET"]}}],"collection":[{"href":"https:\/\/www.satt.fr\/en\/wp-json\/wp\/v2\/posts"}],"about":[{"href":"https:\/\/www.satt.fr\/en\/wp-json\/wp\/v2\/types\/post"}],"author":[{"embeddable":true,"href":"https:\/\/www.satt.fr\/en\/wp-json\/wp\/v2\/users\/2"}],"replies":[{"embeddable":true,"href":"https:\/\/www.satt.fr\/en\/wp-json\/wp\/v2\/comments?post=23307"}],"version-history":[{"count":5,"href":"https:\/\/www.satt.fr\/en\/wp-json\/wp\/v2\/posts\/23307\/revisions"}],"predecessor-version":[{"id":23386,"href":"https:\/\/www.satt.fr\/en\/wp-json\/wp\/v2\/posts\/23307\/revisions\/23386"}],"wp:featuredmedia":[{"embeddable":true,"href":"https:\/\/www.satt.fr\/en\/wp-json\/wp\/v2\/media\/23240"}],"wp:attachment":[{"href":"https:\/\/www.satt.fr\/en\/wp-json\/wp\/v2\/media?parent=23307"}],"wp:term":[{"taxonomy":"category","embeddable":true,"href":"https:\/\/www.satt.fr\/en\/wp-json\/wp\/v2\/categories?post=23307"},{"taxonomy":"post_tag","embeddable":true,"href":"https:\/\/www.satt.fr\/en\/wp-json\/wp\/v2\/tags?post=23307"}],"curies":[{"name":"wp","href":"https:\/\/api.w.org\/{rel}","templated":true}]}}