{"id":23792,"date":"2021-02-25T14:54:23","date_gmt":"2021-02-25T13:54:23","guid":{"rendered":"https:\/\/www.satt.fr\/satt-up-fevrier-2021\/"},"modified":"2021-02-25T14:54:23","modified_gmt":"2021-02-25T13:54:23","slug":"satt-up-fevrier-2021","status":"publish","type":"post","link":"https:\/\/www.satt.fr\/en\/satt-up-fevrier-2021\/","title":{"rendered":"SATT-UP ! L\u2019actualit\u00e9 des start-up accompagn\u00e9es par les membres du R\u00e9seau SATT #24 \u2013 F\u00e9vrier 2021"},"content":{"rendered":"<div id=\"pl-23792\"  class=\"panel-layout\" ><div id=\"pg-23792-0\"  class=\"panel-grid panel-no-style\" ><div id=\"pgc-23792-0-0\"  class=\"panel-grid-cell\" ><div id=\"panel-23792-0-0-0\" class=\"so-panel widget widget_sow-editor panel-first-child panel-last-child\" data-index=\"0\" ><div\n\t\t\t\n\t\t\tclass=\"so-widget-sow-editor so-widget-sow-editor-base\"\n\t\t\t\n\t\t>\n<div class=\"siteorigin-widget-tinymce textwidget\">\n\t<p><strong>Retrouvez les derni\u00e8res actualit\u00e9s des start-up accompagn\u00e9es par les membres du R\u00e9seau SATT #SATTUP.<\/strong><\/p>\n<\/div>\n<\/div><\/div><\/div><\/div><div id=\"pg-23792-1\"  class=\"panel-grid panel-no-style\" ><div id=\"pgc-23792-1-0\"  class=\"panel-grid-cell\" ><div id=\"panel-23792-1-0-0\" class=\"so-panel widget widget_sow-editor panel-first-child panel-last-child\" data-index=\"1\" ><div\n\t\t\t\n\t\t\tclass=\"so-widget-sow-editor so-widget-sow-editor-base\"\n\t\t\t\n\t\t>\n<div class=\"siteorigin-widget-tinymce textwidget\">\n\t<p><strong>Grapheal l\u00e8ve 1,9 million d'euros. La start-up va d\u00e9velopper un test Covid-19 num\u00e9rique et un pansement pour le suivi des plaies \u00e0 distance.<\/strong>\u00a0<em>(Linksium)<\/em><\/p>\n<p>Peu de start-up montent sur la premi\u00e8re marche dite de l\u2019amor\u00e7age. La startup MedTech grenobloise Grapheal vient de franchir cette \u00e9tape cl\u00e9 en levant un total de 1,9 million d\u2019euros. Cette lev\u00e9e de fonds combine fonds priv\u00e9s europ\u00e9ens, subventions et pr\u00eats. Grapheal a d\u00e9sormais les moyens de d\u00e9velopper ses deux innovations de biod\u00e9tection num\u00e9rique int\u00e9gr\u00e9e : un test Covid-19 salivaire ultrarapide et un pansement pour le suivi de la cicatrisation des plaies.<\/p>\n<p><a href=\"https:\/\/fr.grapheal.com\/\">grapheal.com<\/a><\/p>\n<\/div>\n<\/div><\/div><\/div><div id=\"pgc-23792-1-1\"  class=\"panel-grid-cell\" ><div id=\"panel-23792-1-1-0\" class=\"so-panel widget widget_media_image panel-first-child panel-last-child\" data-index=\"2\" ><img loading=\"lazy\" decoding=\"async\" width=\"150\" height=\"42\" src=\"https:\/\/www.satt.fr\/wp-content\/uploads\/2021\/02\/unnamed-150x42.png\" class=\"image wp-image-23768  attachment-thumbnail size-thumbnail\" alt=\"\" style=\"max-width: 100%; height: auto;\" srcset=\"https:\/\/www.satt.fr\/wp-content\/uploads\/2021\/02\/unnamed-150x42.png 150w, https:\/\/www.satt.fr\/wp-content\/uploads\/2021\/02\/unnamed-300x84.png 300w, https:\/\/www.satt.fr\/wp-content\/uploads\/2021\/02\/unnamed-200x56.png 200w, https:\/\/www.satt.fr\/wp-content\/uploads\/2021\/02\/unnamed.png 405w\" sizes=\"auto, (max-width: 150px) 100vw, 150px\" \/><\/div><\/div><\/div><div id=\"pg-23792-2\"  class=\"panel-grid panel-no-style\" ><div id=\"pgc-23792-2-0\"  class=\"panel-grid-cell\" ><div id=\"panel-23792-2-0-0\" class=\"so-panel widget widget_sow-editor panel-first-child panel-last-child\" data-index=\"3\" ><div\n\t\t\t\n\t\t\tclass=\"so-widget-sow-editor so-widget-sow-editor-base\"\n\t\t\t\n\t\t>\n<div class=\"siteorigin-widget-tinymce textwidget\">\n\t<p><strong>Cyber-Detect, la start-up qui harponne la cybercriminalit\u00e9.\u00a0<\/strong><em>(SAYENS)<\/em><\/p>\n<p>Issue d\u2019une technologie du Loria (Universit\u00e9 de Lorraine, Inria, CNRS) matur\u00e9e au sein de la SATT SAYENS, la start-up nanc\u00e9ienne d\u00e9veloppe et propose, une solution innovante \u00ab l\u2019analyse morphologique \u00bb, permettant la d\u00e9tection de logiciels malveillants. La start-up fait partie des 17 nouvelles start-up qui int\u00e8grent le programme d\u2019acc\u00e9l\u00e9ration Scal' E-Nov, acc\u00e9l\u00e9rateur r\u00e9gional en Grand Est.<\/p>\n<p><a href=\"http:\/\/www.cyber-detect.com\">www.cyber-detect.com <\/a><\/p>\n<\/div>\n<\/div><\/div><\/div><div id=\"pgc-23792-2-1\"  class=\"panel-grid-cell\" ><div id=\"panel-23792-2-1-0\" class=\"so-panel widget widget_media_image panel-first-child panel-last-child\" data-index=\"4\" ><img loading=\"lazy\" decoding=\"async\" width=\"150\" height=\"50\" src=\"https:\/\/www.satt.fr\/wp-content\/uploads\/2021\/02\/CybetDetect-150x50.jpg\" class=\"image wp-image-23770  attachment-thumbnail size-thumbnail\" alt=\"\" style=\"max-width: 100%; height: auto;\" srcset=\"https:\/\/www.satt.fr\/wp-content\/uploads\/2021\/02\/CybetDetect-150x50.jpg 150w, https:\/\/www.satt.fr\/wp-content\/uploads\/2021\/02\/CybetDetect-300x99.jpg 300w, https:\/\/www.satt.fr\/wp-content\/uploads\/2021\/02\/CybetDetect-200x66.jpg 200w, https:\/\/www.satt.fr\/wp-content\/uploads\/2021\/02\/CybetDetect.jpg 390w\" sizes=\"auto, (max-width: 150px) 100vw, 150px\" \/><\/div><\/div><\/div><div id=\"pg-23792-3\"  class=\"panel-grid panel-no-style\" ><div id=\"pgc-23792-3-0\"  class=\"panel-grid-cell\" ><div id=\"panel-23792-3-0-0\" class=\"so-panel widget widget_sow-editor panel-first-child panel-last-child\" data-index=\"5\" ><div\n\t\t\t\n\t\t\tclass=\"so-widget-sow-editor so-widget-sow-editor-base\"\n\t\t\t\n\t\t>\n<div class=\"siteorigin-widget-tinymce textwidget\">\n\t<p><strong>Hemerion Therapeutics diffuse une nouvelle voie th\u00e9rapeutique pour le traitement du cancer du cerveau.<\/strong>\u00a0<em>(SATT Nord)<\/em><\/p>\n<p>La SATT Nord et le CHU de Lille ont sign\u00e9 une licence exclusive avec Hemerion Therapeutics pour l\u2019exploitation d\u2019une nouvelle technologie anti-canc\u00e9reuse d\u00e9velopp\u00e9e au sein du CHU de Lille et du laboratoire Inserm ONCOTHAI (UMR 1189).<\/p>\n<p><a href=\"https:\/\/www.hemerion.com\/\">www.hemerion.com<\/a><\/p>\n<\/div>\n<\/div><\/div><\/div><div id=\"pgc-23792-3-1\"  class=\"panel-grid-cell\" ><div id=\"panel-23792-3-1-0\" class=\"so-panel widget widget_media_image panel-first-child panel-last-child\" data-index=\"6\" ><img loading=\"lazy\" decoding=\"async\" width=\"150\" height=\"43\" src=\"https:\/\/www.satt.fr\/wp-content\/uploads\/2021\/02\/Hemerion-standard-RVB_large-150x43.png\" class=\"image wp-image-23772  attachment-thumbnail size-thumbnail\" alt=\"\" style=\"max-width: 100%; height: auto;\" srcset=\"https:\/\/www.satt.fr\/wp-content\/uploads\/2021\/02\/Hemerion-standard-RVB_large-150x43.png 150w, https:\/\/www.satt.fr\/wp-content\/uploads\/2021\/02\/Hemerion-standard-RVB_large-300x87.png 300w, https:\/\/www.satt.fr\/wp-content\/uploads\/2021\/02\/Hemerion-standard-RVB_large-768x222.png 768w, https:\/\/www.satt.fr\/wp-content\/uploads\/2021\/02\/Hemerion-standard-RVB_large-1024x297.png 1024w, https:\/\/www.satt.fr\/wp-content\/uploads\/2021\/02\/Hemerion-standard-RVB_large-500x145.png 500w, https:\/\/www.satt.fr\/wp-content\/uploads\/2021\/02\/Hemerion-standard-RVB_large-600x174.png 600w, https:\/\/www.satt.fr\/wp-content\/uploads\/2021\/02\/Hemerion-standard-RVB_large-200x58.png 200w\" sizes=\"auto, (max-width: 150px) 100vw, 150px\" \/><\/div><\/div><\/div><div id=\"pg-23792-4\"  class=\"panel-grid panel-no-style\" ><div id=\"pgc-23792-4-0\"  class=\"panel-grid-cell\" ><div id=\"panel-23792-4-0-0\" class=\"so-panel widget widget_sow-editor panel-first-child panel-last-child\" data-index=\"7\" ><div\n\t\t\t\n\t\t\tclass=\"so-widget-sow-editor so-widget-sow-editor-base\"\n\t\t\t\n\t\t>\n<div class=\"siteorigin-widget-tinymce textwidget\">\n\t<p><strong>La Start-up rennaise StirWeld l\u00e8ve 2millions d\u2019euros.<\/strong><em> (Ouest Valorisation)<\/em><\/p>\n<p>La jeune pousse, portant une technologie issue de l\u2019ENS Rennes et de l\u2019Institut Maupertuisaccompagn\u00e9e par Ouest Valorisation, a lev\u00e9 2 millions d\u2019euros. Cette lev\u00e9e de fonds de 2 millions d\u2019euros va permettre d\u2019acc\u00e9l\u00e9rer la commercialisation d\u2019un tout nouveausyst\u00e8me de soudage, une technologie de rupture issue des laboratoires de recherche acad\u00e9mique.<\/p>\n<p><a href=\"https:\/\/stirweld.com\/\">stirweld.com<\/a><\/p>\n<\/div>\n<\/div><\/div><\/div><div id=\"pgc-23792-4-1\"  class=\"panel-grid-cell\" ><div id=\"panel-23792-4-1-0\" class=\"so-panel widget widget_media_image panel-first-child panel-last-child\" data-index=\"8\" ><img loading=\"lazy\" decoding=\"async\" width=\"150\" height=\"36\" src=\"https:\/\/www.satt.fr\/wp-content\/uploads\/2021\/02\/STIRWELD-150x36.png\" class=\"image wp-image-23774  attachment-thumbnail size-thumbnail\" alt=\"\" style=\"max-width: 100%; height: auto;\" srcset=\"https:\/\/www.satt.fr\/wp-content\/uploads\/2021\/02\/STIRWELD-150x36.png 150w, https:\/\/www.satt.fr\/wp-content\/uploads\/2021\/02\/STIRWELD-300x73.png 300w, https:\/\/www.satt.fr\/wp-content\/uploads\/2021\/02\/STIRWELD-200x48.png 200w, https:\/\/www.satt.fr\/wp-content\/uploads\/2021\/02\/STIRWELD.png 438w\" sizes=\"auto, (max-width: 150px) 100vw, 150px\" \/><\/div><\/div><\/div><div id=\"pg-23792-5\"  class=\"panel-grid panel-no-style\" ><div id=\"pgc-23792-5-0\"  class=\"panel-grid-cell\" ><div id=\"panel-23792-5-0-0\" class=\"so-panel widget widget_sow-editor panel-first-child panel-last-child\" data-index=\"9\" ><div\n\t\t\t\n\t\t\tclass=\"so-widget-sow-editor so-widget-sow-editor-base\"\n\t\t\t\n\t\t>\n<div class=\"siteorigin-widget-tinymce textwidget\">\n\t<p><strong>Inotrem, biotech nanc\u00e9ienne est \u00e0 nouveau laur\u00e9ate du programme \u00ab French Tech 120 \u00bb.<\/strong><em> (SAYENS)<\/em><\/p>\n<p>Inotrem est \u00e0 nouveau dans le classement du programme \u00ab\u00a0French Tech 120\u00a0\u00bb, programme mis en place par le gouvernement en 2019 destin\u00e9 \u00e0 d'accompagner \"l'\u00e9mergence de leaders technologiques fran\u00e7ais de rang mondial\u00a0\u00bb. La start-up a obtenu en d\u00e9cembre 2020, le statut de \u00ab priorit\u00e9 nationale de recherche \u00bb pour l'\u00e9tude en phase 2a de son candidat-m\u00e9dicament, nangibotide, lui permettant d'acc\u00e9l\u00e9rer sa recherche de traitement pour les patients atteints de formes s\u00e9v\u00e8res du Covid-19.<\/p>\n<p><a href=\"http:\/\/www.inotrem.com\">www.inotrem.com<\/a><\/p>\n<\/div>\n<\/div><\/div><\/div><div id=\"pgc-23792-5-1\"  class=\"panel-grid-cell\" ><div id=\"panel-23792-5-1-0\" class=\"so-panel widget widget_media_image panel-first-child panel-last-child\" data-index=\"10\" ><img loading=\"lazy\" decoding=\"async\" width=\"150\" height=\"42\" src=\"https:\/\/www.satt.fr\/wp-content\/uploads\/2021\/02\/Inotrem-150x42.png\" class=\"image wp-image-23776  attachment-thumbnail size-thumbnail\" alt=\"\" style=\"max-width: 100%; height: auto;\" srcset=\"https:\/\/www.satt.fr\/wp-content\/uploads\/2021\/02\/Inotrem-150x42.png 150w, https:\/\/www.satt.fr\/wp-content\/uploads\/2021\/02\/Inotrem-300x83.png 300w, https:\/\/www.satt.fr\/wp-content\/uploads\/2021\/02\/Inotrem-768x213.png 768w, https:\/\/www.satt.fr\/wp-content\/uploads\/2021\/02\/Inotrem-500x139.png 500w, https:\/\/www.satt.fr\/wp-content\/uploads\/2021\/02\/Inotrem-600x167.png 600w, https:\/\/www.satt.fr\/wp-content\/uploads\/2021\/02\/Inotrem-200x56.png 200w, https:\/\/www.satt.fr\/wp-content\/uploads\/2021\/02\/Inotrem.png 835w\" sizes=\"auto, (max-width: 150px) 100vw, 150px\" \/><\/div><\/div><\/div><div id=\"pg-23792-6\"  class=\"panel-grid panel-no-style\" ><div id=\"pgc-23792-6-0\"  class=\"panel-grid-cell\" ><div id=\"panel-23792-6-0-0\" class=\"so-panel widget widget_sow-editor panel-first-child panel-last-child\" data-index=\"11\" ><div\n\t\t\t\n\t\t\tclass=\"so-widget-sow-editor so-widget-sow-editor-base\"\n\t\t\t\n\t\t>\n<div class=\"siteorigin-widget-tinymce textwidget\">\n\t<p><strong>La toute nouvellestart-up RebrAIn signe une licence d\u2019exploitation avec la SATT Aquitaine Science Transfert.\u00a0<\/strong><em>(Aquitaine Science Transfert)<\/em><\/p>\n<p>Co-fond\u00e9e le 4 janvier 2021 par Emmanuel Cuny, Professeur de neurochirurgie de l\u2019universit\u00e9 de Bordeaux et praticien renomm\u00e9 du CHU de Bordeaux, et Nejib Zemzemi, Docteur en math\u00e9matiques appliqu\u00e9es et calcul scientifique chez Inria, la start-up RebrAIn s\u2019attaque au ciblage des zones du cerveau \u00e0 l\u2019origine des maladies du tremblement essentiel et de Parkinson trait\u00e9es par Stimulation C\u00e9r\u00e9brale Profonde (SCP).<\/p>\n<p><a href=\"https:\/\/rebrain.eu\/\">rebrain.eu<\/a><\/p>\n<\/div>\n<\/div><\/div><\/div><div id=\"pgc-23792-6-1\"  class=\"panel-grid-cell\" ><div id=\"panel-23792-6-1-0\" class=\"so-panel widget widget_media_image panel-first-child panel-last-child\" data-index=\"12\" ><img loading=\"lazy\" decoding=\"async\" width=\"150\" height=\"59\" src=\"https:\/\/www.satt.fr\/wp-content\/uploads\/2021\/02\/REBRAIN-vign-150x59.jpg\" class=\"image wp-image-23778  attachment-thumbnail size-thumbnail\" alt=\"\" style=\"max-width: 100%; height: auto;\" srcset=\"https:\/\/www.satt.fr\/wp-content\/uploads\/2021\/02\/REBRAIN-vign-150x59.jpg 150w, https:\/\/www.satt.fr\/wp-content\/uploads\/2021\/02\/REBRAIN-vign-300x117.jpg 300w, https:\/\/www.satt.fr\/wp-content\/uploads\/2021\/02\/REBRAIN-vign-200x78.jpg 200w, https:\/\/www.satt.fr\/wp-content\/uploads\/2021\/02\/REBRAIN-vign.jpg 405w\" sizes=\"auto, (max-width: 150px) 100vw, 150px\" \/><\/div><\/div><\/div><div id=\"pg-23792-7\"  class=\"panel-grid panel-no-style\" ><div id=\"pgc-23792-7-0\"  class=\"panel-grid-cell\" ><div id=\"panel-23792-7-0-0\" class=\"so-panel widget widget_sow-editor panel-first-child panel-last-child\" data-index=\"13\" ><div\n\t\t\t\n\t\t\tclass=\"so-widget-sow-editor so-widget-sow-editor-base\"\n\t\t\t\n\t\t>\n<div class=\"siteorigin-widget-tinymce textwidget\">\n\t<p><strong>Biologics 4 Life en campagne contre l\u2019ost\u00e9oporose.\u00a0<\/strong><em>(SATT Sud-Est)<\/em><\/p>\n<p>Laur\u00e9ate French Tech Seed Provence Corse, la start-up biotech Biologics 4 Life a d\u00e9marr\u00e9 une campagne de financement en crowdfunding sur la plateforme WiSEED. En combinant expertise et innovation, Biologics 4 Life cr\u00e9e Neo-S, un substitut osseux synth\u00e9tique pour traiter et prot\u00e9ger. La biotech entend s\u2019attaquer \u00e0 des questions majeures de sant\u00e9 publique, en pla\u00e7ant le patient et le chirurgien au c\u0153ur de la r\u00e9flexion : gestion de la douleur, bien-\u00eatre patient, chirurgie mini-invasive et actes ambulatoires.<\/p>\n<p><a href=\"https:\/\/biologics4life.fr\/\">biologics4life.fr<\/a><\/p>\n<\/div>\n<\/div><\/div><\/div><div id=\"pgc-23792-7-1\"  class=\"panel-grid-cell\" ><div id=\"panel-23792-7-1-0\" class=\"so-panel widget widget_media_image panel-first-child panel-last-child\" data-index=\"14\" ><img loading=\"lazy\" decoding=\"async\" width=\"150\" height=\"57\" src=\"https:\/\/www.satt.fr\/wp-content\/uploads\/2021\/02\/telechargement-150x57.png\" class=\"image wp-image-23780  attachment-thumbnail size-thumbnail\" alt=\"\" style=\"max-width: 100%; height: auto;\" srcset=\"https:\/\/www.satt.fr\/wp-content\/uploads\/2021\/02\/telechargement-150x57.png 150w, https:\/\/www.satt.fr\/wp-content\/uploads\/2021\/02\/telechargement-300x113.png 300w, https:\/\/www.satt.fr\/wp-content\/uploads\/2021\/02\/telechargement-200x76.png 200w, https:\/\/www.satt.fr\/wp-content\/uploads\/2021\/02\/telechargement.png 365w\" sizes=\"auto, (max-width: 150px) 100vw, 150px\" \/><\/div><\/div><\/div><div id=\"pg-23792-8\"  class=\"panel-grid panel-no-style\" ><div id=\"pgc-23792-8-0\"  class=\"panel-grid-cell\" ><div id=\"panel-23792-8-0-0\" class=\"so-panel widget widget_sow-editor panel-first-child panel-last-child\" data-index=\"15\" ><div\n\t\t\t\n\t\t\tclass=\"so-widget-sow-editor so-widget-sow-editor-base\"\n\t\t\t\n\t\t>\n<div class=\"siteorigin-widget-tinymce textwidget\">\n\t<p><strong>MYRISSI rachet\u00e9e par GIVAUDAN.\u00a0<\/strong><em>(SAYENS)<\/em><\/p>\n<p>MYRISSI est une jeune pousse lorraine, fond\u00e9e en 2014, sa force est d\u2019avoir r\u00e9ussi \u00e0 associer senteurs, couleurs et \u00e9motions gr\u00e2ce \u00e0 une technologie innovante d\u00e9velopp\u00e9e au sein de l\u2019Universit\u00e9 de Lorraine, accompagn\u00e9e par la SATT SAYENS. S\u00e9duit par des actifs encore renforc\u00e9s \u00e0 base d\u2019IA, le groupe suisse fabricants de parfums GIVAUDAN a jet\u00e9 son d\u00e9volu sur la start up afin d\u2019enrichir son offre de service marketing et proposer \u00e0 ses clients de meilleures exp\u00e9riences utilisateurs dans leurs choix de consommation.<\/p>\n<p><a href=\"http:\/\/www.myrissi.fr\">www.myrissi.fr<\/a><\/p>\n<\/div>\n<\/div><\/div><\/div><div id=\"pgc-23792-8-1\"  class=\"panel-grid-cell\" ><div id=\"panel-23792-8-1-0\" class=\"so-panel widget widget_media_image panel-first-child panel-last-child\" data-index=\"16\" ><img loading=\"lazy\" decoding=\"async\" width=\"150\" height=\"31\" src=\"https:\/\/www.satt.fr\/wp-content\/uploads\/2021\/02\/MyRissi-150x31.png\" class=\"image wp-image-23782  attachment-thumbnail size-thumbnail\" alt=\"\" style=\"max-width: 100%; height: auto;\" srcset=\"https:\/\/www.satt.fr\/wp-content\/uploads\/2021\/02\/MyRissi-150x31.png 150w, https:\/\/www.satt.fr\/wp-content\/uploads\/2021\/02\/MyRissi-300x62.png 300w, https:\/\/www.satt.fr\/wp-content\/uploads\/2021\/02\/MyRissi-200x41.png 200w, https:\/\/www.satt.fr\/wp-content\/uploads\/2021\/02\/MyRissi.png 323w\" sizes=\"auto, (max-width: 150px) 100vw, 150px\" \/><\/div><\/div><\/div><\/div>","protected":false},"excerpt":{"rendered":"<p>Retrouvez les derni\u00e8res actualit\u00e9s des start-up accompagn\u00e9es par les membres du R\u00e9seau SATT #SATTUP. Grapheal l\u00e8ve 1,9 million d&#8217;euros. La start-up va d\u00e9velopper un test Covid-19 num\u00e9rique et un pansement pour le suivi des plaies \u00e0 distance.\u00a0(Linksium) Peu de start-up montent sur la premi\u00e8re marche dite de l\u2019amor\u00e7age. La startup MedTech grenobloise Grapheal vient de [&hellip;]<\/p>\n","protected":false},"author":2,"featured_media":11835,"comment_status":"closed","ping_status":"closed","sticky":false,"template":"","format":"standard","meta":{"_acf_changed":false,"footnotes":""},"categories":[567],"tags":[],"class_list":["post-23792","post","type-post","status-publish","format-standard","has-post-thumbnail","hentry","category-news-en"],"acf":[],"yoast_head":"<!-- This site is optimized with the Yoast SEO plugin v27.4 - https:\/\/yoast.com\/product\/yoast-seo-wordpress\/ -->\n<title>SATT-UP ! L\u2019actualit\u00e9 des start-up accompagn\u00e9es par les membres du R\u00e9seau SATT #24 \u2013 F\u00e9vrier 2021 - R\u00e9seau SATT<\/title>\n<meta name=\"robots\" content=\"index, follow, max-snippet:-1, max-image-preview:large, max-video-preview:-1\" \/>\n<link rel=\"canonical\" href=\"https:\/\/www.satt.fr\/en\/satt-up-fevrier-2021\/\" \/>\n<meta name=\"twitter:label1\" content=\"Written by\" \/>\n\t<meta name=\"twitter:data1\" content=\"admin\" \/>\n\t<meta name=\"twitter:label2\" content=\"Est. reading time\" \/>\n\t<meta name=\"twitter:data2\" content=\"4 minutes\" \/>\n<script type=\"application\/ld+json\" class=\"yoast-schema-graph\">{\"@context\":\"https:\\\/\\\/schema.org\",\"@graph\":[{\"@type\":\"Article\",\"@id\":\"https:\\\/\\\/www.satt.fr\\\/en\\\/satt-up-fevrier-2021\\\/#article\",\"isPartOf\":{\"@id\":\"https:\\\/\\\/www.satt.fr\\\/en\\\/satt-up-fevrier-2021\\\/\"},\"author\":{\"name\":\"admin\",\"@id\":\"https:\\\/\\\/www.satt.fr\\\/en\\\/#\\\/schema\\\/person\\\/6f20a7d0bc03146f6e34a9f08d941fec\"},\"headline\":\"SATT-UP ! L\u2019actualit\u00e9 des start-up accompagn\u00e9es par les membres du R\u00e9seau SATT #24 \u2013 F\u00e9vrier 2021\",\"datePublished\":\"2021-02-25T13:54:23+00:00\",\"mainEntityOfPage\":{\"@id\":\"https:\\\/\\\/www.satt.fr\\\/en\\\/satt-up-fevrier-2021\\\/\"},\"wordCount\":803,\"image\":{\"@id\":\"https:\\\/\\\/www.satt.fr\\\/en\\\/satt-up-fevrier-2021\\\/#primaryimage\"},\"thumbnailUrl\":\"https:\\\/\\\/www.satt.fr\\\/wp-content\\\/uploads\\\/2018\\\/12\\\/Sattup.png\",\"articleSection\":[\"News\"],\"inLanguage\":\"en-US\"},{\"@type\":\"WebPage\",\"@id\":\"https:\\\/\\\/www.satt.fr\\\/en\\\/satt-up-fevrier-2021\\\/\",\"url\":\"https:\\\/\\\/www.satt.fr\\\/en\\\/satt-up-fevrier-2021\\\/\",\"name\":\"SATT-UP ! L\u2019actualit\u00e9 des start-up accompagn\u00e9es par les membres du R\u00e9seau SATT #24 \u2013 F\u00e9vrier 2021 - R\u00e9seau SATT\",\"isPartOf\":{\"@id\":\"https:\\\/\\\/www.satt.fr\\\/en\\\/#website\"},\"primaryImageOfPage\":{\"@id\":\"https:\\\/\\\/www.satt.fr\\\/en\\\/satt-up-fevrier-2021\\\/#primaryimage\"},\"image\":{\"@id\":\"https:\\\/\\\/www.satt.fr\\\/en\\\/satt-up-fevrier-2021\\\/#primaryimage\"},\"thumbnailUrl\":\"https:\\\/\\\/www.satt.fr\\\/wp-content\\\/uploads\\\/2018\\\/12\\\/Sattup.png\",\"datePublished\":\"2021-02-25T13:54:23+00:00\",\"author\":{\"@id\":\"https:\\\/\\\/www.satt.fr\\\/en\\\/#\\\/schema\\\/person\\\/6f20a7d0bc03146f6e34a9f08d941fec\"},\"breadcrumb\":{\"@id\":\"https:\\\/\\\/www.satt.fr\\\/en\\\/satt-up-fevrier-2021\\\/#breadcrumb\"},\"inLanguage\":\"en-US\",\"potentialAction\":[{\"@type\":\"ReadAction\",\"target\":[\"https:\\\/\\\/www.satt.fr\\\/en\\\/satt-up-fevrier-2021\\\/\"]}]},{\"@type\":\"ImageObject\",\"inLanguage\":\"en-US\",\"@id\":\"https:\\\/\\\/www.satt.fr\\\/en\\\/satt-up-fevrier-2021\\\/#primaryimage\",\"url\":\"https:\\\/\\\/www.satt.fr\\\/wp-content\\\/uploads\\\/2018\\\/12\\\/Sattup.png\",\"contentUrl\":\"https:\\\/\\\/www.satt.fr\\\/wp-content\\\/uploads\\\/2018\\\/12\\\/Sattup.png\",\"width\":6399,\"height\":3569},{\"@type\":\"BreadcrumbList\",\"@id\":\"https:\\\/\\\/www.satt.fr\\\/en\\\/satt-up-fevrier-2021\\\/#breadcrumb\",\"itemListElement\":[{\"@type\":\"ListItem\",\"position\":1,\"name\":\"Accueil\",\"item\":\"https:\\\/\\\/www.satt.fr\\\/en\\\/\"},{\"@type\":\"ListItem\",\"position\":2,\"name\":\"SATT-UP ! L\u2019actualit\u00e9 des start-up accompagn\u00e9es par les membres du R\u00e9seau SATT #24 \u2013 F\u00e9vrier 2021\"}]},{\"@type\":\"WebSite\",\"@id\":\"https:\\\/\\\/www.satt.fr\\\/en\\\/#website\",\"url\":\"https:\\\/\\\/www.satt.fr\\\/en\\\/\",\"name\":\"R\u00e9seau SATT\",\"description\":\"Les Soci\u00e9t\u00e9s d&#039;Acc\u00e9l\u00e9ration du Transfert de Technologies\",\"potentialAction\":[{\"@type\":\"SearchAction\",\"target\":{\"@type\":\"EntryPoint\",\"urlTemplate\":\"https:\\\/\\\/www.satt.fr\\\/en\\\/?s={search_term_string}\"},\"query-input\":{\"@type\":\"PropertyValueSpecification\",\"valueRequired\":true,\"valueName\":\"search_term_string\"}}],\"inLanguage\":\"en-US\"},{\"@type\":\"Person\",\"@id\":\"https:\\\/\\\/www.satt.fr\\\/en\\\/#\\\/schema\\\/person\\\/6f20a7d0bc03146f6e34a9f08d941fec\",\"name\":\"admin\",\"url\":\"https:\\\/\\\/www.satt.fr\\\/en\\\/author\\\/admin\\\/\"}]}<\/script>\n<!-- \/ Yoast SEO plugin. -->","yoast_head_json":{"title":"SATT-UP ! L\u2019actualit\u00e9 des start-up accompagn\u00e9es par les membres du R\u00e9seau SATT #24 \u2013 F\u00e9vrier 2021 - R\u00e9seau SATT","robots":{"index":"index","follow":"follow","max-snippet":"max-snippet:-1","max-image-preview":"max-image-preview:large","max-video-preview":"max-video-preview:-1"},"canonical":"https:\/\/www.satt.fr\/en\/satt-up-fevrier-2021\/","twitter_misc":{"Written by":"admin","Est. reading time":"4 minutes"},"schema":{"@context":"https:\/\/schema.org","@graph":[{"@type":"Article","@id":"https:\/\/www.satt.fr\/en\/satt-up-fevrier-2021\/#article","isPartOf":{"@id":"https:\/\/www.satt.fr\/en\/satt-up-fevrier-2021\/"},"author":{"name":"admin","@id":"https:\/\/www.satt.fr\/en\/#\/schema\/person\/6f20a7d0bc03146f6e34a9f08d941fec"},"headline":"SATT-UP ! L\u2019actualit\u00e9 des start-up accompagn\u00e9es par les membres du R\u00e9seau SATT #24 \u2013 F\u00e9vrier 2021","datePublished":"2021-02-25T13:54:23+00:00","mainEntityOfPage":{"@id":"https:\/\/www.satt.fr\/en\/satt-up-fevrier-2021\/"},"wordCount":803,"image":{"@id":"https:\/\/www.satt.fr\/en\/satt-up-fevrier-2021\/#primaryimage"},"thumbnailUrl":"https:\/\/www.satt.fr\/wp-content\/uploads\/2018\/12\/Sattup.png","articleSection":["News"],"inLanguage":"en-US"},{"@type":"WebPage","@id":"https:\/\/www.satt.fr\/en\/satt-up-fevrier-2021\/","url":"https:\/\/www.satt.fr\/en\/satt-up-fevrier-2021\/","name":"SATT-UP ! L\u2019actualit\u00e9 des start-up accompagn\u00e9es par les membres du R\u00e9seau SATT #24 \u2013 F\u00e9vrier 2021 - R\u00e9seau SATT","isPartOf":{"@id":"https:\/\/www.satt.fr\/en\/#website"},"primaryImageOfPage":{"@id":"https:\/\/www.satt.fr\/en\/satt-up-fevrier-2021\/#primaryimage"},"image":{"@id":"https:\/\/www.satt.fr\/en\/satt-up-fevrier-2021\/#primaryimage"},"thumbnailUrl":"https:\/\/www.satt.fr\/wp-content\/uploads\/2018\/12\/Sattup.png","datePublished":"2021-02-25T13:54:23+00:00","author":{"@id":"https:\/\/www.satt.fr\/en\/#\/schema\/person\/6f20a7d0bc03146f6e34a9f08d941fec"},"breadcrumb":{"@id":"https:\/\/www.satt.fr\/en\/satt-up-fevrier-2021\/#breadcrumb"},"inLanguage":"en-US","potentialAction":[{"@type":"ReadAction","target":["https:\/\/www.satt.fr\/en\/satt-up-fevrier-2021\/"]}]},{"@type":"ImageObject","inLanguage":"en-US","@id":"https:\/\/www.satt.fr\/en\/satt-up-fevrier-2021\/#primaryimage","url":"https:\/\/www.satt.fr\/wp-content\/uploads\/2018\/12\/Sattup.png","contentUrl":"https:\/\/www.satt.fr\/wp-content\/uploads\/2018\/12\/Sattup.png","width":6399,"height":3569},{"@type":"BreadcrumbList","@id":"https:\/\/www.satt.fr\/en\/satt-up-fevrier-2021\/#breadcrumb","itemListElement":[{"@type":"ListItem","position":1,"name":"Accueil","item":"https:\/\/www.satt.fr\/en\/"},{"@type":"ListItem","position":2,"name":"SATT-UP ! L\u2019actualit\u00e9 des start-up accompagn\u00e9es par les membres du R\u00e9seau SATT #24 \u2013 F\u00e9vrier 2021"}]},{"@type":"WebSite","@id":"https:\/\/www.satt.fr\/en\/#website","url":"https:\/\/www.satt.fr\/en\/","name":"R\u00e9seau SATT","description":"Les Soci\u00e9t\u00e9s d&#039;Acc\u00e9l\u00e9ration du Transfert de Technologies","potentialAction":[{"@type":"SearchAction","target":{"@type":"EntryPoint","urlTemplate":"https:\/\/www.satt.fr\/en\/?s={search_term_string}"},"query-input":{"@type":"PropertyValueSpecification","valueRequired":true,"valueName":"search_term_string"}}],"inLanguage":"en-US"},{"@type":"Person","@id":"https:\/\/www.satt.fr\/en\/#\/schema\/person\/6f20a7d0bc03146f6e34a9f08d941fec","name":"admin","url":"https:\/\/www.satt.fr\/en\/author\/admin\/"}]}},"_links":{"self":[{"href":"https:\/\/www.satt.fr\/en\/wp-json\/wp\/v2\/posts\/23792","targetHints":{"allow":["GET"]}}],"collection":[{"href":"https:\/\/www.satt.fr\/en\/wp-json\/wp\/v2\/posts"}],"about":[{"href":"https:\/\/www.satt.fr\/en\/wp-json\/wp\/v2\/types\/post"}],"author":[{"embeddable":true,"href":"https:\/\/www.satt.fr\/en\/wp-json\/wp\/v2\/users\/2"}],"replies":[{"embeddable":true,"href":"https:\/\/www.satt.fr\/en\/wp-json\/wp\/v2\/comments?post=23792"}],"version-history":[{"count":0,"href":"https:\/\/www.satt.fr\/en\/wp-json\/wp\/v2\/posts\/23792\/revisions"}],"wp:featuredmedia":[{"embeddable":true,"href":"https:\/\/www.satt.fr\/en\/wp-json\/wp\/v2\/media\/11835"}],"wp:attachment":[{"href":"https:\/\/www.satt.fr\/en\/wp-json\/wp\/v2\/media?parent=23792"}],"wp:term":[{"taxonomy":"category","embeddable":true,"href":"https:\/\/www.satt.fr\/en\/wp-json\/wp\/v2\/categories?post=23792"},{"taxonomy":"post_tag","embeddable":true,"href":"https:\/\/www.satt.fr\/en\/wp-json\/wp\/v2\/tags?post=23792"}],"curies":[{"name":"wp","href":"https:\/\/api.w.org\/{rel}","templated":true}]}}