{"id":2477,"date":"2016-04-01T11:44:02","date_gmt":"2016-04-01T09:44:02","guid":{"rendered":"http:\/\/www.satt.fr\/?p=2477"},"modified":"2017-11-13T17:02:17","modified_gmt":"2017-11-13T16:02:17","slug":"conectus-alsace-et-pep-therapy-sallient","status":"publish","type":"post","link":"https:\/\/www.satt.fr\/en\/conectus-alsace-et-pep-therapy-sallient\/","title":{"rendered":"Conectus Alsace et PEP-Therapy s&#8217;allient"},"content":{"rendered":"<p>PEP-Therapy et Conectus Alsace s\u2019allient pour d\u00e9velopper un <strong>traitement r\u00e9volutionnaire dans le diab\u00e8te de type 2<\/strong> gr\u00e2ce aux travaux de rupture du Laboratoire de G\u00e9n\u00e9tique M\u00e9dicale (Unistra-Inserm).<\/p>\n<p>&nbsp;<\/p>\n<p>D\u00e9couvrez le communiqu\u00e9 de presse sur le site de la <a href=\"https:\/\/www.conectus.fr\/sites\/default\/files\/presse\/communiques\/co-conception_peptherapy_vff.pdf\" target=\"_blank\" rel=\"noopener\">SATT Conectus Alsace<\/a><\/p>\n","protected":false},"excerpt":{"rendered":"<p>PEP-Therapy et Conectus Alsace s\u2019allient pour d\u00e9velopper un traitement r\u00e9volutionnaire dans le diab\u00e8te de type 2 gr\u00e2ce aux travaux de rupture du Laboratoire de G\u00e9n\u00e9tique M\u00e9dicale (Unistra-Inserm). &nbsp; D\u00e9couvrez le communiqu\u00e9 de presse sur le site de la SATT Conectus Alsace<\/p>\n","protected":false},"author":4,"featured_media":0,"comment_status":"closed","ping_status":"open","sticky":false,"template":"","format":"standard","meta":{"_acf_changed":false,"footnotes":""},"categories":[535],"tags":[],"class_list":["post-2477","post","type-post","status-publish","format-standard","hentry","category-reussites"],"acf":[],"yoast_head":"<!-- This site is optimized with the Yoast SEO plugin v27.4 - https:\/\/yoast.com\/product\/yoast-seo-wordpress\/ -->\n<title>Conectus Alsace et PEP-Therapy s&#039;allient - R\u00e9seau SATT<\/title>\n<meta name=\"robots\" content=\"index, follow, max-snippet:-1, max-image-preview:large, max-video-preview:-1\" \/>\n<link rel=\"canonical\" href=\"https:\/\/www.satt.fr\/conectus-alsace-et-pep-therapy-sallient\/\" \/>\n<meta name=\"twitter:label1\" content=\"Written by\" \/>\n\t<meta name=\"twitter:data1\" content=\"redacteur SATT\" \/>\n<script type=\"application\/ld+json\" class=\"yoast-schema-graph\">{\"@context\":\"https:\\\/\\\/schema.org\",\"@graph\":[{\"@type\":\"Article\",\"@id\":\"https:\\\/\\\/www.satt.fr\\\/conectus-alsace-et-pep-therapy-sallient\\\/#article\",\"isPartOf\":{\"@id\":\"https:\\\/\\\/www.satt.fr\\\/conectus-alsace-et-pep-therapy-sallient\\\/\"},\"author\":{\"name\":\"redacteur SATT\",\"@id\":\"https:\\\/\\\/www.satt.fr\\\/en\\\/#\\\/schema\\\/person\\\/a6836c00a1284a8188e1a05deb2a5e5c\"},\"headline\":\"Conectus Alsace et PEP-Therapy s&#8217;allient\",\"datePublished\":\"2016-04-01T09:44:02+00:00\",\"dateModified\":\"2017-11-13T16:02:17+00:00\",\"mainEntityOfPage\":{\"@id\":\"https:\\\/\\\/www.satt.fr\\\/conectus-alsace-et-pep-therapy-sallient\\\/\"},\"wordCount\":55,\"articleSection\":[\"R\u00e9ussites\"],\"inLanguage\":\"en-US\"},{\"@type\":\"WebPage\",\"@id\":\"https:\\\/\\\/www.satt.fr\\\/conectus-alsace-et-pep-therapy-sallient\\\/\",\"url\":\"https:\\\/\\\/www.satt.fr\\\/conectus-alsace-et-pep-therapy-sallient\\\/\",\"name\":\"Conectus Alsace et PEP-Therapy s'allient - R\u00e9seau SATT\",\"isPartOf\":{\"@id\":\"https:\\\/\\\/www.satt.fr\\\/en\\\/#website\"},\"datePublished\":\"2016-04-01T09:44:02+00:00\",\"dateModified\":\"2017-11-13T16:02:17+00:00\",\"author\":{\"@id\":\"https:\\\/\\\/www.satt.fr\\\/en\\\/#\\\/schema\\\/person\\\/a6836c00a1284a8188e1a05deb2a5e5c\"},\"breadcrumb\":{\"@id\":\"https:\\\/\\\/www.satt.fr\\\/conectus-alsace-et-pep-therapy-sallient\\\/#breadcrumb\"},\"inLanguage\":\"en-US\",\"potentialAction\":[{\"@type\":\"ReadAction\",\"target\":[\"https:\\\/\\\/www.satt.fr\\\/conectus-alsace-et-pep-therapy-sallient\\\/\"]}]},{\"@type\":\"BreadcrumbList\",\"@id\":\"https:\\\/\\\/www.satt.fr\\\/conectus-alsace-et-pep-therapy-sallient\\\/#breadcrumb\",\"itemListElement\":[{\"@type\":\"ListItem\",\"position\":1,\"name\":\"Accueil\",\"item\":\"https:\\\/\\\/www.satt.fr\\\/en\\\/\"},{\"@type\":\"ListItem\",\"position\":2,\"name\":\"Conectus Alsace et PEP-Therapy s&rsquo;allient\"}]},{\"@type\":\"WebSite\",\"@id\":\"https:\\\/\\\/www.satt.fr\\\/en\\\/#website\",\"url\":\"https:\\\/\\\/www.satt.fr\\\/en\\\/\",\"name\":\"R\u00e9seau SATT\",\"description\":\"Les Soci\u00e9t\u00e9s d&#039;Acc\u00e9l\u00e9ration du Transfert de Technologies\",\"potentialAction\":[{\"@type\":\"SearchAction\",\"target\":{\"@type\":\"EntryPoint\",\"urlTemplate\":\"https:\\\/\\\/www.satt.fr\\\/en\\\/?s={search_term_string}\"},\"query-input\":{\"@type\":\"PropertyValueSpecification\",\"valueRequired\":true,\"valueName\":\"search_term_string\"}}],\"inLanguage\":\"en-US\"},{\"@type\":\"Person\",\"@id\":\"https:\\\/\\\/www.satt.fr\\\/en\\\/#\\\/schema\\\/person\\\/a6836c00a1284a8188e1a05deb2a5e5c\",\"name\":\"redacteur SATT\",\"url\":\"https:\\\/\\\/www.satt.fr\\\/en\\\/author\\\/redacteur\\\/\"}]}<\/script>\n<!-- \/ Yoast SEO plugin. -->","yoast_head_json":{"title":"Conectus Alsace et PEP-Therapy s'allient - R\u00e9seau SATT","robots":{"index":"index","follow":"follow","max-snippet":"max-snippet:-1","max-image-preview":"max-image-preview:large","max-video-preview":"max-video-preview:-1"},"canonical":"https:\/\/www.satt.fr\/conectus-alsace-et-pep-therapy-sallient\/","twitter_misc":{"Written by":"redacteur SATT"},"schema":{"@context":"https:\/\/schema.org","@graph":[{"@type":"Article","@id":"https:\/\/www.satt.fr\/conectus-alsace-et-pep-therapy-sallient\/#article","isPartOf":{"@id":"https:\/\/www.satt.fr\/conectus-alsace-et-pep-therapy-sallient\/"},"author":{"name":"redacteur SATT","@id":"https:\/\/www.satt.fr\/en\/#\/schema\/person\/a6836c00a1284a8188e1a05deb2a5e5c"},"headline":"Conectus Alsace et PEP-Therapy s&#8217;allient","datePublished":"2016-04-01T09:44:02+00:00","dateModified":"2017-11-13T16:02:17+00:00","mainEntityOfPage":{"@id":"https:\/\/www.satt.fr\/conectus-alsace-et-pep-therapy-sallient\/"},"wordCount":55,"articleSection":["R\u00e9ussites"],"inLanguage":"en-US"},{"@type":"WebPage","@id":"https:\/\/www.satt.fr\/conectus-alsace-et-pep-therapy-sallient\/","url":"https:\/\/www.satt.fr\/conectus-alsace-et-pep-therapy-sallient\/","name":"Conectus Alsace et PEP-Therapy s'allient - R\u00e9seau SATT","isPartOf":{"@id":"https:\/\/www.satt.fr\/en\/#website"},"datePublished":"2016-04-01T09:44:02+00:00","dateModified":"2017-11-13T16:02:17+00:00","author":{"@id":"https:\/\/www.satt.fr\/en\/#\/schema\/person\/a6836c00a1284a8188e1a05deb2a5e5c"},"breadcrumb":{"@id":"https:\/\/www.satt.fr\/conectus-alsace-et-pep-therapy-sallient\/#breadcrumb"},"inLanguage":"en-US","potentialAction":[{"@type":"ReadAction","target":["https:\/\/www.satt.fr\/conectus-alsace-et-pep-therapy-sallient\/"]}]},{"@type":"BreadcrumbList","@id":"https:\/\/www.satt.fr\/conectus-alsace-et-pep-therapy-sallient\/#breadcrumb","itemListElement":[{"@type":"ListItem","position":1,"name":"Accueil","item":"https:\/\/www.satt.fr\/en\/"},{"@type":"ListItem","position":2,"name":"Conectus Alsace et PEP-Therapy s&rsquo;allient"}]},{"@type":"WebSite","@id":"https:\/\/www.satt.fr\/en\/#website","url":"https:\/\/www.satt.fr\/en\/","name":"R\u00e9seau SATT","description":"Les Soci\u00e9t\u00e9s d&#039;Acc\u00e9l\u00e9ration du Transfert de Technologies","potentialAction":[{"@type":"SearchAction","target":{"@type":"EntryPoint","urlTemplate":"https:\/\/www.satt.fr\/en\/?s={search_term_string}"},"query-input":{"@type":"PropertyValueSpecification","valueRequired":true,"valueName":"search_term_string"}}],"inLanguage":"en-US"},{"@type":"Person","@id":"https:\/\/www.satt.fr\/en\/#\/schema\/person\/a6836c00a1284a8188e1a05deb2a5e5c","name":"redacteur SATT","url":"https:\/\/www.satt.fr\/en\/author\/redacteur\/"}]}},"_links":{"self":[{"href":"https:\/\/www.satt.fr\/en\/wp-json\/wp\/v2\/posts\/2477","targetHints":{"allow":["GET"]}}],"collection":[{"href":"https:\/\/www.satt.fr\/en\/wp-json\/wp\/v2\/posts"}],"about":[{"href":"https:\/\/www.satt.fr\/en\/wp-json\/wp\/v2\/types\/post"}],"author":[{"embeddable":true,"href":"https:\/\/www.satt.fr\/en\/wp-json\/wp\/v2\/users\/4"}],"replies":[{"embeddable":true,"href":"https:\/\/www.satt.fr\/en\/wp-json\/wp\/v2\/comments?post=2477"}],"version-history":[{"count":1,"href":"https:\/\/www.satt.fr\/en\/wp-json\/wp\/v2\/posts\/2477\/revisions"}],"predecessor-version":[{"id":4699,"href":"https:\/\/www.satt.fr\/en\/wp-json\/wp\/v2\/posts\/2477\/revisions\/4699"}],"wp:attachment":[{"href":"https:\/\/www.satt.fr\/en\/wp-json\/wp\/v2\/media?parent=2477"}],"wp:term":[{"taxonomy":"category","embeddable":true,"href":"https:\/\/www.satt.fr\/en\/wp-json\/wp\/v2\/categories?post=2477"},{"taxonomy":"post_tag","embeddable":true,"href":"https:\/\/www.satt.fr\/en\/wp-json\/wp\/v2\/tags?post=2477"}],"curies":[{"name":"wp","href":"https:\/\/api.w.org\/{rel}","templated":true}]}}