{"id":2487,"date":"2016-04-05T10:55:44","date_gmt":"2016-04-05T08:55:44","guid":{"rendered":"http:\/\/www.satt.fr\/?p=2487"},"modified":"2017-11-13T17:03:43","modified_gmt":"2017-11-13T16:03:43","slug":"la-satt-conectus-alsace-et-inria-signent-un-partenariat","status":"publish","type":"post","link":"https:\/\/www.satt.fr\/en\/la-satt-conectus-alsace-et-inria-signent-un-partenariat\/","title":{"rendered":"La SATT Conectus Alsace et Inria signent un partenariat"},"content":{"rendered":"<p><strong>Fluidifier et simplifier les \u00e9changes contractuels avec les industriels\u00a0: La SATT Conectus Alsace et Inria signent un accord de partenariat<\/strong><\/p>\n<p>&nbsp;<\/p>\n<p>Afin de d\u00e9velopper et favoriser la recherche partenariale et le transfert de technologies, les \u00e9quipes-projets d\u2019Inria, communes avec le CNRS et l\u2019Universit\u00e9\u00a0de Strasbourg*, souhaitent fluidifier leurs \u00e9changes contractuels avec les industriels. La SATT Conectus et Inria viennent donc de signer\u00a0un accord qui a pour objectif de simplifier et d\u2019acc\u00e9l\u00e9rer la mise en place de ces contrats.<\/p>\n<p>&nbsp;<\/p>\n<p>Jusqu\u2019ici,\u00a0Inria n\u2019\u00e9tant pas co-tutelle des laboratoires impliqu\u00e9s,\u00a0les d\u00e9lais de discussions et de n\u00e9gociations avaient tendance \u00e0 augmenter.<\/p>\n<p>Gr\u00e2ce \u00e0 cet accord, un seul des deux acteurs (SATT Conectus ou Inria), en fonction de la localisation g\u00e9ographique des \u00e9quipes impliqu\u00e9es dans le projet, prendra en charge pour le compte de tous les n\u00e9gociations et la gestion des contrats.<\/p>\n<p>&nbsp;<\/p>\n<p>Inria, \u00e0 travers son Institut Carnot, continuera de travailler au renforcement de ses activit\u00e9s de transfert et la SATT jouera son r\u00f4le en repr\u00e9sentant ses actionnaires dans\u00a0la gestion de la recherche partenariale et\u00a0la valorisation de leurs contributions. Cet accord, que nos minist\u00e8res de tutelle vont homologuer, va permettre une r\u00e9elle simplification et une focalisation sur les op\u00e9rations de transfert technologique plus que sur les formalit\u00e9s administratives.<\/p>\n<p>&nbsp;<\/p>\n<p>C\u2019est le premier accord sign\u00e9 par Inria avec une SATT, d\u2019autres sont en cours de signature. Nous travaillons aussi avec des SATT sans contrat formel, mais dans un esprit de coop\u00e9ration op\u00e9rationnelle.<\/p>\n<p>&nbsp;<\/p>\n<p><span style=\"color: #808080;\"><em>* \u00c9quipes CAMUS de Ph. Clauss et MIMESIS de S. Cotin au sein de l\u2019UMR ICube, \u00e9quipe TONUS de Ph. Helluy au sein de l\u2019UMR IRMA.<\/em><\/span><\/p>\n<p>&nbsp;<\/p>\n","protected":false},"excerpt":{"rendered":"<p>Fluidifier et simplifier les \u00e9changes contractuels avec les industriels\u00a0: La SATT Conectus Alsace et Inria signent un accord de partenariat &nbsp; Afin de d\u00e9velopper et favoriser la recherche partenariale et le transfert de technologies, les \u00e9quipes-projets d\u2019Inria, communes avec le CNRS et l\u2019Universit\u00e9\u00a0de Strasbourg*, souhaitent fluidifier leurs \u00e9changes contractuels avec les industriels. La SATT Conectus [&hellip;]<\/p>\n","protected":false},"author":4,"featured_media":0,"comment_status":"closed","ping_status":"open","sticky":false,"template":"","format":"standard","meta":{"_acf_changed":false,"footnotes":""},"categories":[535],"tags":[],"class_list":["post-2487","post","type-post","status-publish","format-standard","hentry","category-reussites"],"acf":[],"yoast_head":"<!-- This site is optimized with the Yoast SEO plugin v27.4 - https:\/\/yoast.com\/product\/yoast-seo-wordpress\/ -->\n<title>La SATT Conectus Alsace et Inria signent un partenariat - R\u00e9seau SATT<\/title>\n<meta name=\"robots\" content=\"index, follow, max-snippet:-1, max-image-preview:large, max-video-preview:-1\" \/>\n<link rel=\"canonical\" href=\"https:\/\/www.satt.fr\/la-satt-conectus-alsace-et-inria-signent-un-partenariat\/\" \/>\n<meta name=\"twitter:label1\" content=\"Written by\" \/>\n\t<meta name=\"twitter:data1\" content=\"redacteur SATT\" \/>\n\t<meta name=\"twitter:label2\" content=\"Est. reading time\" \/>\n\t<meta name=\"twitter:data2\" content=\"1 minute\" \/>\n<script type=\"application\/ld+json\" class=\"yoast-schema-graph\">{\"@context\":\"https:\\\/\\\/schema.org\",\"@graph\":[{\"@type\":\"Article\",\"@id\":\"https:\\\/\\\/www.satt.fr\\\/la-satt-conectus-alsace-et-inria-signent-un-partenariat\\\/#article\",\"isPartOf\":{\"@id\":\"https:\\\/\\\/www.satt.fr\\\/la-satt-conectus-alsace-et-inria-signent-un-partenariat\\\/\"},\"author\":{\"name\":\"redacteur SATT\",\"@id\":\"https:\\\/\\\/www.satt.fr\\\/en\\\/#\\\/schema\\\/person\\\/a6836c00a1284a8188e1a05deb2a5e5c\"},\"headline\":\"La SATT Conectus Alsace et Inria signent un partenariat\",\"datePublished\":\"2016-04-05T08:55:44+00:00\",\"dateModified\":\"2017-11-13T16:03:43+00:00\",\"mainEntityOfPage\":{\"@id\":\"https:\\\/\\\/www.satt.fr\\\/la-satt-conectus-alsace-et-inria-signent-un-partenariat\\\/\"},\"wordCount\":302,\"articleSection\":[\"R\u00e9ussites\"],\"inLanguage\":\"en-US\"},{\"@type\":\"WebPage\",\"@id\":\"https:\\\/\\\/www.satt.fr\\\/la-satt-conectus-alsace-et-inria-signent-un-partenariat\\\/\",\"url\":\"https:\\\/\\\/www.satt.fr\\\/la-satt-conectus-alsace-et-inria-signent-un-partenariat\\\/\",\"name\":\"La SATT Conectus Alsace et Inria signent un partenariat - R\u00e9seau SATT\",\"isPartOf\":{\"@id\":\"https:\\\/\\\/www.satt.fr\\\/en\\\/#website\"},\"datePublished\":\"2016-04-05T08:55:44+00:00\",\"dateModified\":\"2017-11-13T16:03:43+00:00\",\"author\":{\"@id\":\"https:\\\/\\\/www.satt.fr\\\/en\\\/#\\\/schema\\\/person\\\/a6836c00a1284a8188e1a05deb2a5e5c\"},\"breadcrumb\":{\"@id\":\"https:\\\/\\\/www.satt.fr\\\/la-satt-conectus-alsace-et-inria-signent-un-partenariat\\\/#breadcrumb\"},\"inLanguage\":\"en-US\",\"potentialAction\":[{\"@type\":\"ReadAction\",\"target\":[\"https:\\\/\\\/www.satt.fr\\\/la-satt-conectus-alsace-et-inria-signent-un-partenariat\\\/\"]}]},{\"@type\":\"BreadcrumbList\",\"@id\":\"https:\\\/\\\/www.satt.fr\\\/la-satt-conectus-alsace-et-inria-signent-un-partenariat\\\/#breadcrumb\",\"itemListElement\":[{\"@type\":\"ListItem\",\"position\":1,\"name\":\"Accueil\",\"item\":\"https:\\\/\\\/www.satt.fr\\\/en\\\/\"},{\"@type\":\"ListItem\",\"position\":2,\"name\":\"La SATT Conectus Alsace et Inria signent un partenariat\"}]},{\"@type\":\"WebSite\",\"@id\":\"https:\\\/\\\/www.satt.fr\\\/en\\\/#website\",\"url\":\"https:\\\/\\\/www.satt.fr\\\/en\\\/\",\"name\":\"R\u00e9seau SATT\",\"description\":\"Les Soci\u00e9t\u00e9s d&#039;Acc\u00e9l\u00e9ration du Transfert de Technologies\",\"potentialAction\":[{\"@type\":\"SearchAction\",\"target\":{\"@type\":\"EntryPoint\",\"urlTemplate\":\"https:\\\/\\\/www.satt.fr\\\/en\\\/?s={search_term_string}\"},\"query-input\":{\"@type\":\"PropertyValueSpecification\",\"valueRequired\":true,\"valueName\":\"search_term_string\"}}],\"inLanguage\":\"en-US\"},{\"@type\":\"Person\",\"@id\":\"https:\\\/\\\/www.satt.fr\\\/en\\\/#\\\/schema\\\/person\\\/a6836c00a1284a8188e1a05deb2a5e5c\",\"name\":\"redacteur SATT\",\"url\":\"https:\\\/\\\/www.satt.fr\\\/en\\\/author\\\/redacteur\\\/\"}]}<\/script>\n<!-- \/ Yoast SEO plugin. -->","yoast_head_json":{"title":"La SATT Conectus Alsace et Inria signent un partenariat - R\u00e9seau SATT","robots":{"index":"index","follow":"follow","max-snippet":"max-snippet:-1","max-image-preview":"max-image-preview:large","max-video-preview":"max-video-preview:-1"},"canonical":"https:\/\/www.satt.fr\/la-satt-conectus-alsace-et-inria-signent-un-partenariat\/","twitter_misc":{"Written by":"redacteur SATT","Est. reading time":"1 minute"},"schema":{"@context":"https:\/\/schema.org","@graph":[{"@type":"Article","@id":"https:\/\/www.satt.fr\/la-satt-conectus-alsace-et-inria-signent-un-partenariat\/#article","isPartOf":{"@id":"https:\/\/www.satt.fr\/la-satt-conectus-alsace-et-inria-signent-un-partenariat\/"},"author":{"name":"redacteur SATT","@id":"https:\/\/www.satt.fr\/en\/#\/schema\/person\/a6836c00a1284a8188e1a05deb2a5e5c"},"headline":"La SATT Conectus Alsace et Inria signent un partenariat","datePublished":"2016-04-05T08:55:44+00:00","dateModified":"2017-11-13T16:03:43+00:00","mainEntityOfPage":{"@id":"https:\/\/www.satt.fr\/la-satt-conectus-alsace-et-inria-signent-un-partenariat\/"},"wordCount":302,"articleSection":["R\u00e9ussites"],"inLanguage":"en-US"},{"@type":"WebPage","@id":"https:\/\/www.satt.fr\/la-satt-conectus-alsace-et-inria-signent-un-partenariat\/","url":"https:\/\/www.satt.fr\/la-satt-conectus-alsace-et-inria-signent-un-partenariat\/","name":"La SATT Conectus Alsace et Inria signent un partenariat - R\u00e9seau SATT","isPartOf":{"@id":"https:\/\/www.satt.fr\/en\/#website"},"datePublished":"2016-04-05T08:55:44+00:00","dateModified":"2017-11-13T16:03:43+00:00","author":{"@id":"https:\/\/www.satt.fr\/en\/#\/schema\/person\/a6836c00a1284a8188e1a05deb2a5e5c"},"breadcrumb":{"@id":"https:\/\/www.satt.fr\/la-satt-conectus-alsace-et-inria-signent-un-partenariat\/#breadcrumb"},"inLanguage":"en-US","potentialAction":[{"@type":"ReadAction","target":["https:\/\/www.satt.fr\/la-satt-conectus-alsace-et-inria-signent-un-partenariat\/"]}]},{"@type":"BreadcrumbList","@id":"https:\/\/www.satt.fr\/la-satt-conectus-alsace-et-inria-signent-un-partenariat\/#breadcrumb","itemListElement":[{"@type":"ListItem","position":1,"name":"Accueil","item":"https:\/\/www.satt.fr\/en\/"},{"@type":"ListItem","position":2,"name":"La SATT Conectus Alsace et Inria signent un partenariat"}]},{"@type":"WebSite","@id":"https:\/\/www.satt.fr\/en\/#website","url":"https:\/\/www.satt.fr\/en\/","name":"R\u00e9seau SATT","description":"Les Soci\u00e9t\u00e9s d&#039;Acc\u00e9l\u00e9ration du Transfert de Technologies","potentialAction":[{"@type":"SearchAction","target":{"@type":"EntryPoint","urlTemplate":"https:\/\/www.satt.fr\/en\/?s={search_term_string}"},"query-input":{"@type":"PropertyValueSpecification","valueRequired":true,"valueName":"search_term_string"}}],"inLanguage":"en-US"},{"@type":"Person","@id":"https:\/\/www.satt.fr\/en\/#\/schema\/person\/a6836c00a1284a8188e1a05deb2a5e5c","name":"redacteur SATT","url":"https:\/\/www.satt.fr\/en\/author\/redacteur\/"}]}},"_links":{"self":[{"href":"https:\/\/www.satt.fr\/en\/wp-json\/wp\/v2\/posts\/2487","targetHints":{"allow":["GET"]}}],"collection":[{"href":"https:\/\/www.satt.fr\/en\/wp-json\/wp\/v2\/posts"}],"about":[{"href":"https:\/\/www.satt.fr\/en\/wp-json\/wp\/v2\/types\/post"}],"author":[{"embeddable":true,"href":"https:\/\/www.satt.fr\/en\/wp-json\/wp\/v2\/users\/4"}],"replies":[{"embeddable":true,"href":"https:\/\/www.satt.fr\/en\/wp-json\/wp\/v2\/comments?post=2487"}],"version-history":[{"count":1,"href":"https:\/\/www.satt.fr\/en\/wp-json\/wp\/v2\/posts\/2487\/revisions"}],"predecessor-version":[{"id":4696,"href":"https:\/\/www.satt.fr\/en\/wp-json\/wp\/v2\/posts\/2487\/revisions\/4696"}],"wp:attachment":[{"href":"https:\/\/www.satt.fr\/en\/wp-json\/wp\/v2\/media?parent=2487"}],"wp:term":[{"taxonomy":"category","embeddable":true,"href":"https:\/\/www.satt.fr\/en\/wp-json\/wp\/v2\/categories?post=2487"},{"taxonomy":"post_tag","embeddable":true,"href":"https:\/\/www.satt.fr\/en\/wp-json\/wp\/v2\/tags?post=2487"}],"curies":[{"name":"wp","href":"https:\/\/api.w.org\/{rel}","templated":true}]}}