{"id":25717,"date":"2021-06-28T15:07:50","date_gmt":"2021-06-28T13:07:50","guid":{"rendered":"https:\/\/www.satt.fr\/satt-up-juin-2021\/"},"modified":"2021-06-28T15:34:36","modified_gmt":"2021-06-28T13:34:36","slug":"satt-up-juin-2021","status":"publish","type":"post","link":"https:\/\/www.satt.fr\/en\/satt-up-juin-2021\/","title":{"rendered":"SATT-UP ! L\u2019actualit\u00e9 des start-up accompagn\u00e9es par les membres du R\u00e9seau SATT #27 \u2013 Juin 2021"},"content":{"rendered":"<div id=\"pl-25717\"  class=\"panel-layout\" ><div id=\"pg-25717-0\"  class=\"panel-grid panel-no-style\" ><div id=\"pgc-25717-0-0\"  class=\"panel-grid-cell\" ><div id=\"panel-25717-0-0-0\" class=\"so-panel widget widget_sow-editor panel-first-child panel-last-child\" data-index=\"0\" ><div\n\t\t\t\n\t\t\tclass=\"so-widget-sow-editor so-widget-sow-editor-base\"\n\t\t\t\n\t\t>\n<div class=\"siteorigin-widget-tinymce textwidget\">\n\t<p><strong>Retrouvez les derni\u00e8res actualit\u00e9s des start-up accompagn\u00e9es par les membres du R\u00e9seau SATT #SATTUP.<\/strong><\/p>\n<\/div>\n<\/div><\/div><\/div><\/div><div id=\"pg-25717-1\"  class=\"panel-grid panel-no-style\" ><div id=\"pgc-25717-1-0\"  class=\"panel-grid-cell\" ><div id=\"panel-25717-1-0-0\" class=\"so-panel widget widget_sow-editor panel-first-child panel-last-child\" data-index=\"1\" ><div\n\t\t\t\n\t\t\tclass=\"so-widget-sow-editor so-widget-sow-editor-base\"\n\t\t\t\n\t\t>\n<div class=\"siteorigin-widget-tinymce textwidget\">\n\t<p><strong>Dextrain transforme la neuro-r\u00e9\u00e9ducation des patients post-AVC.<\/strong> <em>(Erganeo)<\/em><\/p>\n<p>Dextrain annonce le lancement du Dextrain Manipulandum, un dispositif m\u00e9dical visant \u00e0 am\u00e9liorer l\u2019ind\u00e9pendance et la qualit\u00e9 de vie de nombreux patients apr\u00e8s un accident vasculaire c\u00e9r\u00e9bral (AVC). Cette innovation, commercialis\u00e9e d\u00e8s ce mois de juin, est l\u2019aboutissement d\u2019un programme de recherche men\u00e9 \u00e0 l\u2019Institut de Psychiatrie et Neurosciences de Paris (Inserm U1266, Universit\u00e9 de Paris).<\/p>\n<p><a href=\"https:\/\/fr.dextrain.com\/\">dextrain.com<\/a><\/p>\n<\/div>\n<\/div><\/div><\/div><div id=\"pgc-25717-1-1\"  class=\"panel-grid-cell\" ><div id=\"panel-25717-1-1-0\" class=\"so-panel widget widget_media_image panel-first-child panel-last-child\" data-index=\"2\" ><img loading=\"lazy\" decoding=\"async\" width=\"150\" height=\"23\" src=\"https:\/\/www.satt.fr\/wp-content\/uploads\/2021\/06\/ACTUS-0-1284-dextrain-150x23.png\" class=\"image wp-image-25711  attachment-thumbnail size-thumbnail\" alt=\"\" style=\"max-width: 100%; height: auto;\" srcset=\"https:\/\/www.satt.fr\/wp-content\/uploads\/2021\/06\/ACTUS-0-1284-dextrain-150x23.png 150w, https:\/\/www.satt.fr\/wp-content\/uploads\/2021\/06\/ACTUS-0-1284-dextrain.png 200w\" sizes=\"auto, (max-width: 150px) 100vw, 150px\" \/><\/div><\/div><\/div><div id=\"pg-25717-2\"  class=\"panel-grid panel-no-style\" ><div id=\"pgc-25717-2-0\"  class=\"panel-grid-cell\" ><div id=\"panel-25717-2-0-0\" class=\"so-panel widget widget_sow-editor panel-first-child panel-last-child\" data-index=\"3\" ><div\n\t\t\t\n\t\t\tclass=\"so-widget-sow-editor so-widget-sow-editor-base\"\n\t\t\t\n\t\t>\n<div class=\"siteorigin-widget-tinymce textwidget\">\n\t<p><strong>uniQure fait l'acquisition de Corlieve Therapeutics afin de d\u00e9velopper son programme innovant de th\u00e9rapie g\u00e9nique pour traiter l'\u00e9pilepsie du lobe temporal.<\/strong> <em>(Aquitaine Science Transfert)<\/em><\/p>\n<p>uniQure N.V. (NASDAQ: QURE), une soci\u00e9t\u00e9 leader en th\u00e9rapie g\u00e9nique ciblant des pathologies \u00e0 fort besoin m\u00e9dical, annonce avoir conclu un accord d\u00e9finitif pour acqu\u00e9rir Corlieve Therapeutics et son programme principal, renomm\u00e9 AMT-260, pour traiter l\u2019\u00e9pilepsie du lobe temporal (ELT), la forme d\u2019\u00e9pilepsie la plus fr\u00e9quente chez l\u2019adulte. Corlieve Therapeutics est une start-up issue du projet EPIKAR (universit\u00e9 de Bordeaux, Inserm, CNRS) matur\u00e9 par la SATT Aquitaine et Inserm Transfert.<\/p>\n<p><a href=\"https:\/\/www.corlieve.com\/\">www.corlieve.com<\/a><\/p>\n<\/div>\n<\/div><\/div><\/div><div id=\"pgc-25717-2-1\"  class=\"panel-grid-cell\" ><div id=\"panel-25717-2-1-0\" class=\"so-panel widget widget_media_image panel-first-child panel-last-child\" data-index=\"4\" ><img loading=\"lazy\" decoding=\"async\" width=\"150\" height=\"33\" src=\"https:\/\/www.satt.fr\/wp-content\/uploads\/2021\/06\/telechargement-150x33.png\" class=\"image wp-image-25723  attachment-thumbnail size-thumbnail\" alt=\"\" style=\"max-width: 100%; height: auto;\" srcset=\"https:\/\/www.satt.fr\/wp-content\/uploads\/2021\/06\/telechargement-150x33.png 150w, https:\/\/www.satt.fr\/wp-content\/uploads\/2021\/06\/telechargement-300x67.png 300w, https:\/\/www.satt.fr\/wp-content\/uploads\/2021\/06\/telechargement-200x45.png 200w, https:\/\/www.satt.fr\/wp-content\/uploads\/2021\/06\/telechargement-465x106.png 465w, https:\/\/www.satt.fr\/wp-content\/uploads\/2021\/06\/telechargement.png 475w\" sizes=\"auto, (max-width: 150px) 100vw, 150px\" \/><\/div><\/div><\/div><div id=\"pg-25717-3\"  class=\"panel-grid panel-no-style\" ><div id=\"pgc-25717-3-0\"  class=\"panel-grid-cell\" ><div id=\"panel-25717-3-0-0\" class=\"so-panel widget widget_sow-editor panel-first-child panel-last-child\" data-index=\"5\" ><div\n\t\t\t\n\t\t\tclass=\"so-widget-sow-editor so-widget-sow-editor-base\"\n\t\t\t\n\t\t>\n<div class=\"siteorigin-widget-tinymce textwidget\">\n\t<p><strong>Cr\u00e9ation de la startup MicroOmiX.<\/strong>\u00a0<em>(Conectus)<\/em><\/p>\n<p>Cr\u00e9\u00e9e en avril 2021 \u00e0 Strasbourg, la startup MicroOmiX, incub\u00e9e par SEMIA, d\u00e9veloppe une technologie novatrice d\u2019analyse et de s\u00e9lection cellulaire, issue de plusieurs laboratoires publics de l\u2019Universit\u00e9 de Strasbourg et du CNRS. Cette innovation, dont le d\u00e9veloppement technologique a \u00e9t\u00e9 soutenu par la SATT Conectus, permettra d\u2019acc\u00e9l\u00e9rer le progr\u00e8s th\u00e9rapeutique, prioritairement dans le domaine de l\u2019identification de nouveaux anticorps et de la th\u00e9rapie cellulaire.<\/p>\n<p><a href=\"https:\/\/microomixtech.com\/\">microomixtech.com<\/a><\/p>\n<\/div>\n<\/div><\/div><\/div><div id=\"pgc-25717-3-1\"  class=\"panel-grid-cell\" ><div id=\"panel-25717-3-1-0\" class=\"so-panel widget widget_media_image panel-first-child panel-last-child\" data-index=\"6\" ><img loading=\"lazy\" decoding=\"async\" width=\"150\" height=\"86\" src=\"https:\/\/www.satt.fr\/wp-content\/uploads\/2021\/06\/2020-04-14_Logo_MicroOmix-150x86.png\" class=\"image wp-image-25709  attachment-thumbnail size-thumbnail\" alt=\"\" style=\"max-width: 100%; height: auto;\" srcset=\"https:\/\/www.satt.fr\/wp-content\/uploads\/2021\/06\/2020-04-14_Logo_MicroOmix-150x86.png 150w, https:\/\/www.satt.fr\/wp-content\/uploads\/2021\/06\/2020-04-14_Logo_MicroOmix-300x173.png 300w, https:\/\/www.satt.fr\/wp-content\/uploads\/2021\/06\/2020-04-14_Logo_MicroOmix-768x442.png 768w, https:\/\/www.satt.fr\/wp-content\/uploads\/2021\/06\/2020-04-14_Logo_MicroOmix-500x288.png 500w, https:\/\/www.satt.fr\/wp-content\/uploads\/2021\/06\/2020-04-14_Logo_MicroOmix-600x345.png 600w, https:\/\/www.satt.fr\/wp-content\/uploads\/2021\/06\/2020-04-14_Logo_MicroOmix-174x100.png 174w, https:\/\/www.satt.fr\/wp-content\/uploads\/2021\/06\/2020-04-14_Logo_MicroOmix.png 825w\" sizes=\"auto, (max-width: 150px) 100vw, 150px\" \/><\/div><\/div><\/div><div id=\"pg-25717-4\"  class=\"panel-grid panel-no-style\" ><div id=\"pgc-25717-4-0\"  class=\"panel-grid-cell\" ><div id=\"panel-25717-4-0-0\" class=\"so-panel widget widget_sow-editor panel-first-child panel-last-child\" data-index=\"7\" ><div\n\t\t\t\n\t\t\tclass=\"so-widget-sow-editor so-widget-sow-editor-base\"\n\t\t\t\n\t\t>\n<div class=\"siteorigin-widget-tinymce textwidget\">\n\t<p><strong>LumediX annonce une lev\u00e9e de fonds ambitieuse et \u00e9crit l\u2019avenir du diagnostic m\u00e9dical.<\/strong> <em>(SATT Paris-Saclay)<\/em><\/p>\n<p>La signature du contrat de transfert technologique du projet de recherche NLISA vers la start-up LumediX par ses fondateurs op\u00e9rationnels, Max Richly et Thibaut Mercey, et Xavier Apolinarski, pr\u00e9sident de la SATT Paris-Saclay, marque l\u2019arriv\u00e9e d\u2019une nouvelle g\u00e9n\u00e9ration de tests de diagnostic in vitro. Avec une premi\u00e8re application pour le diagnostic de la Covid-19, ces tests plus rapides, plus sensibles et plus accessibles permettront, \u00e0 terme, une adaptation pour de nombreuses maladies infectieuses. Une r\u00e9volution dans le domaine du diagnostic m\u00e9dical qui fait aujourd\u2019hui l\u2019objet d\u2019une lev\u00e9e de fonds ambitieuse.<\/p>\n<p><a href=\"https:\/\/lumedix.com\/\">lumedix.com<\/a><\/p>\n<\/div>\n<\/div><\/div><\/div><div id=\"pgc-25717-4-1\"  class=\"panel-grid-cell\" ><div id=\"panel-25717-4-1-0\" class=\"so-panel widget widget_media_image panel-first-child panel-last-child\" data-index=\"8\" ><img loading=\"lazy\" decoding=\"async\" width=\"150\" height=\"54\" src=\"https:\/\/www.satt.fr\/wp-content\/uploads\/2021\/06\/bdef3f55-6c14-4f41-b2f8-3f872f337420-150x54.jpeg\" class=\"image wp-image-25707  attachment-thumbnail size-thumbnail\" alt=\"\" style=\"max-width: 100%; height: auto;\" srcset=\"https:\/\/www.satt.fr\/wp-content\/uploads\/2021\/06\/bdef3f55-6c14-4f41-b2f8-3f872f337420-150x54.jpeg 150w, https:\/\/www.satt.fr\/wp-content\/uploads\/2021\/06\/bdef3f55-6c14-4f41-b2f8-3f872f337420-300x108.jpeg 300w, https:\/\/www.satt.fr\/wp-content\/uploads\/2021\/06\/bdef3f55-6c14-4f41-b2f8-3f872f337420-500x180.jpeg 500w, https:\/\/www.satt.fr\/wp-content\/uploads\/2021\/06\/bdef3f55-6c14-4f41-b2f8-3f872f337420-200x72.jpeg 200w, https:\/\/www.satt.fr\/wp-content\/uploads\/2021\/06\/bdef3f55-6c14-4f41-b2f8-3f872f337420.jpeg 507w\" sizes=\"auto, (max-width: 150px) 100vw, 150px\" \/><\/div><\/div><\/div><div id=\"pg-25717-5\"  class=\"panel-grid panel-no-style\" ><div id=\"pgc-25717-5-0\"  class=\"panel-grid-cell\" ><div id=\"panel-25717-5-0-0\" class=\"so-panel widget widget_sow-editor panel-first-child panel-last-child\" data-index=\"9\" ><div\n\t\t\t\n\t\t\tclass=\"so-widget-sow-editor so-widget-sow-editor-base\"\n\t\t\t\n\t\t>\n<div class=\"siteorigin-widget-tinymce textwidget\">\n\t<p><strong>La startup 3Deus Dynamics l\u00e8ve 700 000 \u20ac et repousse encore plus loin les limites de l\u2019impression 3D.<\/strong>\u00a0<em>(PULSALYS)<\/em><\/p>\n<p>3Deus Dynamics, qui a d\u00e9velopp\u00e9 un proc\u00e9d\u00e9 d\u2019impression 3D unique et sans limite, vient de finaliser avec succ\u00e8s un financement d\u2019amor\u00e7age de 700 000 \u20ac. Le tour de table a \u00e9t\u00e9 men\u00e9 avec la participation de Elkem Silicones, Gilles Grenier et 33 Californie. PULSALYS, l\u2019incubateur Deep Tech qui accompagne 3Deus Dynamics, entre \u00e9galement au capital de la startup. Gr\u00e2ce \u00e0 cette lev\u00e9e de fonds, la startup Deep Tech pourra d\u00e9velopper ses premiers produits et services, bas\u00e9s sur une solution de fabrication additive par Moulage Dynamique.<\/p>\n<p><a href=\"https:\/\/3deusdynamics.com\/\">3deusdynamics.com<\/a><\/p>\n<\/div>\n<\/div><\/div><\/div><div id=\"pgc-25717-5-1\"  class=\"panel-grid-cell\" ><div id=\"panel-25717-5-1-0\" class=\"so-panel widget widget_media_image panel-first-child panel-last-child\" data-index=\"10\" ><img loading=\"lazy\" decoding=\"async\" width=\"150\" height=\"103\" src=\"https:\/\/www.satt.fr\/wp-content\/uploads\/2021\/06\/logo-3deus-dynamics-150x103.png\" class=\"image wp-image-25713  attachment-thumbnail size-thumbnail\" alt=\"\" style=\"max-width: 100%; height: auto;\" srcset=\"https:\/\/www.satt.fr\/wp-content\/uploads\/2021\/06\/logo-3deus-dynamics-150x103.png 150w, https:\/\/www.satt.fr\/wp-content\/uploads\/2021\/06\/logo-3deus-dynamics-145x100.png 145w, https:\/\/www.satt.fr\/wp-content\/uploads\/2021\/06\/logo-3deus-dynamics.png 232w\" sizes=\"auto, (max-width: 150px) 100vw, 150px\" \/><\/div><\/div><\/div><\/div>","protected":false},"excerpt":{"rendered":"<p>Retrouvez les derni\u00e8res actualit\u00e9s des start-up accompagn\u00e9es par les membres du R\u00e9seau SATT #SATTUP. Dextrain transforme la neuro-r\u00e9\u00e9ducation des patients post-AVC. (Erganeo) Dextrain annonce le lancement du Dextrain Manipulandum, un dispositif m\u00e9dical visant \u00e0 am\u00e9liorer l\u2019ind\u00e9pendance et la qualit\u00e9 de vie de nombreux patients apr\u00e8s un accident vasculaire c\u00e9r\u00e9bral (AVC). Cette innovation, commercialis\u00e9e d\u00e8s ce [&hellip;]<\/p>\n","protected":false},"author":2,"featured_media":25224,"comment_status":"closed","ping_status":"closed","sticky":false,"template":"","format":"standard","meta":{"_acf_changed":false,"footnotes":""},"categories":[562,567],"tags":[],"class_list":["post-25717","post","type-post","status-publish","format-standard","has-post-thumbnail","hentry","category-satt-network","category-news-en"],"acf":[],"yoast_head":"<!-- This site is optimized with the Yoast SEO plugin v27.4 - https:\/\/yoast.com\/product\/yoast-seo-wordpress\/ -->\n<title>SATT-UP ! L\u2019actualit\u00e9 des start-up accompagn\u00e9es par les membres du R\u00e9seau SATT #27 \u2013 Juin 2021 - R\u00e9seau SATT<\/title>\n<meta name=\"robots\" content=\"index, follow, max-snippet:-1, max-image-preview:large, max-video-preview:-1\" \/>\n<link rel=\"canonical\" href=\"https:\/\/www.satt.fr\/en\/satt-up-juin-2021\/\" \/>\n<meta name=\"twitter:label1\" content=\"Written by\" \/>\n\t<meta name=\"twitter:data1\" content=\"admin\" \/>\n\t<meta name=\"twitter:label2\" content=\"Est. reading time\" \/>\n\t<meta name=\"twitter:data2\" content=\"3 minutes\" \/>\n<script type=\"application\/ld+json\" class=\"yoast-schema-graph\">{\"@context\":\"https:\\\/\\\/schema.org\",\"@graph\":[{\"@type\":\"Article\",\"@id\":\"https:\\\/\\\/www.satt.fr\\\/en\\\/satt-up-juin-2021\\\/#article\",\"isPartOf\":{\"@id\":\"https:\\\/\\\/www.satt.fr\\\/en\\\/satt-up-juin-2021\\\/\"},\"author\":{\"name\":\"admin\",\"@id\":\"https:\\\/\\\/www.satt.fr\\\/en\\\/#\\\/schema\\\/person\\\/6f20a7d0bc03146f6e34a9f08d941fec\"},\"headline\":\"SATT-UP ! L\u2019actualit\u00e9 des start-up accompagn\u00e9es par les membres du R\u00e9seau SATT #27 \u2013 Juin 2021\",\"datePublished\":\"2021-06-28T13:07:50+00:00\",\"dateModified\":\"2021-06-28T13:34:36+00:00\",\"mainEntityOfPage\":{\"@id\":\"https:\\\/\\\/www.satt.fr\\\/en\\\/satt-up-juin-2021\\\/\"},\"wordCount\":587,\"image\":{\"@id\":\"https:\\\/\\\/www.satt.fr\\\/en\\\/satt-up-juin-2021\\\/#primaryimage\"},\"thumbnailUrl\":\"https:\\\/\\\/www.satt.fr\\\/wp-content\\\/uploads\\\/2021\\\/05\\\/sattup2.jpg\",\"articleSection\":[\"SATT Network\",\"News\"],\"inLanguage\":\"en-US\"},{\"@type\":\"WebPage\",\"@id\":\"https:\\\/\\\/www.satt.fr\\\/en\\\/satt-up-juin-2021\\\/\",\"url\":\"https:\\\/\\\/www.satt.fr\\\/en\\\/satt-up-juin-2021\\\/\",\"name\":\"SATT-UP ! L\u2019actualit\u00e9 des start-up accompagn\u00e9es par les membres du R\u00e9seau SATT #27 \u2013 Juin 2021 - R\u00e9seau SATT\",\"isPartOf\":{\"@id\":\"https:\\\/\\\/www.satt.fr\\\/en\\\/#website\"},\"primaryImageOfPage\":{\"@id\":\"https:\\\/\\\/www.satt.fr\\\/en\\\/satt-up-juin-2021\\\/#primaryimage\"},\"image\":{\"@id\":\"https:\\\/\\\/www.satt.fr\\\/en\\\/satt-up-juin-2021\\\/#primaryimage\"},\"thumbnailUrl\":\"https:\\\/\\\/www.satt.fr\\\/wp-content\\\/uploads\\\/2021\\\/05\\\/sattup2.jpg\",\"datePublished\":\"2021-06-28T13:07:50+00:00\",\"dateModified\":\"2021-06-28T13:34:36+00:00\",\"author\":{\"@id\":\"https:\\\/\\\/www.satt.fr\\\/en\\\/#\\\/schema\\\/person\\\/6f20a7d0bc03146f6e34a9f08d941fec\"},\"breadcrumb\":{\"@id\":\"https:\\\/\\\/www.satt.fr\\\/en\\\/satt-up-juin-2021\\\/#breadcrumb\"},\"inLanguage\":\"en-US\",\"potentialAction\":[{\"@type\":\"ReadAction\",\"target\":[\"https:\\\/\\\/www.satt.fr\\\/en\\\/satt-up-juin-2021\\\/\"]}]},{\"@type\":\"ImageObject\",\"inLanguage\":\"en-US\",\"@id\":\"https:\\\/\\\/www.satt.fr\\\/en\\\/satt-up-juin-2021\\\/#primaryimage\",\"url\":\"https:\\\/\\\/www.satt.fr\\\/wp-content\\\/uploads\\\/2021\\\/05\\\/sattup2.jpg\",\"contentUrl\":\"https:\\\/\\\/www.satt.fr\\\/wp-content\\\/uploads\\\/2021\\\/05\\\/sattup2.jpg\",\"width\":2560,\"height\":1428},{\"@type\":\"BreadcrumbList\",\"@id\":\"https:\\\/\\\/www.satt.fr\\\/en\\\/satt-up-juin-2021\\\/#breadcrumb\",\"itemListElement\":[{\"@type\":\"ListItem\",\"position\":1,\"name\":\"Accueil\",\"item\":\"https:\\\/\\\/www.satt.fr\\\/en\\\/\"},{\"@type\":\"ListItem\",\"position\":2,\"name\":\"SATT-UP ! L\u2019actualit\u00e9 des start-up accompagn\u00e9es par les membres du R\u00e9seau SATT #27 \u2013 Juin 2021\"}]},{\"@type\":\"WebSite\",\"@id\":\"https:\\\/\\\/www.satt.fr\\\/en\\\/#website\",\"url\":\"https:\\\/\\\/www.satt.fr\\\/en\\\/\",\"name\":\"R\u00e9seau SATT\",\"description\":\"Les Soci\u00e9t\u00e9s d&#039;Acc\u00e9l\u00e9ration du Transfert de Technologies\",\"potentialAction\":[{\"@type\":\"SearchAction\",\"target\":{\"@type\":\"EntryPoint\",\"urlTemplate\":\"https:\\\/\\\/www.satt.fr\\\/en\\\/?s={search_term_string}\"},\"query-input\":{\"@type\":\"PropertyValueSpecification\",\"valueRequired\":true,\"valueName\":\"search_term_string\"}}],\"inLanguage\":\"en-US\"},{\"@type\":\"Person\",\"@id\":\"https:\\\/\\\/www.satt.fr\\\/en\\\/#\\\/schema\\\/person\\\/6f20a7d0bc03146f6e34a9f08d941fec\",\"name\":\"admin\",\"url\":\"https:\\\/\\\/www.satt.fr\\\/en\\\/author\\\/admin\\\/\"}]}<\/script>\n<!-- \/ Yoast SEO plugin. -->","yoast_head_json":{"title":"SATT-UP ! L\u2019actualit\u00e9 des start-up accompagn\u00e9es par les membres du R\u00e9seau SATT #27 \u2013 Juin 2021 - R\u00e9seau SATT","robots":{"index":"index","follow":"follow","max-snippet":"max-snippet:-1","max-image-preview":"max-image-preview:large","max-video-preview":"max-video-preview:-1"},"canonical":"https:\/\/www.satt.fr\/en\/satt-up-juin-2021\/","twitter_misc":{"Written by":"admin","Est. reading time":"3 minutes"},"schema":{"@context":"https:\/\/schema.org","@graph":[{"@type":"Article","@id":"https:\/\/www.satt.fr\/en\/satt-up-juin-2021\/#article","isPartOf":{"@id":"https:\/\/www.satt.fr\/en\/satt-up-juin-2021\/"},"author":{"name":"admin","@id":"https:\/\/www.satt.fr\/en\/#\/schema\/person\/6f20a7d0bc03146f6e34a9f08d941fec"},"headline":"SATT-UP ! L\u2019actualit\u00e9 des start-up accompagn\u00e9es par les membres du R\u00e9seau SATT #27 \u2013 Juin 2021","datePublished":"2021-06-28T13:07:50+00:00","dateModified":"2021-06-28T13:34:36+00:00","mainEntityOfPage":{"@id":"https:\/\/www.satt.fr\/en\/satt-up-juin-2021\/"},"wordCount":587,"image":{"@id":"https:\/\/www.satt.fr\/en\/satt-up-juin-2021\/#primaryimage"},"thumbnailUrl":"https:\/\/www.satt.fr\/wp-content\/uploads\/2021\/05\/sattup2.jpg","articleSection":["SATT Network","News"],"inLanguage":"en-US"},{"@type":"WebPage","@id":"https:\/\/www.satt.fr\/en\/satt-up-juin-2021\/","url":"https:\/\/www.satt.fr\/en\/satt-up-juin-2021\/","name":"SATT-UP ! L\u2019actualit\u00e9 des start-up accompagn\u00e9es par les membres du R\u00e9seau SATT #27 \u2013 Juin 2021 - R\u00e9seau SATT","isPartOf":{"@id":"https:\/\/www.satt.fr\/en\/#website"},"primaryImageOfPage":{"@id":"https:\/\/www.satt.fr\/en\/satt-up-juin-2021\/#primaryimage"},"image":{"@id":"https:\/\/www.satt.fr\/en\/satt-up-juin-2021\/#primaryimage"},"thumbnailUrl":"https:\/\/www.satt.fr\/wp-content\/uploads\/2021\/05\/sattup2.jpg","datePublished":"2021-06-28T13:07:50+00:00","dateModified":"2021-06-28T13:34:36+00:00","author":{"@id":"https:\/\/www.satt.fr\/en\/#\/schema\/person\/6f20a7d0bc03146f6e34a9f08d941fec"},"breadcrumb":{"@id":"https:\/\/www.satt.fr\/en\/satt-up-juin-2021\/#breadcrumb"},"inLanguage":"en-US","potentialAction":[{"@type":"ReadAction","target":["https:\/\/www.satt.fr\/en\/satt-up-juin-2021\/"]}]},{"@type":"ImageObject","inLanguage":"en-US","@id":"https:\/\/www.satt.fr\/en\/satt-up-juin-2021\/#primaryimage","url":"https:\/\/www.satt.fr\/wp-content\/uploads\/2021\/05\/sattup2.jpg","contentUrl":"https:\/\/www.satt.fr\/wp-content\/uploads\/2021\/05\/sattup2.jpg","width":2560,"height":1428},{"@type":"BreadcrumbList","@id":"https:\/\/www.satt.fr\/en\/satt-up-juin-2021\/#breadcrumb","itemListElement":[{"@type":"ListItem","position":1,"name":"Accueil","item":"https:\/\/www.satt.fr\/en\/"},{"@type":"ListItem","position":2,"name":"SATT-UP ! L\u2019actualit\u00e9 des start-up accompagn\u00e9es par les membres du R\u00e9seau SATT #27 \u2013 Juin 2021"}]},{"@type":"WebSite","@id":"https:\/\/www.satt.fr\/en\/#website","url":"https:\/\/www.satt.fr\/en\/","name":"R\u00e9seau SATT","description":"Les Soci\u00e9t\u00e9s d&#039;Acc\u00e9l\u00e9ration du Transfert de Technologies","potentialAction":[{"@type":"SearchAction","target":{"@type":"EntryPoint","urlTemplate":"https:\/\/www.satt.fr\/en\/?s={search_term_string}"},"query-input":{"@type":"PropertyValueSpecification","valueRequired":true,"valueName":"search_term_string"}}],"inLanguage":"en-US"},{"@type":"Person","@id":"https:\/\/www.satt.fr\/en\/#\/schema\/person\/6f20a7d0bc03146f6e34a9f08d941fec","name":"admin","url":"https:\/\/www.satt.fr\/en\/author\/admin\/"}]}},"_links":{"self":[{"href":"https:\/\/www.satt.fr\/en\/wp-json\/wp\/v2\/posts\/25717","targetHints":{"allow":["GET"]}}],"collection":[{"href":"https:\/\/www.satt.fr\/en\/wp-json\/wp\/v2\/posts"}],"about":[{"href":"https:\/\/www.satt.fr\/en\/wp-json\/wp\/v2\/types\/post"}],"author":[{"embeddable":true,"href":"https:\/\/www.satt.fr\/en\/wp-json\/wp\/v2\/users\/2"}],"replies":[{"embeddable":true,"href":"https:\/\/www.satt.fr\/en\/wp-json\/wp\/v2\/comments?post=25717"}],"version-history":[{"count":4,"href":"https:\/\/www.satt.fr\/en\/wp-json\/wp\/v2\/posts\/25717\/revisions"}],"predecessor-version":[{"id":25728,"href":"https:\/\/www.satt.fr\/en\/wp-json\/wp\/v2\/posts\/25717\/revisions\/25728"}],"wp:featuredmedia":[{"embeddable":true,"href":"https:\/\/www.satt.fr\/en\/wp-json\/wp\/v2\/media\/25224"}],"wp:attachment":[{"href":"https:\/\/www.satt.fr\/en\/wp-json\/wp\/v2\/media?parent=25717"}],"wp:term":[{"taxonomy":"category","embeddable":true,"href":"https:\/\/www.satt.fr\/en\/wp-json\/wp\/v2\/categories?post=25717"},{"taxonomy":"post_tag","embeddable":true,"href":"https:\/\/www.satt.fr\/en\/wp-json\/wp\/v2\/tags?post=25717"}],"curies":[{"name":"wp","href":"https:\/\/api.w.org\/{rel}","templated":true}]}}