{"id":2588,"date":"2016-05-11T16:45:22","date_gmt":"2016-05-11T14:45:22","guid":{"rendered":"http:\/\/www.satt.fr\/?p=2588"},"modified":"2017-11-13T17:04:29","modified_gmt":"2017-11-13T16:04:29","slug":"la-satt-ouest-valorisation-recrute-de-nouveaux-talents","status":"publish","type":"post","link":"https:\/\/www.satt.fr\/en\/la-satt-ouest-valorisation-recrute-de-nouveaux-talents\/","title":{"rendered":"La SATT Ouest Valorisation recrute de nouveaux talents"},"content":{"rendered":"<p>Dans le cadre de son d\u00e9veloppement la SATT Ouest Valorisation recrute :<\/p>\n<ul>\n<li>un(e) ing\u00e9nieur(e) brevets<\/li>\n<li>deux charg\u00e9(e)s de marketing<\/li>\n<li>un(e) ing\u00e9nieur(e) commercial(e)<\/li>\n<\/ul>\n<p>T\u00e9l\u00e9chargez tous les postes propos\u00e9s et les fiches de postes d\u00e9taill\u00e9es sur le site de <a href=\"https:\/\/www.ouest-valorisation.fr\/recrutements\/\" target=\"_blank\" rel=\"noopener\">Ouest Valorisation<\/a><\/p>\n","protected":false},"excerpt":{"rendered":"<p>Dans le cadre de son d\u00e9veloppement la SATT Ouest Valorisation recrute : un(e) ing\u00e9nieur(e) brevets deux charg\u00e9(e)s de marketing un(e) ing\u00e9nieur(e) commercial(e) T\u00e9l\u00e9chargez tous les postes propos\u00e9s et les fiches de postes d\u00e9taill\u00e9es sur le site de Ouest Valorisation<\/p>\n","protected":false},"author":4,"featured_media":0,"comment_status":"closed","ping_status":"open","sticky":false,"template":"","format":"standard","meta":{"_acf_changed":false,"footnotes":""},"categories":[536],"tags":[],"class_list":["post-2588","post","type-post","status-publish","format-standard","hentry","category-actualite"],"acf":[],"yoast_head":"<!-- This site is optimized with the Yoast SEO plugin v27.4 - https:\/\/yoast.com\/product\/yoast-seo-wordpress\/ -->\n<title>La SATT Ouest Valorisation recrute de nouveaux talents - R\u00e9seau SATT<\/title>\n<meta name=\"robots\" content=\"index, follow, max-snippet:-1, max-image-preview:large, max-video-preview:-1\" \/>\n<link rel=\"canonical\" href=\"https:\/\/www.satt.fr\/la-satt-ouest-valorisation-recrute-de-nouveaux-talents\/\" \/>\n<meta name=\"twitter:label1\" content=\"Written by\" \/>\n\t<meta name=\"twitter:data1\" content=\"redacteur SATT\" \/>\n<script type=\"application\/ld+json\" class=\"yoast-schema-graph\">{\"@context\":\"https:\\\/\\\/schema.org\",\"@graph\":[{\"@type\":\"Article\",\"@id\":\"https:\\\/\\\/www.satt.fr\\\/la-satt-ouest-valorisation-recrute-de-nouveaux-talents\\\/#article\",\"isPartOf\":{\"@id\":\"https:\\\/\\\/www.satt.fr\\\/la-satt-ouest-valorisation-recrute-de-nouveaux-talents\\\/\"},\"author\":{\"name\":\"redacteur SATT\",\"@id\":\"https:\\\/\\\/www.satt.fr\\\/en\\\/#\\\/schema\\\/person\\\/a6836c00a1284a8188e1a05deb2a5e5c\"},\"headline\":\"La SATT Ouest Valorisation recrute de nouveaux talents\",\"datePublished\":\"2016-05-11T14:45:22+00:00\",\"dateModified\":\"2017-11-13T16:04:29+00:00\",\"mainEntityOfPage\":{\"@id\":\"https:\\\/\\\/www.satt.fr\\\/la-satt-ouest-valorisation-recrute-de-nouveaux-talents\\\/\"},\"wordCount\":61,\"articleSection\":[\"Actualit\u00e9\"],\"inLanguage\":\"en-US\"},{\"@type\":\"WebPage\",\"@id\":\"https:\\\/\\\/www.satt.fr\\\/la-satt-ouest-valorisation-recrute-de-nouveaux-talents\\\/\",\"url\":\"https:\\\/\\\/www.satt.fr\\\/la-satt-ouest-valorisation-recrute-de-nouveaux-talents\\\/\",\"name\":\"La SATT Ouest Valorisation recrute de nouveaux talents - R\u00e9seau SATT\",\"isPartOf\":{\"@id\":\"https:\\\/\\\/www.satt.fr\\\/en\\\/#website\"},\"datePublished\":\"2016-05-11T14:45:22+00:00\",\"dateModified\":\"2017-11-13T16:04:29+00:00\",\"author\":{\"@id\":\"https:\\\/\\\/www.satt.fr\\\/en\\\/#\\\/schema\\\/person\\\/a6836c00a1284a8188e1a05deb2a5e5c\"},\"breadcrumb\":{\"@id\":\"https:\\\/\\\/www.satt.fr\\\/la-satt-ouest-valorisation-recrute-de-nouveaux-talents\\\/#breadcrumb\"},\"inLanguage\":\"en-US\",\"potentialAction\":[{\"@type\":\"ReadAction\",\"target\":[\"https:\\\/\\\/www.satt.fr\\\/la-satt-ouest-valorisation-recrute-de-nouveaux-talents\\\/\"]}]},{\"@type\":\"BreadcrumbList\",\"@id\":\"https:\\\/\\\/www.satt.fr\\\/la-satt-ouest-valorisation-recrute-de-nouveaux-talents\\\/#breadcrumb\",\"itemListElement\":[{\"@type\":\"ListItem\",\"position\":1,\"name\":\"Accueil\",\"item\":\"https:\\\/\\\/www.satt.fr\\\/en\\\/\"},{\"@type\":\"ListItem\",\"position\":2,\"name\":\"La SATT Ouest Valorisation recrute de nouveaux talents\"}]},{\"@type\":\"WebSite\",\"@id\":\"https:\\\/\\\/www.satt.fr\\\/en\\\/#website\",\"url\":\"https:\\\/\\\/www.satt.fr\\\/en\\\/\",\"name\":\"R\u00e9seau SATT\",\"description\":\"Les Soci\u00e9t\u00e9s d&#039;Acc\u00e9l\u00e9ration du Transfert de Technologies\",\"potentialAction\":[{\"@type\":\"SearchAction\",\"target\":{\"@type\":\"EntryPoint\",\"urlTemplate\":\"https:\\\/\\\/www.satt.fr\\\/en\\\/?s={search_term_string}\"},\"query-input\":{\"@type\":\"PropertyValueSpecification\",\"valueRequired\":true,\"valueName\":\"search_term_string\"}}],\"inLanguage\":\"en-US\"},{\"@type\":\"Person\",\"@id\":\"https:\\\/\\\/www.satt.fr\\\/en\\\/#\\\/schema\\\/person\\\/a6836c00a1284a8188e1a05deb2a5e5c\",\"name\":\"redacteur SATT\",\"url\":\"https:\\\/\\\/www.satt.fr\\\/en\\\/author\\\/redacteur\\\/\"}]}<\/script>\n<!-- \/ Yoast SEO plugin. -->","yoast_head_json":{"title":"La SATT Ouest Valorisation recrute de nouveaux talents - R\u00e9seau SATT","robots":{"index":"index","follow":"follow","max-snippet":"max-snippet:-1","max-image-preview":"max-image-preview:large","max-video-preview":"max-video-preview:-1"},"canonical":"https:\/\/www.satt.fr\/la-satt-ouest-valorisation-recrute-de-nouveaux-talents\/","twitter_misc":{"Written by":"redacteur SATT"},"schema":{"@context":"https:\/\/schema.org","@graph":[{"@type":"Article","@id":"https:\/\/www.satt.fr\/la-satt-ouest-valorisation-recrute-de-nouveaux-talents\/#article","isPartOf":{"@id":"https:\/\/www.satt.fr\/la-satt-ouest-valorisation-recrute-de-nouveaux-talents\/"},"author":{"name":"redacteur SATT","@id":"https:\/\/www.satt.fr\/en\/#\/schema\/person\/a6836c00a1284a8188e1a05deb2a5e5c"},"headline":"La SATT Ouest Valorisation recrute de nouveaux talents","datePublished":"2016-05-11T14:45:22+00:00","dateModified":"2017-11-13T16:04:29+00:00","mainEntityOfPage":{"@id":"https:\/\/www.satt.fr\/la-satt-ouest-valorisation-recrute-de-nouveaux-talents\/"},"wordCount":61,"articleSection":["Actualit\u00e9"],"inLanguage":"en-US"},{"@type":"WebPage","@id":"https:\/\/www.satt.fr\/la-satt-ouest-valorisation-recrute-de-nouveaux-talents\/","url":"https:\/\/www.satt.fr\/la-satt-ouest-valorisation-recrute-de-nouveaux-talents\/","name":"La SATT Ouest Valorisation recrute de nouveaux talents - R\u00e9seau SATT","isPartOf":{"@id":"https:\/\/www.satt.fr\/en\/#website"},"datePublished":"2016-05-11T14:45:22+00:00","dateModified":"2017-11-13T16:04:29+00:00","author":{"@id":"https:\/\/www.satt.fr\/en\/#\/schema\/person\/a6836c00a1284a8188e1a05deb2a5e5c"},"breadcrumb":{"@id":"https:\/\/www.satt.fr\/la-satt-ouest-valorisation-recrute-de-nouveaux-talents\/#breadcrumb"},"inLanguage":"en-US","potentialAction":[{"@type":"ReadAction","target":["https:\/\/www.satt.fr\/la-satt-ouest-valorisation-recrute-de-nouveaux-talents\/"]}]},{"@type":"BreadcrumbList","@id":"https:\/\/www.satt.fr\/la-satt-ouest-valorisation-recrute-de-nouveaux-talents\/#breadcrumb","itemListElement":[{"@type":"ListItem","position":1,"name":"Accueil","item":"https:\/\/www.satt.fr\/en\/"},{"@type":"ListItem","position":2,"name":"La SATT Ouest Valorisation recrute de nouveaux talents"}]},{"@type":"WebSite","@id":"https:\/\/www.satt.fr\/en\/#website","url":"https:\/\/www.satt.fr\/en\/","name":"R\u00e9seau SATT","description":"Les Soci\u00e9t\u00e9s d&#039;Acc\u00e9l\u00e9ration du Transfert de Technologies","potentialAction":[{"@type":"SearchAction","target":{"@type":"EntryPoint","urlTemplate":"https:\/\/www.satt.fr\/en\/?s={search_term_string}"},"query-input":{"@type":"PropertyValueSpecification","valueRequired":true,"valueName":"search_term_string"}}],"inLanguage":"en-US"},{"@type":"Person","@id":"https:\/\/www.satt.fr\/en\/#\/schema\/person\/a6836c00a1284a8188e1a05deb2a5e5c","name":"redacteur SATT","url":"https:\/\/www.satt.fr\/en\/author\/redacteur\/"}]}},"_links":{"self":[{"href":"https:\/\/www.satt.fr\/en\/wp-json\/wp\/v2\/posts\/2588","targetHints":{"allow":["GET"]}}],"collection":[{"href":"https:\/\/www.satt.fr\/en\/wp-json\/wp\/v2\/posts"}],"about":[{"href":"https:\/\/www.satt.fr\/en\/wp-json\/wp\/v2\/types\/post"}],"author":[{"embeddable":true,"href":"https:\/\/www.satt.fr\/en\/wp-json\/wp\/v2\/users\/4"}],"replies":[{"embeddable":true,"href":"https:\/\/www.satt.fr\/en\/wp-json\/wp\/v2\/comments?post=2588"}],"version-history":[{"count":1,"href":"https:\/\/www.satt.fr\/en\/wp-json\/wp\/v2\/posts\/2588\/revisions"}],"predecessor-version":[{"id":4685,"href":"https:\/\/www.satt.fr\/en\/wp-json\/wp\/v2\/posts\/2588\/revisions\/4685"}],"wp:attachment":[{"href":"https:\/\/www.satt.fr\/en\/wp-json\/wp\/v2\/media?parent=2588"}],"wp:term":[{"taxonomy":"category","embeddable":true,"href":"https:\/\/www.satt.fr\/en\/wp-json\/wp\/v2\/categories?post=2588"},{"taxonomy":"post_tag","embeddable":true,"href":"https:\/\/www.satt.fr\/en\/wp-json\/wp\/v2\/tags?post=2588"}],"curies":[{"name":"wp","href":"https:\/\/api.w.org\/{rel}","templated":true}]}}