{"id":27026,"date":"2021-09-29T10:20:48","date_gmt":"2021-09-29T08:20:48","guid":{"rendered":"https:\/\/www.satt.fr\/son\/"},"modified":"2021-09-29T10:44:51","modified_gmt":"2021-09-29T08:44:51","slug":"son","status":"publish","type":"post","link":"https:\/\/www.satt.fr\/en\/son\/","title":{"rendered":"La Success Story du mois : SON"},"content":{"rendered":"<div id=\"pl-27026\"  class=\"panel-layout\" ><div id=\"pg-27026-0\"  class=\"panel-grid panel-no-style\" ><div id=\"pgc-27026-0-0\"  class=\"panel-grid-cell\" ><div id=\"panel-27026-0-0-0\" class=\"so-panel widget widget_sow-editor panel-first-child panel-last-child\" data-index=\"0\" ><div\n\t\t\t\n\t\t\tclass=\"so-widget-sow-editor so-widget-sow-editor-base\"\n\t\t\t\n\t\t>\n<div class=\"siteorigin-widget-tinymce textwidget\">\n\t<p><span style=\"font-size: 14pt; color: #c90f4c;\">#SON, nouvelle g\u00e9n\u00e9ration de nanoparticules intelligentes !<\/span><\/p>\n<\/div>\n<\/div><\/div><\/div><\/div><div id=\"pg-27026-1\"  class=\"panel-grid panel-no-style\" ><div id=\"pgc-27026-1-0\"  class=\"panel-grid-cell\" ><div id=\"panel-27026-1-0-0\" class=\"so-panel widget widget_media_image panel-first-child panel-last-child\" data-index=\"1\" ><img loading=\"lazy\" decoding=\"async\" width=\"171\" height=\"171\" src=\"https:\/\/www.satt.fr\/wp-content\/uploads\/2021\/09\/SON_LOGO-6-300x300.png\" class=\"image wp-image-26771  attachment-171x171 size-171x171\" alt=\"\" style=\"max-width: 100%; height: auto;\" srcset=\"https:\/\/www.satt.fr\/wp-content\/uploads\/2021\/09\/SON_LOGO-6-300x300.png 300w, https:\/\/www.satt.fr\/wp-content\/uploads\/2021\/09\/SON_LOGO-6-1024x1024.png 1024w, https:\/\/www.satt.fr\/wp-content\/uploads\/2021\/09\/SON_LOGO-6-150x150.png 150w, https:\/\/www.satt.fr\/wp-content\/uploads\/2021\/09\/SON_LOGO-6-768x768.png 768w, https:\/\/www.satt.fr\/wp-content\/uploads\/2021\/09\/SON_LOGO-6-1536x1536.png 1536w, https:\/\/www.satt.fr\/wp-content\/uploads\/2021\/09\/SON_LOGO-6-2048x2048.png 2048w, https:\/\/www.satt.fr\/wp-content\/uploads\/2021\/09\/SON_LOGO-6-500x500.png 500w, https:\/\/www.satt.fr\/wp-content\/uploads\/2021\/09\/SON_LOGO-6-600x600.png 600w, https:\/\/www.satt.fr\/wp-content\/uploads\/2021\/09\/SON_LOGO-6-100x100.png 100w\" sizes=\"auto, (max-width: 171px) 100vw, 171px\" \/><\/div><\/div><div id=\"pgc-27026-1-1\"  class=\"panel-grid-cell\" ><div id=\"panel-27026-1-1-0\" class=\"so-panel widget widget_sow-editor panel-first-child panel-last-child\" data-index=\"2\" ><div\n\t\t\t\n\t\t\tclass=\"so-widget-sow-editor so-widget-sow-editor-base\"\n\t\t\t\n\t\t>\n<div class=\"siteorigin-widget-tinymce textwidget\">\n\t<p><strong>La start-up produit une toute nouvelle g\u00e9n\u00e9ration de nanoparticules, in\u00e9dite sur le march\u00e9 mondial, des nano-objets reproductibles, propres et hautement caract\u00e9ris\u00e9s.<\/strong><\/p>\n<p>SON, pour Synthesis Of Nanohybrids, est issue des travaux de recherche de trois chercheurs chimistes de l\u2019universit\u00e9 de Bourgogne. Avec cette innovation qui r\u00e9sulte de la fusion de deux mondes, les nanoparticules et la chimie organique, SON ambitionne d\u00e9j\u00e0 de devenir le leader mondial des nanoparticules fonctionnalis\u00e9es.<\/p>\n<\/div>\n<\/div><\/div><\/div><\/div><div id=\"pg-27026-2\"  class=\"panel-grid panel-no-style\" ><div id=\"pgc-27026-2-0\"  class=\"panel-grid-cell\" ><div id=\"panel-27026-2-0-0\" class=\"so-panel widget widget_media_image panel-first-child panel-last-child\" data-index=\"3\" ><img loading=\"lazy\" decoding=\"async\" width=\"300\" height=\"300\" src=\"https:\/\/www.satt.fr\/wp-content\/uploads\/2020\/09\/JP-300x300.png\" class=\"image wp-image-26794  attachment-medium size-medium\" alt=\"\" style=\"max-width: 100%; height: auto;\" srcset=\"https:\/\/www.satt.fr\/wp-content\/uploads\/2020\/09\/JP-300x300.png 300w, https:\/\/www.satt.fr\/wp-content\/uploads\/2020\/09\/JP-150x150.png 150w, https:\/\/www.satt.fr\/wp-content\/uploads\/2020\/09\/JP-100x100.png 100w, https:\/\/www.satt.fr\/wp-content\/uploads\/2020\/09\/JP.png 400w\" sizes=\"auto, (max-width: 300px) 100vw, 300px\" \/><\/div><\/div><div id=\"pgc-27026-2-1\"  class=\"panel-grid-cell\" ><div id=\"panel-27026-2-1-0\" class=\"so-panel widget widget_sow-editor panel-first-child panel-last-child\" data-index=\"4\" ><div\n\t\t\t\n\t\t\tclass=\"so-widget-sow-editor so-widget-sow-editor-base\"\n\t\t\t\n\t\t>\n<div class=\"siteorigin-widget-tinymce textwidget\">\n\t<p>&nbsp;<\/p>\n<p>J\u00e9r\u00e9my PARIS<br \/>\n<strong>CEO<\/strong><\/p>\n<\/div>\n<\/div><\/div><\/div><div id=\"pgc-27026-2-2\"  class=\"panel-grid-cell\" ><div id=\"panel-27026-2-2-0\" class=\"so-panel widget widget_media_image panel-first-child panel-last-child\" data-index=\"5\" ><img loading=\"lazy\" decoding=\"async\" width=\"300\" height=\"300\" src=\"https:\/\/www.satt.fr\/wp-content\/uploads\/2020\/09\/PED-300x300.png\" class=\"image wp-image-26796  attachment-medium size-medium\" alt=\"\" style=\"max-width: 100%; height: auto;\" srcset=\"https:\/\/www.satt.fr\/wp-content\/uploads\/2020\/09\/PED-300x300.png 300w, https:\/\/www.satt.fr\/wp-content\/uploads\/2020\/09\/PED-150x150.png 150w, https:\/\/www.satt.fr\/wp-content\/uploads\/2020\/09\/PED-100x100.png 100w, https:\/\/www.satt.fr\/wp-content\/uploads\/2020\/09\/PED.png 400w\" sizes=\"auto, (max-width: 300px) 100vw, 300px\" \/><\/div><\/div><div id=\"pgc-27026-2-3\"  class=\"panel-grid-cell\" ><div id=\"panel-27026-2-3-0\" class=\"so-panel widget widget_sow-editor panel-first-child panel-last-child\" data-index=\"6\" ><div\n\t\t\t\n\t\t\tclass=\"so-widget-sow-editor so-widget-sow-editor-base\"\n\t\t\t\n\t\t>\n<div class=\"siteorigin-widget-tinymce textwidget\">\n\t<p>&nbsp;<\/p>\n<p>Pierre-Emmanuel DOULAIN<br \/>\n<strong>CTO<\/strong><\/p>\n<\/div>\n<\/div><\/div><\/div><div id=\"pgc-27026-2-4\"  class=\"panel-grid-cell\" ><div id=\"panel-27026-2-4-0\" class=\"so-panel widget widget_media_image panel-first-child panel-last-child\" data-index=\"7\" ><img loading=\"lazy\" decoding=\"async\" width=\"300\" height=\"300\" src=\"https:\/\/www.satt.fr\/wp-content\/uploads\/2020\/09\/RD-300x300.png\" class=\"image wp-image-26810  attachment-medium size-medium\" alt=\"\" style=\"max-width: 100%; height: auto;\" srcset=\"https:\/\/www.satt.fr\/wp-content\/uploads\/2020\/09\/RD-300x300.png 300w, https:\/\/www.satt.fr\/wp-content\/uploads\/2020\/09\/RD-150x150.png 150w, https:\/\/www.satt.fr\/wp-content\/uploads\/2020\/09\/RD-100x100.png 100w, https:\/\/www.satt.fr\/wp-content\/uploads\/2020\/09\/RD.png 400w\" sizes=\"auto, (max-width: 300px) 100vw, 300px\" \/><\/div><\/div><div id=\"pgc-27026-2-5\"  class=\"panel-grid-cell\" ><div id=\"panel-27026-2-5-0\" class=\"so-panel widget widget_sow-editor panel-first-child panel-last-child\" data-index=\"8\" ><div\n\t\t\t\n\t\t\tclass=\"so-widget-sow-editor so-widget-sow-editor-base\"\n\t\t\t\n\t\t>\n<div class=\"siteorigin-widget-tinymce textwidget\">\n\t<p>&nbsp;<\/p>\n<p>Richard DECR\u00c9AU<br \/>\n<strong>Ma\u00eetre de Conf\u00e9rences, universit\u00e9 de Bourgogne, ICMUB (UMR CNRS 6302) et Conseiller scientifique de SON<\/strong><\/p>\n<\/div>\n<\/div><\/div><\/div><\/div><div id=\"pg-27026-3\"  class=\"panel-grid panel-no-style\" ><div id=\"pgc-27026-3-0\"  class=\"panel-grid-cell\" ><div id=\"panel-27026-3-0-0\" class=\"so-panel widget widget_sow-editor panel-first-child panel-last-child\" data-index=\"9\" ><div\n\t\t\t\n\t\t\tclass=\"so-widget-sow-editor so-widget-sow-editor-base\"\n\t\t\t\n\t\t>\n<div class=\"siteorigin-widget-tinymce textwidget\">\n\t<p><strong>Notre technologie va r\u00e9volutionner trois champs d\u2019application\u00a0:<\/strong><\/p>\n<ul>\n<li><strong>Le diagnostic<\/strong> : elle permet la conception et la production de nanoparticules magn\u00e9tiques bifonctionnelles d\u2019oxydes de fer tra\u00e7ables par imagerie IRM et nucl\u00e9aire,<\/li>\n<li><strong>La th\u00e9rapie<\/strong> : elle permet la conception et la production de nanoparticules magn\u00e9tiques bifonctionnelles \u00e0 propri\u00e9t\u00e9s th\u00e9ranostiques ouvrant ainsi la voie \u00e0 de nouveaux traitements anticanc\u00e9reux,<\/li>\n<li><strong>La catalyse<\/strong> : elle permet la conception et la production de nanocatalyseurs magn\u00e9tiques utilis\u00e9s dans les proc\u00e9d\u00e9s de fabrication de mol\u00e9cules \u00e0 haute valeur ajout\u00e9e ou utilis\u00e9s dans l\u2019industrie de la chimie fine, ces nanocatalyseurs deviennent facilement r\u00e9cup\u00e9rables et r\u00e9utilisables, \u00e9vitant ainsi des proc\u00e9dures complexes d\u2019\u00e9limination\/purification tout en diminuant fortement le co\u00fbt de production.<\/li>\n<\/ul>\n<\/div>\n<\/div><\/div><\/div><div id=\"pgc-27026-3-1\"  class=\"panel-grid-cell\" ><div id=\"panel-27026-3-1-0\" class=\"so-panel widget widget_media_image panel-first-child panel-last-child\" data-index=\"10\" ><img loading=\"lazy\" decoding=\"async\" width=\"1024\" height=\"878\" src=\"https:\/\/www.satt.fr\/wp-content\/uploads\/2020\/09\/SON_CP_V2-1024x878.jpg\" class=\"image wp-image-26818  attachment-large size-large\" alt=\"\" style=\"max-width: 100%; height: auto;\" srcset=\"https:\/\/www.satt.fr\/wp-content\/uploads\/2020\/09\/SON_CP_V2-1024x878.jpg 1024w, https:\/\/www.satt.fr\/wp-content\/uploads\/2020\/09\/SON_CP_V2-300x257.jpg 300w, https:\/\/www.satt.fr\/wp-content\/uploads\/2020\/09\/SON_CP_V2-150x129.jpg 150w, https:\/\/www.satt.fr\/wp-content\/uploads\/2020\/09\/SON_CP_V2-768x658.jpg 768w, https:\/\/www.satt.fr\/wp-content\/uploads\/2020\/09\/SON_CP_V2-1536x1317.jpg 1536w, https:\/\/www.satt.fr\/wp-content\/uploads\/2020\/09\/SON_CP_V2-2048x1756.jpg 2048w, https:\/\/www.satt.fr\/wp-content\/uploads\/2020\/09\/SON_CP_V2-500x429.jpg 500w, https:\/\/www.satt.fr\/wp-content\/uploads\/2020\/09\/SON_CP_V2-600x514.jpg 600w, https:\/\/www.satt.fr\/wp-content\/uploads\/2020\/09\/SON_CP_V2-117x100.jpg 117w, https:\/\/www.satt.fr\/wp-content\/uploads\/2020\/09\/SON_CP_V2-465x400.jpg 465w\" sizes=\"auto, (max-width: 1024px) 100vw, 1024px\" \/><\/div><\/div><\/div><div id=\"pg-27026-4\"  class=\"panel-grid panel-no-style\" ><div id=\"pgc-27026-4-0\"  class=\"panel-grid-cell\" ><div id=\"panel-27026-4-0-0\" class=\"so-panel widget widget_sow-editor panel-first-child panel-last-child\" data-index=\"11\" ><div class=\"panel-widget-style panel-widget-style-for-27026-4-0-0\" ><div\n\t\t\t\n\t\t\tclass=\"so-widget-sow-editor so-widget-sow-editor-base\"\n\t\t\t\n\t\t>\n<div class=\"siteorigin-widget-tinymce textwidget\">\n\t<p><strong>SON, des b\u00e9n\u00e9fices innovants<\/strong><\/p>\n<ul>\n<li>des nano-objets reproductibles, propres et hautement caract\u00e9ris\u00e9s<\/li>\n<li>deux fonctions chimiques \u00e0 leur propre surface<\/li>\n<li>permettent la conception et la production de nanocatalyseurs facilement r\u00e9cup\u00e9rables et r\u00e9utilisables<\/li>\n<\/ul>\n<\/div>\n<\/div><\/div><\/div><\/div><\/div><div id=\"pg-27026-5\"  class=\"panel-grid panel-no-style\" ><div id=\"pgc-27026-5-0\"  class=\"panel-grid-cell\" ><div id=\"panel-27026-5-0-0\" class=\"so-panel widget widget_sow-editor panel-first-child panel-last-child\" data-index=\"12\" ><div\n\t\t\t\n\t\t\tclass=\"so-widget-sow-editor so-widget-sow-editor-base\"\n\t\t\t\n\t\t>\n<div class=\"siteorigin-widget-tinymce textwidget\">\n\t<p><strong>L'AVENTURE SON ?<\/strong><\/p>\n<ul>\n<li><strong>2018<\/strong> : Programme de maturation r\u00e9alis\u00e9 en 20 mois, \u00e0 compter du 13 mars 2018<\/li>\n<li><strong>2019<\/strong> : Concours d\u2019innovation i-Phd \u00ab Grand Prix \u00bb d\u00e9cern\u00e9 \u00e0 Pierre-Emmanuel Doulain<\/li>\n<li><strong>2020<\/strong> : Cr\u00e9ation de la start-up SON SAS, 30 novembre 2021<\/li>\n<li><strong>2021<\/strong> : Licence sign\u00e9e entre SAYENS et SON SAS, le 6 janvier 2021<\/li>\n<li><strong>2021<\/strong> :\u00a0 SAYENS entre au capital de SON SAS, le 30 juin 2021<\/li>\n<\/ul>\n<\/div>\n<\/div><\/div><\/div><\/div><div id=\"pg-27026-6\"  class=\"panel-grid panel-no-style\" ><div id=\"pgc-27026-6-0\"  class=\"panel-grid-cell\" ><div id=\"panel-27026-6-0-0\" class=\"so-panel widget widget_sow-editor panel-first-child\" data-index=\"13\" ><div\n\t\t\t\n\t\t\tclass=\"so-widget-sow-editor so-widget-sow-editor-base\"\n\t\t\t\n\t\t>\n<div class=\"siteorigin-widget-tinymce textwidget\">\n\t<p><span style=\"font-size: 14pt; color: #c90f4c;\">Interview de J\u00e9r\u00e9my PARIS, CEO &amp; cofondateur de SON<\/span><\/p>\n<\/div>\n<\/div><\/div><div id=\"panel-27026-6-0-1\" class=\"so-panel widget widget_sow-testimonials panel-last-child\" data-index=\"14\" ><div\n\t\t\t\n\t\t\tclass=\"so-widget-sow-testimonials so-widget-sow-testimonials-default-c829a459a33f-27026\"\n\t\t\t\n\t\t><div class=\"sow-testimonials\">\n\t\t\t\t\t<div class=\"sow-testimonial-wrapper sow-user-left sow-layout-side\">\n\t\t\t<div class=\"sow-testimonial\">\n\t\t\t\t\n\t\t\t\t<div class=\"sow-testimonial-user\">\n\t\t\t\t\t\t\t\t\t\t<div class=\"sow-image-wrapper sow-image-wrapper-shape-round\">\n\t\t\t\t\t\t\t\t\t\t\t\t<div class=\"sow-round-image-frame\" style=\"background-image: url( https:\/\/www.satt.fr\/wp-content\/uploads\/2020\/09\/JP.png );\"><\/div>\t\t\t\t\t\t\t\t\t\t\t<\/div>\n\t\t\t\t\t\n\t\t\t\t\t<div class=\"sow-text\">\n\t\t\t\t\t\t\t\t\t\t\t\t\t<span class=\"sow-testimonial-name\"><strong><\/strong><\/span>\n\t\t\t\t\t\t\t\t\t\t\t\t\t\t\t\t\t\t\t\t\t\t\t\t\t\t\t\t\t<\/div>\n\t\t\t\t<\/div>\n\n\t\t\t\t\t\t\t\t\t<div class=\"sow-testimonial-text\">\n\t\t\t\t\t\t<p><strong><em>Pouvez-vous nous pr\u00e9senter SON\u00a0?<\/em><\/strong><\/p>\n<p>SON est une entreprise d\u2019ing\u00e9nierie qui con\u00e7oit et fabrique des nanoparticules \u00e0 haute reproductibilit\u00e9, hautement caract\u00e9ris\u00e9es et bifonctionnelles pour divers champs d\u2019applications, notamment le diagnostic, la th\u00e9rapie et la catalyse. Notre mission est d\u2019accompagner les industriels sur l\u2019adoption des nanotechnologies gr\u00e2ce \u00e0 nos nanoparticules intelligentes.<\/p>\n<p><strong><em>En quoi votre innovation est-elle diff\u00e9renciante\u00a0?<\/em><\/strong><\/p>\n<p>Cette nouvelle g\u00e9n\u00e9ration de nanoparticules est rendue possible gr\u00e2ce \u00e0 notre double innovation\u00a0:<\/p>\n<ul>\n<li>une innovation de proc\u00e9d\u00e9 qui permet la construction de lots de nanoparticules reproductibles, pures et hautement caract\u00e9ris\u00e9es r\u00e9pondant aux normes de l\u2019industrie pharmaceutique\u00a0;<\/li>\n<li>et une innovation produits, les nanoparticules bifonctionnelles brevet\u00e9es qui ont pour int\u00e9r\u00eat de pr\u00e9senter deux fonctions chimiques \u00e0 leur propre surface, contrairement \u00e0 celles qui existent actuellement sur le march\u00e9 et qui n\u2019en poss\u00e8dent qu\u2019une.<\/li>\n<\/ul>\n<p>L\u2019int\u00e9r\u00eat de la double fonction r\u00e9side dans la possibilit\u00e9 de combiner diff\u00e9rentes modalit\u00e9s de lectures en imagerie, comme en th\u00e9rapie.<\/p>\n<p><strong><em>Cette innovation est-elle b\u00e9n\u00e9fique \u00e0 l\u2019environnement ?<\/em><\/strong><\/p>\n<p>Tout \u00e0 fait. Ces nanomat\u00e9riaux nouvelle g\u00e9n\u00e9ration qui s\u2019adressent aux entreprises pharmaceutiques, dans le cadre du d\u00e9veloppement de nouveaux traitements, et aux industriels de la chimie fine pour la fabrication de principes actifs, permettent de r\u00e9duire la production de d\u00e9chets et leur impact sur les ressources naturelles.<\/p>\n<p><strong><em>Comment est n\u00e9e SON ?<\/em><\/strong><\/p>\n<p>L\u2019id\u00e9e est n\u00e9e apr\u00e8s ma th\u00e8se dans le but d\u2019acc\u00e9l\u00e9rer la recherche fran\u00e7aise en offrant un maximum de nanoparticules fonctionnalis\u00e9es. Puis c\u2019est Richard Decr\u00e9au, Ma\u00eetre de Conf\u00e9rences \u00e0 l\u2019universit\u00e9 de Bourgogne qui a eu l\u2019id\u00e9e de nous r\u00e9unir au moment o\u00f9 nous sortions du programme de th\u00e8se Jeune Chercheur Entrepreneur.<\/p>\n<p>Pierre-Emmanuel \u00e9tait expert en chimie mol\u00e9culaire et moi sp\u00e9cialiste en nanoparticules. C\u2019est cette fusion des deux mondes nanoparticules et chimie organique qui rend unique nos nanoparticules. Richard nous a accompagn\u00e9s sur le programme de maturation avec SAYENS et sur le projet de cr\u00e9ation de la start-up dont il est aujourd\u2019hui cofondateur et conseiller scientifique.<\/p>\n<p><strong><em>\u00a0<\/em><\/strong><strong><em>Quelle perspectives pour SON ?<\/em><\/strong><\/p>\n<p>En parall\u00e8le de nos travaux de recherche, nous avons \u00e9t\u00e9 \u00e9paul\u00e9s par l\u2019incubateur r\u00e9gional DECA-BFC, dans notre pr\u00e9paration au monde entrepreneurial et \u00e0 nos futures fonctions dans l\u2019entreprise. Ce double accompagnement technico-entrepreneurial et notre formation de Jeune Chercheur Entrepreneur va nous permettre de r\u00e9aliser notre ambition qui est de devenir le leader mondial des nanoparticules fonctionnalis\u00e9es.<\/p>\n\t\t\t\t\t<\/div>\n\t\t\t\t\t\t\t<\/div>\n\t\t<\/div>\n\t<\/div>\n<\/div><\/div><\/div><\/div><div id=\"pg-27026-7\"  class=\"panel-grid panel-no-style\" ><div id=\"pgc-27026-7-0\"  class=\"panel-grid-cell\" ><div id=\"panel-27026-7-0-0\" class=\"so-panel widget widget_sow-editor panel-first-child\" data-index=\"15\" ><div\n\t\t\t\n\t\t\tclass=\"so-widget-sow-editor so-widget-sow-editor-base\"\n\t\t\t\n\t\t>\n<div class=\"siteorigin-widget-tinymce textwidget\">\n\t<p><span style=\"font-size: 14pt; color: #c90f4c;\">Interview de Catherine Guillemin, Pr\u00e9sidente de SAYENS<\/span><\/p>\n<\/div>\n<\/div><\/div><div id=\"panel-27026-7-0-1\" class=\"so-panel widget widget_sow-testimonials panel-last-child\" data-index=\"16\" ><div\n\t\t\t\n\t\t\tclass=\"so-widget-sow-testimonials so-widget-sow-testimonials-default-c829a459a33f-27026\"\n\t\t\t\n\t\t><div class=\"sow-testimonials\">\n\t\t\t\t\t<div class=\"sow-testimonial-wrapper sow-user-left sow-layout-side\">\n\t\t\t<div class=\"sow-testimonial\">\n\t\t\t\t\n\t\t\t\t<div class=\"sow-testimonial-user\">\n\t\t\t\t\t\t\t\t\t\t<div class=\"sow-image-wrapper sow-image-wrapper-shape-round\">\n\t\t\t\t\t\t\t\t\t\t\t\t<div class=\"sow-round-image-frame\" style=\"background-image: url( https:\/\/www.satt.fr\/wp-content\/uploads\/2020\/09\/CG-1.png );\"><\/div>\t\t\t\t\t\t\t\t\t\t\t<\/div>\n\t\t\t\t\t\n\t\t\t\t\t<div class=\"sow-text\">\n\t\t\t\t\t\t\t\t\t\t\t\t\t<span class=\"sow-testimonial-name\"><strong><\/strong><\/span>\n\t\t\t\t\t\t\t\t\t\t\t\t\t\t\t\t\t\t\t\t\t\t\t\t\t\t\t\t\t<\/div>\n\t\t\t\t<\/div>\n\n\t\t\t\t\t\t\t\t\t<div class=\"sow-testimonial-text\">\n\t\t\t\t\t\t<p><strong><em>Quel a \u00e9t\u00e9 le r\u00f4le\u00a0de SAYENS ?<\/em><\/strong><\/p>\n<p>SAYENS a accompagn\u00e9 Richard Decr\u00e9au dans le d\u00e9veloppement de la technologie nanohybride au travers d\u2019un programme de maturation d\u00e9di\u00e9, permettant \u00e0 J\u00e9r\u00e9my Paris et Pierre-Emmanuel Doulain d\u2019y travailler en tant qu\u2019ing\u00e9nieurs maturation. Cette \u00e9tape de valorisation a s\u00e9curis\u00e9 le proc\u00e9d\u00e9 \u00e0 l\u2019\u00e9chelle industrielle en d\u00e9montrant la rapidit\u00e9 \u00e0 laquelle les nanoparticules et les nanocatalyseurs recyclables peuvent \u00eatre fabriqu\u00e9s. La maturation de la technologie a \u00e9galement confirm\u00e9 que la r\u00e9cup\u00e9ration au stade pr\u00e9industriel r\u00e9duit les co\u00fbts de production. Enfin ce programme a permis de prot\u00e9ger mondialement les nanoparticules bifonctionnelles.<\/p>\n<p><strong><em>Pourquoi avoir envisag\u00e9 une start-up\u00a0?<\/em><\/strong><\/p>\n<p>La start-up SON est l\u2019exemple type de valorisation d\u2019une technologie pour tout chercheur souhaitant devenir entrepreneur \u2013 en atteste son Grand Prix obtenu au concours i-PhD 2019 remis \u00e0 Pierre-Emmanuel Doulain, docteur et CTO de SON. La participation de SAYENS au capital de la start-up souligne notre investissement \u00e0 long terme pour faire \u00e9merger, aux c\u00f4t\u00e9s de notre actionnaire l\u2019universit\u00e9 de Bourgogne, les p\u00e9pites de la recherche publique de notre territoire. L\u2019innovation technologique propos\u00e9e par SON r\u00e9pond \u00e0 un r\u00e9el besoin sur le march\u00e9 et nous restons \u00e0 ses c\u00f4t\u00e9s pour soutenir son ancrage scientifique ainsi que son d\u00e9veloppement.<\/p>\n\t\t\t\t\t<\/div>\n\t\t\t\t\t\t\t<\/div>\n\t\t<\/div>\n\t<\/div>\n<\/div><\/div><\/div><\/div><div id=\"pg-27026-8\"  class=\"panel-grid panel-no-style\" ><div id=\"pgc-27026-8-0\"  class=\"panel-grid-cell\" ><div id=\"panel-27026-8-0-0\" class=\"so-panel widget widget_sow-editor panel-first-child panel-last-child\" data-index=\"17\" ><div class=\"panel-widget-style panel-widget-style-for-27026-8-0-0\" ><div\n\t\t\t\n\t\t\tclass=\"so-widget-sow-editor so-widget-sow-editor-base\"\n\t\t\t\n\t\t>\n<div class=\"siteorigin-widget-tinymce textwidget\">\n\t<p><strong><img loading=\"lazy\" decoding=\"async\" class=\"alignright wp-image-26771\" src=\"https:\/\/www.satt.fr\/wp-content\/uploads\/2021\/09\/SON_LOGO-6-150x150.png\" alt=\"\" width=\"100\" height=\"100\" srcset=\"https:\/\/www.satt.fr\/wp-content\/uploads\/2021\/09\/SON_LOGO-6-150x150.png 150w, https:\/\/www.satt.fr\/wp-content\/uploads\/2021\/09\/SON_LOGO-6-300x300.png 300w, https:\/\/www.satt.fr\/wp-content\/uploads\/2021\/09\/SON_LOGO-6-1024x1024.png 1024w, https:\/\/www.satt.fr\/wp-content\/uploads\/2021\/09\/SON_LOGO-6-768x768.png 768w, https:\/\/www.satt.fr\/wp-content\/uploads\/2021\/09\/SON_LOGO-6-1536x1536.png 1536w, https:\/\/www.satt.fr\/wp-content\/uploads\/2021\/09\/SON_LOGO-6-2048x2048.png 2048w, https:\/\/www.satt.fr\/wp-content\/uploads\/2021\/09\/SON_LOGO-6-500x500.png 500w, https:\/\/www.satt.fr\/wp-content\/uploads\/2021\/09\/SON_LOGO-6-600x600.png 600w, https:\/\/www.satt.fr\/wp-content\/uploads\/2021\/09\/SON_LOGO-6-100x100.png 100w\" sizes=\"auto, (max-width: 100px) 100vw, 100px\" \/>Main dans la main avec SAYENS\u00a0 !<\/strong><\/p>\n<ul>\n<li><a href=\"https:\/\/sayens.fr\/\">SAYENS<\/a> s\u2019investit \u00e0 long terme aux c\u00f4t\u00e9s de la start-up en entrant \u00e0 son capital : Apr\u00e8s un programme de maturation d\u00e9di\u00e9, SAYENS annonce le transfert d\u2019une technologie tr\u00e8s innovante de nanoparticules \u00e0 SON, start-up issue de l\u2019universit\u00e9 de Bourgogne et entre \u00e0 son capital. La SATT s\u2019engage aux c\u00f4t\u00e9s de la jeune pousse dijonnaise et soutient ses ambitions de d\u00e9veloppement sur les march\u00e9s de la chimie fine et de l\u2019industrie pharmaceutique.<\/li>\n<\/ul>\n<p style=\"text-align: center;\"><a href=\"https:\/\/www.synthesisofnanohybrids.com\/\">www.synthesisofnanohybrids.com<\/a>\u00a0 \u00a0<a href=\"https:\/\/www.linkedin.com\/company\/son-sas\">LinkedIn SON<\/a><\/p>\n<\/div>\n<\/div><\/div><\/div><\/div><\/div><\/div>","protected":false},"excerpt":{"rendered":"<p>#SON, nouvelle g\u00e9n\u00e9ration de nanoparticules intelligentes ! La start-up produit une toute nouvelle g\u00e9n\u00e9ration de nanoparticules, in\u00e9dite sur le march\u00e9 mondial, des nano-objets reproductibles, propres et hautement caract\u00e9ris\u00e9s. SON, pour Synthesis Of Nanohybrids, est issue des travaux de recherche de trois chercheurs chimistes de l\u2019universit\u00e9 de Bourgogne. Avec cette innovation qui r\u00e9sulte de la fusion [&hellip;]<\/p>\n","protected":false},"author":2,"featured_media":26899,"comment_status":"closed","ping_status":"closed","sticky":false,"template":"","format":"standard","meta":{"_acf_changed":false,"footnotes":""},"categories":[567],"tags":[],"class_list":["post-27026","post","type-post","status-publish","format-standard","has-post-thumbnail","hentry","category-news-en"],"acf":[],"yoast_head":"<!-- This site is optimized with the Yoast SEO plugin v27.4 - https:\/\/yoast.com\/product\/yoast-seo-wordpress\/ -->\n<title>La Success Story du mois : SON - R\u00e9seau SATT<\/title>\n<meta name=\"robots\" content=\"index, follow, max-snippet:-1, max-image-preview:large, max-video-preview:-1\" \/>\n<link rel=\"canonical\" href=\"https:\/\/www.satt.fr\/en\/son\/\" \/>\n<meta name=\"twitter:label1\" content=\"Written by\" \/>\n\t<meta name=\"twitter:data1\" content=\"admin\" \/>\n\t<meta name=\"twitter:label2\" content=\"Est. reading time\" \/>\n\t<meta name=\"twitter:data2\" content=\"3 minutes\" \/>\n<script type=\"application\/ld+json\" class=\"yoast-schema-graph\">{\"@context\":\"https:\\\/\\\/schema.org\",\"@graph\":[{\"@type\":\"Article\",\"@id\":\"https:\\\/\\\/www.satt.fr\\\/en\\\/son\\\/#article\",\"isPartOf\":{\"@id\":\"https:\\\/\\\/www.satt.fr\\\/en\\\/son\\\/\"},\"author\":{\"name\":\"admin\",\"@id\":\"https:\\\/\\\/www.satt.fr\\\/en\\\/#\\\/schema\\\/person\\\/6f20a7d0bc03146f6e34a9f08d941fec\"},\"headline\":\"La Success Story du mois : SON\",\"datePublished\":\"2021-09-29T08:20:48+00:00\",\"dateModified\":\"2021-09-29T08:44:51+00:00\",\"mainEntityOfPage\":{\"@id\":\"https:\\\/\\\/www.satt.fr\\\/en\\\/son\\\/\"},\"wordCount\":512,\"image\":{\"@id\":\"https:\\\/\\\/www.satt.fr\\\/en\\\/son\\\/#primaryimage\"},\"thumbnailUrl\":\"https:\\\/\\\/www.satt.fr\\\/wp-content\\\/uploads\\\/2020\\\/09\\\/la-successstory-du-mois-3.png\",\"articleSection\":[\"News\"],\"inLanguage\":\"en-US\"},{\"@type\":\"WebPage\",\"@id\":\"https:\\\/\\\/www.satt.fr\\\/en\\\/son\\\/\",\"url\":\"https:\\\/\\\/www.satt.fr\\\/en\\\/son\\\/\",\"name\":\"La Success Story du mois : SON - R\u00e9seau SATT\",\"isPartOf\":{\"@id\":\"https:\\\/\\\/www.satt.fr\\\/en\\\/#website\"},\"primaryImageOfPage\":{\"@id\":\"https:\\\/\\\/www.satt.fr\\\/en\\\/son\\\/#primaryimage\"},\"image\":{\"@id\":\"https:\\\/\\\/www.satt.fr\\\/en\\\/son\\\/#primaryimage\"},\"thumbnailUrl\":\"https:\\\/\\\/www.satt.fr\\\/wp-content\\\/uploads\\\/2020\\\/09\\\/la-successstory-du-mois-3.png\",\"datePublished\":\"2021-09-29T08:20:48+00:00\",\"dateModified\":\"2021-09-29T08:44:51+00:00\",\"author\":{\"@id\":\"https:\\\/\\\/www.satt.fr\\\/en\\\/#\\\/schema\\\/person\\\/6f20a7d0bc03146f6e34a9f08d941fec\"},\"breadcrumb\":{\"@id\":\"https:\\\/\\\/www.satt.fr\\\/en\\\/son\\\/#breadcrumb\"},\"inLanguage\":\"en-US\",\"potentialAction\":[{\"@type\":\"ReadAction\",\"target\":[\"https:\\\/\\\/www.satt.fr\\\/en\\\/son\\\/\"]}]},{\"@type\":\"ImageObject\",\"inLanguage\":\"en-US\",\"@id\":\"https:\\\/\\\/www.satt.fr\\\/en\\\/son\\\/#primaryimage\",\"url\":\"https:\\\/\\\/www.satt.fr\\\/wp-content\\\/uploads\\\/2020\\\/09\\\/la-successstory-du-mois-3.png\",\"contentUrl\":\"https:\\\/\\\/www.satt.fr\\\/wp-content\\\/uploads\\\/2020\\\/09\\\/la-successstory-du-mois-3.png\",\"width\":1500,\"height\":837},{\"@type\":\"BreadcrumbList\",\"@id\":\"https:\\\/\\\/www.satt.fr\\\/en\\\/son\\\/#breadcrumb\",\"itemListElement\":[{\"@type\":\"ListItem\",\"position\":1,\"name\":\"Accueil\",\"item\":\"https:\\\/\\\/www.satt.fr\\\/en\\\/\"},{\"@type\":\"ListItem\",\"position\":2,\"name\":\"La Success Story du mois : SON\"}]},{\"@type\":\"WebSite\",\"@id\":\"https:\\\/\\\/www.satt.fr\\\/en\\\/#website\",\"url\":\"https:\\\/\\\/www.satt.fr\\\/en\\\/\",\"name\":\"R\u00e9seau SATT\",\"description\":\"Les Soci\u00e9t\u00e9s d&#039;Acc\u00e9l\u00e9ration du Transfert de Technologies\",\"potentialAction\":[{\"@type\":\"SearchAction\",\"target\":{\"@type\":\"EntryPoint\",\"urlTemplate\":\"https:\\\/\\\/www.satt.fr\\\/en\\\/?s={search_term_string}\"},\"query-input\":{\"@type\":\"PropertyValueSpecification\",\"valueRequired\":true,\"valueName\":\"search_term_string\"}}],\"inLanguage\":\"en-US\"},{\"@type\":\"Person\",\"@id\":\"https:\\\/\\\/www.satt.fr\\\/en\\\/#\\\/schema\\\/person\\\/6f20a7d0bc03146f6e34a9f08d941fec\",\"name\":\"admin\",\"url\":\"https:\\\/\\\/www.satt.fr\\\/en\\\/author\\\/admin\\\/\"}]}<\/script>\n<!-- \/ Yoast SEO plugin. -->","yoast_head_json":{"title":"La Success Story du mois : SON - R\u00e9seau SATT","robots":{"index":"index","follow":"follow","max-snippet":"max-snippet:-1","max-image-preview":"max-image-preview:large","max-video-preview":"max-video-preview:-1"},"canonical":"https:\/\/www.satt.fr\/en\/son\/","twitter_misc":{"Written by":"admin","Est. reading time":"3 minutes"},"schema":{"@context":"https:\/\/schema.org","@graph":[{"@type":"Article","@id":"https:\/\/www.satt.fr\/en\/son\/#article","isPartOf":{"@id":"https:\/\/www.satt.fr\/en\/son\/"},"author":{"name":"admin","@id":"https:\/\/www.satt.fr\/en\/#\/schema\/person\/6f20a7d0bc03146f6e34a9f08d941fec"},"headline":"La Success Story du mois : SON","datePublished":"2021-09-29T08:20:48+00:00","dateModified":"2021-09-29T08:44:51+00:00","mainEntityOfPage":{"@id":"https:\/\/www.satt.fr\/en\/son\/"},"wordCount":512,"image":{"@id":"https:\/\/www.satt.fr\/en\/son\/#primaryimage"},"thumbnailUrl":"https:\/\/www.satt.fr\/wp-content\/uploads\/2020\/09\/la-successstory-du-mois-3.png","articleSection":["News"],"inLanguage":"en-US"},{"@type":"WebPage","@id":"https:\/\/www.satt.fr\/en\/son\/","url":"https:\/\/www.satt.fr\/en\/son\/","name":"La Success Story du mois : SON - R\u00e9seau SATT","isPartOf":{"@id":"https:\/\/www.satt.fr\/en\/#website"},"primaryImageOfPage":{"@id":"https:\/\/www.satt.fr\/en\/son\/#primaryimage"},"image":{"@id":"https:\/\/www.satt.fr\/en\/son\/#primaryimage"},"thumbnailUrl":"https:\/\/www.satt.fr\/wp-content\/uploads\/2020\/09\/la-successstory-du-mois-3.png","datePublished":"2021-09-29T08:20:48+00:00","dateModified":"2021-09-29T08:44:51+00:00","author":{"@id":"https:\/\/www.satt.fr\/en\/#\/schema\/person\/6f20a7d0bc03146f6e34a9f08d941fec"},"breadcrumb":{"@id":"https:\/\/www.satt.fr\/en\/son\/#breadcrumb"},"inLanguage":"en-US","potentialAction":[{"@type":"ReadAction","target":["https:\/\/www.satt.fr\/en\/son\/"]}]},{"@type":"ImageObject","inLanguage":"en-US","@id":"https:\/\/www.satt.fr\/en\/son\/#primaryimage","url":"https:\/\/www.satt.fr\/wp-content\/uploads\/2020\/09\/la-successstory-du-mois-3.png","contentUrl":"https:\/\/www.satt.fr\/wp-content\/uploads\/2020\/09\/la-successstory-du-mois-3.png","width":1500,"height":837},{"@type":"BreadcrumbList","@id":"https:\/\/www.satt.fr\/en\/son\/#breadcrumb","itemListElement":[{"@type":"ListItem","position":1,"name":"Accueil","item":"https:\/\/www.satt.fr\/en\/"},{"@type":"ListItem","position":2,"name":"La Success Story du mois : SON"}]},{"@type":"WebSite","@id":"https:\/\/www.satt.fr\/en\/#website","url":"https:\/\/www.satt.fr\/en\/","name":"R\u00e9seau SATT","description":"Les Soci\u00e9t\u00e9s d&#039;Acc\u00e9l\u00e9ration du Transfert de Technologies","potentialAction":[{"@type":"SearchAction","target":{"@type":"EntryPoint","urlTemplate":"https:\/\/www.satt.fr\/en\/?s={search_term_string}"},"query-input":{"@type":"PropertyValueSpecification","valueRequired":true,"valueName":"search_term_string"}}],"inLanguage":"en-US"},{"@type":"Person","@id":"https:\/\/www.satt.fr\/en\/#\/schema\/person\/6f20a7d0bc03146f6e34a9f08d941fec","name":"admin","url":"https:\/\/www.satt.fr\/en\/author\/admin\/"}]}},"_links":{"self":[{"href":"https:\/\/www.satt.fr\/en\/wp-json\/wp\/v2\/posts\/27026","targetHints":{"allow":["GET"]}}],"collection":[{"href":"https:\/\/www.satt.fr\/en\/wp-json\/wp\/v2\/posts"}],"about":[{"href":"https:\/\/www.satt.fr\/en\/wp-json\/wp\/v2\/types\/post"}],"author":[{"embeddable":true,"href":"https:\/\/www.satt.fr\/en\/wp-json\/wp\/v2\/users\/2"}],"replies":[{"embeddable":true,"href":"https:\/\/www.satt.fr\/en\/wp-json\/wp\/v2\/comments?post=27026"}],"version-history":[{"count":4,"href":"https:\/\/www.satt.fr\/en\/wp-json\/wp\/v2\/posts\/27026\/revisions"}],"predecessor-version":[{"id":27045,"href":"https:\/\/www.satt.fr\/en\/wp-json\/wp\/v2\/posts\/27026\/revisions\/27045"}],"wp:featuredmedia":[{"embeddable":true,"href":"https:\/\/www.satt.fr\/en\/wp-json\/wp\/v2\/media\/26899"}],"wp:attachment":[{"href":"https:\/\/www.satt.fr\/en\/wp-json\/wp\/v2\/media?parent=27026"}],"wp:term":[{"taxonomy":"category","embeddable":true,"href":"https:\/\/www.satt.fr\/en\/wp-json\/wp\/v2\/categories?post=27026"},{"taxonomy":"post_tag","embeddable":true,"href":"https:\/\/www.satt.fr\/en\/wp-json\/wp\/v2\/tags?post=27026"}],"curies":[{"name":"wp","href":"https:\/\/api.w.org\/{rel}","templated":true}]}}