{"id":27129,"date":"2021-07-13T10:02:21","date_gmt":"2021-07-13T08:02:21","guid":{"rendered":"https:\/\/www.satt.fr\/satt-paris-saclay-appels-a-candidatures\/"},"modified":"2021-07-13T10:02:21","modified_gmt":"2021-07-13T08:02:21","slug":"satt-paris-saclay-appels-a-candidatures","status":"publish","type":"post","link":"https:\/\/www.satt.fr\/en\/satt-paris-saclay-appels-a-candidatures\/","title":{"rendered":"SATT Paris-Saclay | Appels \u00e0 candidatures"},"content":{"rendered":"<h3>TRANSF\u00c9REZ VOTRE TECHNO VERS UN INDUSTRIEL OU VIA LA CR\u00c9ATION DE START-UP !\u00a0<\/h3>\n<h3>\u25ba 3 profils, 3 offres d&#8217;accompagnement \u25c4\u00a0<\/h3>\n<p>&nbsp;<\/p>\n<div class=\"fusion-clearfix\"><strong>PhD Transfer Program : valorisez vos r\u00e9sultats <span style=\"font-style: inherit;\">de th\u00e8se !<\/span><\/strong><\/div>\n<div class=\"fusion-clearfix\">Objectif :\u00a0r\u00e9aliser une preuve de concept applicative et d\u00e9finir une strat\u00e9gie de transfert technologique optimale.<\/div>\n<div>\u00a0<\/div>\n<div class=\"fusion-layout-column fusion_builder_column fusion-builder-column-16 fusion_builder_column_1_1 1_1 fusion-one-full fusion-column-first fusion-column-last fusion-column-no-min-height\">\n<div class=\"fusion-column-wrapper fusion-flex-column-wrapper-legacy\">\n<div class=\"fusion-clearfix\">\n<div class=\"fusion-clearfix\"><strong>Poc&#8217;Up Program : r\u00e9alisez votre preuve <span style=\"font-style: inherit;\">de concept applicative !<\/span><\/strong><\/div>\n<div class=\"fusion-clearfix\">Objectif :\u00a0r\u00e9aliser une preuve de concept applicative sur un march\u00e9 identifi\u00e9.<\/div>\n<\/div>\n<\/div>\n<\/div>\n<div>\u00a0<\/div>\n<div>\n<div class=\"fusion-clearfix\"><strong>Tech Transfer Program : transf\u00e9rez votre technologie vers les march\u00e9s !<\/strong><\/div>\n<div class=\"fusion-clearfix\">Objectif : lever les verrous techniques et s\u00e9curiser la propri\u00e9t\u00e9 intellectuelle pour transformer une technologie en produit et r\u00e9ussir son transfert industriel.<\/div>\n<\/div>\n<p>&nbsp;<\/p>\n<p style=\"text-align: center;\"><strong>Cl\u00f4ture : 17 septembre 2021<\/strong><\/p>\n<p style=\"text-align: center;\"><a href=\"https:\/\/satt-paris-saclay.fr\/nos-appels-a-candidatures\/\"><strong>D\u00e9couvrir les dispositifs de financement et d&#8217;accompagnement<\/strong><\/a><\/p>\n<p>&nbsp;<\/p>\n<blockquote>\n<p style=\"text-align: center;\"><strong>\u25baWebinaire <\/strong><strong>sp\u00e9cial Appels \u00e0 candidatures \u25c4<\/strong><\/p>\n<\/blockquote>\n<p style=\"text-align: center;\"><strong>3 septembre | 13h15 &#8211; 14h00<\/strong><\/p>\n<p style=\"text-align: center;\"><a href=\"https:\/\/www.eventbrite.fr\/e\/billets-webinaire-aac-satt-paris-saclay-162634457039?utm_source=Sarbacane&amp;utm_medium=email&amp;utm_campaign=Webinaires%20AACs%20Sept.%202021\"><strong>Inscription<\/strong><\/a><\/p>\n","protected":false},"excerpt":{"rendered":"<p>TRANSF\u00c9REZ VOTRE TECHNO VERS UN INDUSTRIEL OU VIA LA CR\u00c9ATION DE START-UP !\u00a0 \u25ba 3 profils, 3 offres d&#8217;accompagnement \u25c4\u00a0 &nbsp; PhD Transfer Program : valorisez vos r\u00e9sultats de th\u00e8se ! Objectif :\u00a0r\u00e9aliser une preuve de concept applicative et d\u00e9finir une strat\u00e9gie de transfert technologique optimale. \u00a0 Poc&#8217;Up Program : r\u00e9alisez votre preuve de concept [&hellip;]<\/p>\n","protected":false},"author":39,"featured_media":26357,"comment_status":"closed","ping_status":"closed","sticky":false,"template":"","format":"standard","meta":{"_acf_changed":false,"footnotes":""},"categories":[567],"tags":[],"class_list":["post-27129","post","type-post","status-publish","format-standard","has-post-thumbnail","hentry","category-news-en"],"acf":[],"yoast_head":"<!-- This site is optimized with the Yoast SEO plugin v27.4 - https:\/\/yoast.com\/product\/yoast-seo-wordpress\/ -->\n<title>SATT Paris-Saclay | Appels \u00e0 candidatures - R\u00e9seau SATT<\/title>\n<meta name=\"description\" content=\"TRANSF\u00c9REZ VOTRE TECHNO VERS UN INDUSTRIEL OU VIA LA CR\u00c9ATION DE START-UP !\u00a0\" \/>\n<meta name=\"robots\" content=\"index, follow, max-snippet:-1, max-image-preview:large, max-video-preview:-1\" \/>\n<link rel=\"canonical\" href=\"https:\/\/www.satt.fr\/en\/satt-paris-saclay-appels-a-candidatures\/\" \/>\n<meta name=\"twitter:label1\" content=\"Written by\" \/>\n\t<meta name=\"twitter:data1\" content=\"melanie.trombik@satt-paris-saclay.fr\" \/>\n\t<meta name=\"twitter:label2\" content=\"Est. reading time\" \/>\n\t<meta name=\"twitter:data2\" content=\"1 minute\" \/>\n<script type=\"application\/ld+json\" class=\"yoast-schema-graph\">{\"@context\":\"https:\\\/\\\/schema.org\",\"@graph\":[{\"@type\":\"Article\",\"@id\":\"https:\\\/\\\/www.satt.fr\\\/en\\\/satt-paris-saclay-appels-a-candidatures\\\/#article\",\"isPartOf\":{\"@id\":\"https:\\\/\\\/www.satt.fr\\\/en\\\/satt-paris-saclay-appels-a-candidatures\\\/\"},\"author\":{\"name\":\"melanie.trombik@satt-paris-saclay.fr\",\"@id\":\"https:\\\/\\\/www.satt.fr\\\/en\\\/#\\\/schema\\\/person\\\/c8176fb0c5d825bf4c64b0e47e0cedee\"},\"headline\":\"SATT Paris-Saclay | Appels \u00e0 candidatures\",\"datePublished\":\"2021-07-13T08:02:21+00:00\",\"mainEntityOfPage\":{\"@id\":\"https:\\\/\\\/www.satt.fr\\\/en\\\/satt-paris-saclay-appels-a-candidatures\\\/\"},\"wordCount\":132,\"image\":{\"@id\":\"https:\\\/\\\/www.satt.fr\\\/en\\\/satt-paris-saclay-appels-a-candidatures\\\/#primaryimage\"},\"thumbnailUrl\":\"https:\\\/\\\/www.satt.fr\\\/wp-content\\\/uploads\\\/2021\\\/07\\\/px-img-reseau-satt.jpg\",\"articleSection\":[\"News\"],\"inLanguage\":\"en-US\"},{\"@type\":\"WebPage\",\"@id\":\"https:\\\/\\\/www.satt.fr\\\/en\\\/satt-paris-saclay-appels-a-candidatures\\\/\",\"url\":\"https:\\\/\\\/www.satt.fr\\\/en\\\/satt-paris-saclay-appels-a-candidatures\\\/\",\"name\":\"SATT Paris-Saclay | Appels \u00e0 candidatures - R\u00e9seau SATT\",\"isPartOf\":{\"@id\":\"https:\\\/\\\/www.satt.fr\\\/en\\\/#website\"},\"primaryImageOfPage\":{\"@id\":\"https:\\\/\\\/www.satt.fr\\\/en\\\/satt-paris-saclay-appels-a-candidatures\\\/#primaryimage\"},\"image\":{\"@id\":\"https:\\\/\\\/www.satt.fr\\\/en\\\/satt-paris-saclay-appels-a-candidatures\\\/#primaryimage\"},\"thumbnailUrl\":\"https:\\\/\\\/www.satt.fr\\\/wp-content\\\/uploads\\\/2021\\\/07\\\/px-img-reseau-satt.jpg\",\"datePublished\":\"2021-07-13T08:02:21+00:00\",\"author\":{\"@id\":\"https:\\\/\\\/www.satt.fr\\\/en\\\/#\\\/schema\\\/person\\\/c8176fb0c5d825bf4c64b0e47e0cedee\"},\"description\":\"TRANSF\u00c9REZ VOTRE TECHNO VERS UN INDUSTRIEL OU VIA LA CR\u00c9ATION DE START-UP !\u00a0\",\"breadcrumb\":{\"@id\":\"https:\\\/\\\/www.satt.fr\\\/en\\\/satt-paris-saclay-appels-a-candidatures\\\/#breadcrumb\"},\"inLanguage\":\"en-US\",\"potentialAction\":[{\"@type\":\"ReadAction\",\"target\":[\"https:\\\/\\\/www.satt.fr\\\/en\\\/satt-paris-saclay-appels-a-candidatures\\\/\"]}]},{\"@type\":\"ImageObject\",\"inLanguage\":\"en-US\",\"@id\":\"https:\\\/\\\/www.satt.fr\\\/en\\\/satt-paris-saclay-appels-a-candidatures\\\/#primaryimage\",\"url\":\"https:\\\/\\\/www.satt.fr\\\/wp-content\\\/uploads\\\/2021\\\/07\\\/px-img-reseau-satt.jpg\",\"contentUrl\":\"https:\\\/\\\/www.satt.fr\\\/wp-content\\\/uploads\\\/2021\\\/07\\\/px-img-reseau-satt.jpg\",\"width\":947,\"height\":529},{\"@type\":\"BreadcrumbList\",\"@id\":\"https:\\\/\\\/www.satt.fr\\\/en\\\/satt-paris-saclay-appels-a-candidatures\\\/#breadcrumb\",\"itemListElement\":[{\"@type\":\"ListItem\",\"position\":1,\"name\":\"Accueil\",\"item\":\"https:\\\/\\\/www.satt.fr\\\/en\\\/\"},{\"@type\":\"ListItem\",\"position\":2,\"name\":\"SATT Paris-Saclay | Appels \u00e0 candidatures\"}]},{\"@type\":\"WebSite\",\"@id\":\"https:\\\/\\\/www.satt.fr\\\/en\\\/#website\",\"url\":\"https:\\\/\\\/www.satt.fr\\\/en\\\/\",\"name\":\"R\u00e9seau SATT\",\"description\":\"Les Soci\u00e9t\u00e9s d&#039;Acc\u00e9l\u00e9ration du Transfert de Technologies\",\"potentialAction\":[{\"@type\":\"SearchAction\",\"target\":{\"@type\":\"EntryPoint\",\"urlTemplate\":\"https:\\\/\\\/www.satt.fr\\\/en\\\/?s={search_term_string}\"},\"query-input\":{\"@type\":\"PropertyValueSpecification\",\"valueRequired\":true,\"valueName\":\"search_term_string\"}}],\"inLanguage\":\"en-US\"},{\"@type\":\"Person\",\"@id\":\"https:\\\/\\\/www.satt.fr\\\/en\\\/#\\\/schema\\\/person\\\/c8176fb0c5d825bf4c64b0e47e0cedee\",\"name\":\"melanie.trombik@satt-paris-saclay.fr\",\"url\":\"https:\\\/\\\/www.satt.fr\\\/en\\\/author\\\/melanie-trombiksatt-paris-saclay-fr\\\/\"}]}<\/script>\n<!-- \/ Yoast SEO plugin. -->","yoast_head_json":{"title":"SATT Paris-Saclay | Appels \u00e0 candidatures - R\u00e9seau SATT","description":"TRANSF\u00c9REZ VOTRE TECHNO VERS UN INDUSTRIEL OU VIA LA CR\u00c9ATION DE START-UP !\u00a0","robots":{"index":"index","follow":"follow","max-snippet":"max-snippet:-1","max-image-preview":"max-image-preview:large","max-video-preview":"max-video-preview:-1"},"canonical":"https:\/\/www.satt.fr\/en\/satt-paris-saclay-appels-a-candidatures\/","twitter_misc":{"Written by":"melanie.trombik@satt-paris-saclay.fr","Est. reading time":"1 minute"},"schema":{"@context":"https:\/\/schema.org","@graph":[{"@type":"Article","@id":"https:\/\/www.satt.fr\/en\/satt-paris-saclay-appels-a-candidatures\/#article","isPartOf":{"@id":"https:\/\/www.satt.fr\/en\/satt-paris-saclay-appels-a-candidatures\/"},"author":{"name":"melanie.trombik@satt-paris-saclay.fr","@id":"https:\/\/www.satt.fr\/en\/#\/schema\/person\/c8176fb0c5d825bf4c64b0e47e0cedee"},"headline":"SATT Paris-Saclay | Appels \u00e0 candidatures","datePublished":"2021-07-13T08:02:21+00:00","mainEntityOfPage":{"@id":"https:\/\/www.satt.fr\/en\/satt-paris-saclay-appels-a-candidatures\/"},"wordCount":132,"image":{"@id":"https:\/\/www.satt.fr\/en\/satt-paris-saclay-appels-a-candidatures\/#primaryimage"},"thumbnailUrl":"https:\/\/www.satt.fr\/wp-content\/uploads\/2021\/07\/px-img-reseau-satt.jpg","articleSection":["News"],"inLanguage":"en-US"},{"@type":"WebPage","@id":"https:\/\/www.satt.fr\/en\/satt-paris-saclay-appels-a-candidatures\/","url":"https:\/\/www.satt.fr\/en\/satt-paris-saclay-appels-a-candidatures\/","name":"SATT Paris-Saclay | Appels \u00e0 candidatures - R\u00e9seau SATT","isPartOf":{"@id":"https:\/\/www.satt.fr\/en\/#website"},"primaryImageOfPage":{"@id":"https:\/\/www.satt.fr\/en\/satt-paris-saclay-appels-a-candidatures\/#primaryimage"},"image":{"@id":"https:\/\/www.satt.fr\/en\/satt-paris-saclay-appels-a-candidatures\/#primaryimage"},"thumbnailUrl":"https:\/\/www.satt.fr\/wp-content\/uploads\/2021\/07\/px-img-reseau-satt.jpg","datePublished":"2021-07-13T08:02:21+00:00","author":{"@id":"https:\/\/www.satt.fr\/en\/#\/schema\/person\/c8176fb0c5d825bf4c64b0e47e0cedee"},"description":"TRANSF\u00c9REZ VOTRE TECHNO VERS UN INDUSTRIEL OU VIA LA CR\u00c9ATION DE START-UP !\u00a0","breadcrumb":{"@id":"https:\/\/www.satt.fr\/en\/satt-paris-saclay-appels-a-candidatures\/#breadcrumb"},"inLanguage":"en-US","potentialAction":[{"@type":"ReadAction","target":["https:\/\/www.satt.fr\/en\/satt-paris-saclay-appels-a-candidatures\/"]}]},{"@type":"ImageObject","inLanguage":"en-US","@id":"https:\/\/www.satt.fr\/en\/satt-paris-saclay-appels-a-candidatures\/#primaryimage","url":"https:\/\/www.satt.fr\/wp-content\/uploads\/2021\/07\/px-img-reseau-satt.jpg","contentUrl":"https:\/\/www.satt.fr\/wp-content\/uploads\/2021\/07\/px-img-reseau-satt.jpg","width":947,"height":529},{"@type":"BreadcrumbList","@id":"https:\/\/www.satt.fr\/en\/satt-paris-saclay-appels-a-candidatures\/#breadcrumb","itemListElement":[{"@type":"ListItem","position":1,"name":"Accueil","item":"https:\/\/www.satt.fr\/en\/"},{"@type":"ListItem","position":2,"name":"SATT Paris-Saclay | Appels \u00e0 candidatures"}]},{"@type":"WebSite","@id":"https:\/\/www.satt.fr\/en\/#website","url":"https:\/\/www.satt.fr\/en\/","name":"R\u00e9seau SATT","description":"Les Soci\u00e9t\u00e9s d&#039;Acc\u00e9l\u00e9ration du Transfert de Technologies","potentialAction":[{"@type":"SearchAction","target":{"@type":"EntryPoint","urlTemplate":"https:\/\/www.satt.fr\/en\/?s={search_term_string}"},"query-input":{"@type":"PropertyValueSpecification","valueRequired":true,"valueName":"search_term_string"}}],"inLanguage":"en-US"},{"@type":"Person","@id":"https:\/\/www.satt.fr\/en\/#\/schema\/person\/c8176fb0c5d825bf4c64b0e47e0cedee","name":"melanie.trombik@satt-paris-saclay.fr","url":"https:\/\/www.satt.fr\/en\/author\/melanie-trombiksatt-paris-saclay-fr\/"}]}},"_links":{"self":[{"href":"https:\/\/www.satt.fr\/en\/wp-json\/wp\/v2\/posts\/27129","targetHints":{"allow":["GET"]}}],"collection":[{"href":"https:\/\/www.satt.fr\/en\/wp-json\/wp\/v2\/posts"}],"about":[{"href":"https:\/\/www.satt.fr\/en\/wp-json\/wp\/v2\/types\/post"}],"author":[{"embeddable":true,"href":"https:\/\/www.satt.fr\/en\/wp-json\/wp\/v2\/users\/39"}],"replies":[{"embeddable":true,"href":"https:\/\/www.satt.fr\/en\/wp-json\/wp\/v2\/comments?post=27129"}],"version-history":[{"count":0,"href":"https:\/\/www.satt.fr\/en\/wp-json\/wp\/v2\/posts\/27129\/revisions"}],"wp:featuredmedia":[{"embeddable":true,"href":"https:\/\/www.satt.fr\/en\/wp-json\/wp\/v2\/media\/26357"}],"wp:attachment":[{"href":"https:\/\/www.satt.fr\/en\/wp-json\/wp\/v2\/media?parent=27129"}],"wp:term":[{"taxonomy":"category","embeddable":true,"href":"https:\/\/www.satt.fr\/en\/wp-json\/wp\/v2\/categories?post=27129"},{"taxonomy":"post_tag","embeddable":true,"href":"https:\/\/www.satt.fr\/en\/wp-json\/wp\/v2\/tags?post=27129"}],"curies":[{"name":"wp","href":"https:\/\/api.w.org\/{rel}","templated":true}]}}