{"id":27149,"date":"2021-06-10T09:25:08","date_gmt":"2021-06-10T07:25:08","guid":{"rendered":"https:\/\/www.satt.fr\/erganeo-appel-a-manifestation-dinteret-seniors-et-sante\/"},"modified":"2021-06-10T09:25:08","modified_gmt":"2021-06-10T07:25:08","slug":"erganeo-appel-a-manifestation-dinteret-seniors-et-sante","status":"publish","type":"post","link":"https:\/\/www.satt.fr\/en\/erganeo-appel-a-manifestation-dinteret-seniors-et-sante\/","title":{"rendered":"Erganeo : Appel \u00e0 Manifestation d\u2019Int\u00e9r\u00eat Seniors et sant\u00e9"},"content":{"rendered":"<p style=\"font-weight: 400;\"><b><strong>Erganeo lance deux appels \u00e0 manifestation d&#8217;int\u00e9r\u00eat sur la th\u00e9matique Seniors et sant\u00e9.<\/strong><\/b><\/p>\n<p style=\"font-weight: 400;\">L\u2019objectif de cet AMI est de soutenir les projets de recherche innovants pouvant apporter des solutions dans le domaine de la sant\u00e9 et la prise en charge de la personne \u00e2g\u00e9e, sur des affections courantes et\/ou sp\u00e9cifiques.<\/p>\n<p style=\"font-weight: 400;\"><b><strong>Axes propos\u00e9s\u00a0:<\/strong><\/b><\/p>\n<ul style=\"font-weight: 400;\">\n<li><b><strong>PATHOLOGIES LIES AU VIEILLISSEMENT<\/strong><\/b>\u00a0: notamment maladies neurod\u00e9g\u00e9n\u00e9ratives, cancers, diab\u00e8te, etc. Etudes visant la POC sur Nouvelles Cibles et\/ou Nouvelles Th\u00e9rapeutiques (m\u00e9dicaments chimiques ou bioth\u00e9rapies au sens large notamment anticorps, prot\u00e9ines, th\u00e9rapie cellulaire ou g\u00e9nique etc.), visant une maladie sp\u00e9cifique de la personne \u00e2g\u00e9e, ou strat\u00e9gie non m\u00e9dicamenteuse.<\/li>\n<li><b><strong>SOINS HOSPITALIERS &amp; TECHNOLOGIES<\/strong><\/b>\u00a0visant \u00e0 am\u00e9liorer la prise en charge des cas de maladie grave du patient ag\u00e9 en milieu hospitalier<\/li>\n<li><b><strong>DIAGNOSTIC, PRONOSTIC &amp; DIAGNOSTIC COMPANION<\/strong><\/b>\u00a0: d\u00e9pistage, d\u00e9pistage pr\u00e9coce, aide au suivi th\u00e9rapeutique, aide au diagnostic, biochips, m\u00e9decine personnalis\u00e9e etc.<\/li>\n<li><b><strong>STRATEGIE ALIMENTAIRE &amp; NUTRITION SANTE<\/strong><\/b>, microbiote en lien avec les affections courantes dans le cas des personnes \u00e2g\u00e9es.<\/li>\n<li><b><strong>TECHNOLOGIES MEDICALES<\/strong><\/b>, e-sant\u00e9 ou IA Sant\u00e9 : en support du patient ou du praticien, aide \u00e0 l\u2019observance des traitements, au suivi th\u00e9rapeutique ou l\u2019orientation des traitements, dispositifs m\u00e9dicaux adapt\u00e9s \u00e0 l\u2019\u00e2ge des patients, les objets connect\u00e9s pour le suivi des patients, la robotique de t\u00e9l\u00e9-pr\u00e9sence, de surveillance ou d\u2019assistance, etc.<\/li>\n<li><b><strong>AUTONOMIE du patient \u00e2g\u00e9<\/strong><\/b><\/li>\n<li><b><strong>BIEN-\u00caTRE &amp; QUALITE DE VIE du patient \u00e2g\u00e9<\/strong><\/b>, Soins de support ou soins de confort : \u00e9tudes ou technologies visant \u00e0 appr\u00e9cier ou soulager le patient dans sa vie de tous les jours, sur des affections courantes et li\u00e9es \u00e0 sa pathologie en lien direct ou indirect.<\/li>\n<li><b><strong>Sciences Humaines &amp; Sociales<\/strong><\/b>\u00a0: \u00e9tudes visant \u00e0 appr\u00e9hender le patient dans sa globalit\u00e9, face \u00e0 sa pathologie et d\u00e9finir des axes d\u2019am\u00e9lioration dans sa prise en charge, que ce soit au niveau th\u00e9rapeutique, ou dans sa vie de tous les jours.<\/li>\n<li><b><strong>R\u00e9g\u00e9n\u00e9ration cellulaire et tissulaire\u00a0<\/strong><\/b>: strat\u00e9gies visant \u00e0 r\u00e9g\u00e9n\u00e9rer un tissus ou un organe endommag\u00e9 ou \u00e0 en limiter le vieillissement, cicatrisation, woundcare, \u2026<\/li>\n<\/ul>\n<p style=\"font-weight: 400;\"><b><strong><em>Pourquoi ?<\/em><\/strong><\/b>\u00a0\u00a0Soutenir les projets de recherche sur la th\u00e9matique seniors et sant\u00e9<b><strong>,<\/strong><\/b><b><strong>\u00a0<\/strong><\/b>pouvant apporter des solutions dans le domaine de la sant\u00e9 et la prise en charge de la personne \u00e2g\u00e9e.<\/p>\n<p style=\"font-weight: 400;\"><b><strong><em>Pour qui ?<\/em><\/strong><\/b>\u00a0 Tous les\u00a0chercheurs souhaitant valoriser\u00a0leurs projets de recherche.<\/p>\n<p style=\"font-weight: 400;\"><b><strong><em>Quand ?\u00a0\u00a0<\/em><\/strong><\/b>L\u2019appel est ouvert jusqu\u2019au 30 juillet\u00a02021<\/p>\n<p style=\"font-weight: 400;\">\u00a0Deux th\u00e9matiques :<\/p>\n<ul style=\"font-weight: 400;\">\n<li><b>Start-Up Factory<\/b>\u00a0&gt; <a class=\"file file--mime-application-vnd-openxmlformats-officedocument-wordprocessingml-document file--x-office-document\" title=\"T\u00e9l\u00e9charger le dossier de candidature\" href=\"\/sites\/default\/files\/inline-files\/Dossier%20Candidature%20SU%20Factory_Senior%26Sant%C3%A9_3.docx\" target=\"_blank\" rel=\"noopener\" data-cke-saved-href=\"\/sites\/default\/files\/inline-files\/Dossier%20Candidature%20SU%20Factory_Senior%26Sant%C3%A9_3.docx\" data-entity-uuid=\"2c532f32-db7b-4c3a-90f8-adbce2046cbf\" data-entity-type=\"file\">T\u00e9l\u00e9charger le dossier de candidature<\/a><a class=\"file file--mime-application-vnd-openxmlformats-officedocument-wordprocessingml-document file--x-office-document\" title=\"T\u00e9l\u00e9charger le dossier de candidature\" href=\"\/sites\/default\/files\/inline-files\/Dossier%20Candidature%20SU%20Factory_Senior%26Sant%C3%A9_2.docx\" target=\"_blank\" rel=\"noopener\" data-entity-type=\"file\" data-entity-uuid=\"3ce3d3bb-ad35-4bbc-b41d-9327e4257231\" data-cke-saved-href=\"\/sites\/default\/files\/inline-files\/Dossier%20Candidature%20SU%20Factory_Senior%26Sant%C3%A9_2.docx\" data-cke-saved-title=\"T\u00e9l\u00e9charger le dossier de candidature\" data-cke-saved-class=\"file file--mime-application-vnd-openxmlformats-officedocument-wordprocessingml-document file--x-office-document\" data-cke-saved-target=\"_blank\" data-cke-saved-data-entity-uuid=\"3ce3d3bb-ad35-4bbc-b41d-9327e4257231\" data-cke-saved-data-entity-type=\"file\">&#8211;<\/a>&#8211;\u00a0contact : ami-su@erganeo.com<\/li>\n<li><b>G\u00e9n\u00e9ration PI<\/b>\u00a0&gt; &#8211; <a class=\"file file--mime-application-vnd-openxmlformats-officedocument-wordprocessingml-document file--x-office-document\" title=\"T\u00e9l\u00e9charger le dossier de candidature \" href=\"\/sites\/default\/files\/inline-files\/Dossier%20Candidature%20Generation%20PI_Senior%26Sant%C3%A9_3.docx\" target=\"_blank\" rel=\"noopener\" data-cke-saved-href=\"\/sites\/default\/files\/inline-files\/Dossier%20Candidature%20Generation%20PI_Senior%26Sant%C3%A9_3.docx\" data-entity-uuid=\"edac08c7-1747-46f3-9a46-1eaa3f951ab0\" data-entity-type=\"file\">T\u00e9l\u00e9charger le dossier de candidature<\/a>&#8211;\u00a0contact : ami-pi@erganeo.com<\/li>\n<\/ul>\n<p>&nbsp;<\/p>\n<p><img loading=\"lazy\" decoding=\"async\" class=\"wp-image-25553 aligncenter\" src=\"https:\/\/www.satt.fr\/wp-content\/uploads\/2021\/06\/Image1.png\" alt=\"\" width=\"555\" height=\"424\" srcset=\"https:\/\/www.satt.fr\/wp-content\/uploads\/2021\/06\/Image1.png 772w, https:\/\/www.satt.fr\/wp-content\/uploads\/2021\/06\/Image1-300x229.png 300w, https:\/\/www.satt.fr\/wp-content\/uploads\/2021\/06\/Image1-150x115.png 150w, https:\/\/www.satt.fr\/wp-content\/uploads\/2021\/06\/Image1-768x587.png 768w, https:\/\/www.satt.fr\/wp-content\/uploads\/2021\/06\/Image1-500x382.png 500w, https:\/\/www.satt.fr\/wp-content\/uploads\/2021\/06\/Image1-600x459.png 600w, https:\/\/www.satt.fr\/wp-content\/uploads\/2021\/06\/Image1-131x100.png 131w\" sizes=\"auto, (max-width: 555px) 100vw, 555px\" \/><\/p>\n","protected":false},"excerpt":{"rendered":"<p>Erganeo lance deux appels \u00e0 manifestation d&#8217;int\u00e9r\u00eat sur la th\u00e9matique Seniors et sant\u00e9. L\u2019objectif de cet AMI est de soutenir les projets de recherche innovants pouvant apporter des solutions dans le domaine de la sant\u00e9 et la prise en charge de la personne \u00e2g\u00e9e, sur des affections courantes et\/ou sp\u00e9cifiques. Axes propos\u00e9s\u00a0: PATHOLOGIES LIES AU [&hellip;]<\/p>\n","protected":false},"author":38,"featured_media":27151,"comment_status":"closed","ping_status":"closed","sticky":false,"template":"","format":"standard","meta":{"_acf_changed":false,"footnotes":""},"categories":[567],"tags":[],"class_list":["post-27149","post","type-post","status-publish","format-standard","has-post-thumbnail","hentry","category-news-en"],"acf":[],"yoast_head":"<!-- This site is optimized with the Yoast SEO plugin v27.4 - https:\/\/yoast.com\/product\/yoast-seo-wordpress\/ -->\n<title>Erganeo : Appel \u00e0 Manifestation d\u2019Int\u00e9r\u00eat Seniors et sant\u00e9 - R\u00e9seau SATT<\/title>\n<meta name=\"robots\" content=\"index, follow, max-snippet:-1, max-image-preview:large, max-video-preview:-1\" \/>\n<link rel=\"canonical\" href=\"https:\/\/www.satt.fr\/en\/erganeo-appel-a-manifestation-dinteret-seniors-et-sante\/\" \/>\n<meta name=\"twitter:label1\" content=\"Written by\" \/>\n\t<meta name=\"twitter:data1\" content=\"Sami Nouili\" \/>\n\t<meta name=\"twitter:label2\" content=\"Est. reading time\" \/>\n\t<meta name=\"twitter:data2\" content=\"2 minutes\" \/>\n<script type=\"application\/ld+json\" class=\"yoast-schema-graph\">{\"@context\":\"https:\\\/\\\/schema.org\",\"@graph\":[{\"@type\":\"Article\",\"@id\":\"https:\\\/\\\/www.satt.fr\\\/en\\\/erganeo-appel-a-manifestation-dinteret-seniors-et-sante\\\/#article\",\"isPartOf\":{\"@id\":\"https:\\\/\\\/www.satt.fr\\\/en\\\/erganeo-appel-a-manifestation-dinteret-seniors-et-sante\\\/\"},\"author\":{\"name\":\"Sami Nouili\",\"@id\":\"https:\\\/\\\/www.satt.fr\\\/en\\\/#\\\/schema\\\/person\\\/a0aa411683249636732f5b721e12aa53\"},\"headline\":\"Erganeo : Appel \u00e0 Manifestation d\u2019Int\u00e9r\u00eat Seniors et sant\u00e9\",\"datePublished\":\"2021-06-10T07:25:08+00:00\",\"mainEntityOfPage\":{\"@id\":\"https:\\\/\\\/www.satt.fr\\\/en\\\/erganeo-appel-a-manifestation-dinteret-seniors-et-sante\\\/\"},\"wordCount\":466,\"image\":{\"@id\":\"https:\\\/\\\/www.satt.fr\\\/en\\\/erganeo-appel-a-manifestation-dinteret-seniors-et-sante\\\/#primaryimage\"},\"thumbnailUrl\":\"https:\\\/\\\/www.satt.fr\\\/wp-content\\\/uploads\\\/2021\\\/06\\\/serene-old-woman-portrait-min-scaled.jpg\",\"articleSection\":[\"News\"],\"inLanguage\":\"en-US\"},{\"@type\":\"WebPage\",\"@id\":\"https:\\\/\\\/www.satt.fr\\\/en\\\/erganeo-appel-a-manifestation-dinteret-seniors-et-sante\\\/\",\"url\":\"https:\\\/\\\/www.satt.fr\\\/en\\\/erganeo-appel-a-manifestation-dinteret-seniors-et-sante\\\/\",\"name\":\"Erganeo : Appel \u00e0 Manifestation d\u2019Int\u00e9r\u00eat Seniors et sant\u00e9 - R\u00e9seau SATT\",\"isPartOf\":{\"@id\":\"https:\\\/\\\/www.satt.fr\\\/en\\\/#website\"},\"primaryImageOfPage\":{\"@id\":\"https:\\\/\\\/www.satt.fr\\\/en\\\/erganeo-appel-a-manifestation-dinteret-seniors-et-sante\\\/#primaryimage\"},\"image\":{\"@id\":\"https:\\\/\\\/www.satt.fr\\\/en\\\/erganeo-appel-a-manifestation-dinteret-seniors-et-sante\\\/#primaryimage\"},\"thumbnailUrl\":\"https:\\\/\\\/www.satt.fr\\\/wp-content\\\/uploads\\\/2021\\\/06\\\/serene-old-woman-portrait-min-scaled.jpg\",\"datePublished\":\"2021-06-10T07:25:08+00:00\",\"author\":{\"@id\":\"https:\\\/\\\/www.satt.fr\\\/en\\\/#\\\/schema\\\/person\\\/a0aa411683249636732f5b721e12aa53\"},\"breadcrumb\":{\"@id\":\"https:\\\/\\\/www.satt.fr\\\/en\\\/erganeo-appel-a-manifestation-dinteret-seniors-et-sante\\\/#breadcrumb\"},\"inLanguage\":\"en-US\",\"potentialAction\":[{\"@type\":\"ReadAction\",\"target\":[\"https:\\\/\\\/www.satt.fr\\\/en\\\/erganeo-appel-a-manifestation-dinteret-seniors-et-sante\\\/\"]}]},{\"@type\":\"ImageObject\",\"inLanguage\":\"en-US\",\"@id\":\"https:\\\/\\\/www.satt.fr\\\/en\\\/erganeo-appel-a-manifestation-dinteret-seniors-et-sante\\\/#primaryimage\",\"url\":\"https:\\\/\\\/www.satt.fr\\\/wp-content\\\/uploads\\\/2021\\\/06\\\/serene-old-woman-portrait-min-scaled.jpg\",\"contentUrl\":\"https:\\\/\\\/www.satt.fr\\\/wp-content\\\/uploads\\\/2021\\\/06\\\/serene-old-woman-portrait-min-scaled.jpg\",\"width\":2560,\"height\":1707},{\"@type\":\"BreadcrumbList\",\"@id\":\"https:\\\/\\\/www.satt.fr\\\/en\\\/erganeo-appel-a-manifestation-dinteret-seniors-et-sante\\\/#breadcrumb\",\"itemListElement\":[{\"@type\":\"ListItem\",\"position\":1,\"name\":\"Accueil\",\"item\":\"https:\\\/\\\/www.satt.fr\\\/en\\\/\"},{\"@type\":\"ListItem\",\"position\":2,\"name\":\"Erganeo : Appel \u00e0 Manifestation d\u2019Int\u00e9r\u00eat Seniors et sant\u00e9\"}]},{\"@type\":\"WebSite\",\"@id\":\"https:\\\/\\\/www.satt.fr\\\/en\\\/#website\",\"url\":\"https:\\\/\\\/www.satt.fr\\\/en\\\/\",\"name\":\"R\u00e9seau SATT\",\"description\":\"Les Soci\u00e9t\u00e9s d&#039;Acc\u00e9l\u00e9ration du Transfert de Technologies\",\"potentialAction\":[{\"@type\":\"SearchAction\",\"target\":{\"@type\":\"EntryPoint\",\"urlTemplate\":\"https:\\\/\\\/www.satt.fr\\\/en\\\/?s={search_term_string}\"},\"query-input\":{\"@type\":\"PropertyValueSpecification\",\"valueRequired\":true,\"valueName\":\"search_term_string\"}}],\"inLanguage\":\"en-US\"},{\"@type\":\"Person\",\"@id\":\"https:\\\/\\\/www.satt.fr\\\/en\\\/#\\\/schema\\\/person\\\/a0aa411683249636732f5b721e12aa53\",\"name\":\"Sami Nouili\",\"url\":\"https:\\\/\\\/www.satt.fr\\\/en\\\/author\\\/sami-nouilierganeo-com\\\/\"}]}<\/script>\n<!-- \/ Yoast SEO plugin. -->","yoast_head_json":{"title":"Erganeo : Appel \u00e0 Manifestation d\u2019Int\u00e9r\u00eat Seniors et sant\u00e9 - R\u00e9seau SATT","robots":{"index":"index","follow":"follow","max-snippet":"max-snippet:-1","max-image-preview":"max-image-preview:large","max-video-preview":"max-video-preview:-1"},"canonical":"https:\/\/www.satt.fr\/en\/erganeo-appel-a-manifestation-dinteret-seniors-et-sante\/","twitter_misc":{"Written by":"Sami Nouili","Est. reading time":"2 minutes"},"schema":{"@context":"https:\/\/schema.org","@graph":[{"@type":"Article","@id":"https:\/\/www.satt.fr\/en\/erganeo-appel-a-manifestation-dinteret-seniors-et-sante\/#article","isPartOf":{"@id":"https:\/\/www.satt.fr\/en\/erganeo-appel-a-manifestation-dinteret-seniors-et-sante\/"},"author":{"name":"Sami Nouili","@id":"https:\/\/www.satt.fr\/en\/#\/schema\/person\/a0aa411683249636732f5b721e12aa53"},"headline":"Erganeo : Appel \u00e0 Manifestation d\u2019Int\u00e9r\u00eat Seniors et sant\u00e9","datePublished":"2021-06-10T07:25:08+00:00","mainEntityOfPage":{"@id":"https:\/\/www.satt.fr\/en\/erganeo-appel-a-manifestation-dinteret-seniors-et-sante\/"},"wordCount":466,"image":{"@id":"https:\/\/www.satt.fr\/en\/erganeo-appel-a-manifestation-dinteret-seniors-et-sante\/#primaryimage"},"thumbnailUrl":"https:\/\/www.satt.fr\/wp-content\/uploads\/2021\/06\/serene-old-woman-portrait-min-scaled.jpg","articleSection":["News"],"inLanguage":"en-US"},{"@type":"WebPage","@id":"https:\/\/www.satt.fr\/en\/erganeo-appel-a-manifestation-dinteret-seniors-et-sante\/","url":"https:\/\/www.satt.fr\/en\/erganeo-appel-a-manifestation-dinteret-seniors-et-sante\/","name":"Erganeo : Appel \u00e0 Manifestation d\u2019Int\u00e9r\u00eat Seniors et sant\u00e9 - R\u00e9seau SATT","isPartOf":{"@id":"https:\/\/www.satt.fr\/en\/#website"},"primaryImageOfPage":{"@id":"https:\/\/www.satt.fr\/en\/erganeo-appel-a-manifestation-dinteret-seniors-et-sante\/#primaryimage"},"image":{"@id":"https:\/\/www.satt.fr\/en\/erganeo-appel-a-manifestation-dinteret-seniors-et-sante\/#primaryimage"},"thumbnailUrl":"https:\/\/www.satt.fr\/wp-content\/uploads\/2021\/06\/serene-old-woman-portrait-min-scaled.jpg","datePublished":"2021-06-10T07:25:08+00:00","author":{"@id":"https:\/\/www.satt.fr\/en\/#\/schema\/person\/a0aa411683249636732f5b721e12aa53"},"breadcrumb":{"@id":"https:\/\/www.satt.fr\/en\/erganeo-appel-a-manifestation-dinteret-seniors-et-sante\/#breadcrumb"},"inLanguage":"en-US","potentialAction":[{"@type":"ReadAction","target":["https:\/\/www.satt.fr\/en\/erganeo-appel-a-manifestation-dinteret-seniors-et-sante\/"]}]},{"@type":"ImageObject","inLanguage":"en-US","@id":"https:\/\/www.satt.fr\/en\/erganeo-appel-a-manifestation-dinteret-seniors-et-sante\/#primaryimage","url":"https:\/\/www.satt.fr\/wp-content\/uploads\/2021\/06\/serene-old-woman-portrait-min-scaled.jpg","contentUrl":"https:\/\/www.satt.fr\/wp-content\/uploads\/2021\/06\/serene-old-woman-portrait-min-scaled.jpg","width":2560,"height":1707},{"@type":"BreadcrumbList","@id":"https:\/\/www.satt.fr\/en\/erganeo-appel-a-manifestation-dinteret-seniors-et-sante\/#breadcrumb","itemListElement":[{"@type":"ListItem","position":1,"name":"Accueil","item":"https:\/\/www.satt.fr\/en\/"},{"@type":"ListItem","position":2,"name":"Erganeo : Appel \u00e0 Manifestation d\u2019Int\u00e9r\u00eat Seniors et sant\u00e9"}]},{"@type":"WebSite","@id":"https:\/\/www.satt.fr\/en\/#website","url":"https:\/\/www.satt.fr\/en\/","name":"R\u00e9seau SATT","description":"Les Soci\u00e9t\u00e9s d&#039;Acc\u00e9l\u00e9ration du Transfert de Technologies","potentialAction":[{"@type":"SearchAction","target":{"@type":"EntryPoint","urlTemplate":"https:\/\/www.satt.fr\/en\/?s={search_term_string}"},"query-input":{"@type":"PropertyValueSpecification","valueRequired":true,"valueName":"search_term_string"}}],"inLanguage":"en-US"},{"@type":"Person","@id":"https:\/\/www.satt.fr\/en\/#\/schema\/person\/a0aa411683249636732f5b721e12aa53","name":"Sami Nouili","url":"https:\/\/www.satt.fr\/en\/author\/sami-nouilierganeo-com\/"}]}},"_links":{"self":[{"href":"https:\/\/www.satt.fr\/en\/wp-json\/wp\/v2\/posts\/27149","targetHints":{"allow":["GET"]}}],"collection":[{"href":"https:\/\/www.satt.fr\/en\/wp-json\/wp\/v2\/posts"}],"about":[{"href":"https:\/\/www.satt.fr\/en\/wp-json\/wp\/v2\/types\/post"}],"author":[{"embeddable":true,"href":"https:\/\/www.satt.fr\/en\/wp-json\/wp\/v2\/users\/38"}],"replies":[{"embeddable":true,"href":"https:\/\/www.satt.fr\/en\/wp-json\/wp\/v2\/comments?post=27149"}],"version-history":[{"count":0,"href":"https:\/\/www.satt.fr\/en\/wp-json\/wp\/v2\/posts\/27149\/revisions"}],"wp:featuredmedia":[{"embeddable":true,"href":"https:\/\/www.satt.fr\/en\/wp-json\/wp\/v2\/media\/27151"}],"wp:attachment":[{"href":"https:\/\/www.satt.fr\/en\/wp-json\/wp\/v2\/media?parent=27149"}],"wp:term":[{"taxonomy":"category","embeddable":true,"href":"https:\/\/www.satt.fr\/en\/wp-json\/wp\/v2\/categories?post=27149"},{"taxonomy":"post_tag","embeddable":true,"href":"https:\/\/www.satt.fr\/en\/wp-json\/wp\/v2\/tags?post=27149"}],"curies":[{"name":"wp","href":"https:\/\/api.w.org\/{rel}","templated":true}]}}