{"id":2800,"date":"2016-08-31T17:11:49","date_gmt":"2016-08-31T15:11:49","guid":{"rendered":"http:\/\/www.satt.fr\/?p=2800"},"modified":"2017-11-13T17:06:59","modified_gmt":"2017-11-13T16:06:59","slug":"2800-2","status":"publish","type":"post","link":"https:\/\/www.satt.fr\/en\/2800-2\/","title":{"rendered":"La SATT Paris-Saclay soutient le projet NOVECAL"},"content":{"rendered":"<p>La SATT Paris-Saclay soutient le projet NOVECAL qui permet de r\u00e9pondre de fa\u00e7on innovante \u00e0 une probl\u00e9matique de la chimie industrielle, plus pr\u00e9cis\u00e9ment de la chimie fine, notamment l\u2019\u00e9limination des catalyseurs utilis\u00e9s lors des synth\u00e8ses de produits chimiques. NOVECAL est le fruit de l\u2019expertise d\u00e9velopp\u00e9e par Cyril Martini et Vincent Huc au sein de l\u2019ICMMO, laboratoire de l\u2019Universit\u00e9 Paris-Sud et du CNRS. A l\u2019issue du projet NOVECAL, une start-up sera cr\u00e9\u00e9e par Cyril Martini.<\/p>\n<p><span style=\"text-decoration: underline;\"><a href=\"https:\/\/www.satt-paris-saclay.fr\/wp-content\/uploads\/2016\/08\/CP_NOVECAL.pdf\" target=\"_blank\" rel=\"noopener\">&gt;&gt; Lire le communiqu\u00e9 de presse<\/a><\/span><\/p>\n","protected":false},"excerpt":{"rendered":"<p>La SATT Paris-Saclay soutient le projet NOVECAL qui permet de r\u00e9pondre de fa\u00e7on innovante \u00e0 une probl\u00e9matique de la chimie industrielle, plus pr\u00e9cis\u00e9ment de la chimie fine, notamment l\u2019\u00e9limination des catalyseurs utilis\u00e9s lors des synth\u00e8ses de produits chimiques. NOVECAL est le fruit de l\u2019expertise d\u00e9velopp\u00e9e par Cyril Martini et Vincent Huc au sein de l\u2019ICMMO, [&hellip;]<\/p>\n","protected":false},"author":4,"featured_media":0,"comment_status":"closed","ping_status":"open","sticky":false,"template":"","format":"standard","meta":{"_acf_changed":false,"footnotes":""},"categories":[535],"tags":[],"class_list":["post-2800","post","type-post","status-publish","format-standard","hentry","category-reussites"],"acf":[],"yoast_head":"<!-- This site is optimized with the Yoast SEO plugin v27.4 - https:\/\/yoast.com\/product\/yoast-seo-wordpress\/ -->\n<title>La SATT Paris-Saclay soutient le projet NOVECAL - R\u00e9seau SATT<\/title>\n<meta name=\"robots\" content=\"index, follow, max-snippet:-1, max-image-preview:large, max-video-preview:-1\" \/>\n<link rel=\"canonical\" href=\"https:\/\/www.satt.fr\/2800-2\/\" \/>\n<meta name=\"twitter:label1\" content=\"Written by\" \/>\n\t<meta name=\"twitter:data1\" content=\"redacteur SATT\" \/>\n<script type=\"application\/ld+json\" class=\"yoast-schema-graph\">{\"@context\":\"https:\\\/\\\/schema.org\",\"@graph\":[{\"@type\":\"Article\",\"@id\":\"https:\\\/\\\/www.satt.fr\\\/2800-2\\\/#article\",\"isPartOf\":{\"@id\":\"https:\\\/\\\/www.satt.fr\\\/2800-2\\\/\"},\"author\":{\"name\":\"redacteur SATT\",\"@id\":\"https:\\\/\\\/www.satt.fr\\\/en\\\/#\\\/schema\\\/person\\\/a6836c00a1284a8188e1a05deb2a5e5c\"},\"headline\":\"La SATT Paris-Saclay soutient le projet NOVECAL\",\"datePublished\":\"2016-08-31T15:11:49+00:00\",\"dateModified\":\"2017-11-13T16:06:59+00:00\",\"mainEntityOfPage\":{\"@id\":\"https:\\\/\\\/www.satt.fr\\\/2800-2\\\/\"},\"wordCount\":102,\"articleSection\":[\"R\u00e9ussites\"],\"inLanguage\":\"en-US\"},{\"@type\":\"WebPage\",\"@id\":\"https:\\\/\\\/www.satt.fr\\\/2800-2\\\/\",\"url\":\"https:\\\/\\\/www.satt.fr\\\/2800-2\\\/\",\"name\":\"La SATT Paris-Saclay soutient le projet NOVECAL - R\u00e9seau SATT\",\"isPartOf\":{\"@id\":\"https:\\\/\\\/www.satt.fr\\\/en\\\/#website\"},\"datePublished\":\"2016-08-31T15:11:49+00:00\",\"dateModified\":\"2017-11-13T16:06:59+00:00\",\"author\":{\"@id\":\"https:\\\/\\\/www.satt.fr\\\/en\\\/#\\\/schema\\\/person\\\/a6836c00a1284a8188e1a05deb2a5e5c\"},\"breadcrumb\":{\"@id\":\"https:\\\/\\\/www.satt.fr\\\/2800-2\\\/#breadcrumb\"},\"inLanguage\":\"en-US\",\"potentialAction\":[{\"@type\":\"ReadAction\",\"target\":[\"https:\\\/\\\/www.satt.fr\\\/2800-2\\\/\"]}]},{\"@type\":\"BreadcrumbList\",\"@id\":\"https:\\\/\\\/www.satt.fr\\\/2800-2\\\/#breadcrumb\",\"itemListElement\":[{\"@type\":\"ListItem\",\"position\":1,\"name\":\"Accueil\",\"item\":\"https:\\\/\\\/www.satt.fr\\\/en\\\/\"},{\"@type\":\"ListItem\",\"position\":2,\"name\":\"La SATT Paris-Saclay soutient le projet NOVECAL\"}]},{\"@type\":\"WebSite\",\"@id\":\"https:\\\/\\\/www.satt.fr\\\/en\\\/#website\",\"url\":\"https:\\\/\\\/www.satt.fr\\\/en\\\/\",\"name\":\"R\u00e9seau SATT\",\"description\":\"Les Soci\u00e9t\u00e9s d&#039;Acc\u00e9l\u00e9ration du Transfert de Technologies\",\"potentialAction\":[{\"@type\":\"SearchAction\",\"target\":{\"@type\":\"EntryPoint\",\"urlTemplate\":\"https:\\\/\\\/www.satt.fr\\\/en\\\/?s={search_term_string}\"},\"query-input\":{\"@type\":\"PropertyValueSpecification\",\"valueRequired\":true,\"valueName\":\"search_term_string\"}}],\"inLanguage\":\"en-US\"},{\"@type\":\"Person\",\"@id\":\"https:\\\/\\\/www.satt.fr\\\/en\\\/#\\\/schema\\\/person\\\/a6836c00a1284a8188e1a05deb2a5e5c\",\"name\":\"redacteur SATT\",\"url\":\"https:\\\/\\\/www.satt.fr\\\/en\\\/author\\\/redacteur\\\/\"}]}<\/script>\n<!-- \/ Yoast SEO plugin. -->","yoast_head_json":{"title":"La SATT Paris-Saclay soutient le projet NOVECAL - R\u00e9seau SATT","robots":{"index":"index","follow":"follow","max-snippet":"max-snippet:-1","max-image-preview":"max-image-preview:large","max-video-preview":"max-video-preview:-1"},"canonical":"https:\/\/www.satt.fr\/2800-2\/","twitter_misc":{"Written by":"redacteur SATT"},"schema":{"@context":"https:\/\/schema.org","@graph":[{"@type":"Article","@id":"https:\/\/www.satt.fr\/2800-2\/#article","isPartOf":{"@id":"https:\/\/www.satt.fr\/2800-2\/"},"author":{"name":"redacteur SATT","@id":"https:\/\/www.satt.fr\/en\/#\/schema\/person\/a6836c00a1284a8188e1a05deb2a5e5c"},"headline":"La SATT Paris-Saclay soutient le projet NOVECAL","datePublished":"2016-08-31T15:11:49+00:00","dateModified":"2017-11-13T16:06:59+00:00","mainEntityOfPage":{"@id":"https:\/\/www.satt.fr\/2800-2\/"},"wordCount":102,"articleSection":["R\u00e9ussites"],"inLanguage":"en-US"},{"@type":"WebPage","@id":"https:\/\/www.satt.fr\/2800-2\/","url":"https:\/\/www.satt.fr\/2800-2\/","name":"La SATT Paris-Saclay soutient le projet NOVECAL - R\u00e9seau SATT","isPartOf":{"@id":"https:\/\/www.satt.fr\/en\/#website"},"datePublished":"2016-08-31T15:11:49+00:00","dateModified":"2017-11-13T16:06:59+00:00","author":{"@id":"https:\/\/www.satt.fr\/en\/#\/schema\/person\/a6836c00a1284a8188e1a05deb2a5e5c"},"breadcrumb":{"@id":"https:\/\/www.satt.fr\/2800-2\/#breadcrumb"},"inLanguage":"en-US","potentialAction":[{"@type":"ReadAction","target":["https:\/\/www.satt.fr\/2800-2\/"]}]},{"@type":"BreadcrumbList","@id":"https:\/\/www.satt.fr\/2800-2\/#breadcrumb","itemListElement":[{"@type":"ListItem","position":1,"name":"Accueil","item":"https:\/\/www.satt.fr\/en\/"},{"@type":"ListItem","position":2,"name":"La SATT Paris-Saclay soutient le projet NOVECAL"}]},{"@type":"WebSite","@id":"https:\/\/www.satt.fr\/en\/#website","url":"https:\/\/www.satt.fr\/en\/","name":"R\u00e9seau SATT","description":"Les Soci\u00e9t\u00e9s d&#039;Acc\u00e9l\u00e9ration du Transfert de Technologies","potentialAction":[{"@type":"SearchAction","target":{"@type":"EntryPoint","urlTemplate":"https:\/\/www.satt.fr\/en\/?s={search_term_string}"},"query-input":{"@type":"PropertyValueSpecification","valueRequired":true,"valueName":"search_term_string"}}],"inLanguage":"en-US"},{"@type":"Person","@id":"https:\/\/www.satt.fr\/en\/#\/schema\/person\/a6836c00a1284a8188e1a05deb2a5e5c","name":"redacteur SATT","url":"https:\/\/www.satt.fr\/en\/author\/redacteur\/"}]}},"_links":{"self":[{"href":"https:\/\/www.satt.fr\/en\/wp-json\/wp\/v2\/posts\/2800","targetHints":{"allow":["GET"]}}],"collection":[{"href":"https:\/\/www.satt.fr\/en\/wp-json\/wp\/v2\/posts"}],"about":[{"href":"https:\/\/www.satt.fr\/en\/wp-json\/wp\/v2\/types\/post"}],"author":[{"embeddable":true,"href":"https:\/\/www.satt.fr\/en\/wp-json\/wp\/v2\/users\/4"}],"replies":[{"embeddable":true,"href":"https:\/\/www.satt.fr\/en\/wp-json\/wp\/v2\/comments?post=2800"}],"version-history":[{"count":1,"href":"https:\/\/www.satt.fr\/en\/wp-json\/wp\/v2\/posts\/2800\/revisions"}],"predecessor-version":[{"id":4607,"href":"https:\/\/www.satt.fr\/en\/wp-json\/wp\/v2\/posts\/2800\/revisions\/4607"}],"wp:attachment":[{"href":"https:\/\/www.satt.fr\/en\/wp-json\/wp\/v2\/media?parent=2800"}],"wp:term":[{"taxonomy":"category","embeddable":true,"href":"https:\/\/www.satt.fr\/en\/wp-json\/wp\/v2\/categories?post=2800"},{"taxonomy":"post_tag","embeddable":true,"href":"https:\/\/www.satt.fr\/en\/wp-json\/wp\/v2\/tags?post=2800"}],"curies":[{"name":"wp","href":"https:\/\/api.w.org\/{rel}","templated":true}]}}