{"id":2867,"date":"2016-09-15T15:16:17","date_gmt":"2016-09-15T13:16:17","guid":{"rendered":"http:\/\/www.satt.fr\/?p=2867"},"modified":"2017-11-13T17:09:38","modified_gmt":"2017-11-13T16:09:38","slug":"programme-convention-nationale-satt","status":"publish","type":"post","link":"https:\/\/www.satt.fr\/en\/programme-convention-nationale-satt\/","title":{"rendered":"D\u00e9couvrez le programme de la deuxi\u00e8me Convention nationale des SATT !"},"content":{"rendered":"<p style=\"text-align: justify;\"><strong>Le 21 Octobre prochain aura lieu la deuxi\u00e8me Convention nationale des SATT\u00a0au\u00a0Centre de Colloques International Sorbonne Universit\u00e9s \u00e0 Paris.\u00a0<\/strong><\/p>\n<p style=\"text-align: justify;\"><strong>D\u00e9couvrez le programme de cet \u00e9v\u00e9nement qui\u00a0mettra en avant les\u00a0r\u00e9sultats des SATT, la dynamique de leur d\u00e9veloppement et leur contribution essentielle au changement culturel majeur que conna\u00eet aujourd\u2019hui la France dans le domaine de l\u2019innovation.<\/strong><!--more--><\/p>\n<p>&nbsp;<\/p>\n<h1 style=\"text-align: center;\">Pl\u00e9ni\u00e8re<\/h1>\n<h3 style=\"text-align: center;\">9h00 &#8211; 12h45<\/h3>\n<p style=\"text-align: center;\">\u00a0<\/p>\n<p style=\"text-align: center;\"><strong>9H00 &#8211; INTRODUCTION<\/strong><\/p>\n<p style=\"text-align: center;\">Chantal VERNIS, Pr\u00e9sidente de la SATT Lutech, au nom du comit\u00e9 d\u2019organisation<\/p>\n<p style=\"text-align: center;\">\u00a0<\/p>\n<p style=\"text-align: center;\"><strong>9H05 &#8211; THIERRY MANDON<\/strong><\/p>\n<p style=\"text-align: center;\">Secr\u00e9taire d\u2019\u00c9tat charg\u00e9 de l\u2019Enseignement sup\u00e9rieur et de la Recherche, aupr\u00e8s de la ministre de l\u2019\u00c9ducation nationale, de l\u2019Enseignement sup\u00e9rieur et de la Recherche<\/p>\n<p style=\"text-align: center;\">\u00a0<\/p>\n<p style=\"text-align: center;\"><strong>9H20 &#8211; GRAND T\u00c9MOIN<\/strong><\/p>\n<p style=\"text-align: center;\">Odile ALLARD, PDG de Fluoptics<\/p>\n<p style=\"text-align: center;\">\u00a0<\/p>\n<p style=\"text-align: center;\"><strong>9H35 &#8211; LES PARTENAIRES DES SATT : DES TRANSFERTS R\u00c9USSIS<\/strong><\/p>\n<p style=\"text-align: center;\">David HERAULT Global R&amp;D Director Bioactives de BASF<\/p>\n<p style=\"text-align: center;\">St\u00e9phanette ENGLARO Pr\u00e9sidente &amp; Directrice op\u00e9rationnelle de In&#8217;Air Solutions<\/p>\n<p style=\"text-align: center;\">Remy STEINSCHNEIDER CEO de Neuron Experts<\/p>\n<p style=\"text-align: center;\">Marie-H\u00e9l\u00e8ne GRAMATIKOFF CEO de Lactips\u00a0\u00a0\u00a0\u00a0<\/p>\n<p style=\"text-align: center;\">\u00a0<\/p>\n<p style=\"text-align: center;\"><strong>10H25 &#8211; RICHESSE DU PORTEFEUILLE DE BREVETS PORT\u00c9S PAR LES SATT<\/strong><\/p>\n<p style=\"text-align: center;\">Fr\u00e9d\u00e9ric CAILLAUD, Directeur de l\u2019innovation, du marketing et de la communication de l\u2019INPI<\/p>\n<p style=\"text-align: center;\">\u00a0<\/p>\n<p style=\"text-align: center;\"><strong>10H40 PAUSE<\/strong><\/p>\n<p style=\"text-align: center;\">\u00a0<\/p>\n<p style=\"text-align: center;\"><strong>11H00 &#8211; GABRIELLE GAUTHEY<\/strong><\/p>\n<p style=\"text-align: center;\">Directrice des Investissements et du D\u00e9veloppement Local, Caisse des D\u00e9p\u00f4ts<\/p>\n<p style=\"text-align: center;\">\u00a0<\/p>\n<p style=\"text-align: center;\"><strong>11H15 &#8211; REGARDS CROIS\u00c9S EUROP\u00c9ENS<\/strong><\/p>\n<p style=\"text-align: center;\">Marta CATARINO, Pr\u00e9sidente de l\u2019ASTP-Proton<\/p>\n<p style=\"text-align: center;\">Tim HART, Managing Consultant, Isis Enterprise, Oxford University Innovation Ltd.<\/p>\n<p style=\"text-align: center;\">\u00a0<\/p>\n<p style=\"text-align: center;\"><strong>11H30 &#8211; D\u00c9VELOPPEMENT \u00c9CONOMIQUE PAR L&#8217;INNOVATION<\/strong><\/p>\n<p style=\"text-align: center;\">Vincent LAMANDE, Pr\u00e9sident de Ouest Valorisation<\/p>\n<p style=\"text-align: center;\">G\u00e9rard LE BIHAN, Directeur G\u00e9n\u00e9ral de Image et R\u00e9seaux<\/p>\n<p style=\"text-align: center;\">Etienne VERVAECKE, Directeur G\u00e9n\u00e9ral de Eurasant\u00e9<\/p>\n<p style=\"text-align: center;\">Fran\u00e7ois-Ren\u00e9 LETOURNEUR, Pr\u00e9sident du Directoire FINOVAM<\/p>\n<p style=\"text-align: center;\">Paul-Fran\u00e7ois FOURNIER, Directeur de l\u2019Innovation de BPI France<\/p>\n<p style=\"text-align: center;\">\u00a0<\/p>\n<p style=\"text-align: center;\"><strong>12H00 &#8211; NOUVEAUX ENTREPRENEURS<\/strong><\/p>\n<p style=\"text-align: center;\">Etudiants-entrepreneurs, Docteurs-entrepreneurs, Startupers<\/p>\n<p style=\"text-align: center;\">\u00a0<\/p>\n<p style=\"text-align: center;\"><strong>12H30 &#8211; CONCLUSION<\/strong><\/p>\n<p style=\"text-align: center;\">Louis SCHWEITZER, Commissaire g\u00e9n\u00e9ral \u00e0 l\u2019investissement<\/p>\n<p style=\"text-align: center;\">\u00a0<\/p>\n<p style=\"text-align: center;\"><strong>12H45 &#8211; REMERCIEMENTS<\/strong><\/p>\n<p style=\"text-align: center;\">Norbert BENAMOU, Pr\u00e9sident du R\u00e9seau SATT<\/p>\n<p style=\"text-align: center;\">\u00a0<\/p>\n<h3 style=\"text-align: center;\">Cocktail d\u00e9jeunatoire\u00a0 \/ Pr\u00e9sentation de technologie<\/h3>\n<h4 style=\"text-align: center;\">13h00 &#8211; 14h30<\/h4>\n","protected":false},"excerpt":{"rendered":"<p>Le 21 Octobre prochain aura lieu la deuxi\u00e8me Convention nationale des SATT\u00a0au\u00a0Centre de Colloques International Sorbonne Universit\u00e9s \u00e0 Paris.\u00a0 D\u00e9couvrez le programme de cet \u00e9v\u00e9nement qui\u00a0mettra en avant les\u00a0r\u00e9sultats des SATT, la dynamique de leur d\u00e9veloppement et leur contribution essentielle au changement culturel majeur que conna\u00eet aujourd\u2019hui la France dans le domaine de l\u2019innovation.<\/p>\n","protected":false},"author":3,"featured_media":0,"comment_status":"closed","ping_status":"open","sticky":false,"template":"","format":"standard","meta":{"_acf_changed":false,"footnotes":""},"categories":[538,539],"tags":[360,417,450],"class_list":["post-2867","post","type-post","status-publish","format-standard","hentry","category-evenement","category-reseausatt","tag-programme","tag-convention-satt","tag-convention-nationale"],"acf":[],"yoast_head":"<!-- This site is optimized with the Yoast SEO plugin v27.4 - https:\/\/yoast.com\/product\/yoast-seo-wordpress\/ -->\n<title>D\u00e9couvrez le programme de la deuxi\u00e8me Convention nationale des SATT ! - R\u00e9seau SATT<\/title>\n<meta name=\"robots\" content=\"index, follow, max-snippet:-1, max-image-preview:large, max-video-preview:-1\" \/>\n<link rel=\"canonical\" href=\"https:\/\/www.satt.fr\/programme-convention-nationale-satt\/\" \/>\n<meta name=\"twitter:label1\" content=\"Written by\" \/>\n\t<meta name=\"twitter:data1\" content=\"Caroline BRILLANT\" \/>\n\t<meta name=\"twitter:label2\" content=\"Est. reading time\" \/>\n\t<meta name=\"twitter:data2\" content=\"2 minutes\" \/>\n<script type=\"application\/ld+json\" class=\"yoast-schema-graph\">{\"@context\":\"https:\\\/\\\/schema.org\",\"@graph\":[{\"@type\":\"Article\",\"@id\":\"https:\\\/\\\/www.satt.fr\\\/programme-convention-nationale-satt\\\/#article\",\"isPartOf\":{\"@id\":\"https:\\\/\\\/www.satt.fr\\\/programme-convention-nationale-satt\\\/\"},\"author\":{\"name\":\"Caroline BRILLANT\",\"@id\":\"https:\\\/\\\/www.satt.fr\\\/en\\\/#\\\/schema\\\/person\\\/cfc3546ad932d078cb047ce83a0742ea\"},\"headline\":\"D\u00e9couvrez le programme de la deuxi\u00e8me Convention nationale des SATT !\",\"datePublished\":\"2016-09-15T13:16:17+00:00\",\"dateModified\":\"2017-11-13T16:09:38+00:00\",\"mainEntityOfPage\":{\"@id\":\"https:\\\/\\\/www.satt.fr\\\/programme-convention-nationale-satt\\\/\"},\"wordCount\":358,\"keywords\":[\"programme\",\"convention satt\",\"convention nationale\"],\"articleSection\":[\"Ev\u00e9nements\",\"R\u00e9seau SATT\"],\"inLanguage\":\"en-US\"},{\"@type\":\"WebPage\",\"@id\":\"https:\\\/\\\/www.satt.fr\\\/programme-convention-nationale-satt\\\/\",\"url\":\"https:\\\/\\\/www.satt.fr\\\/programme-convention-nationale-satt\\\/\",\"name\":\"D\u00e9couvrez le programme de la deuxi\u00e8me Convention nationale des SATT ! - R\u00e9seau SATT\",\"isPartOf\":{\"@id\":\"https:\\\/\\\/www.satt.fr\\\/en\\\/#website\"},\"datePublished\":\"2016-09-15T13:16:17+00:00\",\"dateModified\":\"2017-11-13T16:09:38+00:00\",\"author\":{\"@id\":\"https:\\\/\\\/www.satt.fr\\\/en\\\/#\\\/schema\\\/person\\\/cfc3546ad932d078cb047ce83a0742ea\"},\"breadcrumb\":{\"@id\":\"https:\\\/\\\/www.satt.fr\\\/programme-convention-nationale-satt\\\/#breadcrumb\"},\"inLanguage\":\"en-US\",\"potentialAction\":[{\"@type\":\"ReadAction\",\"target\":[\"https:\\\/\\\/www.satt.fr\\\/programme-convention-nationale-satt\\\/\"]}]},{\"@type\":\"BreadcrumbList\",\"@id\":\"https:\\\/\\\/www.satt.fr\\\/programme-convention-nationale-satt\\\/#breadcrumb\",\"itemListElement\":[{\"@type\":\"ListItem\",\"position\":1,\"name\":\"Accueil\",\"item\":\"https:\\\/\\\/www.satt.fr\\\/en\\\/\"},{\"@type\":\"ListItem\",\"position\":2,\"name\":\"D\u00e9couvrez le programme de la deuxi\u00e8me Convention nationale des SATT !\"}]},{\"@type\":\"WebSite\",\"@id\":\"https:\\\/\\\/www.satt.fr\\\/en\\\/#website\",\"url\":\"https:\\\/\\\/www.satt.fr\\\/en\\\/\",\"name\":\"R\u00e9seau SATT\",\"description\":\"Les Soci\u00e9t\u00e9s d&#039;Acc\u00e9l\u00e9ration du Transfert de Technologies\",\"potentialAction\":[{\"@type\":\"SearchAction\",\"target\":{\"@type\":\"EntryPoint\",\"urlTemplate\":\"https:\\\/\\\/www.satt.fr\\\/en\\\/?s={search_term_string}\"},\"query-input\":{\"@type\":\"PropertyValueSpecification\",\"valueRequired\":true,\"valueName\":\"search_term_string\"}}],\"inLanguage\":\"en-US\"},{\"@type\":\"Person\",\"@id\":\"https:\\\/\\\/www.satt.fr\\\/en\\\/#\\\/schema\\\/person\\\/cfc3546ad932d078cb047ce83a0742ea\",\"name\":\"Caroline BRILLANT\",\"url\":\"https:\\\/\\\/www.satt.fr\\\/en\\\/author\\\/caroline-admin\\\/\"}]}<\/script>\n<!-- \/ Yoast SEO plugin. -->","yoast_head_json":{"title":"D\u00e9couvrez le programme de la deuxi\u00e8me Convention nationale des SATT ! - R\u00e9seau SATT","robots":{"index":"index","follow":"follow","max-snippet":"max-snippet:-1","max-image-preview":"max-image-preview:large","max-video-preview":"max-video-preview:-1"},"canonical":"https:\/\/www.satt.fr\/programme-convention-nationale-satt\/","twitter_misc":{"Written by":"Caroline BRILLANT","Est. reading time":"2 minutes"},"schema":{"@context":"https:\/\/schema.org","@graph":[{"@type":"Article","@id":"https:\/\/www.satt.fr\/programme-convention-nationale-satt\/#article","isPartOf":{"@id":"https:\/\/www.satt.fr\/programme-convention-nationale-satt\/"},"author":{"name":"Caroline BRILLANT","@id":"https:\/\/www.satt.fr\/en\/#\/schema\/person\/cfc3546ad932d078cb047ce83a0742ea"},"headline":"D\u00e9couvrez le programme de la deuxi\u00e8me Convention nationale des SATT !","datePublished":"2016-09-15T13:16:17+00:00","dateModified":"2017-11-13T16:09:38+00:00","mainEntityOfPage":{"@id":"https:\/\/www.satt.fr\/programme-convention-nationale-satt\/"},"wordCount":358,"keywords":["programme","convention satt","convention nationale"],"articleSection":["Ev\u00e9nements","R\u00e9seau SATT"],"inLanguage":"en-US"},{"@type":"WebPage","@id":"https:\/\/www.satt.fr\/programme-convention-nationale-satt\/","url":"https:\/\/www.satt.fr\/programme-convention-nationale-satt\/","name":"D\u00e9couvrez le programme de la deuxi\u00e8me Convention nationale des SATT ! - R\u00e9seau SATT","isPartOf":{"@id":"https:\/\/www.satt.fr\/en\/#website"},"datePublished":"2016-09-15T13:16:17+00:00","dateModified":"2017-11-13T16:09:38+00:00","author":{"@id":"https:\/\/www.satt.fr\/en\/#\/schema\/person\/cfc3546ad932d078cb047ce83a0742ea"},"breadcrumb":{"@id":"https:\/\/www.satt.fr\/programme-convention-nationale-satt\/#breadcrumb"},"inLanguage":"en-US","potentialAction":[{"@type":"ReadAction","target":["https:\/\/www.satt.fr\/programme-convention-nationale-satt\/"]}]},{"@type":"BreadcrumbList","@id":"https:\/\/www.satt.fr\/programme-convention-nationale-satt\/#breadcrumb","itemListElement":[{"@type":"ListItem","position":1,"name":"Accueil","item":"https:\/\/www.satt.fr\/en\/"},{"@type":"ListItem","position":2,"name":"D\u00e9couvrez le programme de la deuxi\u00e8me Convention nationale des SATT !"}]},{"@type":"WebSite","@id":"https:\/\/www.satt.fr\/en\/#website","url":"https:\/\/www.satt.fr\/en\/","name":"R\u00e9seau SATT","description":"Les Soci\u00e9t\u00e9s d&#039;Acc\u00e9l\u00e9ration du Transfert de Technologies","potentialAction":[{"@type":"SearchAction","target":{"@type":"EntryPoint","urlTemplate":"https:\/\/www.satt.fr\/en\/?s={search_term_string}"},"query-input":{"@type":"PropertyValueSpecification","valueRequired":true,"valueName":"search_term_string"}}],"inLanguage":"en-US"},{"@type":"Person","@id":"https:\/\/www.satt.fr\/en\/#\/schema\/person\/cfc3546ad932d078cb047ce83a0742ea","name":"Caroline BRILLANT","url":"https:\/\/www.satt.fr\/en\/author\/caroline-admin\/"}]}},"_links":{"self":[{"href":"https:\/\/www.satt.fr\/en\/wp-json\/wp\/v2\/posts\/2867","targetHints":{"allow":["GET"]}}],"collection":[{"href":"https:\/\/www.satt.fr\/en\/wp-json\/wp\/v2\/posts"}],"about":[{"href":"https:\/\/www.satt.fr\/en\/wp-json\/wp\/v2\/types\/post"}],"author":[{"embeddable":true,"href":"https:\/\/www.satt.fr\/en\/wp-json\/wp\/v2\/users\/3"}],"replies":[{"embeddable":true,"href":"https:\/\/www.satt.fr\/en\/wp-json\/wp\/v2\/comments?post=2867"}],"version-history":[{"count":1,"href":"https:\/\/www.satt.fr\/en\/wp-json\/wp\/v2\/posts\/2867\/revisions"}],"predecessor-version":[{"id":4669,"href":"https:\/\/www.satt.fr\/en\/wp-json\/wp\/v2\/posts\/2867\/revisions\/4669"}],"wp:attachment":[{"href":"https:\/\/www.satt.fr\/en\/wp-json\/wp\/v2\/media?parent=2867"}],"wp:term":[{"taxonomy":"category","embeddable":true,"href":"https:\/\/www.satt.fr\/en\/wp-json\/wp\/v2\/categories?post=2867"},{"taxonomy":"post_tag","embeddable":true,"href":"https:\/\/www.satt.fr\/en\/wp-json\/wp\/v2\/tags?post=2867"}],"curies":[{"name":"wp","href":"https:\/\/api.w.org\/{rel}","templated":true}]}}