{"id":3030,"date":"2016-10-06T08:00:55","date_gmt":"2016-10-06T06:00:55","guid":{"rendered":"http:\/\/www.satt.fr\/?p=3030"},"modified":"2017-11-13T17:11:23","modified_gmt":"2017-11-13T16:11:23","slug":"my-innovation-is-mettre-en-lumiere-les-innovations-de-demain","status":"publish","type":"post","link":"https:\/\/www.satt.fr\/en\/my-innovation-is-mettre-en-lumiere-les-innovations-de-demain\/","title":{"rendered":"My Innovation Is\u2026 mettre en lumi\u00e8re les innovations de demain"},"content":{"rendered":"<h2 style=\"text-align: justify;\">Jeudi 29 septembre, s\u2019est tenue la premi\u00e8re \u00e9dition du concours <em>My <\/em>Innovation Is, offrant l\u2019opportunit\u00e9 \u00e0 10 chercheurs et doctorants de pr\u00e9senter leurs projets innovants\u00a0r\u00e9pondant \u00e0 la probl\u00e9matique du mieux vivre, th\u00e8me de cette ann\u00e9e. Pleins feux sur les 3 projets s\u00e9lectionn\u00e9s.<\/h2>\n<div style=\"width: 601px\" class=\"wp-caption aligncenter\"><a href=\"https:\/\/www.sattse.com\/2016\/10\/my-innovation-is-2016\/\"><img loading=\"lazy\" decoding=\"async\" class=\"\" src=\"https:\/\/www.sattse.com\/wp-content\/uploads\/2016\/10\/laureats-X3-BD.jpg\" alt=\"Les laur\u00e9ats de la premi\u00e8re \u00e9dition de \" width=\"591\" height=\"381\" \/><\/a><p class=\"wp-caption-text\">Les laur\u00e9ats de la premi\u00e8re \u00e9dition de &#8220;My Innovation Is&#8230;&#8221;. Mathieu LECOCQ, doctorant \u00e0 l\u2019Institut des Sciences du Mouvement, Dr St\u00e9phane GUIGNARD, Ma\u00eetre de Conf\u00e9rence et chercheur \u00e0 l\u2019Institut Universitaire des Syst\u00e8mes Thermiques Industriels, et Dr Gilles MAIGNANT, chercheur CNRS au laboratoire Sciences Economiques &amp; Sociales de la Sant\u00e9 &amp; Traitement de l\u2019Information M\u00e9dicale (G -D)<\/p><\/div>\n<p><!--more--><\/p>\n<p style=\"text-align: justify;\">Organis\u00e9 par la <strong>SATT Sud-Est<\/strong>, en partenariat avec <strong>Capital &amp; Innovation \u2013 Cr\u00e9dit Agricole et IODA Consulting<\/strong>, <strong><em>My<\/em><\/strong> Innovation Is\u2026 a pour objectifs de permettre l\u2019\u00e9mergence d\u2019id\u00e9es nouvelles et de r\u00e9v\u00e9ler des chercheurs et doctorants des r\u00e9gions PACA et Corse.<\/p>\n<p style=\"text-align: justify;\">Dix chercheurs et doctorants ont ainsi pr\u00e9sent\u00e9 leur id\u00e9e innovante face \u00e0 un jury compos\u00e9 d\u2019entrepreneurs, sous le th\u00e8me du \u00ab mieux vivre \u00bb, le 29 septembre dernier. Le format\u00a0: un pitch de 3 minutes chacun. Deux projets de recherche et un projet orient\u00e9 start-up ont \u00e9t\u00e9 s\u00e9lectionn\u00e9s.<\/p>\n<p style=\"text-align: justify;\">\u00a0<\/p>\n<ul>\n<li><a href=\"https:\/\/www.sattse.com\/2016\/10\/my-innovation-is-2016\/\">Consultez l&#8217;article sur le site de la SATT Sud-Est<\/a><\/li>\n<li><a class=\"icon icon-pdf\" href=\"https:\/\/www.sattse.com\/wp-content\/uploads\/2016\/10\/CP-My-Innovation-Is.pdf\" target=\"_blank\" rel=\"noopener\">T\u00e9l\u00e9chargez le communiqu\u00e9 de presse<\/a><\/li>\n<li><a class=\"icon icon-pdf\" href=\"https:\/\/www.sattse.com\/wp-content\/uploads\/2016\/10\/Dossier-de-presse-My-Innovation-Is.pdf\" target=\"_blank\" rel=\"noopener\">T\u00e9l\u00e9chargez le dossier de presse<\/a><\/li>\n<\/ul>\n<p>&nbsp;<\/p>\n","protected":false},"excerpt":{"rendered":"<p>Jeudi 29 septembre, s\u2019est tenue la premi\u00e8re \u00e9dition du concours My Innovation Is, offrant l\u2019opportunit\u00e9 \u00e0 10 chercheurs et doctorants de pr\u00e9senter leurs projets innovants\u00a0r\u00e9pondant \u00e0 la probl\u00e9matique du mieux vivre, th\u00e8me de cette ann\u00e9e. Pleins feux sur les 3 projets s\u00e9lectionn\u00e9s.<\/p>\n","protected":false},"author":4,"featured_media":0,"comment_status":"closed","ping_status":"open","sticky":false,"template":"","format":"standard","meta":{"_acf_changed":false,"footnotes":""},"categories":[538],"tags":[29,46,47,50,52,77,247,385],"class_list":["post-3030","post","type-post","status-publish","format-standard","hentry","category-evenement","tag-satt-sud-est","tag-evenement","tag-marseille","tag-communique-de-presse","tag-presse","tag-entreprises","tag-valorisation","tag-laurent-baly"],"acf":[],"yoast_head":"<!-- This site is optimized with the Yoast SEO plugin v27.4 - https:\/\/yoast.com\/product\/yoast-seo-wordpress\/ -->\n<title>My Innovation Is\u2026 mettre en lumi\u00e8re les innovations de demain - R\u00e9seau SATT<\/title>\n<meta name=\"robots\" content=\"index, follow, max-snippet:-1, max-image-preview:large, max-video-preview:-1\" \/>\n<link rel=\"canonical\" href=\"https:\/\/www.satt.fr\/my-innovation-is-mettre-en-lumiere-les-innovations-de-demain\/\" \/>\n<meta name=\"twitter:label1\" content=\"Written by\" \/>\n\t<meta name=\"twitter:data1\" content=\"redacteur SATT\" \/>\n\t<meta name=\"twitter:label2\" content=\"Est. reading time\" \/>\n\t<meta name=\"twitter:data2\" content=\"1 minute\" \/>\n<script type=\"application\/ld+json\" class=\"yoast-schema-graph\">{\"@context\":\"https:\\\/\\\/schema.org\",\"@graph\":[{\"@type\":\"Article\",\"@id\":\"https:\\\/\\\/www.satt.fr\\\/my-innovation-is-mettre-en-lumiere-les-innovations-de-demain\\\/#article\",\"isPartOf\":{\"@id\":\"https:\\\/\\\/www.satt.fr\\\/my-innovation-is-mettre-en-lumiere-les-innovations-de-demain\\\/\"},\"author\":{\"name\":\"redacteur SATT\",\"@id\":\"https:\\\/\\\/www.satt.fr\\\/en\\\/#\\\/schema\\\/person\\\/a6836c00a1284a8188e1a05deb2a5e5c\"},\"headline\":\"My Innovation Is\u2026 mettre en lumi\u00e8re les innovations de demain\",\"datePublished\":\"2016-10-06T06:00:55+00:00\",\"dateModified\":\"2017-11-13T16:11:23+00:00\",\"mainEntityOfPage\":{\"@id\":\"https:\\\/\\\/www.satt.fr\\\/my-innovation-is-mettre-en-lumiere-les-innovations-de-demain\\\/\"},\"wordCount\":249,\"image\":{\"@id\":\"https:\\\/\\\/www.satt.fr\\\/my-innovation-is-mettre-en-lumiere-les-innovations-de-demain\\\/#primaryimage\"},\"thumbnailUrl\":\"https:\\\/\\\/www.sattse.com\\\/wp-content\\\/uploads\\\/2016\\\/10\\\/laureats-X3-BD.jpg\",\"keywords\":[\"SATT Sud Est\",\"\u00e9v\u00e9nement\",\"marseille\",\"communiqu\u00e9 de presse\",\"presse\",\"entreprises\",\"valorisation\",\"Laurent BALY\"],\"articleSection\":[\"Ev\u00e9nements\"],\"inLanguage\":\"en-US\"},{\"@type\":\"WebPage\",\"@id\":\"https:\\\/\\\/www.satt.fr\\\/my-innovation-is-mettre-en-lumiere-les-innovations-de-demain\\\/\",\"url\":\"https:\\\/\\\/www.satt.fr\\\/my-innovation-is-mettre-en-lumiere-les-innovations-de-demain\\\/\",\"name\":\"My Innovation Is\u2026 mettre en lumi\u00e8re les innovations de demain - R\u00e9seau SATT\",\"isPartOf\":{\"@id\":\"https:\\\/\\\/www.satt.fr\\\/en\\\/#website\"},\"primaryImageOfPage\":{\"@id\":\"https:\\\/\\\/www.satt.fr\\\/my-innovation-is-mettre-en-lumiere-les-innovations-de-demain\\\/#primaryimage\"},\"image\":{\"@id\":\"https:\\\/\\\/www.satt.fr\\\/my-innovation-is-mettre-en-lumiere-les-innovations-de-demain\\\/#primaryimage\"},\"thumbnailUrl\":\"https:\\\/\\\/www.sattse.com\\\/wp-content\\\/uploads\\\/2016\\\/10\\\/laureats-X3-BD.jpg\",\"datePublished\":\"2016-10-06T06:00:55+00:00\",\"dateModified\":\"2017-11-13T16:11:23+00:00\",\"author\":{\"@id\":\"https:\\\/\\\/www.satt.fr\\\/en\\\/#\\\/schema\\\/person\\\/a6836c00a1284a8188e1a05deb2a5e5c\"},\"breadcrumb\":{\"@id\":\"https:\\\/\\\/www.satt.fr\\\/my-innovation-is-mettre-en-lumiere-les-innovations-de-demain\\\/#breadcrumb\"},\"inLanguage\":\"en-US\",\"potentialAction\":[{\"@type\":\"ReadAction\",\"target\":[\"https:\\\/\\\/www.satt.fr\\\/my-innovation-is-mettre-en-lumiere-les-innovations-de-demain\\\/\"]}]},{\"@type\":\"ImageObject\",\"inLanguage\":\"en-US\",\"@id\":\"https:\\\/\\\/www.satt.fr\\\/my-innovation-is-mettre-en-lumiere-les-innovations-de-demain\\\/#primaryimage\",\"url\":\"https:\\\/\\\/www.sattse.com\\\/wp-content\\\/uploads\\\/2016\\\/10\\\/laureats-X3-BD.jpg\",\"contentUrl\":\"https:\\\/\\\/www.sattse.com\\\/wp-content\\\/uploads\\\/2016\\\/10\\\/laureats-X3-BD.jpg\"},{\"@type\":\"BreadcrumbList\",\"@id\":\"https:\\\/\\\/www.satt.fr\\\/my-innovation-is-mettre-en-lumiere-les-innovations-de-demain\\\/#breadcrumb\",\"itemListElement\":[{\"@type\":\"ListItem\",\"position\":1,\"name\":\"Accueil\",\"item\":\"https:\\\/\\\/www.satt.fr\\\/en\\\/\"},{\"@type\":\"ListItem\",\"position\":2,\"name\":\"My Innovation Is\u2026 mettre en lumi\u00e8re les innovations de demain\"}]},{\"@type\":\"WebSite\",\"@id\":\"https:\\\/\\\/www.satt.fr\\\/en\\\/#website\",\"url\":\"https:\\\/\\\/www.satt.fr\\\/en\\\/\",\"name\":\"R\u00e9seau SATT\",\"description\":\"Les Soci\u00e9t\u00e9s d&#039;Acc\u00e9l\u00e9ration du Transfert de Technologies\",\"potentialAction\":[{\"@type\":\"SearchAction\",\"target\":{\"@type\":\"EntryPoint\",\"urlTemplate\":\"https:\\\/\\\/www.satt.fr\\\/en\\\/?s={search_term_string}\"},\"query-input\":{\"@type\":\"PropertyValueSpecification\",\"valueRequired\":true,\"valueName\":\"search_term_string\"}}],\"inLanguage\":\"en-US\"},{\"@type\":\"Person\",\"@id\":\"https:\\\/\\\/www.satt.fr\\\/en\\\/#\\\/schema\\\/person\\\/a6836c00a1284a8188e1a05deb2a5e5c\",\"name\":\"redacteur SATT\",\"url\":\"https:\\\/\\\/www.satt.fr\\\/en\\\/author\\\/redacteur\\\/\"}]}<\/script>\n<!-- \/ Yoast SEO plugin. -->","yoast_head_json":{"title":"My Innovation Is\u2026 mettre en lumi\u00e8re les innovations de demain - R\u00e9seau SATT","robots":{"index":"index","follow":"follow","max-snippet":"max-snippet:-1","max-image-preview":"max-image-preview:large","max-video-preview":"max-video-preview:-1"},"canonical":"https:\/\/www.satt.fr\/my-innovation-is-mettre-en-lumiere-les-innovations-de-demain\/","twitter_misc":{"Written by":"redacteur SATT","Est. reading time":"1 minute"},"schema":{"@context":"https:\/\/schema.org","@graph":[{"@type":"Article","@id":"https:\/\/www.satt.fr\/my-innovation-is-mettre-en-lumiere-les-innovations-de-demain\/#article","isPartOf":{"@id":"https:\/\/www.satt.fr\/my-innovation-is-mettre-en-lumiere-les-innovations-de-demain\/"},"author":{"name":"redacteur SATT","@id":"https:\/\/www.satt.fr\/en\/#\/schema\/person\/a6836c00a1284a8188e1a05deb2a5e5c"},"headline":"My Innovation Is\u2026 mettre en lumi\u00e8re les innovations de demain","datePublished":"2016-10-06T06:00:55+00:00","dateModified":"2017-11-13T16:11:23+00:00","mainEntityOfPage":{"@id":"https:\/\/www.satt.fr\/my-innovation-is-mettre-en-lumiere-les-innovations-de-demain\/"},"wordCount":249,"image":{"@id":"https:\/\/www.satt.fr\/my-innovation-is-mettre-en-lumiere-les-innovations-de-demain\/#primaryimage"},"thumbnailUrl":"https:\/\/www.sattse.com\/wp-content\/uploads\/2016\/10\/laureats-X3-BD.jpg","keywords":["SATT Sud Est","\u00e9v\u00e9nement","marseille","communiqu\u00e9 de presse","presse","entreprises","valorisation","Laurent BALY"],"articleSection":["Ev\u00e9nements"],"inLanguage":"en-US"},{"@type":"WebPage","@id":"https:\/\/www.satt.fr\/my-innovation-is-mettre-en-lumiere-les-innovations-de-demain\/","url":"https:\/\/www.satt.fr\/my-innovation-is-mettre-en-lumiere-les-innovations-de-demain\/","name":"My Innovation Is\u2026 mettre en lumi\u00e8re les innovations de demain - R\u00e9seau SATT","isPartOf":{"@id":"https:\/\/www.satt.fr\/en\/#website"},"primaryImageOfPage":{"@id":"https:\/\/www.satt.fr\/my-innovation-is-mettre-en-lumiere-les-innovations-de-demain\/#primaryimage"},"image":{"@id":"https:\/\/www.satt.fr\/my-innovation-is-mettre-en-lumiere-les-innovations-de-demain\/#primaryimage"},"thumbnailUrl":"https:\/\/www.sattse.com\/wp-content\/uploads\/2016\/10\/laureats-X3-BD.jpg","datePublished":"2016-10-06T06:00:55+00:00","dateModified":"2017-11-13T16:11:23+00:00","author":{"@id":"https:\/\/www.satt.fr\/en\/#\/schema\/person\/a6836c00a1284a8188e1a05deb2a5e5c"},"breadcrumb":{"@id":"https:\/\/www.satt.fr\/my-innovation-is-mettre-en-lumiere-les-innovations-de-demain\/#breadcrumb"},"inLanguage":"en-US","potentialAction":[{"@type":"ReadAction","target":["https:\/\/www.satt.fr\/my-innovation-is-mettre-en-lumiere-les-innovations-de-demain\/"]}]},{"@type":"ImageObject","inLanguage":"en-US","@id":"https:\/\/www.satt.fr\/my-innovation-is-mettre-en-lumiere-les-innovations-de-demain\/#primaryimage","url":"https:\/\/www.sattse.com\/wp-content\/uploads\/2016\/10\/laureats-X3-BD.jpg","contentUrl":"https:\/\/www.sattse.com\/wp-content\/uploads\/2016\/10\/laureats-X3-BD.jpg"},{"@type":"BreadcrumbList","@id":"https:\/\/www.satt.fr\/my-innovation-is-mettre-en-lumiere-les-innovations-de-demain\/#breadcrumb","itemListElement":[{"@type":"ListItem","position":1,"name":"Accueil","item":"https:\/\/www.satt.fr\/en\/"},{"@type":"ListItem","position":2,"name":"My Innovation Is\u2026 mettre en lumi\u00e8re les innovations de demain"}]},{"@type":"WebSite","@id":"https:\/\/www.satt.fr\/en\/#website","url":"https:\/\/www.satt.fr\/en\/","name":"R\u00e9seau SATT","description":"Les Soci\u00e9t\u00e9s d&#039;Acc\u00e9l\u00e9ration du Transfert de Technologies","potentialAction":[{"@type":"SearchAction","target":{"@type":"EntryPoint","urlTemplate":"https:\/\/www.satt.fr\/en\/?s={search_term_string}"},"query-input":{"@type":"PropertyValueSpecification","valueRequired":true,"valueName":"search_term_string"}}],"inLanguage":"en-US"},{"@type":"Person","@id":"https:\/\/www.satt.fr\/en\/#\/schema\/person\/a6836c00a1284a8188e1a05deb2a5e5c","name":"redacteur SATT","url":"https:\/\/www.satt.fr\/en\/author\/redacteur\/"}]}},"_links":{"self":[{"href":"https:\/\/www.satt.fr\/en\/wp-json\/wp\/v2\/posts\/3030","targetHints":{"allow":["GET"]}}],"collection":[{"href":"https:\/\/www.satt.fr\/en\/wp-json\/wp\/v2\/posts"}],"about":[{"href":"https:\/\/www.satt.fr\/en\/wp-json\/wp\/v2\/types\/post"}],"author":[{"embeddable":true,"href":"https:\/\/www.satt.fr\/en\/wp-json\/wp\/v2\/users\/4"}],"replies":[{"embeddable":true,"href":"https:\/\/www.satt.fr\/en\/wp-json\/wp\/v2\/comments?post=3030"}],"version-history":[{"count":1,"href":"https:\/\/www.satt.fr\/en\/wp-json\/wp\/v2\/posts\/3030\/revisions"}],"predecessor-version":[{"id":4600,"href":"https:\/\/www.satt.fr\/en\/wp-json\/wp\/v2\/posts\/3030\/revisions\/4600"}],"wp:attachment":[{"href":"https:\/\/www.satt.fr\/en\/wp-json\/wp\/v2\/media?parent=3030"}],"wp:term":[{"taxonomy":"category","embeddable":true,"href":"https:\/\/www.satt.fr\/en\/wp-json\/wp\/v2\/categories?post=3030"},{"taxonomy":"post_tag","embeddable":true,"href":"https:\/\/www.satt.fr\/en\/wp-json\/wp\/v2\/tags?post=3030"}],"curies":[{"name":"wp","href":"https:\/\/api.w.org\/{rel}","templated":true}]}}