{"id":3045,"date":"2016-10-24T15:48:08","date_gmt":"2016-10-24T13:48:08","guid":{"rendered":"http:\/\/www.satt.fr\/?p=3045"},"modified":"2017-11-13T17:11:26","modified_gmt":"2017-11-13T16:11:26","slug":"la-satt-paris-saclay-soutient-le-projet-miniature","status":"publish","type":"post","link":"https:\/\/www.satt.fr\/en\/la-satt-paris-saclay-soutient-le-projet-miniature\/","title":{"rendered":"LA SATT PARIS-SACLAY SOUTIENT LE PROJET MINIATURE"},"content":{"rendered":"<p>&nbsp;<\/p>\n<p><a href=\"https:\/\/www.satt.fr\/wp-content\/uploads\/2016\/10\/IMG_2645.jpg\"><img loading=\"lazy\" decoding=\"async\" class=\"aligncenter wp-image-3046 size-large\" src=\"https:\/\/www.satt.fr\/wp-content\/uploads\/2016\/10\/IMG_2645-1024x584.jpg\" alt=\"img_2645\" width=\"940\" height=\"536\" \/><\/a><\/p>\n<p>&nbsp;<\/p>\n<p><strong>SATT Paris-Saclay, le\u00a024 octobre<\/strong><\/p>\n<p style=\"text-align: justify;\">L\u2019industrie spatiale est en plein changement. Le d\u00e9veloppement de petits satellites et leur utilisation dans de grandes constellations am\u00e8ne cette r\u00e9volution du march\u00e9 spatial. La cr\u00e9ation d\u2019un syst\u00e8me de propulsion adapte\u0301 constitue un d\u00e9fi majeur a\u0300 relever. Le projet MINIATURE, port\u00e9 par les chercheurs de l\u2019\u00c9cole polytechnique et du CNRS, a \u00e9t\u00e9 s\u00e9lectionn\u00e9 pour un investissement par la SATT Paris-Saclay. Ce soutien permettra de favoriser l\u2019\u00e9mergence d\u2019une nouvelle start-up, ThrustMe.<\/p>\n<p style=\"text-align: left;\"><span style=\"text-decoration: underline;\"><strong><a href=\"https:\/\/www.satt-paris-saclay.fr\/wp-content\/uploads\/2016\/10\/CP-Miniature-SATT-Paris-Saclay.pdf\" target=\"_blank\" rel=\"noopener\">Lire le communiqu\u00e9<\/a><\/strong><\/span><\/p>\n","protected":false},"excerpt":{"rendered":"<p>&nbsp; &nbsp; SATT Paris-Saclay, le\u00a024 octobre L\u2019industrie spatiale est en plein changement. Le d\u00e9veloppement de petits satellites et leur utilisation dans de grandes constellations am\u00e8ne cette r\u00e9volution du march\u00e9 spatial. La cr\u00e9ation d\u2019un syst\u00e8me de propulsion adapte\u0301 constitue un d\u00e9fi majeur a\u0300 relever. Le projet MINIATURE, port\u00e9 par les chercheurs de l\u2019\u00c9cole polytechnique et du [&hellip;]<\/p>\n","protected":false},"author":4,"featured_media":0,"comment_status":"closed","ping_status":"open","sticky":false,"template":"","format":"standard","meta":{"_acf_changed":false,"footnotes":""},"categories":[535],"tags":[460,461,143,458,459],"class_list":["post-3045","post","type-post","status-publish","format-standard","hentry","category-reussites","tag-satellites","tag-thrustme","tag-cnrs","tag-aerospatiale","tag-polytechnique"],"acf":[],"yoast_head":"<!-- This site is optimized with the Yoast SEO plugin v27.4 - https:\/\/yoast.com\/product\/yoast-seo-wordpress\/ -->\n<title>LA SATT PARIS-SACLAY SOUTIENT LE PROJET MINIATURE - R\u00e9seau SATT<\/title>\n<meta name=\"robots\" content=\"index, follow, max-snippet:-1, max-image-preview:large, max-video-preview:-1\" \/>\n<link rel=\"canonical\" href=\"https:\/\/www.satt.fr\/la-satt-paris-saclay-soutient-le-projet-miniature\/\" \/>\n<meta name=\"twitter:label1\" content=\"Written by\" \/>\n\t<meta name=\"twitter:data1\" content=\"redacteur SATT\" \/>\n<script type=\"application\/ld+json\" class=\"yoast-schema-graph\">{\"@context\":\"https:\\\/\\\/schema.org\",\"@graph\":[{\"@type\":\"Article\",\"@id\":\"https:\\\/\\\/www.satt.fr\\\/la-satt-paris-saclay-soutient-le-projet-miniature\\\/#article\",\"isPartOf\":{\"@id\":\"https:\\\/\\\/www.satt.fr\\\/la-satt-paris-saclay-soutient-le-projet-miniature\\\/\"},\"author\":{\"name\":\"redacteur SATT\",\"@id\":\"https:\\\/\\\/www.satt.fr\\\/en\\\/#\\\/schema\\\/person\\\/a6836c00a1284a8188e1a05deb2a5e5c\"},\"headline\":\"LA SATT PARIS-SACLAY SOUTIENT LE PROJET MINIATURE\",\"datePublished\":\"2016-10-24T13:48:08+00:00\",\"dateModified\":\"2017-11-13T16:11:26+00:00\",\"mainEntityOfPage\":{\"@id\":\"https:\\\/\\\/www.satt.fr\\\/la-satt-paris-saclay-soutient-le-projet-miniature\\\/\"},\"wordCount\":98,\"image\":{\"@id\":\"https:\\\/\\\/www.satt.fr\\\/la-satt-paris-saclay-soutient-le-projet-miniature\\\/#primaryimage\"},\"thumbnailUrl\":\"https:\\\/\\\/www.satt.fr\\\/wp-content\\\/uploads\\\/2016\\\/10\\\/IMG_2645-1024x584.jpg\",\"keywords\":[\"Satellites\",\"ThrustMe\",\"cnrs\",\"Aerospatiale\",\"Polytechnique\"],\"articleSection\":[\"R\u00e9ussites\"],\"inLanguage\":\"en-US\"},{\"@type\":\"WebPage\",\"@id\":\"https:\\\/\\\/www.satt.fr\\\/la-satt-paris-saclay-soutient-le-projet-miniature\\\/\",\"url\":\"https:\\\/\\\/www.satt.fr\\\/la-satt-paris-saclay-soutient-le-projet-miniature\\\/\",\"name\":\"LA SATT PARIS-SACLAY SOUTIENT LE PROJET MINIATURE - R\u00e9seau SATT\",\"isPartOf\":{\"@id\":\"https:\\\/\\\/www.satt.fr\\\/en\\\/#website\"},\"primaryImageOfPage\":{\"@id\":\"https:\\\/\\\/www.satt.fr\\\/la-satt-paris-saclay-soutient-le-projet-miniature\\\/#primaryimage\"},\"image\":{\"@id\":\"https:\\\/\\\/www.satt.fr\\\/la-satt-paris-saclay-soutient-le-projet-miniature\\\/#primaryimage\"},\"thumbnailUrl\":\"https:\\\/\\\/www.satt.fr\\\/wp-content\\\/uploads\\\/2016\\\/10\\\/IMG_2645-1024x584.jpg\",\"datePublished\":\"2016-10-24T13:48:08+00:00\",\"dateModified\":\"2017-11-13T16:11:26+00:00\",\"author\":{\"@id\":\"https:\\\/\\\/www.satt.fr\\\/en\\\/#\\\/schema\\\/person\\\/a6836c00a1284a8188e1a05deb2a5e5c\"},\"breadcrumb\":{\"@id\":\"https:\\\/\\\/www.satt.fr\\\/la-satt-paris-saclay-soutient-le-projet-miniature\\\/#breadcrumb\"},\"inLanguage\":\"en-US\",\"potentialAction\":[{\"@type\":\"ReadAction\",\"target\":[\"https:\\\/\\\/www.satt.fr\\\/la-satt-paris-saclay-soutient-le-projet-miniature\\\/\"]}]},{\"@type\":\"ImageObject\",\"inLanguage\":\"en-US\",\"@id\":\"https:\\\/\\\/www.satt.fr\\\/la-satt-paris-saclay-soutient-le-projet-miniature\\\/#primaryimage\",\"url\":\"https:\\\/\\\/www.satt.fr\\\/wp-content\\\/uploads\\\/2016\\\/10\\\/IMG_2645-1024x584.jpg\",\"contentUrl\":\"https:\\\/\\\/www.satt.fr\\\/wp-content\\\/uploads\\\/2016\\\/10\\\/IMG_2645-1024x584.jpg\"},{\"@type\":\"BreadcrumbList\",\"@id\":\"https:\\\/\\\/www.satt.fr\\\/la-satt-paris-saclay-soutient-le-projet-miniature\\\/#breadcrumb\",\"itemListElement\":[{\"@type\":\"ListItem\",\"position\":1,\"name\":\"Accueil\",\"item\":\"https:\\\/\\\/www.satt.fr\\\/en\\\/\"},{\"@type\":\"ListItem\",\"position\":2,\"name\":\"LA SATT PARIS-SACLAY SOUTIENT LE PROJET MINIATURE\"}]},{\"@type\":\"WebSite\",\"@id\":\"https:\\\/\\\/www.satt.fr\\\/en\\\/#website\",\"url\":\"https:\\\/\\\/www.satt.fr\\\/en\\\/\",\"name\":\"R\u00e9seau SATT\",\"description\":\"Les Soci\u00e9t\u00e9s d&#039;Acc\u00e9l\u00e9ration du Transfert de Technologies\",\"potentialAction\":[{\"@type\":\"SearchAction\",\"target\":{\"@type\":\"EntryPoint\",\"urlTemplate\":\"https:\\\/\\\/www.satt.fr\\\/en\\\/?s={search_term_string}\"},\"query-input\":{\"@type\":\"PropertyValueSpecification\",\"valueRequired\":true,\"valueName\":\"search_term_string\"}}],\"inLanguage\":\"en-US\"},{\"@type\":\"Person\",\"@id\":\"https:\\\/\\\/www.satt.fr\\\/en\\\/#\\\/schema\\\/person\\\/a6836c00a1284a8188e1a05deb2a5e5c\",\"name\":\"redacteur SATT\",\"url\":\"https:\\\/\\\/www.satt.fr\\\/en\\\/author\\\/redacteur\\\/\"}]}<\/script>\n<!-- \/ Yoast SEO plugin. -->","yoast_head_json":{"title":"LA SATT PARIS-SACLAY SOUTIENT LE PROJET MINIATURE - R\u00e9seau SATT","robots":{"index":"index","follow":"follow","max-snippet":"max-snippet:-1","max-image-preview":"max-image-preview:large","max-video-preview":"max-video-preview:-1"},"canonical":"https:\/\/www.satt.fr\/la-satt-paris-saclay-soutient-le-projet-miniature\/","twitter_misc":{"Written by":"redacteur SATT"},"schema":{"@context":"https:\/\/schema.org","@graph":[{"@type":"Article","@id":"https:\/\/www.satt.fr\/la-satt-paris-saclay-soutient-le-projet-miniature\/#article","isPartOf":{"@id":"https:\/\/www.satt.fr\/la-satt-paris-saclay-soutient-le-projet-miniature\/"},"author":{"name":"redacteur SATT","@id":"https:\/\/www.satt.fr\/en\/#\/schema\/person\/a6836c00a1284a8188e1a05deb2a5e5c"},"headline":"LA SATT PARIS-SACLAY SOUTIENT LE PROJET MINIATURE","datePublished":"2016-10-24T13:48:08+00:00","dateModified":"2017-11-13T16:11:26+00:00","mainEntityOfPage":{"@id":"https:\/\/www.satt.fr\/la-satt-paris-saclay-soutient-le-projet-miniature\/"},"wordCount":98,"image":{"@id":"https:\/\/www.satt.fr\/la-satt-paris-saclay-soutient-le-projet-miniature\/#primaryimage"},"thumbnailUrl":"https:\/\/www.satt.fr\/wp-content\/uploads\/2016\/10\/IMG_2645-1024x584.jpg","keywords":["Satellites","ThrustMe","cnrs","Aerospatiale","Polytechnique"],"articleSection":["R\u00e9ussites"],"inLanguage":"en-US"},{"@type":"WebPage","@id":"https:\/\/www.satt.fr\/la-satt-paris-saclay-soutient-le-projet-miniature\/","url":"https:\/\/www.satt.fr\/la-satt-paris-saclay-soutient-le-projet-miniature\/","name":"LA SATT PARIS-SACLAY SOUTIENT LE PROJET MINIATURE - R\u00e9seau SATT","isPartOf":{"@id":"https:\/\/www.satt.fr\/en\/#website"},"primaryImageOfPage":{"@id":"https:\/\/www.satt.fr\/la-satt-paris-saclay-soutient-le-projet-miniature\/#primaryimage"},"image":{"@id":"https:\/\/www.satt.fr\/la-satt-paris-saclay-soutient-le-projet-miniature\/#primaryimage"},"thumbnailUrl":"https:\/\/www.satt.fr\/wp-content\/uploads\/2016\/10\/IMG_2645-1024x584.jpg","datePublished":"2016-10-24T13:48:08+00:00","dateModified":"2017-11-13T16:11:26+00:00","author":{"@id":"https:\/\/www.satt.fr\/en\/#\/schema\/person\/a6836c00a1284a8188e1a05deb2a5e5c"},"breadcrumb":{"@id":"https:\/\/www.satt.fr\/la-satt-paris-saclay-soutient-le-projet-miniature\/#breadcrumb"},"inLanguage":"en-US","potentialAction":[{"@type":"ReadAction","target":["https:\/\/www.satt.fr\/la-satt-paris-saclay-soutient-le-projet-miniature\/"]}]},{"@type":"ImageObject","inLanguage":"en-US","@id":"https:\/\/www.satt.fr\/la-satt-paris-saclay-soutient-le-projet-miniature\/#primaryimage","url":"https:\/\/www.satt.fr\/wp-content\/uploads\/2016\/10\/IMG_2645-1024x584.jpg","contentUrl":"https:\/\/www.satt.fr\/wp-content\/uploads\/2016\/10\/IMG_2645-1024x584.jpg"},{"@type":"BreadcrumbList","@id":"https:\/\/www.satt.fr\/la-satt-paris-saclay-soutient-le-projet-miniature\/#breadcrumb","itemListElement":[{"@type":"ListItem","position":1,"name":"Accueil","item":"https:\/\/www.satt.fr\/en\/"},{"@type":"ListItem","position":2,"name":"LA SATT PARIS-SACLAY SOUTIENT LE PROJET MINIATURE"}]},{"@type":"WebSite","@id":"https:\/\/www.satt.fr\/en\/#website","url":"https:\/\/www.satt.fr\/en\/","name":"R\u00e9seau SATT","description":"Les Soci\u00e9t\u00e9s d&#039;Acc\u00e9l\u00e9ration du Transfert de Technologies","potentialAction":[{"@type":"SearchAction","target":{"@type":"EntryPoint","urlTemplate":"https:\/\/www.satt.fr\/en\/?s={search_term_string}"},"query-input":{"@type":"PropertyValueSpecification","valueRequired":true,"valueName":"search_term_string"}}],"inLanguage":"en-US"},{"@type":"Person","@id":"https:\/\/www.satt.fr\/en\/#\/schema\/person\/a6836c00a1284a8188e1a05deb2a5e5c","name":"redacteur SATT","url":"https:\/\/www.satt.fr\/en\/author\/redacteur\/"}]}},"_links":{"self":[{"href":"https:\/\/www.satt.fr\/en\/wp-json\/wp\/v2\/posts\/3045","targetHints":{"allow":["GET"]}}],"collection":[{"href":"https:\/\/www.satt.fr\/en\/wp-json\/wp\/v2\/posts"}],"about":[{"href":"https:\/\/www.satt.fr\/en\/wp-json\/wp\/v2\/types\/post"}],"author":[{"embeddable":true,"href":"https:\/\/www.satt.fr\/en\/wp-json\/wp\/v2\/users\/4"}],"replies":[{"embeddable":true,"href":"https:\/\/www.satt.fr\/en\/wp-json\/wp\/v2\/comments?post=3045"}],"version-history":[{"count":1,"href":"https:\/\/www.satt.fr\/en\/wp-json\/wp\/v2\/posts\/3045\/revisions"}],"predecessor-version":[{"id":4597,"href":"https:\/\/www.satt.fr\/en\/wp-json\/wp\/v2\/posts\/3045\/revisions\/4597"}],"wp:attachment":[{"href":"https:\/\/www.satt.fr\/en\/wp-json\/wp\/v2\/media?parent=3045"}],"wp:term":[{"taxonomy":"category","embeddable":true,"href":"https:\/\/www.satt.fr\/en\/wp-json\/wp\/v2\/categories?post=3045"},{"taxonomy":"post_tag","embeddable":true,"href":"https:\/\/www.satt.fr\/en\/wp-json\/wp\/v2\/tags?post=3045"}],"curies":[{"name":"wp","href":"https:\/\/api.w.org\/{rel}","templated":true}]}}