{"id":3188,"date":"2016-12-05T10:01:07","date_gmt":"2016-12-05T09:01:07","guid":{"rendered":"http:\/\/www.satt.fr\/?p=3188"},"modified":"2017-11-13T17:14:55","modified_gmt":"2017-11-13T16:14:55","slug":"pulsalys-signe-des-conventions-cadres-avec-5-etablissements-de-luniversite-de-lyon","status":"publish","type":"post","link":"https:\/\/www.satt.fr\/en\/pulsalys-signe-des-conventions-cadres-avec-5-etablissements-de-luniversite-de-lyon\/","title":{"rendered":"PULSALYS signe des conventions cadres avec 5 \u00e9tablissements de l&#8217;Universit\u00e9 de Lyon"},"content":{"rendered":"<p>La SATT PULSALYS renforce ses liens avec les \u00e9tablissements acad\u00e9miques\u00a0de Lyon-St-Etienne en signant 5 accords-cadres avec les universit\u00e9s :\u00a0Claude Bernard Lyon 1, INSA Lyon, ENS de Lyon, Ecole Centrale de Lyon et Jean Monnet Saint-Etienne.<\/p>\n<p>Vous trouverez le CP <a href=\"https:\/\/www.satt.fr\/wp-content\/uploads\/2016\/12\/CP-ACCORDS-CADRES_dec2016_PULSALYS.pdf\" target=\"_blank\" rel=\"noopener\">ici<\/a><\/p>\n","protected":false},"excerpt":{"rendered":"<p>La SATT PULSALYS renforce ses liens avec les \u00e9tablissements acad\u00e9miques\u00a0de Lyon-St-Etienne en signant 5 accords-cadres avec les universit\u00e9s :\u00a0Claude Bernard Lyon 1, INSA Lyon, ENS de Lyon, Ecole Centrale de Lyon et Jean Monnet Saint-Etienne. Vous trouverez le CP ici<\/p>\n","protected":false},"author":4,"featured_media":0,"comment_status":"closed","ping_status":"open","sticky":false,"template":"","format":"standard","meta":{"_acf_changed":false,"footnotes":""},"categories":[535],"tags":[],"class_list":["post-3188","post","type-post","status-publish","format-standard","hentry","category-reussites"],"acf":[],"yoast_head":"<!-- This site is optimized with the Yoast SEO plugin v27.4 - https:\/\/yoast.com\/product\/yoast-seo-wordpress\/ -->\n<title>PULSALYS signe des conventions cadres avec 5 \u00e9tablissements de l&#039;Universit\u00e9 de Lyon - R\u00e9seau SATT<\/title>\n<meta name=\"robots\" content=\"index, follow, max-snippet:-1, max-image-preview:large, max-video-preview:-1\" \/>\n<link rel=\"canonical\" href=\"https:\/\/www.satt.fr\/pulsalys-signe-des-conventions-cadres-avec-5-etablissements-de-luniversite-de-lyon\/\" \/>\n<meta name=\"twitter:label1\" content=\"Written by\" \/>\n\t<meta name=\"twitter:data1\" content=\"redacteur SATT\" \/>\n<script type=\"application\/ld+json\" class=\"yoast-schema-graph\">{\"@context\":\"https:\\\/\\\/schema.org\",\"@graph\":[{\"@type\":\"Article\",\"@id\":\"https:\\\/\\\/www.satt.fr\\\/pulsalys-signe-des-conventions-cadres-avec-5-etablissements-de-luniversite-de-lyon\\\/#article\",\"isPartOf\":{\"@id\":\"https:\\\/\\\/www.satt.fr\\\/pulsalys-signe-des-conventions-cadres-avec-5-etablissements-de-luniversite-de-lyon\\\/\"},\"author\":{\"name\":\"redacteur SATT\",\"@id\":\"https:\\\/\\\/www.satt.fr\\\/en\\\/#\\\/schema\\\/person\\\/a6836c00a1284a8188e1a05deb2a5e5c\"},\"headline\":\"PULSALYS signe des conventions cadres avec 5 \u00e9tablissements de l&#8217;Universit\u00e9 de Lyon\",\"datePublished\":\"2016-12-05T09:01:07+00:00\",\"dateModified\":\"2017-11-13T16:14:55+00:00\",\"mainEntityOfPage\":{\"@id\":\"https:\\\/\\\/www.satt.fr\\\/pulsalys-signe-des-conventions-cadres-avec-5-etablissements-de-luniversite-de-lyon\\\/\"},\"wordCount\":53,\"articleSection\":[\"R\u00e9ussites\"],\"inLanguage\":\"en-US\"},{\"@type\":\"WebPage\",\"@id\":\"https:\\\/\\\/www.satt.fr\\\/pulsalys-signe-des-conventions-cadres-avec-5-etablissements-de-luniversite-de-lyon\\\/\",\"url\":\"https:\\\/\\\/www.satt.fr\\\/pulsalys-signe-des-conventions-cadres-avec-5-etablissements-de-luniversite-de-lyon\\\/\",\"name\":\"PULSALYS signe des conventions cadres avec 5 \u00e9tablissements de l'Universit\u00e9 de Lyon - R\u00e9seau SATT\",\"isPartOf\":{\"@id\":\"https:\\\/\\\/www.satt.fr\\\/en\\\/#website\"},\"datePublished\":\"2016-12-05T09:01:07+00:00\",\"dateModified\":\"2017-11-13T16:14:55+00:00\",\"author\":{\"@id\":\"https:\\\/\\\/www.satt.fr\\\/en\\\/#\\\/schema\\\/person\\\/a6836c00a1284a8188e1a05deb2a5e5c\"},\"breadcrumb\":{\"@id\":\"https:\\\/\\\/www.satt.fr\\\/pulsalys-signe-des-conventions-cadres-avec-5-etablissements-de-luniversite-de-lyon\\\/#breadcrumb\"},\"inLanguage\":\"en-US\",\"potentialAction\":[{\"@type\":\"ReadAction\",\"target\":[\"https:\\\/\\\/www.satt.fr\\\/pulsalys-signe-des-conventions-cadres-avec-5-etablissements-de-luniversite-de-lyon\\\/\"]}]},{\"@type\":\"BreadcrumbList\",\"@id\":\"https:\\\/\\\/www.satt.fr\\\/pulsalys-signe-des-conventions-cadres-avec-5-etablissements-de-luniversite-de-lyon\\\/#breadcrumb\",\"itemListElement\":[{\"@type\":\"ListItem\",\"position\":1,\"name\":\"Accueil\",\"item\":\"https:\\\/\\\/www.satt.fr\\\/en\\\/\"},{\"@type\":\"ListItem\",\"position\":2,\"name\":\"PULSALYS signe des conventions cadres avec 5 \u00e9tablissements de l&rsquo;Universit\u00e9 de Lyon\"}]},{\"@type\":\"WebSite\",\"@id\":\"https:\\\/\\\/www.satt.fr\\\/en\\\/#website\",\"url\":\"https:\\\/\\\/www.satt.fr\\\/en\\\/\",\"name\":\"R\u00e9seau SATT\",\"description\":\"Les Soci\u00e9t\u00e9s d&#039;Acc\u00e9l\u00e9ration du Transfert de Technologies\",\"potentialAction\":[{\"@type\":\"SearchAction\",\"target\":{\"@type\":\"EntryPoint\",\"urlTemplate\":\"https:\\\/\\\/www.satt.fr\\\/en\\\/?s={search_term_string}\"},\"query-input\":{\"@type\":\"PropertyValueSpecification\",\"valueRequired\":true,\"valueName\":\"search_term_string\"}}],\"inLanguage\":\"en-US\"},{\"@type\":\"Person\",\"@id\":\"https:\\\/\\\/www.satt.fr\\\/en\\\/#\\\/schema\\\/person\\\/a6836c00a1284a8188e1a05deb2a5e5c\",\"name\":\"redacteur SATT\",\"url\":\"https:\\\/\\\/www.satt.fr\\\/en\\\/author\\\/redacteur\\\/\"}]}<\/script>\n<!-- \/ Yoast SEO plugin. -->","yoast_head_json":{"title":"PULSALYS signe des conventions cadres avec 5 \u00e9tablissements de l'Universit\u00e9 de Lyon - R\u00e9seau SATT","robots":{"index":"index","follow":"follow","max-snippet":"max-snippet:-1","max-image-preview":"max-image-preview:large","max-video-preview":"max-video-preview:-1"},"canonical":"https:\/\/www.satt.fr\/pulsalys-signe-des-conventions-cadres-avec-5-etablissements-de-luniversite-de-lyon\/","twitter_misc":{"Written by":"redacteur SATT"},"schema":{"@context":"https:\/\/schema.org","@graph":[{"@type":"Article","@id":"https:\/\/www.satt.fr\/pulsalys-signe-des-conventions-cadres-avec-5-etablissements-de-luniversite-de-lyon\/#article","isPartOf":{"@id":"https:\/\/www.satt.fr\/pulsalys-signe-des-conventions-cadres-avec-5-etablissements-de-luniversite-de-lyon\/"},"author":{"name":"redacteur SATT","@id":"https:\/\/www.satt.fr\/en\/#\/schema\/person\/a6836c00a1284a8188e1a05deb2a5e5c"},"headline":"PULSALYS signe des conventions cadres avec 5 \u00e9tablissements de l&#8217;Universit\u00e9 de Lyon","datePublished":"2016-12-05T09:01:07+00:00","dateModified":"2017-11-13T16:14:55+00:00","mainEntityOfPage":{"@id":"https:\/\/www.satt.fr\/pulsalys-signe-des-conventions-cadres-avec-5-etablissements-de-luniversite-de-lyon\/"},"wordCount":53,"articleSection":["R\u00e9ussites"],"inLanguage":"en-US"},{"@type":"WebPage","@id":"https:\/\/www.satt.fr\/pulsalys-signe-des-conventions-cadres-avec-5-etablissements-de-luniversite-de-lyon\/","url":"https:\/\/www.satt.fr\/pulsalys-signe-des-conventions-cadres-avec-5-etablissements-de-luniversite-de-lyon\/","name":"PULSALYS signe des conventions cadres avec 5 \u00e9tablissements de l'Universit\u00e9 de Lyon - R\u00e9seau SATT","isPartOf":{"@id":"https:\/\/www.satt.fr\/en\/#website"},"datePublished":"2016-12-05T09:01:07+00:00","dateModified":"2017-11-13T16:14:55+00:00","author":{"@id":"https:\/\/www.satt.fr\/en\/#\/schema\/person\/a6836c00a1284a8188e1a05deb2a5e5c"},"breadcrumb":{"@id":"https:\/\/www.satt.fr\/pulsalys-signe-des-conventions-cadres-avec-5-etablissements-de-luniversite-de-lyon\/#breadcrumb"},"inLanguage":"en-US","potentialAction":[{"@type":"ReadAction","target":["https:\/\/www.satt.fr\/pulsalys-signe-des-conventions-cadres-avec-5-etablissements-de-luniversite-de-lyon\/"]}]},{"@type":"BreadcrumbList","@id":"https:\/\/www.satt.fr\/pulsalys-signe-des-conventions-cadres-avec-5-etablissements-de-luniversite-de-lyon\/#breadcrumb","itemListElement":[{"@type":"ListItem","position":1,"name":"Accueil","item":"https:\/\/www.satt.fr\/en\/"},{"@type":"ListItem","position":2,"name":"PULSALYS signe des conventions cadres avec 5 \u00e9tablissements de l&rsquo;Universit\u00e9 de Lyon"}]},{"@type":"WebSite","@id":"https:\/\/www.satt.fr\/en\/#website","url":"https:\/\/www.satt.fr\/en\/","name":"R\u00e9seau SATT","description":"Les Soci\u00e9t\u00e9s d&#039;Acc\u00e9l\u00e9ration du Transfert de Technologies","potentialAction":[{"@type":"SearchAction","target":{"@type":"EntryPoint","urlTemplate":"https:\/\/www.satt.fr\/en\/?s={search_term_string}"},"query-input":{"@type":"PropertyValueSpecification","valueRequired":true,"valueName":"search_term_string"}}],"inLanguage":"en-US"},{"@type":"Person","@id":"https:\/\/www.satt.fr\/en\/#\/schema\/person\/a6836c00a1284a8188e1a05deb2a5e5c","name":"redacteur SATT","url":"https:\/\/www.satt.fr\/en\/author\/redacteur\/"}]}},"_links":{"self":[{"href":"https:\/\/www.satt.fr\/en\/wp-json\/wp\/v2\/posts\/3188","targetHints":{"allow":["GET"]}}],"collection":[{"href":"https:\/\/www.satt.fr\/en\/wp-json\/wp\/v2\/posts"}],"about":[{"href":"https:\/\/www.satt.fr\/en\/wp-json\/wp\/v2\/types\/post"}],"author":[{"embeddable":true,"href":"https:\/\/www.satt.fr\/en\/wp-json\/wp\/v2\/users\/4"}],"replies":[{"embeddable":true,"href":"https:\/\/www.satt.fr\/en\/wp-json\/wp\/v2\/comments?post=3188"}],"version-history":[{"count":1,"href":"https:\/\/www.satt.fr\/en\/wp-json\/wp\/v2\/posts\/3188\/revisions"}],"predecessor-version":[{"id":4589,"href":"https:\/\/www.satt.fr\/en\/wp-json\/wp\/v2\/posts\/3188\/revisions\/4589"}],"wp:attachment":[{"href":"https:\/\/www.satt.fr\/en\/wp-json\/wp\/v2\/media?parent=3188"}],"wp:term":[{"taxonomy":"category","embeddable":true,"href":"https:\/\/www.satt.fr\/en\/wp-json\/wp\/v2\/categories?post=3188"},{"taxonomy":"post_tag","embeddable":true,"href":"https:\/\/www.satt.fr\/en\/wp-json\/wp\/v2\/tags?post=3188"}],"curies":[{"name":"wp","href":"https:\/\/api.w.org\/{rel}","templated":true}]}}