{"id":32825,"date":"2022-09-01T15:49:13","date_gmt":"2022-09-01T13:49:13","guid":{"rendered":"https:\/\/www.satt.fr\/?p=32825"},"modified":"2022-09-01T15:51:29","modified_gmt":"2022-09-01T13:51:29","slug":"la-tribune-resilience-energetique-les-satt-et-lademe-sonnent-la-mobilisation-generale-du-monde-de-la-recherche","status":"publish","type":"post","link":"https:\/\/www.satt.fr\/en\/la-tribune-resilience-energetique-les-satt-et-lademe-sonnent-la-mobilisation-generale-du-monde-de-la-recherche\/","title":{"rendered":"La Tribune &#8211; R\u00e9silience \u00e9nerg\u00e9tique\u00a0: les SATT et l\u2019Ademe sonnent la mobilisation g\u00e9n\u00e9rale du monde de la recherche"},"content":{"rendered":"<div class=\"article-title-wrapper\">\n<h1><span style=\"font-size: 16px;\">Face \u00e0 l\u2019urgence climatique et aux enjeux de sobri\u00e9t\u00e9 \u00e9nerg\u00e9tique amen\u00e9s par la guerre en Ukraine, le pr\u00e9sident de la SATT is\u00e9roise Linksium, Fran\u00e7ois H\u00e9d\u00e9, d\u00e9voile en avant-premi\u00e8re \u00e0 La Tribune les ressorts de l&#8217;Appel \u00e0 Manifestation d\u2019Int\u00e9r\u00eat (A.M.I) conduit par le r\u00e9seau des 13 SATT nationales et l\u2019Ademe. Objectif : adresser un appel, comme cela a d\u00e9j\u00e0 pu \u00eatre le cas lors du Covid dans le domaine de la sant\u00e9, \u00e0 une forme de \u00ab mobilisation g\u00e9n\u00e9rale \u00bb afin de d\u00e9tecter des solutions technologiques issues de la recherche publique, capables de contribuer \u00e0 la r\u00e9silience \u00e9nerg\u00e9tique avant 2030.<\/span><\/h1>\n<\/div>\n<div class=\"article-content-wrapper\">\n<section class=\"contenu-article clearfix\">\n<div id=\"body-article\" class=\"body-article wide\">\n<p>On l&#8217;a vu au cours des derni\u00e8res semaines, l&#8217;enjeu est d\u00e9sormais double pour l&#8217;Hexagone sur le plan \u00e9nerg\u00e9tique et consiste \u00e0 la fois \u00e0 s\u00e9curiser l&#8217;approvisionnement \u00e9nerg\u00e9tique de la France, tout en acc\u00e9l\u00e9rant la sortie des \u00e9nergies fossiles.<\/p>\n<p>Et depuis cette semaine, le r\u00e9seau des 13\u00a0Soci\u00e9t\u00e9s d&#8217;Acc\u00e9l\u00e9ration du Transfert de Technologies (SATT)\u00a0s&#8217;est \u00e9galement saisi de l&#8217;enjeu, et s&#8217;appr\u00eate \u00e0 sonner\u00a0\u00ab\u00a0la mobilisation g\u00e9n\u00e9rale\u00a0\u00bb\u00a0: car pour Fran\u00e7ois H\u00e9d\u00e9, pr\u00e9sident de la SATT is\u00e9roise Linksium et co-porteur de l&#8217;initiative \u00e0 l&#8217;\u00e9chelle nationale (aux c\u00f4t\u00e9s de la SATT du Nord de la France) qui se confie en avant-premi\u00e8re \u00e0 La Tribune, il \u00e9tait devenu urgent d&#8217;agir\u00a0:<\/p>\n<blockquote>\n<p>\u00ab\u00a0En plus de l&#8217;urgence climatique \u00e0 laquelle nous faisons face, et des\u00a0cibles de r\u00e9duction\u00a0que l&#8217;on s&#8217;est fix\u00e9s concernant notre\u00a0consommation des \u00e9nergies fossiles,\u00a0il y a aussi\u00a0les engagements que l&#8217;on doit aux g\u00e9n\u00e9rations futures et qui n\u00e9cessitent d&#8217;agir d\u00e8s \u00e0 pr\u00e9sent, sans compter les enjeux de r\u00e9silience \u00e9nerg\u00e9tiques amen\u00e9s\u00a0par la guerre en Ukraine\u00a0\u00bb.<\/p>\n<\/blockquote>\n<p>C&#8217;est donc pour acc\u00e9l\u00e9rer les cycles de transfert des innovations issues de la recherche publique que le r\u00e9seau des 13 SATT fran\u00e7aise s&#8217;est associ\u00e9, pour la premi\u00e8re fois, \u00e0 l&#8217;Ademe afin de porter un nouvel appel \u00e0 manifestation d&#8217;int\u00e9r\u00eats (AMI) \u00e0 destination des chercheurs, communiqu\u00e9 le 30 ao\u00fbt. Objectif\u00a0: appeler \u00e0 une forme de \u00ab\u00a0mobilisation g\u00e9n\u00e9rale\u00a0\u00bb afin de d\u00e9tecter des solutions technologiques issues de la recherche publique et qui sont capables de contribuer \u00e0 la r\u00e9silience \u00e9nerg\u00e9tique avant 2030.<\/p>\n<blockquote>\n<p>\u00ab\u00a0Nous ne l&#8217;avions pas pens\u00e9 ainsi \u00e0 l&#8217;origine, mais il est vrai qu&#8217;\u00e0 l&#8217;image de la p\u00e9riode Covid o\u00f9 le domaine de la sant\u00e9 avait produit ce type d&#8217;initiatives, nous avons besoin d&#8217;un choc pour r\u00e9agir et se mettre en ordre de bataille pour engager la r\u00e9silience \u00e9nerg\u00e9tique \u00bb, admet Fran\u00e7ois H\u00e9d\u00e9.<\/p>\n<\/blockquote>\n<p><a href=\"https:\/\/region-aura.latribune.fr\/innovation\/2022-09-01\/resilience-energetique-les-satt-et-l-ademe-sonnent-la-mobilisation-generale-du-monde-de-la-recherche-928946.html\">la suite de l&#8217;interview du pr\u00e9sident de Linksium <\/a><a href=\"https:\/\/region-aura.latribune.fr\/innovation\/2022-09-01\/resilience-energetique-les-satt-et-l-ademe-sonnent-la-mobilisation-generale-du-monde-de-la-recherche-928946.html\"> de Fran\u00e7ois H\u00e9d\u00e9 <\/a><a href=\"https:\/\/region-aura.latribune.fr\/innovation\/2022-09-01\/resilience-energetique-les-satt-et-l-ademe-sonnent-la-mobilisation-generale-du-monde-de-la-recherche-928946.html\">sur l&#8217;AMI R\u00e9silience Energ\u00e9tique sur le site du journal La Tribune\u00a0 <\/a><\/p>\n<p>cr\u00e9dit visuel @unsplash\u00a0\u00a0<\/p>\n<p>&nbsp;<\/p>\n<\/div>\n<\/section>\n<\/div>\n","protected":false},"excerpt":{"rendered":"<p>Face \u00e0 l\u2019urgence climatique et aux enjeux de sobri\u00e9t\u00e9 \u00e9nerg\u00e9tique amen\u00e9s par la guerre en Ukraine, le pr\u00e9sident de la SATT is\u00e9roise Linksium, Fran\u00e7ois H\u00e9d\u00e9, d\u00e9voile en avant-premi\u00e8re \u00e0 La Tribune les ressorts de l&#8217;Appel \u00e0 Manifestation d\u2019Int\u00e9r\u00eat (A.M.I) conduit par le r\u00e9seau des 13 SATT nationales et l\u2019Ademe. Objectif : adresser un appel, comme [&hellip;]<\/p>\n","protected":false},"author":9,"featured_media":32826,"comment_status":"closed","ping_status":"closed","sticky":false,"template":"","format":"standard","meta":{"_acf_changed":false,"footnotes":""},"categories":[536],"tags":[],"class_list":["post-32825","post","type-post","status-publish","format-standard","has-post-thumbnail","hentry","category-actualite"],"acf":[],"yoast_head":"<!-- This site is optimized with the Yoast SEO plugin v27.4 - https:\/\/yoast.com\/product\/yoast-seo-wordpress\/ -->\n<title>La Tribune - R\u00e9silience \u00e9nerg\u00e9tique\u00a0: les SATT et l\u2019Ademe sonnent la mobilisation g\u00e9n\u00e9rale du monde de la recherche - R\u00e9seau SATT<\/title>\n<meta name=\"robots\" content=\"index, follow, max-snippet:-1, max-image-preview:large, max-video-preview:-1\" \/>\n<link rel=\"canonical\" href=\"https:\/\/www.satt.fr\/la-tribune-resilience-energetique-les-satt-et-lademe-sonnent-la-mobilisation-generale-du-monde-de-la-recherche\/\" \/>\n<meta name=\"twitter:label1\" content=\"Written by\" \/>\n\t<meta name=\"twitter:data1\" content=\"V\u00e9ronique SOUVERAIN\" \/>\n\t<meta name=\"twitter:label2\" content=\"Est. reading time\" \/>\n\t<meta name=\"twitter:data2\" content=\"2 minutes\" \/>\n<script type=\"application\/ld+json\" class=\"yoast-schema-graph\">{\"@context\":\"https:\\\/\\\/schema.org\",\"@graph\":[{\"@type\":\"Article\",\"@id\":\"https:\\\/\\\/www.satt.fr\\\/la-tribune-resilience-energetique-les-satt-et-lademe-sonnent-la-mobilisation-generale-du-monde-de-la-recherche\\\/#article\",\"isPartOf\":{\"@id\":\"https:\\\/\\\/www.satt.fr\\\/la-tribune-resilience-energetique-les-satt-et-lademe-sonnent-la-mobilisation-generale-du-monde-de-la-recherche\\\/\"},\"author\":{\"name\":\"V\u00e9ronique SOUVERAIN\",\"@id\":\"https:\\\/\\\/www.satt.fr\\\/en\\\/#\\\/schema\\\/person\\\/a0a2696da95041f1d724dbc5633e9802\"},\"headline\":\"La Tribune &#8211; R\u00e9silience \u00e9nerg\u00e9tique\u00a0: les SATT et l\u2019Ademe sonnent la mobilisation g\u00e9n\u00e9rale du monde de la recherche\",\"datePublished\":\"2022-09-01T13:49:13+00:00\",\"dateModified\":\"2022-09-01T13:51:29+00:00\",\"mainEntityOfPage\":{\"@id\":\"https:\\\/\\\/www.satt.fr\\\/la-tribune-resilience-energetique-les-satt-et-lademe-sonnent-la-mobilisation-generale-du-monde-de-la-recherche\\\/\"},\"wordCount\":521,\"image\":{\"@id\":\"https:\\\/\\\/www.satt.fr\\\/la-tribune-resilience-energetique-les-satt-et-lademe-sonnent-la-mobilisation-generale-du-monde-de-la-recherche\\\/#primaryimage\"},\"thumbnailUrl\":\"https:\\\/\\\/www.satt.fr\\\/wp-content\\\/uploads\\\/2022\\\/09\\\/usgs-nF1FvXdJL7o-unsplash-scaled.jpg\",\"articleSection\":[\"Actualit\u00e9\"],\"inLanguage\":\"en-US\"},{\"@type\":\"WebPage\",\"@id\":\"https:\\\/\\\/www.satt.fr\\\/la-tribune-resilience-energetique-les-satt-et-lademe-sonnent-la-mobilisation-generale-du-monde-de-la-recherche\\\/\",\"url\":\"https:\\\/\\\/www.satt.fr\\\/la-tribune-resilience-energetique-les-satt-et-lademe-sonnent-la-mobilisation-generale-du-monde-de-la-recherche\\\/\",\"name\":\"La Tribune - R\u00e9silience \u00e9nerg\u00e9tique\u00a0: les SATT et l\u2019Ademe sonnent la mobilisation g\u00e9n\u00e9rale du monde de la recherche - R\u00e9seau SATT\",\"isPartOf\":{\"@id\":\"https:\\\/\\\/www.satt.fr\\\/en\\\/#website\"},\"primaryImageOfPage\":{\"@id\":\"https:\\\/\\\/www.satt.fr\\\/la-tribune-resilience-energetique-les-satt-et-lademe-sonnent-la-mobilisation-generale-du-monde-de-la-recherche\\\/#primaryimage\"},\"image\":{\"@id\":\"https:\\\/\\\/www.satt.fr\\\/la-tribune-resilience-energetique-les-satt-et-lademe-sonnent-la-mobilisation-generale-du-monde-de-la-recherche\\\/#primaryimage\"},\"thumbnailUrl\":\"https:\\\/\\\/www.satt.fr\\\/wp-content\\\/uploads\\\/2022\\\/09\\\/usgs-nF1FvXdJL7o-unsplash-scaled.jpg\",\"datePublished\":\"2022-09-01T13:49:13+00:00\",\"dateModified\":\"2022-09-01T13:51:29+00:00\",\"author\":{\"@id\":\"https:\\\/\\\/www.satt.fr\\\/en\\\/#\\\/schema\\\/person\\\/a0a2696da95041f1d724dbc5633e9802\"},\"breadcrumb\":{\"@id\":\"https:\\\/\\\/www.satt.fr\\\/la-tribune-resilience-energetique-les-satt-et-lademe-sonnent-la-mobilisation-generale-du-monde-de-la-recherche\\\/#breadcrumb\"},\"inLanguage\":\"en-US\",\"potentialAction\":[{\"@type\":\"ReadAction\",\"target\":[\"https:\\\/\\\/www.satt.fr\\\/la-tribune-resilience-energetique-les-satt-et-lademe-sonnent-la-mobilisation-generale-du-monde-de-la-recherche\\\/\"]}]},{\"@type\":\"ImageObject\",\"inLanguage\":\"en-US\",\"@id\":\"https:\\\/\\\/www.satt.fr\\\/la-tribune-resilience-energetique-les-satt-et-lademe-sonnent-la-mobilisation-generale-du-monde-de-la-recherche\\\/#primaryimage\",\"url\":\"https:\\\/\\\/www.satt.fr\\\/wp-content\\\/uploads\\\/2022\\\/09\\\/usgs-nF1FvXdJL7o-unsplash-scaled.jpg\",\"contentUrl\":\"https:\\\/\\\/www.satt.fr\\\/wp-content\\\/uploads\\\/2022\\\/09\\\/usgs-nF1FvXdJL7o-unsplash-scaled.jpg\",\"width\":2560,\"height\":2560},{\"@type\":\"BreadcrumbList\",\"@id\":\"https:\\\/\\\/www.satt.fr\\\/la-tribune-resilience-energetique-les-satt-et-lademe-sonnent-la-mobilisation-generale-du-monde-de-la-recherche\\\/#breadcrumb\",\"itemListElement\":[{\"@type\":\"ListItem\",\"position\":1,\"name\":\"Accueil\",\"item\":\"https:\\\/\\\/www.satt.fr\\\/en\\\/\"},{\"@type\":\"ListItem\",\"position\":2,\"name\":\"La Tribune &#8211; R\u00e9silience \u00e9nerg\u00e9tique\u00a0: les SATT et l\u2019Ademe sonnent la mobilisation g\u00e9n\u00e9rale du monde de la recherche\"}]},{\"@type\":\"WebSite\",\"@id\":\"https:\\\/\\\/www.satt.fr\\\/en\\\/#website\",\"url\":\"https:\\\/\\\/www.satt.fr\\\/en\\\/\",\"name\":\"R\u00e9seau SATT\",\"description\":\"Les Soci\u00e9t\u00e9s d&#039;Acc\u00e9l\u00e9ration du Transfert de Technologies\",\"potentialAction\":[{\"@type\":\"SearchAction\",\"target\":{\"@type\":\"EntryPoint\",\"urlTemplate\":\"https:\\\/\\\/www.satt.fr\\\/en\\\/?s={search_term_string}\"},\"query-input\":{\"@type\":\"PropertyValueSpecification\",\"valueRequired\":true,\"valueName\":\"search_term_string\"}}],\"inLanguage\":\"en-US\"},{\"@type\":\"Person\",\"@id\":\"https:\\\/\\\/www.satt.fr\\\/en\\\/#\\\/schema\\\/person\\\/a0a2696da95041f1d724dbc5633e9802\",\"name\":\"V\u00e9ronique SOUVERAIN\",\"url\":\"https:\\\/\\\/www.satt.fr\\\/en\\\/author\\\/veronique\\\/\"}]}<\/script>\n<!-- \/ Yoast SEO plugin. -->","yoast_head_json":{"title":"La Tribune - R\u00e9silience \u00e9nerg\u00e9tique\u00a0: les SATT et l\u2019Ademe sonnent la mobilisation g\u00e9n\u00e9rale du monde de la recherche - R\u00e9seau SATT","robots":{"index":"index","follow":"follow","max-snippet":"max-snippet:-1","max-image-preview":"max-image-preview:large","max-video-preview":"max-video-preview:-1"},"canonical":"https:\/\/www.satt.fr\/la-tribune-resilience-energetique-les-satt-et-lademe-sonnent-la-mobilisation-generale-du-monde-de-la-recherche\/","twitter_misc":{"Written by":"V\u00e9ronique SOUVERAIN","Est. reading time":"2 minutes"},"schema":{"@context":"https:\/\/schema.org","@graph":[{"@type":"Article","@id":"https:\/\/www.satt.fr\/la-tribune-resilience-energetique-les-satt-et-lademe-sonnent-la-mobilisation-generale-du-monde-de-la-recherche\/#article","isPartOf":{"@id":"https:\/\/www.satt.fr\/la-tribune-resilience-energetique-les-satt-et-lademe-sonnent-la-mobilisation-generale-du-monde-de-la-recherche\/"},"author":{"name":"V\u00e9ronique SOUVERAIN","@id":"https:\/\/www.satt.fr\/en\/#\/schema\/person\/a0a2696da95041f1d724dbc5633e9802"},"headline":"La Tribune &#8211; R\u00e9silience \u00e9nerg\u00e9tique\u00a0: les SATT et l\u2019Ademe sonnent la mobilisation g\u00e9n\u00e9rale du monde de la recherche","datePublished":"2022-09-01T13:49:13+00:00","dateModified":"2022-09-01T13:51:29+00:00","mainEntityOfPage":{"@id":"https:\/\/www.satt.fr\/la-tribune-resilience-energetique-les-satt-et-lademe-sonnent-la-mobilisation-generale-du-monde-de-la-recherche\/"},"wordCount":521,"image":{"@id":"https:\/\/www.satt.fr\/la-tribune-resilience-energetique-les-satt-et-lademe-sonnent-la-mobilisation-generale-du-monde-de-la-recherche\/#primaryimage"},"thumbnailUrl":"https:\/\/www.satt.fr\/wp-content\/uploads\/2022\/09\/usgs-nF1FvXdJL7o-unsplash-scaled.jpg","articleSection":["Actualit\u00e9"],"inLanguage":"en-US"},{"@type":"WebPage","@id":"https:\/\/www.satt.fr\/la-tribune-resilience-energetique-les-satt-et-lademe-sonnent-la-mobilisation-generale-du-monde-de-la-recherche\/","url":"https:\/\/www.satt.fr\/la-tribune-resilience-energetique-les-satt-et-lademe-sonnent-la-mobilisation-generale-du-monde-de-la-recherche\/","name":"La Tribune - R\u00e9silience \u00e9nerg\u00e9tique\u00a0: les SATT et l\u2019Ademe sonnent la mobilisation g\u00e9n\u00e9rale du monde de la recherche - R\u00e9seau SATT","isPartOf":{"@id":"https:\/\/www.satt.fr\/en\/#website"},"primaryImageOfPage":{"@id":"https:\/\/www.satt.fr\/la-tribune-resilience-energetique-les-satt-et-lademe-sonnent-la-mobilisation-generale-du-monde-de-la-recherche\/#primaryimage"},"image":{"@id":"https:\/\/www.satt.fr\/la-tribune-resilience-energetique-les-satt-et-lademe-sonnent-la-mobilisation-generale-du-monde-de-la-recherche\/#primaryimage"},"thumbnailUrl":"https:\/\/www.satt.fr\/wp-content\/uploads\/2022\/09\/usgs-nF1FvXdJL7o-unsplash-scaled.jpg","datePublished":"2022-09-01T13:49:13+00:00","dateModified":"2022-09-01T13:51:29+00:00","author":{"@id":"https:\/\/www.satt.fr\/en\/#\/schema\/person\/a0a2696da95041f1d724dbc5633e9802"},"breadcrumb":{"@id":"https:\/\/www.satt.fr\/la-tribune-resilience-energetique-les-satt-et-lademe-sonnent-la-mobilisation-generale-du-monde-de-la-recherche\/#breadcrumb"},"inLanguage":"en-US","potentialAction":[{"@type":"ReadAction","target":["https:\/\/www.satt.fr\/la-tribune-resilience-energetique-les-satt-et-lademe-sonnent-la-mobilisation-generale-du-monde-de-la-recherche\/"]}]},{"@type":"ImageObject","inLanguage":"en-US","@id":"https:\/\/www.satt.fr\/la-tribune-resilience-energetique-les-satt-et-lademe-sonnent-la-mobilisation-generale-du-monde-de-la-recherche\/#primaryimage","url":"https:\/\/www.satt.fr\/wp-content\/uploads\/2022\/09\/usgs-nF1FvXdJL7o-unsplash-scaled.jpg","contentUrl":"https:\/\/www.satt.fr\/wp-content\/uploads\/2022\/09\/usgs-nF1FvXdJL7o-unsplash-scaled.jpg","width":2560,"height":2560},{"@type":"BreadcrumbList","@id":"https:\/\/www.satt.fr\/la-tribune-resilience-energetique-les-satt-et-lademe-sonnent-la-mobilisation-generale-du-monde-de-la-recherche\/#breadcrumb","itemListElement":[{"@type":"ListItem","position":1,"name":"Accueil","item":"https:\/\/www.satt.fr\/en\/"},{"@type":"ListItem","position":2,"name":"La Tribune &#8211; R\u00e9silience \u00e9nerg\u00e9tique\u00a0: les SATT et l\u2019Ademe sonnent la mobilisation g\u00e9n\u00e9rale du monde de la recherche"}]},{"@type":"WebSite","@id":"https:\/\/www.satt.fr\/en\/#website","url":"https:\/\/www.satt.fr\/en\/","name":"R\u00e9seau SATT","description":"Les Soci\u00e9t\u00e9s d&#039;Acc\u00e9l\u00e9ration du Transfert de Technologies","potentialAction":[{"@type":"SearchAction","target":{"@type":"EntryPoint","urlTemplate":"https:\/\/www.satt.fr\/en\/?s={search_term_string}"},"query-input":{"@type":"PropertyValueSpecification","valueRequired":true,"valueName":"search_term_string"}}],"inLanguage":"en-US"},{"@type":"Person","@id":"https:\/\/www.satt.fr\/en\/#\/schema\/person\/a0a2696da95041f1d724dbc5633e9802","name":"V\u00e9ronique SOUVERAIN","url":"https:\/\/www.satt.fr\/en\/author\/veronique\/"}]}},"_links":{"self":[{"href":"https:\/\/www.satt.fr\/en\/wp-json\/wp\/v2\/posts\/32825","targetHints":{"allow":["GET"]}}],"collection":[{"href":"https:\/\/www.satt.fr\/en\/wp-json\/wp\/v2\/posts"}],"about":[{"href":"https:\/\/www.satt.fr\/en\/wp-json\/wp\/v2\/types\/post"}],"author":[{"embeddable":true,"href":"https:\/\/www.satt.fr\/en\/wp-json\/wp\/v2\/users\/9"}],"replies":[{"embeddable":true,"href":"https:\/\/www.satt.fr\/en\/wp-json\/wp\/v2\/comments?post=32825"}],"version-history":[{"count":3,"href":"https:\/\/www.satt.fr\/en\/wp-json\/wp\/v2\/posts\/32825\/revisions"}],"predecessor-version":[{"id":32830,"href":"https:\/\/www.satt.fr\/en\/wp-json\/wp\/v2\/posts\/32825\/revisions\/32830"}],"wp:featuredmedia":[{"embeddable":true,"href":"https:\/\/www.satt.fr\/en\/wp-json\/wp\/v2\/media\/32826"}],"wp:attachment":[{"href":"https:\/\/www.satt.fr\/en\/wp-json\/wp\/v2\/media?parent=32825"}],"wp:term":[{"taxonomy":"category","embeddable":true,"href":"https:\/\/www.satt.fr\/en\/wp-json\/wp\/v2\/categories?post=32825"},{"taxonomy":"post_tag","embeddable":true,"href":"https:\/\/www.satt.fr\/en\/wp-json\/wp\/v2\/tags?post=32825"}],"curies":[{"name":"wp","href":"https:\/\/api.w.org\/{rel}","templated":true}]}}