{"id":33407,"date":"2022-10-13T11:42:54","date_gmt":"2022-10-13T09:42:54","guid":{"rendered":"https:\/\/www.satt.fr\/?p=33407"},"modified":"2022-10-13T11:42:54","modified_gmt":"2022-10-13T09:42:54","slug":"cp-jeunes-docteurs","status":"publish","type":"post","link":"https:\/\/www.satt.fr\/en\/cp-jeunes-docteurs\/","title":{"rendered":"Le R\u00e9seau SATT engag\u00e9 aux c\u00f4t\u00e9s des jeunes docteurs"},"content":{"rendered":"<div id=\"pl-33407\"  class=\"panel-layout\" ><div id=\"pg-33407-0\"  class=\"panel-grid panel-no-style\" ><div id=\"pgc-33407-0-0\"  class=\"panel-grid-cell\" ><div id=\"panel-33407-0-0-0\" class=\"so-panel widget widget_sow-editor panel-first-child panel-last-child\" data-index=\"0\" ><div\n\t\t\t\n\t\t\tclass=\"so-widget-sow-editor so-widget-sow-editor-base\"\n\t\t\t\n\t\t>\n<div class=\"siteorigin-widget-tinymce textwidget\">\n\t<p><strong>\u00c0 l\u2019occasion de l\u2019\u00e9v\u00e9nement \u00ab La Deeptech voit BIG \u00bb organis\u00e9 par Bpifrance, le R\u00e9seau SATT renouvelle son engagement aupr\u00e8s des jeunes chercheurs pour lesquels plusieurs programmes sp\u00e9cifiques ont \u00e9t\u00e9 d\u00e9ploy\u00e9s au coeur des territoires et dont les r\u00e9sultats aux concours nationaux d\u2019innovation d\u00e9montrent sa forte implication pour r\u00e9pondre aux enjeux fix\u00e9s par le Plan Deeptech.<\/strong><\/p>\n<h2><strong>Des programmes d\u2019accompagnement d\u00e9di\u00e9s aux doctorants et jeunes docteurs<\/strong><\/h2>\n<p>Initi\u00e9 en 2019 par <a href=\"https:\/\/www.bpifrance.fr\/\">Bpifrance<\/a> dans le cadre de France 2030, le <a href=\"https:\/\/www.bpifrance.fr\/nos-dossiers\/generation-deeptech-le-futur-de-linnovation\">Plan Deeptech<\/a> a pour objectif de faire de la France un acteur majeur de l\u2019innovation de rupture \u00e0 l\u2019\u00e9chelle internationale en incitant notamment la cr\u00e9ation annuelle de 500 startups porteuses d\u2019innovations technologiques de rupture d\u2019ici 2025. Premiers acteurs de proximit\u00e9 du Plan Deeptech, les SATT, Soci\u00e9t\u00e9s d\u2019Acc\u00e9l\u00e9ration du Transfert de Technologies, se sont largement saisis de cette strat\u00e9gie nationale en d\u00e9ployant, depuis plusieurs ann\u00e9es, au coeur des territoires et en synergie avec les acteurs locaux, des programmes d\u00e9di\u00e9s aux jeunes chercheurs. Aujourd\u2019hui, huit programmes destin\u00e9s aux doctorants et jeunes docteurs sont propos\u00e9s et ont vocation \u00e0 sensibiliser les jeunes chercheurs \u00e0 la valorisation de leurs travaux de th\u00e8se et les accompagner vers la voie de l\u2019entrepreneuriat.<\/p>\n<p>Parmi ceux-ci, trois programmes sont particuli\u00e8rement embl\u00e9matiques, dont deux d\u2019entre eux sont d\u00e9velopp\u00e9s en synergie par plusieurs SATT :<\/p>\n<ul>\n<li>Le premier, <a href=\"https:\/\/www.explaura-bootcamp.fr\/\">Expl\u2019aura Bootcamp<\/a>, a \u00e9t\u00e9 co-con\u00e7u par <strong>Pulsalys<\/strong> et <strong>Linksium<\/strong> en partenariat avec Clermont Auvergne Innovation et le soutien financier de l\u2019\u00c9tat et de la R\u00e9gion Auvergne-Rh\u00f4ne-Alpes. Il propose aux doctorants, jeunes docteurs et ing\u00e9nieurs de la r\u00e9gion une immersion de trois jours compos\u00e9s d\u2019ateliers sur-mesure anim\u00e9s par des experts sur les domaines cl\u00e9s de l\u2019entrepreneuriat deeptech.<\/li>\n<li>Le programme <a href=\"https:\/\/occitanie-tech-transfert.com\/doc-doccitanie\/\">Doc D\u2019Occitanie<\/a> , \u00e9labor\u00e9 par <strong>AxLR<\/strong> et <strong>Toulouse Tech Transfer<\/strong> et financ\u00e9 par la R\u00e9gion Occitanie, offre \u00e0 tous les doctorants de deuxi\u00e8me et troisi\u00e8me ann\u00e9e, comme aux jeunes docteurs ayant soutenu depuis moins d\u2019un an, un programme d\u2019accompagnement \u00e0 la carte avec analyse du potentiel \u00e9conomique de la th\u00e8se, sensibilisation au transfert technologique, conseil en propri\u00e9t\u00e9 intellectuelle ou accompagnement \u00e0 l\u2019entrepreneuriat.<\/li>\n<li>Enfin, le Challenge <a href=\"https:\/\/challenge-myphd.com\/\">Mature your PhD<\/a>, imagin\u00e9 par<strong> Conectus<\/strong> en partenariat avec les \u00e9tablissements de recherche et universit\u00e9s alsaciennes a pour objectif d\u2019identifier et soutenir des projets de th\u00e8se \u00e0 haut potentiel d\u2019impact \u00e9conomique et social et de les conduire jusqu\u2019au march\u00e9.<\/li>\n<\/ul>\n<p><strong>Autant de tremplins pour la cr\u00e9ation de startups Deeptech d\u00e9di\u00e9s aux 52 000 doctorants couverts par les SATT en France. Les SATT ont ainsi sensibilis\u00e9 plus de 2 000 doctorants \u00e0 l\u2019entrepreneuriat en 2021.<\/strong><\/p>\n<p><strong>Tous les programmes SATT d\u2019appui \u00ab Doctorants et Jeunes Chercheurs \u00bb :<\/strong><\/p>\n<p>[masterslider id=\"8\"]<\/p>\n<p>&nbsp;<\/p>\n<h2><strong>Deux tiers des laur\u00e9ats aux concours d\u2019innovation soutenus par les SATT<\/strong><\/h2>\n<p>Depuis sa cr\u00e9ation en 2019 par l\u2019\u00c9tat en partenariat avec Bpifrance, le concours <a href=\"https:\/\/www.enseignementsup-recherche.gouv.fr\/fr\/le-concours-i-phd-49814\">i-PhD<\/a> compl\u00e8te parfaitement le Plan Deeptech en valorisant les travaux des jeunes chercheurs et encourageant la vocation entrepreneuriale des doctorants. Pour les jeunes chercheurs laur\u00e9ats, le concours i-PhD s\u2019inscrit en totale compl\u00e9mentarit\u00e9 avec les diff\u00e9rents programmes d\u00e9di\u00e9s aux doctorants et jeunes docteurs d\u00e9velopp\u00e9s par les SATT. Cette articulation entre les dispositifs nationaux op\u00e9r\u00e9s par Bpifrance et les actions territoriales port\u00e9es par les SATT fonctionne par ailleurs parfaitement puisque depuis trois ans 60 \u00e0 70% des laur\u00e9ats du concours i-PhD sont soutenus par les SATT (21 laur\u00e9ats sur 36 \u00e9taient ainsi accompagn\u00e9s par les SATT en 2022, dont 3 Grands Prix). Des r\u00e9sultats qui t\u00e9moignent de l\u2019excellence des innovations issues des laboratoires de recherche publique fran\u00e7aise mais aussi de la capacit\u00e9 des SATT \u00e0 d\u00e9tecter et investir dans des innovations de rupture \u00e0 fort potentiel et les porter avec succ\u00e8s jusqu\u2019\u00e0 la cr\u00e9ation de startups d\u2019avenir. Gr\u00e2ce \u00e0 leurs programmes sp\u00e9cifiques d\u2019accompagnement, elles ont favoris\u00e9 la s\u00e9lection de plus de 70 laur\u00e9ats au concours i-PhD et ont permis la cr\u00e9ation de plus de 50 startups fond\u00e9es ou co-fond\u00e9es par l\u2019un de ces jeunes chercheurs.<\/p>\n<\/div>\n<\/div><\/div><\/div><\/div><div id=\"pg-33407-1\"  class=\"panel-grid panel-no-style\" ><div id=\"pgc-33407-1-0\"  class=\"panel-grid-cell\" ><div id=\"panel-33407-1-0-0\" class=\"so-panel widget widget_sow-testimonials panel-first-child panel-last-child\" data-index=\"1\" ><div\n\t\t\t\n\t\t\tclass=\"so-widget-sow-testimonials so-widget-sow-testimonials-default-c829a459a33f-33407\"\n\t\t\t\n\t\t><div class=\"sow-testimonials\">\n\t\t\t\t\t<div class=\"sow-testimonial-wrapper sow-user-left sow-layout-side\">\n\t\t\t<div class=\"sow-testimonial\">\n\t\t\t\t\n\t\t\t\t<div class=\"sow-testimonial-user\">\n\t\t\t\t\t\t\t\t\t\t<div class=\"sow-image-wrapper sow-image-wrapper-shape-round\">\n\t\t\t\t\t\t\t\t\t\t\t\t<div class=\"sow-round-image-frame\" style=\"background-image: url( https:\/\/www.satt.fr\/wp-content\/uploads\/2022\/10\/000000057804.jpg );\"><\/div>\t\t\t\t\t\t\t\t\t\t\t<\/div>\n\t\t\t\t\t\n\t\t\t\t\t<div class=\"sow-text\">\n\t\t\t\t\t\t\t\t\t\t\t\t\t<span class=\"sow-testimonial-name\"><strong><\/strong><\/span>\n\t\t\t\t\t\t\t\t\t\t\t\t\t\t\t\t\t\t\t\t\t\t\t\t\t\t\t\t\t<\/div>\n\t\t\t\t<\/div>\n\n\t\t\t\t\t\t\t\t\t<div class=\"sow-testimonial-text\">\n\t\t\t\t\t\t<p><em>\u00ab Le Plan Deeptech que nous op\u00e9rons pour le compte de l\u2019\u00c9tat est \u00e0 la fronti\u00e8re de multiples enjeux soci\u00e9taux, \u00e0 la fois technologiques, sanitaires, climatiques, territoriaux ou industriels, au coeur de la construction du monde de demain. Avec les SATT, nous partageons la conviction que les jeunes chercheurs, aujourd\u2019hui doctorants et jeunes docteurs, repr\u00e9sentent l\u2019avenir de la deeptech. C\u2019est avec eux, en investissant sur les comp\u00e9tences et en soutenant leurs ambitions que nous r\u00e9ussirons la transformation de notre soci\u00e9t\u00e9. \u00bb <strong>Paul-Fran\u00e7ois Fournier, Directeur ex\u00e9cutif, Direction Innovation de Bpifrance<\/strong><\/em><\/p>\n\t\t\t\t\t<\/div>\n\t\t\t\t\t\t\t<\/div>\n\t\t<\/div>\n\t\t\t\t\t<div class=\"sow-testimonial-wrapper sow-user-left sow-layout-side\">\n\t\t\t<div class=\"sow-testimonial\">\n\t\t\t\t\n\t\t\t\t<div class=\"sow-testimonial-user\">\n\t\t\t\t\t\t\t\t\t\t<div class=\"sow-image-wrapper sow-image-wrapper-shape-round\">\n\t\t\t\t\t\t\t\t\t\t\t\t<div class=\"sow-round-image-frame\" style=\"background-image: url( https:\/\/www.satt.fr\/wp-content\/uploads\/2022\/10\/Capture-de\u0301cran-2021-02-08-a\u0300-21.09.29.png );\"><\/div>\t\t\t\t\t\t\t\t\t\t\t<\/div>\n\t\t\t\t\t\n\t\t\t\t\t<div class=\"sow-text\">\n\t\t\t\t\t\t\t\t\t\t\t\t\t<span class=\"sow-testimonial-name\"><strong><\/strong><\/span>\n\t\t\t\t\t\t\t\t\t\t\t\t\t\t\t\t\t\t\t\t\t\t\t\t\t\t\t\t\t<\/div>\n\t\t\t\t<\/div>\n\n\t\t\t\t\t\t\t\t\t<div class=\"sow-testimonial-text\">\n\t\t\t\t\t\t<p><em>\u00ab L\u2019ensemble de nos dispositifs \u00e0 destination des doctorants et jeunes docteurs donne une nouvelle dimension au doctorat. Car s\u2019il est par essence un projet de recherche approfondie, le doctorat est \u00e9galement un formidable tremplin vers l\u2019entrepreneuriat. Les r\u00e9sultats d\u2019une th\u00e8se constituent des \u00e9l\u00e9ments forts de diff\u00e9renciation dans le d\u00e9veloppement d\u2019une innovation et seront un v\u00e9ritable atout pour la future entreprise, tr\u00e8s attractif pour les investisseurs. \u00bb <strong>Sophie Jullian, Pr\u00e9sidente de la SATT Pulsalys<\/strong><\/em><\/p>\n\t\t\t\t\t<\/div>\n\t\t\t\t\t\t\t<\/div>\n\t\t<\/div>\n\t\t\t\t\t<div class=\"sow-testimonial-wrapper sow-user-left sow-layout-side\">\n\t\t\t<div class=\"sow-testimonial\">\n\t\t\t\t\n\t\t\t\t<div class=\"sow-testimonial-user\">\n\t\t\t\t\t\t\t\t\t\t<div class=\"sow-image-wrapper sow-image-wrapper-shape-round\">\n\t\t\t\t\t\t\t\t\t\t\t\t<div class=\"sow-round-image-frame\" style=\"background-image: url( https:\/\/www.satt.fr\/wp-content\/uploads\/2022\/10\/1646901096499.jpg );\"><\/div>\t\t\t\t\t\t\t\t\t\t\t<\/div>\n\t\t\t\t\t\n\t\t\t\t\t<div class=\"sow-text\">\n\t\t\t\t\t\t\t\t\t\t\t\t\t<span class=\"sow-testimonial-name\"><strong><\/strong><\/span>\n\t\t\t\t\t\t\t\t\t\t\t\t\t\t\t\t\t\t\t\t\t\t\t\t\t\t\t\t\t<\/div>\n\t\t\t\t<\/div>\n\n\t\t\t\t\t\t\t\t\t<div class=\"sow-testimonial-text\">\n\t\t\t\t\t\t<p><em>\u00ab Nous avons, mon associ\u00e9 et moi, cr\u00e9\u00e9 notre startup Alice &amp; Bob au cours de notre derni\u00e8re ann\u00e9e de th\u00e8se, en 2020. Nous b\u00e9n\u00e9ficiions alors d\u2019une double opportunit\u00e9 : une technologie particuli\u00e8rement prometteuse pour l\u2019\u00e9laboration d\u2019un ordinateur quantique universel et sans erreur et une \u00e9quipe de chercheurs autour de nous, issue d\u2019\u00e9tablissements prestigieux tels l\u2019ENS de Paris,l\u2019ENS de Lyon, les Mines ParisTech, le CNRS, l\u2019INRIA ou encore le CEA. Le programme d\u00e9di\u00e9 aux jeunes docteurs que nous avons suivi aupr\u00e8s de Pulsalys et notre Grand Prix au concours d\u2019innovation i-PhD de 2019 nous ont apport\u00e9 de formidables opportunit\u00e9s. Aujourd\u2019hui, apr\u00e8s une lev\u00e9e de fonds de s\u00e9rie A de 27M\u20ac en d\u00e9but d\u2019ann\u00e9e, notre soci\u00e9t\u00e9 continue de cro\u00eetre tr\u00e8s rapidement. Plus de 50 collaborateurs nous accompagnent et nous restons en course pour livrer notre premier Qubit int\u00e9gralement corrig\u00e9 en 2023. Une avanc\u00e9e de taille qui serait une premi\u00e8re mondiale !\u00bb <strong>Th\u00e9au P\u00e9ronnin, CEO de la startup Alice &amp; Bob<\/strong><\/em><\/p>\n\t\t\t\t\t<\/div>\n\t\t\t\t\t\t\t<\/div>\n\t\t<\/div>\n\t<\/div>\n<\/div><\/div><\/div><\/div><div id=\"pg-33407-2\"  class=\"panel-grid panel-no-style\" ><div id=\"pgc-33407-2-0\"  class=\"panel-grid-cell\" ><div id=\"panel-33407-2-0-0\" class=\"so-panel widget widget_sow-editor panel-first-child panel-last-child\" data-index=\"2\" ><div\n\t\t\t\n\t\t\tclass=\"so-widget-sow-editor so-widget-sow-editor-base\"\n\t\t\t\n\t\t>\n<div class=\"siteorigin-widget-tinymce textwidget\">\n\t<p><font size=\"+2\"><\/p>\n<p style=\"text-align: center;\"><strong><a href=\"https:\/\/www.satt.fr\/wp-content\/uploads\/2022\/10\/ReseauSATT_Communique_JeunesDocteurs_VF.pdf\">&gt; Le communiqu\u00e9 de presse &lt;<\/a><\/strong><\/p>\n<p><\/font><\/p>\n<\/div>\n<\/div><\/div><\/div><\/div><\/div>","protected":false},"excerpt":{"rendered":"<p>\u00c0 l\u2019occasion de l\u2019\u00e9v\u00e9nement \u00ab La Deeptech voit BIG \u00bb organis\u00e9 par Bpifrance, le R\u00e9seau SATT renouvelle son engagement aupr\u00e8s des jeunes chercheurs pour lesquels plusieurs programmes sp\u00e9cifiques ont \u00e9t\u00e9 d\u00e9ploy\u00e9s au coeur des territoires et dont les r\u00e9sultats aux concours nationaux d\u2019innovation d\u00e9montrent sa forte implication pour r\u00e9pondre aux enjeux fix\u00e9s par le Plan [&hellip;]<\/p>\n","protected":false},"author":2,"featured_media":33432,"comment_status":"closed","ping_status":"closed","sticky":false,"template":"","format":"standard","meta":{"_acf_changed":false,"footnotes":""},"categories":[539],"tags":[],"class_list":["post-33407","post","type-post","status-publish","format-standard","has-post-thumbnail","hentry","category-reseausatt"],"acf":[],"yoast_head":"<!-- This site is optimized with the Yoast SEO plugin v27.4 - https:\/\/yoast.com\/product\/yoast-seo-wordpress\/ -->\n<title>Le R\u00e9seau SATT engag\u00e9 aux c\u00f4t\u00e9s des jeunes docteurs - R\u00e9seau SATT<\/title>\n<meta name=\"robots\" content=\"index, follow, max-snippet:-1, max-image-preview:large, max-video-preview:-1\" \/>\n<link rel=\"canonical\" href=\"https:\/\/www.satt.fr\/cp-jeunes-docteurs\/\" \/>\n<meta name=\"twitter:label1\" content=\"Written by\" \/>\n\t<meta name=\"twitter:data1\" content=\"admin\" \/>\n\t<meta name=\"twitter:label2\" content=\"Est. reading time\" \/>\n\t<meta name=\"twitter:data2\" content=\"3 minutes\" \/>\n<script type=\"application\/ld+json\" class=\"yoast-schema-graph\">{\"@context\":\"https:\\\/\\\/schema.org\",\"@graph\":[{\"@type\":\"Article\",\"@id\":\"https:\\\/\\\/www.satt.fr\\\/cp-jeunes-docteurs\\\/#article\",\"isPartOf\":{\"@id\":\"https:\\\/\\\/www.satt.fr\\\/cp-jeunes-docteurs\\\/\"},\"author\":{\"name\":\"admin\",\"@id\":\"https:\\\/\\\/www.satt.fr\\\/en\\\/#\\\/schema\\\/person\\\/6f20a7d0bc03146f6e34a9f08d941fec\"},\"headline\":\"Le R\u00e9seau SATT engag\u00e9 aux c\u00f4t\u00e9s des jeunes docteurs\",\"datePublished\":\"2022-10-13T09:42:54+00:00\",\"mainEntityOfPage\":{\"@id\":\"https:\\\/\\\/www.satt.fr\\\/cp-jeunes-docteurs\\\/\"},\"wordCount\":730,\"image\":{\"@id\":\"https:\\\/\\\/www.satt.fr\\\/cp-jeunes-docteurs\\\/#primaryimage\"},\"thumbnailUrl\":\"https:\\\/\\\/www.satt.fr\\\/wp-content\\\/uploads\\\/2022\\\/10\\\/Reseau-SATT-Jeunes-Docteurs-scaled.jpg\",\"articleSection\":[\"R\u00e9seau SATT\"],\"inLanguage\":\"en-US\"},{\"@type\":\"WebPage\",\"@id\":\"https:\\\/\\\/www.satt.fr\\\/cp-jeunes-docteurs\\\/\",\"url\":\"https:\\\/\\\/www.satt.fr\\\/cp-jeunes-docteurs\\\/\",\"name\":\"Le R\u00e9seau SATT engag\u00e9 aux c\u00f4t\u00e9s des jeunes docteurs - R\u00e9seau SATT\",\"isPartOf\":{\"@id\":\"https:\\\/\\\/www.satt.fr\\\/en\\\/#website\"},\"primaryImageOfPage\":{\"@id\":\"https:\\\/\\\/www.satt.fr\\\/cp-jeunes-docteurs\\\/#primaryimage\"},\"image\":{\"@id\":\"https:\\\/\\\/www.satt.fr\\\/cp-jeunes-docteurs\\\/#primaryimage\"},\"thumbnailUrl\":\"https:\\\/\\\/www.satt.fr\\\/wp-content\\\/uploads\\\/2022\\\/10\\\/Reseau-SATT-Jeunes-Docteurs-scaled.jpg\",\"datePublished\":\"2022-10-13T09:42:54+00:00\",\"author\":{\"@id\":\"https:\\\/\\\/www.satt.fr\\\/en\\\/#\\\/schema\\\/person\\\/6f20a7d0bc03146f6e34a9f08d941fec\"},\"breadcrumb\":{\"@id\":\"https:\\\/\\\/www.satt.fr\\\/cp-jeunes-docteurs\\\/#breadcrumb\"},\"inLanguage\":\"en-US\",\"potentialAction\":[{\"@type\":\"ReadAction\",\"target\":[\"https:\\\/\\\/www.satt.fr\\\/cp-jeunes-docteurs\\\/\"]}]},{\"@type\":\"ImageObject\",\"inLanguage\":\"en-US\",\"@id\":\"https:\\\/\\\/www.satt.fr\\\/cp-jeunes-docteurs\\\/#primaryimage\",\"url\":\"https:\\\/\\\/www.satt.fr\\\/wp-content\\\/uploads\\\/2022\\\/10\\\/Reseau-SATT-Jeunes-Docteurs-scaled.jpg\",\"contentUrl\":\"https:\\\/\\\/www.satt.fr\\\/wp-content\\\/uploads\\\/2022\\\/10\\\/Reseau-SATT-Jeunes-Docteurs-scaled.jpg\",\"width\":2560,\"height\":1428},{\"@type\":\"BreadcrumbList\",\"@id\":\"https:\\\/\\\/www.satt.fr\\\/cp-jeunes-docteurs\\\/#breadcrumb\",\"itemListElement\":[{\"@type\":\"ListItem\",\"position\":1,\"name\":\"Accueil\",\"item\":\"https:\\\/\\\/www.satt.fr\\\/en\\\/\"},{\"@type\":\"ListItem\",\"position\":2,\"name\":\"Le R\u00e9seau SATT engag\u00e9 aux c\u00f4t\u00e9s des jeunes docteurs\"}]},{\"@type\":\"WebSite\",\"@id\":\"https:\\\/\\\/www.satt.fr\\\/en\\\/#website\",\"url\":\"https:\\\/\\\/www.satt.fr\\\/en\\\/\",\"name\":\"R\u00e9seau SATT\",\"description\":\"Les Soci\u00e9t\u00e9s d&#039;Acc\u00e9l\u00e9ration du Transfert de Technologies\",\"potentialAction\":[{\"@type\":\"SearchAction\",\"target\":{\"@type\":\"EntryPoint\",\"urlTemplate\":\"https:\\\/\\\/www.satt.fr\\\/en\\\/?s={search_term_string}\"},\"query-input\":{\"@type\":\"PropertyValueSpecification\",\"valueRequired\":true,\"valueName\":\"search_term_string\"}}],\"inLanguage\":\"en-US\"},{\"@type\":\"Person\",\"@id\":\"https:\\\/\\\/www.satt.fr\\\/en\\\/#\\\/schema\\\/person\\\/6f20a7d0bc03146f6e34a9f08d941fec\",\"name\":\"admin\",\"url\":\"https:\\\/\\\/www.satt.fr\\\/en\\\/author\\\/admin\\\/\"}]}<\/script>\n<!-- \/ Yoast SEO plugin. -->","yoast_head_json":{"title":"Le R\u00e9seau SATT engag\u00e9 aux c\u00f4t\u00e9s des jeunes docteurs - R\u00e9seau SATT","robots":{"index":"index","follow":"follow","max-snippet":"max-snippet:-1","max-image-preview":"max-image-preview:large","max-video-preview":"max-video-preview:-1"},"canonical":"https:\/\/www.satt.fr\/cp-jeunes-docteurs\/","twitter_misc":{"Written by":"admin","Est. reading time":"3 minutes"},"schema":{"@context":"https:\/\/schema.org","@graph":[{"@type":"Article","@id":"https:\/\/www.satt.fr\/cp-jeunes-docteurs\/#article","isPartOf":{"@id":"https:\/\/www.satt.fr\/cp-jeunes-docteurs\/"},"author":{"name":"admin","@id":"https:\/\/www.satt.fr\/en\/#\/schema\/person\/6f20a7d0bc03146f6e34a9f08d941fec"},"headline":"Le R\u00e9seau SATT engag\u00e9 aux c\u00f4t\u00e9s des jeunes docteurs","datePublished":"2022-10-13T09:42:54+00:00","mainEntityOfPage":{"@id":"https:\/\/www.satt.fr\/cp-jeunes-docteurs\/"},"wordCount":730,"image":{"@id":"https:\/\/www.satt.fr\/cp-jeunes-docteurs\/#primaryimage"},"thumbnailUrl":"https:\/\/www.satt.fr\/wp-content\/uploads\/2022\/10\/Reseau-SATT-Jeunes-Docteurs-scaled.jpg","articleSection":["R\u00e9seau SATT"],"inLanguage":"en-US"},{"@type":"WebPage","@id":"https:\/\/www.satt.fr\/cp-jeunes-docteurs\/","url":"https:\/\/www.satt.fr\/cp-jeunes-docteurs\/","name":"Le R\u00e9seau SATT engag\u00e9 aux c\u00f4t\u00e9s des jeunes docteurs - R\u00e9seau SATT","isPartOf":{"@id":"https:\/\/www.satt.fr\/en\/#website"},"primaryImageOfPage":{"@id":"https:\/\/www.satt.fr\/cp-jeunes-docteurs\/#primaryimage"},"image":{"@id":"https:\/\/www.satt.fr\/cp-jeunes-docteurs\/#primaryimage"},"thumbnailUrl":"https:\/\/www.satt.fr\/wp-content\/uploads\/2022\/10\/Reseau-SATT-Jeunes-Docteurs-scaled.jpg","datePublished":"2022-10-13T09:42:54+00:00","author":{"@id":"https:\/\/www.satt.fr\/en\/#\/schema\/person\/6f20a7d0bc03146f6e34a9f08d941fec"},"breadcrumb":{"@id":"https:\/\/www.satt.fr\/cp-jeunes-docteurs\/#breadcrumb"},"inLanguage":"en-US","potentialAction":[{"@type":"ReadAction","target":["https:\/\/www.satt.fr\/cp-jeunes-docteurs\/"]}]},{"@type":"ImageObject","inLanguage":"en-US","@id":"https:\/\/www.satt.fr\/cp-jeunes-docteurs\/#primaryimage","url":"https:\/\/www.satt.fr\/wp-content\/uploads\/2022\/10\/Reseau-SATT-Jeunes-Docteurs-scaled.jpg","contentUrl":"https:\/\/www.satt.fr\/wp-content\/uploads\/2022\/10\/Reseau-SATT-Jeunes-Docteurs-scaled.jpg","width":2560,"height":1428},{"@type":"BreadcrumbList","@id":"https:\/\/www.satt.fr\/cp-jeunes-docteurs\/#breadcrumb","itemListElement":[{"@type":"ListItem","position":1,"name":"Accueil","item":"https:\/\/www.satt.fr\/en\/"},{"@type":"ListItem","position":2,"name":"Le R\u00e9seau SATT engag\u00e9 aux c\u00f4t\u00e9s des jeunes docteurs"}]},{"@type":"WebSite","@id":"https:\/\/www.satt.fr\/en\/#website","url":"https:\/\/www.satt.fr\/en\/","name":"R\u00e9seau SATT","description":"Les Soci\u00e9t\u00e9s d&#039;Acc\u00e9l\u00e9ration du Transfert de Technologies","potentialAction":[{"@type":"SearchAction","target":{"@type":"EntryPoint","urlTemplate":"https:\/\/www.satt.fr\/en\/?s={search_term_string}"},"query-input":{"@type":"PropertyValueSpecification","valueRequired":true,"valueName":"search_term_string"}}],"inLanguage":"en-US"},{"@type":"Person","@id":"https:\/\/www.satt.fr\/en\/#\/schema\/person\/6f20a7d0bc03146f6e34a9f08d941fec","name":"admin","url":"https:\/\/www.satt.fr\/en\/author\/admin\/"}]}},"_links":{"self":[{"href":"https:\/\/www.satt.fr\/en\/wp-json\/wp\/v2\/posts\/33407","targetHints":{"allow":["GET"]}}],"collection":[{"href":"https:\/\/www.satt.fr\/en\/wp-json\/wp\/v2\/posts"}],"about":[{"href":"https:\/\/www.satt.fr\/en\/wp-json\/wp\/v2\/types\/post"}],"author":[{"embeddable":true,"href":"https:\/\/www.satt.fr\/en\/wp-json\/wp\/v2\/users\/2"}],"replies":[{"embeddable":true,"href":"https:\/\/www.satt.fr\/en\/wp-json\/wp\/v2\/comments?post=33407"}],"version-history":[{"count":5,"href":"https:\/\/www.satt.fr\/en\/wp-json\/wp\/v2\/posts\/33407\/revisions"}],"predecessor-version":[{"id":33435,"href":"https:\/\/www.satt.fr\/en\/wp-json\/wp\/v2\/posts\/33407\/revisions\/33435"}],"wp:featuredmedia":[{"embeddable":true,"href":"https:\/\/www.satt.fr\/en\/wp-json\/wp\/v2\/media\/33432"}],"wp:attachment":[{"href":"https:\/\/www.satt.fr\/en\/wp-json\/wp\/v2\/media?parent=33407"}],"wp:term":[{"taxonomy":"category","embeddable":true,"href":"https:\/\/www.satt.fr\/en\/wp-json\/wp\/v2\/categories?post=33407"},{"taxonomy":"post_tag","embeddable":true,"href":"https:\/\/www.satt.fr\/en\/wp-json\/wp\/v2\/tags?post=33407"}],"curies":[{"name":"wp","href":"https:\/\/api.w.org\/{rel}","templated":true}]}}